{"id":1,"date":"2022-05-23T17:49:01","date_gmt":"2022-05-23T17:49:01","guid":{"rendered":"http:\/\/simusar.com.br\/wfe\/?p=1"},"modified":"2022-08-12T19:19:47","modified_gmt":"2022-08-12T19:19:47","slug":"padrao-2-recebe-menos-que-o-minimo-nacional","status":"publish","type":"post","link":"https:\/\/simusar.com.br\/wfe\/padrao-2-recebe-menos-que-o-minimo-nacional\/","title":{"rendered":"Padr\u00e3o 2 recebe menos que o M\u00ednimo Nacional"},"content":{"rendered":"<div class=\"wp-block-image\">\n<figure class=\"alignleft size-medium\"><img loading=\"lazy\" decoding=\"async\" width=\"300\" height=\"300\" src=\"https:\/\/simusar.com.br\/wfe\/wp-content\/uploads\/2022\/05\/padrao2-300x300.jpg\" alt=\"\" class=\"wp-image-68\" srcset=\"https:\/\/simusar.com.br\/wfe\/wp-content\/uploads\/2022\/05\/padrao2-300x300.jpg 300w, https:\/\/simusar.com.br\/wfe\/wp-content\/uploads\/2022\/05\/padrao2-1024x1024.jpg 1024w, https:\/\/simusar.com.br\/wfe\/wp-content\/uploads\/2022\/05\/padrao2-150x150.jpg 150w, https:\/\/simusar.com.br\/wfe\/wp-content\/uploads\/2022\/05\/padrao2-768x768.jpg 768w, https:\/\/simusar.com.br\/wfe\/wp-content\/uploads\/2022\/05\/padrao2.jpg 1080w\" sizes=\"auto, (max-width: 300px) 100vw, 300px\" \/><\/figure>\n<\/div>\n\n\n<p>Funcion\u00e1rios das escolas municipais merecem respeito e valoriza\u00e7\u00e3o!<br>Continuamos na luta para que, pelo menos o Padr\u00e3o 2, merendeiras e zeladores, recebam ao menos UM SAL\u00c1RIO M\u00cdNIMO NACIONAL!<\/p>\n\n\n\n<p>Prefeito&nbsp;<a href=\"https:\/\/www.instagram.com\/anderson.mantei\/\">@anderson.mantei<\/a>&nbsp;, se com 1 Sal\u00e1rio M\u00ednimo j\u00e1 dificil viver com tanta infla\u00e7\u00e3o, o que sobra para os servidores que recebem como b\u00e1sico, menos que o m\u00ednimo nacional?<\/p>\n\n\n\n<p>Colegas, compartilhem e ajude cobrar valoriza\u00e7\u00e3o de nossos representantes!<\/p>\n","protected":false},"excerpt":{"rendered":"<p>Funcion\u00e1rios das escolas municipais merecem respeito e valoriza\u00e7\u00e3o!Continuamos na luta para que, pelo menos o Padr\u00e3o 2, merendeiras e zeladores, recebam ao menos UM SAL\u00c1RIO M\u00cdNIMO NACIONAL! Prefeito&nbsp;@anderson.mantei&nbsp;, se com 1 Sal\u00e1rio M\u00ednimo j\u00e1 dificil viver com tanta infla\u00e7\u00e3o, o que sobra para os servidores que recebem como b\u00e1sico, menos que o m\u00ednimo nacional? Colegas, [&hellip;]<\/p>\n","protected":false},"author":1,"featured_media":68,"comment_status":"open","ping_status":"open","sticky":false,"template":"","format":"standard","meta":{"_eb_attr":"","footnotes":""},"categories":[4],"tags":[],"class_list":["post-1","post","type-post","status-publish","format-standard","has-post-thumbnail","hentry","category-noticias"],"yoast_head":"<!-- This site is optimized with the Yoast SEO plugin v26.2 - https:\/\/yoast.com\/wordpress\/plugins\/seo\/ -->\n<title>Padr\u00e3o 2 recebe menos que o M\u00ednimo Nacional - SIMUSAR<\/title>\n<meta name=\"robots\" content=\"index, follow, max-snippet:-1, max-image-preview:large, max-video-preview:-1\" \/>\n<link rel=\"canonical\" href=\"https:\/\/simusar.com.br\/wfe\/padrao-2-recebe-menos-que-o-minimo-nacional\/\" \/>\n<meta property=\"og:locale\" content=\"pt_BR\" \/>\n<meta property=\"og:type\" content=\"article\" \/>\n<meta property=\"og:title\" content=\"Padr\u00e3o 2 recebe menos que o M\u00ednimo Nacional - SIMUSAR\" \/>\n<meta property=\"og:description\" content=\"Funcion\u00e1rios das escolas municipais merecem respeito e valoriza\u00e7\u00e3o!Continuamos na luta para que, pelo menos o Padr\u00e3o 2, merendeiras e zeladores, recebam ao menos UM SAL\u00c1RIO M\u00cdNIMO NACIONAL! Prefeito&nbsp;@anderson.mantei&nbsp;, se com 1 Sal\u00e1rio M\u00ednimo j\u00e1 dificil viver com tanta infla\u00e7\u00e3o, o que sobra para os servidores que recebem como b\u00e1sico, menos que o m\u00ednimo nacional? Colegas, [&hellip;]\" \/>\n<meta property=\"og:url\" content=\"https:\/\/simusar.com.br\/wfe\/padrao-2-recebe-menos-que-o-minimo-nacional\/\" \/>\n<meta property=\"og:site_name\" content=\"SIMUSAR\" \/>\n<meta property=\"article:publisher\" content=\"https:\/\/www.facebook.com\/simusaroficial\" \/>\n<meta property=\"article:published_time\" content=\"2022-05-23T17:49:01+00:00\" \/>\n<meta property=\"article:modified_time\" content=\"2022-08-12T19:19:47+00:00\" \/>\n<meta property=\"og:image\" content=\"https:\/\/simusar.com.br\/wfe\/wp-content\/uploads\/2022\/05\/padrao2.jpg\" \/>\n\t<meta property=\"og:image:width\" content=\"1080\" \/>\n\t<meta property=\"og:image:height\" content=\"1080\" \/>\n\t<meta property=\"og:image:type\" content=\"image\/jpeg\" \/>\n<meta name=\"author\" content=\"admin\" \/>\n<meta name=\"twitter:card\" content=\"summary_large_image\" \/>\n<meta name=\"twitter:label1\" content=\"Escrito por\" \/>\n\t<meta name=\"twitter:data1\" content=\"admin\" \/>\n\t<meta name=\"twitter:label2\" content=\"Est. tempo de leitura\" \/>\n\t<meta name=\"twitter:data2\" content=\"1 minuto\" \/>\n<script type=\"application\/ld+json\" class=\"yoast-schema-graph\">{\"@context\":\"https:\/\/schema.org\",\"@graph\":[{\"@type\":\"Article\",\"@id\":\"https:\/\/simusar.com.br\/wfe\/padrao-2-recebe-menos-que-o-minimo-nacional\/#article\",\"isPartOf\":{\"@id\":\"https:\/\/simusar.com.br\/wfe\/padrao-2-recebe-menos-que-o-minimo-nacional\/\"},\"author\":{\"name\":\"admin\",\"@id\":\"https:\/\/simusar.com.br\/wfe\/#\/schema\/person\/7bbff4b09265c81fe98c20bae4e03e83\"},\"headline\":\"Padr\u00e3o 2 recebe menos que o M\u00ednimo Nacional\",\"datePublished\":\"2022-05-23T17:49:01+00:00\",\"dateModified\":\"2022-08-12T19:19:47+00:00\",\"mainEntityOfPage\":{\"@id\":\"https:\/\/simusar.com.br\/wfe\/padrao-2-recebe-menos-que-o-minimo-nacional\/\"},\"wordCount\":86,\"commentCount\":0,\"publisher\":{\"@id\":\"https:\/\/simusar.com.br\/wfe\/#organization\"},\"image\":{\"@id\":\"https:\/\/simusar.com.br\/wfe\/padrao-2-recebe-menos-que-o-minimo-nacional\/#primaryimage\"},\"thumbnailUrl\":\"https:\/\/simusar.com.br\/wfe\/wp-content\/uploads\/2022\/05\/padrao2.jpg\",\"articleSection\":[\"Noticias\"],\"inLanguage\":\"pt-BR\",\"potentialAction\":[{\"@type\":\"CommentAction\",\"name\":\"Comment\",\"target\":[\"https:\/\/simusar.com.br\/wfe\/padrao-2-recebe-menos-que-o-minimo-nacional\/#respond\"]}]},{\"@type\":\"WebPage\",\"@id\":\"https:\/\/simusar.com.br\/wfe\/padrao-2-recebe-menos-que-o-minimo-nacional\/\",\"url\":\"https:\/\/simusar.com.br\/wfe\/padrao-2-recebe-menos-que-o-minimo-nacional\/\",\"name\":\"Padr\u00e3o 2 recebe menos que o M\u00ednimo Nacional - SIMUSAR\",\"isPartOf\":{\"@id\":\"https:\/\/simusar.com.br\/wfe\/#website\"},\"primaryImageOfPage\":{\"@id\":\"https:\/\/simusar.com.br\/wfe\/padrao-2-recebe-menos-que-o-minimo-nacional\/#primaryimage\"},\"image\":{\"@id\":\"https:\/\/simusar.com.br\/wfe\/padrao-2-recebe-menos-que-o-minimo-nacional\/#primaryimage\"},\"thumbnailUrl\":\"https:\/\/simusar.com.br\/wfe\/wp-content\/uploads\/2022\/05\/padrao2.jpg\",\"datePublished\":\"2022-05-23T17:49:01+00:00\",\"dateModified\":\"2022-08-12T19:19:47+00:00\",\"breadcrumb\":{\"@id\":\"https:\/\/simusar.com.br\/wfe\/padrao-2-recebe-menos-que-o-minimo-nacional\/#breadcrumb\"},\"inLanguage\":\"pt-BR\",\"potentialAction\":[{\"@type\":\"ReadAction\",\"target\":[\"https:\/\/simusar.com.br\/wfe\/padrao-2-recebe-menos-que-o-minimo-nacional\/\"]}]},{\"@type\":\"ImageObject\",\"inLanguage\":\"pt-BR\",\"@id\":\"https:\/\/simusar.com.br\/wfe\/padrao-2-recebe-menos-que-o-minimo-nacional\/#primaryimage\",\"url\":\"https:\/\/simusar.com.br\/wfe\/wp-content\/uploads\/2022\/05\/padrao2.jpg\",\"contentUrl\":\"https:\/\/simusar.com.br\/wfe\/wp-content\/uploads\/2022\/05\/padrao2.jpg\",\"width\":1080,\"height\":1080},{\"@type\":\"BreadcrumbList\",\"@id\":\"https:\/\/simusar.com.br\/wfe\/padrao-2-recebe-menos-que-o-minimo-nacional\/#breadcrumb\",\"itemListElement\":[{\"@type\":\"ListItem\",\"position\":1,\"name\":\"In\u00edcio\",\"item\":\"https:\/\/simusar.com.br\/wfe\/\"},{\"@type\":\"ListItem\",\"position\":2,\"name\":\"Padr\u00e3o 2 recebe menos que o M\u00ednimo Nacional\"}]},{\"@type\":\"WebSite\",\"@id\":\"https:\/\/simusar.com.br\/wfe\/#website\",\"url\":\"https:\/\/simusar.com.br\/wfe\/\",\"name\":\"SIMUSAR\",\"description\":\"Sindicatos dos Servidores Municipais de Santa Rosa\",\"publisher\":{\"@id\":\"https:\/\/simusar.com.br\/wfe\/#organization\"},\"potentialAction\":[{\"@type\":\"SearchAction\",\"target\":{\"@type\":\"EntryPoint\",\"urlTemplate\":\"https:\/\/simusar.com.br\/wfe\/?s={search_term_string}\"},\"query-input\":{\"@type\":\"PropertyValueSpecification\",\"valueRequired\":true,\"valueName\":\"search_term_string\"}}],\"inLanguage\":\"pt-BR\"},{\"@type\":\"Organization\",\"@id\":\"https:\/\/simusar.com.br\/wfe\/#organization\",\"name\":\"SIMUSAR\",\"url\":\"https:\/\/simusar.com.br\/wfe\/\",\"logo\":{\"@type\":\"ImageObject\",\"inLanguage\":\"pt-BR\",\"@id\":\"https:\/\/simusar.com.br\/wfe\/#\/schema\/logo\/image\/\",\"url\":\"https:\/\/simusar.com.br\/wfe\/wp-content\/uploads\/2022\/05\/logo-perfil.png\",\"contentUrl\":\"https:\/\/simusar.com.br\/wfe\/wp-content\/uploads\/2022\/05\/logo-perfil.png\",\"width\":1080,\"height\":1080,\"caption\":\"SIMUSAR\"},\"image\":{\"@id\":\"https:\/\/simusar.com.br\/wfe\/#\/schema\/logo\/image\/\"},\"sameAs\":[\"https:\/\/www.facebook.com\/simusaroficial\",\"https:\/\/www.instagram.com\/simusaroficial\"]},{\"@type\":\"Person\",\"@id\":\"https:\/\/simusar.com.br\/wfe\/#\/schema\/person\/7bbff4b09265c81fe98c20bae4e03e83\",\"name\":\"admin\",\"sameAs\":[\"http:\/\/simusar.com.br\/wfe\"],\"url\":\"https:\/\/simusar.com.br\/wfe\/author\/admin\/\"}]}<\/script>\n<!-- \/ Yoast SEO plugin. -->","yoast_head_json":{"title":"Padr\u00e3o 2 recebe menos que o M\u00ednimo Nacional - SIMUSAR","robots":{"index":"index","follow":"follow","max-snippet":"max-snippet:-1","max-image-preview":"max-image-preview:large","max-video-preview":"max-video-preview:-1"},"canonical":"https:\/\/simusar.com.br\/wfe\/padrao-2-recebe-menos-que-o-minimo-nacional\/","og_locale":"pt_BR","og_type":"article","og_title":"Padr\u00e3o 2 recebe menos que o M\u00ednimo Nacional - SIMUSAR","og_description":"Funcion\u00e1rios das escolas municipais merecem respeito e valoriza\u00e7\u00e3o!Continuamos na luta para que, pelo menos o Padr\u00e3o 2, merendeiras e zeladores, recebam ao menos UM SAL\u00c1RIO M\u00cdNIMO NACIONAL! Prefeito&nbsp;@anderson.mantei&nbsp;, se com 1 Sal\u00e1rio M\u00ednimo j\u00e1 dificil viver com tanta infla\u00e7\u00e3o, o que sobra para os servidores que recebem como b\u00e1sico, menos que o m\u00ednimo nacional? Colegas, [&hellip;]","og_url":"https:\/\/simusar.com.br\/wfe\/padrao-2-recebe-menos-que-o-minimo-nacional\/","og_site_name":"SIMUSAR","article_publisher":"https:\/\/www.facebook.com\/simusaroficial","article_published_time":"2022-05-23T17:49:01+00:00","article_modified_time":"2022-08-12T19:19:47+00:00","og_image":[{"width":1080,"height":1080,"url":"https:\/\/simusar.com.br\/wfe\/wp-content\/uploads\/2022\/05\/padrao2.jpg","type":"image\/jpeg"}],"author":"admin","twitter_card":"summary_large_image","twitter_misc":{"Escrito por":"admin","Est. tempo de leitura":"1 minuto"},"schema":{"@context":"https:\/\/schema.org","@graph":[{"@type":"Article","@id":"https:\/\/simusar.com.br\/wfe\/padrao-2-recebe-menos-que-o-minimo-nacional\/#article","isPartOf":{"@id":"https:\/\/simusar.com.br\/wfe\/padrao-2-recebe-menos-que-o-minimo-nacional\/"},"author":{"name":"admin","@id":"https:\/\/simusar.com.br\/wfe\/#\/schema\/person\/7bbff4b09265c81fe98c20bae4e03e83"},"headline":"Padr\u00e3o 2 recebe menos que o M\u00ednimo Nacional","datePublished":"2022-05-23T17:49:01+00:00","dateModified":"2022-08-12T19:19:47+00:00","mainEntityOfPage":{"@id":"https:\/\/simusar.com.br\/wfe\/padrao-2-recebe-menos-que-o-minimo-nacional\/"},"wordCount":86,"commentCount":0,"publisher":{"@id":"https:\/\/simusar.com.br\/wfe\/#organization"},"image":{"@id":"https:\/\/simusar.com.br\/wfe\/padrao-2-recebe-menos-que-o-minimo-nacional\/#primaryimage"},"thumbnailUrl":"https:\/\/simusar.com.br\/wfe\/wp-content\/uploads\/2022\/05\/padrao2.jpg","articleSection":["Noticias"],"inLanguage":"pt-BR","potentialAction":[{"@type":"CommentAction","name":"Comment","target":["https:\/\/simusar.com.br\/wfe\/padrao-2-recebe-menos-que-o-minimo-nacional\/#respond"]}]},{"@type":"WebPage","@id":"https:\/\/simusar.com.br\/wfe\/padrao-2-recebe-menos-que-o-minimo-nacional\/","url":"https:\/\/simusar.com.br\/wfe\/padrao-2-recebe-menos-que-o-minimo-nacional\/","name":"Padr\u00e3o 2 recebe menos que o M\u00ednimo Nacional - SIMUSAR","isPartOf":{"@id":"https:\/\/simusar.com.br\/wfe\/#website"},"primaryImageOfPage":{"@id":"https:\/\/simusar.com.br\/wfe\/padrao-2-recebe-menos-que-o-minimo-nacional\/#primaryimage"},"image":{"@id":"https:\/\/simusar.com.br\/wfe\/padrao-2-recebe-menos-que-o-minimo-nacional\/#primaryimage"},"thumbnailUrl":"https:\/\/simusar.com.br\/wfe\/wp-content\/uploads\/2022\/05\/padrao2.jpg","datePublished":"2022-05-23T17:49:01+00:00","dateModified":"2022-08-12T19:19:47+00:00","breadcrumb":{"@id":"https:\/\/simusar.com.br\/wfe\/padrao-2-recebe-menos-que-o-minimo-nacional\/#breadcrumb"},"inLanguage":"pt-BR","potentialAction":[{"@type":"ReadAction","target":["https:\/\/simusar.com.br\/wfe\/padrao-2-recebe-menos-que-o-minimo-nacional\/"]}]},{"@type":"ImageObject","inLanguage":"pt-BR","@id":"https:\/\/simusar.com.br\/wfe\/padrao-2-recebe-menos-que-o-minimo-nacional\/#primaryimage","url":"https:\/\/simusar.com.br\/wfe\/wp-content\/uploads\/2022\/05\/padrao2.jpg","contentUrl":"https:\/\/simusar.com.br\/wfe\/wp-content\/uploads\/2022\/05\/padrao2.jpg","width":1080,"height":1080},{"@type":"BreadcrumbList","@id":"https:\/\/simusar.com.br\/wfe\/padrao-2-recebe-menos-que-o-minimo-nacional\/#breadcrumb","itemListElement":[{"@type":"ListItem","position":1,"name":"In\u00edcio","item":"https:\/\/simusar.com.br\/wfe\/"},{"@type":"ListItem","position":2,"name":"Padr\u00e3o 2 recebe menos que o M\u00ednimo Nacional"}]},{"@type":"WebSite","@id":"https:\/\/simusar.com.br\/wfe\/#website","url":"https:\/\/simusar.com.br\/wfe\/","name":"SIMUSAR","description":"Sindicatos dos Servidores Municipais de Santa Rosa","publisher":{"@id":"https:\/\/simusar.com.br\/wfe\/#organization"},"potentialAction":[{"@type":"SearchAction","target":{"@type":"EntryPoint","urlTemplate":"https:\/\/simusar.com.br\/wfe\/?s={search_term_string}"},"query-input":{"@type":"PropertyValueSpecification","valueRequired":true,"valueName":"search_term_string"}}],"inLanguage":"pt-BR"},{"@type":"Organization","@id":"https:\/\/simusar.com.br\/wfe\/#organization","name":"SIMUSAR","url":"https:\/\/simusar.com.br\/wfe\/","logo":{"@type":"ImageObject","inLanguage":"pt-BR","@id":"https:\/\/simusar.com.br\/wfe\/#\/schema\/logo\/image\/","url":"https:\/\/simusar.com.br\/wfe\/wp-content\/uploads\/2022\/05\/logo-perfil.png","contentUrl":"https:\/\/simusar.com.br\/wfe\/wp-content\/uploads\/2022\/05\/logo-perfil.png","width":1080,"height":1080,"caption":"SIMUSAR"},"image":{"@id":"https:\/\/simusar.com.br\/wfe\/#\/schema\/logo\/image\/"},"sameAs":["https:\/\/www.facebook.com\/simusaroficial","https:\/\/www.instagram.com\/simusaroficial"]},{"@type":"Person","@id":"https:\/\/simusar.com.br\/wfe\/#\/schema\/person\/7bbff4b09265c81fe98c20bae4e03e83","name":"admin","sameAs":["http:\/\/simusar.com.br\/wfe"],"url":"https:\/\/simusar.com.br\/wfe\/author\/admin\/"}]}},"_links":{"self":[{"href":"https:\/\/simusar.com.br\/wfe\/wp-json\/wp\/v2\/posts\/1","targetHints":{"allow":["GET"]}}],"collection":[{"href":"https:\/\/simusar.com.br\/wfe\/wp-json\/wp\/v2\/posts"}],"about":[{"href":"https:\/\/simusar.com.br\/wfe\/wp-json\/wp\/v2\/types\/post"}],"author":[{"embeddable":true,"href":"https:\/\/simusar.com.br\/wfe\/wp-json\/wp\/v2\/users\/1"}],"replies":[{"embeddable":true,"href":"https:\/\/simusar.com.br\/wfe\/wp-json\/wp\/v2\/comments?post=1"}],"version-history":[{"count":2,"href":"https:\/\/simusar.com.br\/wfe\/wp-json\/wp\/v2\/posts\/1\/revisions"}],"predecessor-version":[{"id":2174,"href":"https:\/\/simusar.com.br\/wfe\/wp-json\/wp\/v2\/posts\/1\/revisions\/2174"}],"wp:featuredmedia":[{"embeddable":true,"href":"https:\/\/simusar.com.br\/wfe\/wp-json\/wp\/v2\/media\/68"}],"wp:attachment":[{"href":"https:\/\/simusar.com.br\/wfe\/wp-json\/wp\/v2\/media?parent=1"}],"wp:term":[{"taxonomy":"category","embeddable":true,"href":"https:\/\/simusar.com.br\/wfe\/wp-json\/wp\/v2\/categories?post=1"},{"taxonomy":"post_tag","embeddable":true,"href":"https:\/\/simusar.com.br\/wfe\/wp-json\/wp\/v2\/tags?post=1"}],"curies":[{"name":"wp","href":"https:\/\/api.w.org\/{rel}","templated":true}]}}