{"id":2192,"date":"2022-08-30T13:17:28","date_gmt":"2022-08-30T13:17:28","guid":{"rendered":"https:\/\/simusar.com.br\/wfe\/?p=2192"},"modified":"2022-08-30T13:20:43","modified_gmt":"2022-08-30T13:20:43","slug":"simusar-entrega-carta-aos-vereadores-de-santa-rosa","status":"publish","type":"post","link":"https:\/\/simusar.com.br\/wfe\/simusar-entrega-carta-aos-vereadores-de-santa-rosa\/","title":{"rendered":"Simusar entrega Carta aos Vereadores de Santa Rosa"},"content":{"rendered":"\n<p>Na \u00faltima segunda-feira, 29 de agosto de 2022, professores e servidores estiveram em vig\u00edlia na C\u00e2mara de Vereadores, juntamente com o presidente do Simusar, Jonas Alo\u00edsio Fusiger. Uma carta foi entregue ao legislativo.<br>Leia na integra a carta:<br><\/p>\n\n\n\n<p class=\"has-text-align-center has-medium-font-size\"><strong><u>Senhora vereadora, senhor vereador<\/u><\/strong><\/p>\n\n\n\n<p>Ao colocar seu nome \u00e0 disposi\u00e7\u00e3o para concorrer em um pleito eleitoral o\/a senhor\/a comprometeu-se publicamente em defender os interesses da popula\u00e7\u00e3o. N\u00f3s, professoras, professores, Agentes de Servi\u00e7os Gerais e demais servidores\/as pertencentes ao padr\u00e3o 2 fazemos parte da comunidade santa-rosense e desempenhamos atividades important\u00edssimas, por isto defendemos o di\u00e1logo como recurso para superar o impasse criado pelo <strong>n\u00e3o cumprimento da Lei do Piso<\/strong> e a manuten\u00e7\u00e3o do <strong>sal\u00e1rio base do padr\u00e3o 2 abaixo do m\u00ednimo nacional<\/strong> por parte da administra\u00e7\u00e3o municipal.<\/p>\n\n\n\n<p>\u00c9 inaceit\u00e1vel acolher qualquer proposta que represente retrocesso \u00e0 lei. E, infelizmente, para preju\u00edzo do servi\u00e7o p\u00fablico, \u00e9 o que temos presenciado e vivido com a administra\u00e7\u00e3o municipal se recusando ao di\u00e1logo e desrespeitando a entidade representativa da categoria. Temos nos posicionado pela busca de solu\u00e7\u00f5es, entretanto o governo municipal fechou as portas para o entendimento e, sequer, coloca no papel e assina seus posicionamentos.<\/p>\n\n\n\n<p>As pessoas precisam tornar-se sujeitos de sua pr\u00f3pria hist\u00f3ria e buscar afirmar a sua cidadania para que tenhamos uma sociedade democr\u00e1tica e justa. A democracia n\u00e3o se constr\u00f3i com amea\u00e7as, sindic\u00e2ncias ou n\u00e3o dialogando. Ao contr\u00e1rio, um\/a gestor\/a p\u00fablico\/a tem que ser exemplo de acolhimento e debate das diferentes opini\u00f5es.<\/p>\n\n\n\n<p>Neste sentido, reportamo-nos ao Poder Legislativo para que fa\u00e7a uso da sua fun\u00e7\u00e3o fiscalizadora do Executivo e auxilie a construir alternativas para o cumprimento da lei e imediata abertura de di\u00e1logo entre administra\u00e7\u00e3o\/categoria\/sindicato. Entendemos que cabe a esta Casa Legislativa, especialmente \u00e0s colegas e aos colegas que tamb\u00e9m s\u00e3o servidores\/as municipais, sair em defesa do que segue:<\/p>\n\n\n\n<p><strong>&#8211; Cumprimento da Lei do Piso do Magist\u00e9rio;<\/strong><\/p>\n\n\n\n<p><strong>&#8211; Gest\u00e3o democr\u00e1tica nas escolas com elei\u00e7\u00e3o para diretores\/as;<\/strong><\/p>\n\n\n\n<p><strong>&#8211; Retorno do pronto pagamento;<\/strong><\/p>\n\n\n\n<p><strong>&#8211; Sal\u00e1rio b\u00e1sico do padr\u00e3o 2 equivalente ao m\u00ednimo nacional;<\/strong><\/p>\n\n\n\n<p><strong>&#8211; N\u00e3o terceiriza\u00e7\u00e3o das\/os Agentes de Servi\u00e7os, Gerais;<\/strong><\/p>\n\n\n\n<p><strong>&#8211; Retirada da Sindic\u00e2ncia contra diretoras de escolas.<\/strong><\/p>\n\n\n\n<p>Entendemos que Santa Rosa pode entrar para a Hist\u00f3ria como uma cidade educadora, democr\u00e1tica e cidad\u00e3, mas, principalmente, como uma comunidade que mant\u00e9m o di\u00e1logo na diversidade e encontra, pelo di\u00e1logo, maneiras de administrar conflitos.<\/p>\n\n\n\n<p>Dessa forma, com a convic\u00e7\u00e3o de que os\/as senhores\/as cumprir\u00e3o com o seu dever constitucional, estamos <strong>encerrando a vig\u00edlia <\/strong>que fizemos ao longo do primeiro semestre de 2022, reiteramos que estamos abertos ao di\u00e1logo que venha construir alternativas plaus\u00edveis e que nenhum trabalhador tenha que sacrificar seus direitos b\u00e1sicos conquistados \u00e0 \u00e1rduas lutas. Assim sa\u00edmos, de cabe\u00e7a erguida e com a certeza que a cidadania est\u00e1 sendo cumprida na pr\u00e1tica pelo magist\u00e9rio p\u00fablico municipal.<\/p>\n\n\n\n<p><\/p>\n\n\n\n<p><\/p>\n\n\n\n<p><br><\/p>\n","protected":false},"excerpt":{"rendered":"<p>Na \u00faltima segunda-feira, 29 de agosto de 2022, professores e servidores estiveram em vig\u00edlia na C\u00e2mara de Vereadores, juntamente com o presidente do Simusar, Jonas Alo\u00edsio Fusiger. Uma carta foi entregue ao legislativo.Leia na integra a carta: Senhora vereadora, senhor vereador Ao colocar seu nome \u00e0 disposi\u00e7\u00e3o para concorrer em um pleito eleitoral o\/a senhor\/a [&hellip;]<\/p>\n","protected":false},"author":1,"featured_media":2198,"comment_status":"closed","ping_status":"closed","sticky":false,"template":"","format":"standard","meta":{"_eb_attr":"","footnotes":""},"categories":[4],"tags":[48,53],"class_list":["post-2192","post","type-post","status-publish","format-standard","has-post-thumbnail","hentry","category-noticias","tag-santa-rosa","tag-simusar"],"yoast_head":"<!-- This site is optimized with the Yoast SEO plugin v26.2 - https:\/\/yoast.com\/wordpress\/plugins\/seo\/ -->\n<title>Simusar entrega Carta aos Vereadores de Santa Rosa - SIMUSAR<\/title>\n<meta name=\"robots\" content=\"index, follow, max-snippet:-1, max-image-preview:large, max-video-preview:-1\" \/>\n<link rel=\"canonical\" href=\"https:\/\/simusar.com.br\/wfe\/simusar-entrega-carta-aos-vereadores-de-santa-rosa\/\" \/>\n<meta property=\"og:locale\" content=\"pt_BR\" \/>\n<meta property=\"og:type\" content=\"article\" \/>\n<meta property=\"og:title\" content=\"Simusar entrega Carta aos Vereadores de Santa Rosa - SIMUSAR\" \/>\n<meta property=\"og:description\" content=\"Na \u00faltima segunda-feira, 29 de agosto de 2022, professores e servidores estiveram em vig\u00edlia na C\u00e2mara de Vereadores, juntamente com o presidente do Simusar, Jonas Alo\u00edsio Fusiger. Uma carta foi entregue ao legislativo.Leia na integra a carta: Senhora vereadora, senhor vereador Ao colocar seu nome \u00e0 disposi\u00e7\u00e3o para concorrer em um pleito eleitoral o\/a senhor\/a [&hellip;]\" \/>\n<meta property=\"og:url\" content=\"https:\/\/simusar.com.br\/wfe\/simusar-entrega-carta-aos-vereadores-de-santa-rosa\/\" \/>\n<meta property=\"og:site_name\" content=\"SIMUSAR\" \/>\n<meta property=\"article:publisher\" content=\"https:\/\/www.facebook.com\/simusaroficial\" \/>\n<meta property=\"article:published_time\" content=\"2022-08-30T13:17:28+00:00\" \/>\n<meta property=\"article:modified_time\" content=\"2022-08-30T13:20:43+00:00\" \/>\n<meta property=\"og:image\" content=\"http:\/\/simusar.com.br\/wfe\/wp-content\/uploads\/2022\/08\/carta-simusar.png\" \/>\n\t<meta property=\"og:image:width\" content=\"1080\" \/>\n\t<meta property=\"og:image:height\" content=\"1080\" \/>\n\t<meta property=\"og:image:type\" content=\"image\/png\" \/>\n<meta name=\"author\" content=\"admin\" \/>\n<meta name=\"twitter:card\" content=\"summary_large_image\" \/>\n<meta name=\"twitter:label1\" content=\"Escrito por\" \/>\n\t<meta name=\"twitter:data1\" content=\"admin\" \/>\n\t<meta name=\"twitter:label2\" content=\"Est. tempo de leitura\" \/>\n\t<meta name=\"twitter:data2\" content=\"3 minutos\" \/>\n<script type=\"application\/ld+json\" class=\"yoast-schema-graph\">{\"@context\":\"https:\/\/schema.org\",\"@graph\":[{\"@type\":\"Article\",\"@id\":\"https:\/\/simusar.com.br\/wfe\/simusar-entrega-carta-aos-vereadores-de-santa-rosa\/#article\",\"isPartOf\":{\"@id\":\"https:\/\/simusar.com.br\/wfe\/simusar-entrega-carta-aos-vereadores-de-santa-rosa\/\"},\"author\":{\"name\":\"admin\",\"@id\":\"https:\/\/simusar.com.br\/wfe\/#\/schema\/person\/7bbff4b09265c81fe98c20bae4e03e83\"},\"headline\":\"Simusar entrega Carta aos Vereadores de Santa Rosa\",\"datePublished\":\"2022-08-30T13:17:28+00:00\",\"dateModified\":\"2022-08-30T13:20:43+00:00\",\"mainEntityOfPage\":{\"@id\":\"https:\/\/simusar.com.br\/wfe\/simusar-entrega-carta-aos-vereadores-de-santa-rosa\/\"},\"wordCount\":531,\"publisher\":{\"@id\":\"https:\/\/simusar.com.br\/wfe\/#organization\"},\"image\":{\"@id\":\"https:\/\/simusar.com.br\/wfe\/simusar-entrega-carta-aos-vereadores-de-santa-rosa\/#primaryimage\"},\"thumbnailUrl\":\"https:\/\/simusar.com.br\/wfe\/wp-content\/uploads\/2022\/08\/carta-simusar.png\",\"keywords\":[\"santa rosa\",\"simusar\"],\"articleSection\":[\"Noticias\"],\"inLanguage\":\"pt-BR\"},{\"@type\":\"WebPage\",\"@id\":\"https:\/\/simusar.com.br\/wfe\/simusar-entrega-carta-aos-vereadores-de-santa-rosa\/\",\"url\":\"https:\/\/simusar.com.br\/wfe\/simusar-entrega-carta-aos-vereadores-de-santa-rosa\/\",\"name\":\"Simusar entrega Carta aos Vereadores de Santa Rosa - SIMUSAR\",\"isPartOf\":{\"@id\":\"https:\/\/simusar.com.br\/wfe\/#website\"},\"primaryImageOfPage\":{\"@id\":\"https:\/\/simusar.com.br\/wfe\/simusar-entrega-carta-aos-vereadores-de-santa-rosa\/#primaryimage\"},\"image\":{\"@id\":\"https:\/\/simusar.com.br\/wfe\/simusar-entrega-carta-aos-vereadores-de-santa-rosa\/#primaryimage\"},\"thumbnailUrl\":\"https:\/\/simusar.com.br\/wfe\/wp-content\/uploads\/2022\/08\/carta-simusar.png\",\"datePublished\":\"2022-08-30T13:17:28+00:00\",\"dateModified\":\"2022-08-30T13:20:43+00:00\",\"breadcrumb\":{\"@id\":\"https:\/\/simusar.com.br\/wfe\/simusar-entrega-carta-aos-vereadores-de-santa-rosa\/#breadcrumb\"},\"inLanguage\":\"pt-BR\",\"potentialAction\":[{\"@type\":\"ReadAction\",\"target\":[\"https:\/\/simusar.com.br\/wfe\/simusar-entrega-carta-aos-vereadores-de-santa-rosa\/\"]}]},{\"@type\":\"ImageObject\",\"inLanguage\":\"pt-BR\",\"@id\":\"https:\/\/simusar.com.br\/wfe\/simusar-entrega-carta-aos-vereadores-de-santa-rosa\/#primaryimage\",\"url\":\"https:\/\/simusar.com.br\/wfe\/wp-content\/uploads\/2022\/08\/carta-simusar.png\",\"contentUrl\":\"https:\/\/simusar.com.br\/wfe\/wp-content\/uploads\/2022\/08\/carta-simusar.png\",\"width\":1080,\"height\":1080},{\"@type\":\"BreadcrumbList\",\"@id\":\"https:\/\/simusar.com.br\/wfe\/simusar-entrega-carta-aos-vereadores-de-santa-rosa\/#breadcrumb\",\"itemListElement\":[{\"@type\":\"ListItem\",\"position\":1,\"name\":\"In\u00edcio\",\"item\":\"https:\/\/simusar.com.br\/wfe\/\"},{\"@type\":\"ListItem\",\"position\":2,\"name\":\"Simusar entrega Carta aos Vereadores de Santa Rosa\"}]},{\"@type\":\"WebSite\",\"@id\":\"https:\/\/simusar.com.br\/wfe\/#website\",\"url\":\"https:\/\/simusar.com.br\/wfe\/\",\"name\":\"SIMUSAR\",\"description\":\"Sindicatos dos Servidores Municipais de Santa Rosa\",\"publisher\":{\"@id\":\"https:\/\/simusar.com.br\/wfe\/#organization\"},\"potentialAction\":[{\"@type\":\"SearchAction\",\"target\":{\"@type\":\"EntryPoint\",\"urlTemplate\":\"https:\/\/simusar.com.br\/wfe\/?s={search_term_string}\"},\"query-input\":{\"@type\":\"PropertyValueSpecification\",\"valueRequired\":true,\"valueName\":\"search_term_string\"}}],\"inLanguage\":\"pt-BR\"},{\"@type\":\"Organization\",\"@id\":\"https:\/\/simusar.com.br\/wfe\/#organization\",\"name\":\"SIMUSAR\",\"url\":\"https:\/\/simusar.com.br\/wfe\/\",\"logo\":{\"@type\":\"ImageObject\",\"inLanguage\":\"pt-BR\",\"@id\":\"https:\/\/simusar.com.br\/wfe\/#\/schema\/logo\/image\/\",\"url\":\"https:\/\/simusar.com.br\/wfe\/wp-content\/uploads\/2022\/05\/logo-perfil.png\",\"contentUrl\":\"https:\/\/simusar.com.br\/wfe\/wp-content\/uploads\/2022\/05\/logo-perfil.png\",\"width\":1080,\"height\":1080,\"caption\":\"SIMUSAR\"},\"image\":{\"@id\":\"https:\/\/simusar.com.br\/wfe\/#\/schema\/logo\/image\/\"},\"sameAs\":[\"https:\/\/www.facebook.com\/simusaroficial\",\"https:\/\/www.instagram.com\/simusaroficial\"]},{\"@type\":\"Person\",\"@id\":\"https:\/\/simusar.com.br\/wfe\/#\/schema\/person\/7bbff4b09265c81fe98c20bae4e03e83\",\"name\":\"admin\",\"sameAs\":[\"http:\/\/simusar.com.br\/wfe\"],\"url\":\"https:\/\/simusar.com.br\/wfe\/author\/admin\/\"}]}<\/script>\n<!-- \/ Yoast SEO plugin. -->","yoast_head_json":{"title":"Simusar entrega Carta aos Vereadores de Santa Rosa - SIMUSAR","robots":{"index":"index","follow":"follow","max-snippet":"max-snippet:-1","max-image-preview":"max-image-preview:large","max-video-preview":"max-video-preview:-1"},"canonical":"https:\/\/simusar.com.br\/wfe\/simusar-entrega-carta-aos-vereadores-de-santa-rosa\/","og_locale":"pt_BR","og_type":"article","og_title":"Simusar entrega Carta aos Vereadores de Santa Rosa - SIMUSAR","og_description":"Na \u00faltima segunda-feira, 29 de agosto de 2022, professores e servidores estiveram em vig\u00edlia na C\u00e2mara de Vereadores, juntamente com o presidente do Simusar, Jonas Alo\u00edsio Fusiger. Uma carta foi entregue ao legislativo.Leia na integra a carta: Senhora vereadora, senhor vereador Ao colocar seu nome \u00e0 disposi\u00e7\u00e3o para concorrer em um pleito eleitoral o\/a senhor\/a [&hellip;]","og_url":"https:\/\/simusar.com.br\/wfe\/simusar-entrega-carta-aos-vereadores-de-santa-rosa\/","og_site_name":"SIMUSAR","article_publisher":"https:\/\/www.facebook.com\/simusaroficial","article_published_time":"2022-08-30T13:17:28+00:00","article_modified_time":"2022-08-30T13:20:43+00:00","og_image":[{"width":1080,"height":1080,"url":"http:\/\/simusar.com.br\/wfe\/wp-content\/uploads\/2022\/08\/carta-simusar.png","type":"image\/png"}],"author":"admin","twitter_card":"summary_large_image","twitter_misc":{"Escrito por":"admin","Est. tempo de leitura":"3 minutos"},"schema":{"@context":"https:\/\/schema.org","@graph":[{"@type":"Article","@id":"https:\/\/simusar.com.br\/wfe\/simusar-entrega-carta-aos-vereadores-de-santa-rosa\/#article","isPartOf":{"@id":"https:\/\/simusar.com.br\/wfe\/simusar-entrega-carta-aos-vereadores-de-santa-rosa\/"},"author":{"name":"admin","@id":"https:\/\/simusar.com.br\/wfe\/#\/schema\/person\/7bbff4b09265c81fe98c20bae4e03e83"},"headline":"Simusar entrega Carta aos Vereadores de Santa Rosa","datePublished":"2022-08-30T13:17:28+00:00","dateModified":"2022-08-30T13:20:43+00:00","mainEntityOfPage":{"@id":"https:\/\/simusar.com.br\/wfe\/simusar-entrega-carta-aos-vereadores-de-santa-rosa\/"},"wordCount":531,"publisher":{"@id":"https:\/\/simusar.com.br\/wfe\/#organization"},"image":{"@id":"https:\/\/simusar.com.br\/wfe\/simusar-entrega-carta-aos-vereadores-de-santa-rosa\/#primaryimage"},"thumbnailUrl":"https:\/\/simusar.com.br\/wfe\/wp-content\/uploads\/2022\/08\/carta-simusar.png","keywords":["santa rosa","simusar"],"articleSection":["Noticias"],"inLanguage":"pt-BR"},{"@type":"WebPage","@id":"https:\/\/simusar.com.br\/wfe\/simusar-entrega-carta-aos-vereadores-de-santa-rosa\/","url":"https:\/\/simusar.com.br\/wfe\/simusar-entrega-carta-aos-vereadores-de-santa-rosa\/","name":"Simusar entrega Carta aos Vereadores de Santa Rosa - SIMUSAR","isPartOf":{"@id":"https:\/\/simusar.com.br\/wfe\/#website"},"primaryImageOfPage":{"@id":"https:\/\/simusar.com.br\/wfe\/simusar-entrega-carta-aos-vereadores-de-santa-rosa\/#primaryimage"},"image":{"@id":"https:\/\/simusar.com.br\/wfe\/simusar-entrega-carta-aos-vereadores-de-santa-rosa\/#primaryimage"},"thumbnailUrl":"https:\/\/simusar.com.br\/wfe\/wp-content\/uploads\/2022\/08\/carta-simusar.png","datePublished":"2022-08-30T13:17:28+00:00","dateModified":"2022-08-30T13:20:43+00:00","breadcrumb":{"@id":"https:\/\/simusar.com.br\/wfe\/simusar-entrega-carta-aos-vereadores-de-santa-rosa\/#breadcrumb"},"inLanguage":"pt-BR","potentialAction":[{"@type":"ReadAction","target":["https:\/\/simusar.com.br\/wfe\/simusar-entrega-carta-aos-vereadores-de-santa-rosa\/"]}]},{"@type":"ImageObject","inLanguage":"pt-BR","@id":"https:\/\/simusar.com.br\/wfe\/simusar-entrega-carta-aos-vereadores-de-santa-rosa\/#primaryimage","url":"https:\/\/simusar.com.br\/wfe\/wp-content\/uploads\/2022\/08\/carta-simusar.png","contentUrl":"https:\/\/simusar.com.br\/wfe\/wp-content\/uploads\/2022\/08\/carta-simusar.png","width":1080,"height":1080},{"@type":"BreadcrumbList","@id":"https:\/\/simusar.com.br\/wfe\/simusar-entrega-carta-aos-vereadores-de-santa-rosa\/#breadcrumb","itemListElement":[{"@type":"ListItem","position":1,"name":"In\u00edcio","item":"https:\/\/simusar.com.br\/wfe\/"},{"@type":"ListItem","position":2,"name":"Simusar entrega Carta aos Vereadores de Santa Rosa"}]},{"@type":"WebSite","@id":"https:\/\/simusar.com.br\/wfe\/#website","url":"https:\/\/simusar.com.br\/wfe\/","name":"SIMUSAR","description":"Sindicatos dos Servidores Municipais de Santa Rosa","publisher":{"@id":"https:\/\/simusar.com.br\/wfe\/#organization"},"potentialAction":[{"@type":"SearchAction","target":{"@type":"EntryPoint","urlTemplate":"https:\/\/simusar.com.br\/wfe\/?s={search_term_string}"},"query-input":{"@type":"PropertyValueSpecification","valueRequired":true,"valueName":"search_term_string"}}],"inLanguage":"pt-BR"},{"@type":"Organization","@id":"https:\/\/simusar.com.br\/wfe\/#organization","name":"SIMUSAR","url":"https:\/\/simusar.com.br\/wfe\/","logo":{"@type":"ImageObject","inLanguage":"pt-BR","@id":"https:\/\/simusar.com.br\/wfe\/#\/schema\/logo\/image\/","url":"https:\/\/simusar.com.br\/wfe\/wp-content\/uploads\/2022\/05\/logo-perfil.png","contentUrl":"https:\/\/simusar.com.br\/wfe\/wp-content\/uploads\/2022\/05\/logo-perfil.png","width":1080,"height":1080,"caption":"SIMUSAR"},"image":{"@id":"https:\/\/simusar.com.br\/wfe\/#\/schema\/logo\/image\/"},"sameAs":["https:\/\/www.facebook.com\/simusaroficial","https:\/\/www.instagram.com\/simusaroficial"]},{"@type":"Person","@id":"https:\/\/simusar.com.br\/wfe\/#\/schema\/person\/7bbff4b09265c81fe98c20bae4e03e83","name":"admin","sameAs":["http:\/\/simusar.com.br\/wfe"],"url":"https:\/\/simusar.com.br\/wfe\/author\/admin\/"}]}},"_links":{"self":[{"href":"https:\/\/simusar.com.br\/wfe\/wp-json\/wp\/v2\/posts\/2192","targetHints":{"allow":["GET"]}}],"collection":[{"href":"https:\/\/simusar.com.br\/wfe\/wp-json\/wp\/v2\/posts"}],"about":[{"href":"https:\/\/simusar.com.br\/wfe\/wp-json\/wp\/v2\/types\/post"}],"author":[{"embeddable":true,"href":"https:\/\/simusar.com.br\/wfe\/wp-json\/wp\/v2\/users\/1"}],"replies":[{"embeddable":true,"href":"https:\/\/simusar.com.br\/wfe\/wp-json\/wp\/v2\/comments?post=2192"}],"version-history":[{"count":4,"href":"https:\/\/simusar.com.br\/wfe\/wp-json\/wp\/v2\/posts\/2192\/revisions"}],"predecessor-version":[{"id":2197,"href":"https:\/\/simusar.com.br\/wfe\/wp-json\/wp\/v2\/posts\/2192\/revisions\/2197"}],"wp:featuredmedia":[{"embeddable":true,"href":"https:\/\/simusar.com.br\/wfe\/wp-json\/wp\/v2\/media\/2198"}],"wp:attachment":[{"href":"https:\/\/simusar.com.br\/wfe\/wp-json\/wp\/v2\/media?parent=2192"}],"wp:term":[{"taxonomy":"category","embeddable":true,"href":"https:\/\/simusar.com.br\/wfe\/wp-json\/wp\/v2\/categories?post=2192"},{"taxonomy":"post_tag","embeddable":true,"href":"https:\/\/simusar.com.br\/wfe\/wp-json\/wp\/v2\/tags?post=2192"}],"curies":[{"name":"wp","href":"https:\/\/api.w.org\/{rel}","templated":true}]}}