{"id":2394,"date":"2022-10-11T16:43:26","date_gmt":"2022-10-11T16:43:26","guid":{"rendered":"https:\/\/simusar.com.br\/wfe\/?p=2394"},"modified":"2022-10-11T16:50:33","modified_gmt":"2022-10-11T16:50:33","slug":"com-acao-deferida-servidores-comecam-a-receber-insalubridade-atrasada","status":"publish","type":"post","link":"https:\/\/simusar.com.br\/wfe\/com-acao-deferida-servidores-comecam-a-receber-insalubridade-atrasada\/","title":{"rendered":"Com A\u00e7\u00e3o Deferida, servidores come\u00e7am a receber insalubridade atrasada"},"content":{"rendered":"<div class=\"wp-block-image\">\n<figure class=\"alignleft size-large is-resized\"><img loading=\"lazy\" decoding=\"async\" src=\"https:\/\/simusar.com.br\/wfe\/wp-content\/uploads\/2022\/10\/simusar.com_.br-50-1024x1024.png\" alt=\"\" class=\"wp-image-2395\" width=\"512\" height=\"512\" srcset=\"https:\/\/simusar.com.br\/wfe\/wp-content\/uploads\/2022\/10\/simusar.com_.br-50-1024x1024.png 1024w, https:\/\/simusar.com.br\/wfe\/wp-content\/uploads\/2022\/10\/simusar.com_.br-50-300x300.png 300w, https:\/\/simusar.com.br\/wfe\/wp-content\/uploads\/2022\/10\/simusar.com_.br-50-150x150.png 150w, https:\/\/simusar.com.br\/wfe\/wp-content\/uploads\/2022\/10\/simusar.com_.br-50-768x768.png 768w, https:\/\/simusar.com.br\/wfe\/wp-content\/uploads\/2022\/10\/simusar.com_.br-50.png 1080w\" sizes=\"auto, (max-width: 512px) 100vw, 512px\" \/><\/figure>\n<\/div>\n\n\n<p>Segunda-feira, 10 de outubro de 2022, servidores receberam o pagamento das insalubridades. Como a prefeitura n\u00e3o pagava conforme a lei, em 2017 uma a\u00e7\u00e3o foi movida pelo sindicato cobrando a insalubridade dos agentes de sa\u00fade, a partir do deferimento da a\u00e7\u00e3o conduzida pelo advogado Rodrigo Zimermann de Porto Alegre, o sindicato est\u00e1 efetuando pagamento conforme os precat\u00f3rios est\u00e3o sendo pagos pelo munic\u00edpio.<\/p>\n\n\n\n<p>S\u00e3o, neste momento, 14 servidores de um total aproximado de 60 processos. Os demais v\u00e3o receber &nbsp;gradativamente conforme os precat\u00f3rios v\u00e3o sendo pagos pelo munic\u00edpio.<\/p>\n","protected":false},"excerpt":{"rendered":"<p>Segunda-feira, 10 de outubro de 2022, servidores receberam o pagamento das insalubridades. Como a prefeitura n\u00e3o pagava conforme a lei, em 2017 uma a\u00e7\u00e3o foi movida pelo sindicato cobrando a insalubridade dos agentes de sa\u00fade, a partir do deferimento da a\u00e7\u00e3o conduzida pelo advogado Rodrigo Zimermann de Porto Alegre, o sindicato est\u00e1 efetuando pagamento conforme [&hellip;]<\/p>\n","protected":false},"author":1,"featured_media":2395,"comment_status":"open","ping_status":"closed","sticky":false,"template":"","format":"standard","meta":{"_eb_attr":"","footnotes":""},"categories":[4],"tags":[80,82,81,48,53],"class_list":["post-2394","post","type-post","status-publish","format-standard","has-post-thumbnail","hentry","category-noticias","tag-insalubridade","tag-municipio","tag-prefeitura","tag-santa-rosa","tag-simusar"],"yoast_head":"<!-- This site is optimized with the Yoast SEO plugin v26.2 - https:\/\/yoast.com\/wordpress\/plugins\/seo\/ -->\n<title>Com A\u00e7\u00e3o Deferida, servidores come\u00e7am a receber insalubridade atrasada - SIMUSAR<\/title>\n<meta name=\"description\" content=\"SIMUSAR\" \/>\n<meta name=\"robots\" content=\"index, follow, max-snippet:-1, max-image-preview:large, max-video-preview:-1\" \/>\n<link rel=\"canonical\" href=\"https:\/\/simusar.com.br\/wfe\/com-acao-deferida-servidores-comecam-a-receber-insalubridade-atrasada\/\" \/>\n<meta property=\"og:locale\" content=\"pt_BR\" \/>\n<meta property=\"og:type\" content=\"article\" \/>\n<meta property=\"og:title\" content=\"SIMUSAR\" \/>\n<meta property=\"og:description\" content=\"SIMUSAR\" \/>\n<meta property=\"og:url\" content=\"https:\/\/simusar.com.br\/wfe\/com-acao-deferida-servidores-comecam-a-receber-insalubridade-atrasada\/\" \/>\n<meta property=\"og:site_name\" content=\"SIMUSAR\" \/>\n<meta property=\"article:publisher\" content=\"https:\/\/www.facebook.com\/simusaroficial\" \/>\n<meta property=\"article:published_time\" content=\"2022-10-11T16:43:26+00:00\" \/>\n<meta property=\"article:modified_time\" content=\"2022-10-11T16:50:33+00:00\" \/>\n<meta property=\"og:image\" content=\"http:\/\/simusar.com.br\/wfe\/wp-content\/uploads\/2022\/10\/simusar.com_.br-50.png\" \/>\n\t<meta property=\"og:image:width\" content=\"1080\" \/>\n\t<meta property=\"og:image:height\" content=\"1080\" \/>\n\t<meta property=\"og:image:type\" content=\"image\/png\" \/>\n<meta name=\"author\" content=\"admin\" \/>\n<meta name=\"twitter:card\" content=\"summary_large_image\" \/>\n<meta name=\"twitter:label1\" content=\"Escrito por\" \/>\n\t<meta name=\"twitter:data1\" content=\"admin\" \/>\n\t<meta name=\"twitter:label2\" content=\"Est. tempo de leitura\" \/>\n\t<meta name=\"twitter:data2\" content=\"1 minuto\" \/>\n<script type=\"application\/ld+json\" class=\"yoast-schema-graph\">{\"@context\":\"https:\/\/schema.org\",\"@graph\":[{\"@type\":\"Article\",\"@id\":\"https:\/\/simusar.com.br\/wfe\/com-acao-deferida-servidores-comecam-a-receber-insalubridade-atrasada\/#article\",\"isPartOf\":{\"@id\":\"https:\/\/simusar.com.br\/wfe\/com-acao-deferida-servidores-comecam-a-receber-insalubridade-atrasada\/\"},\"author\":{\"name\":\"admin\",\"@id\":\"https:\/\/simusar.com.br\/wfe\/#\/schema\/person\/7bbff4b09265c81fe98c20bae4e03e83\"},\"headline\":\"Com A\u00e7\u00e3o Deferida, servidores come\u00e7am a receber insalubridade atrasada\",\"datePublished\":\"2022-10-11T16:43:26+00:00\",\"dateModified\":\"2022-10-11T16:50:33+00:00\",\"mainEntityOfPage\":{\"@id\":\"https:\/\/simusar.com.br\/wfe\/com-acao-deferida-servidores-comecam-a-receber-insalubridade-atrasada\/\"},\"wordCount\":106,\"commentCount\":0,\"publisher\":{\"@id\":\"https:\/\/simusar.com.br\/wfe\/#organization\"},\"image\":{\"@id\":\"https:\/\/simusar.com.br\/wfe\/com-acao-deferida-servidores-comecam-a-receber-insalubridade-atrasada\/#primaryimage\"},\"thumbnailUrl\":\"https:\/\/simusar.com.br\/wfe\/wp-content\/uploads\/2022\/10\/simusar.com_.br-50.png\",\"keywords\":[\"insalubridade\",\"munic\u00edpio\",\"prefeitura\",\"santa rosa\",\"simusar\"],\"articleSection\":[\"Noticias\"],\"inLanguage\":\"pt-BR\",\"potentialAction\":[{\"@type\":\"CommentAction\",\"name\":\"Comment\",\"target\":[\"https:\/\/simusar.com.br\/wfe\/com-acao-deferida-servidores-comecam-a-receber-insalubridade-atrasada\/#respond\"]}]},{\"@type\":\"WebPage\",\"@id\":\"https:\/\/simusar.com.br\/wfe\/com-acao-deferida-servidores-comecam-a-receber-insalubridade-atrasada\/\",\"url\":\"https:\/\/simusar.com.br\/wfe\/com-acao-deferida-servidores-comecam-a-receber-insalubridade-atrasada\/\",\"name\":\"Com A\u00e7\u00e3o Deferida, servidores come\u00e7am a receber insalubridade atrasada - SIMUSAR\",\"isPartOf\":{\"@id\":\"https:\/\/simusar.com.br\/wfe\/#website\"},\"primaryImageOfPage\":{\"@id\":\"https:\/\/simusar.com.br\/wfe\/com-acao-deferida-servidores-comecam-a-receber-insalubridade-atrasada\/#primaryimage\"},\"image\":{\"@id\":\"https:\/\/simusar.com.br\/wfe\/com-acao-deferida-servidores-comecam-a-receber-insalubridade-atrasada\/#primaryimage\"},\"thumbnailUrl\":\"https:\/\/simusar.com.br\/wfe\/wp-content\/uploads\/2022\/10\/simusar.com_.br-50.png\",\"datePublished\":\"2022-10-11T16:43:26+00:00\",\"dateModified\":\"2022-10-11T16:50:33+00:00\",\"description\":\"SIMUSAR\",\"breadcrumb\":{\"@id\":\"https:\/\/simusar.com.br\/wfe\/com-acao-deferida-servidores-comecam-a-receber-insalubridade-atrasada\/#breadcrumb\"},\"inLanguage\":\"pt-BR\",\"potentialAction\":[{\"@type\":\"ReadAction\",\"target\":[\"https:\/\/simusar.com.br\/wfe\/com-acao-deferida-servidores-comecam-a-receber-insalubridade-atrasada\/\"]}]},{\"@type\":\"ImageObject\",\"inLanguage\":\"pt-BR\",\"@id\":\"https:\/\/simusar.com.br\/wfe\/com-acao-deferida-servidores-comecam-a-receber-insalubridade-atrasada\/#primaryimage\",\"url\":\"https:\/\/simusar.com.br\/wfe\/wp-content\/uploads\/2022\/10\/simusar.com_.br-50.png\",\"contentUrl\":\"https:\/\/simusar.com.br\/wfe\/wp-content\/uploads\/2022\/10\/simusar.com_.br-50.png\",\"width\":1080,\"height\":1080},{\"@type\":\"BreadcrumbList\",\"@id\":\"https:\/\/simusar.com.br\/wfe\/com-acao-deferida-servidores-comecam-a-receber-insalubridade-atrasada\/#breadcrumb\",\"itemListElement\":[{\"@type\":\"ListItem\",\"position\":1,\"name\":\"In\u00edcio\",\"item\":\"https:\/\/simusar.com.br\/wfe\/\"},{\"@type\":\"ListItem\",\"position\":2,\"name\":\"Com A\u00e7\u00e3o Deferida, servidores come\u00e7am a receber insalubridade atrasada\"}]},{\"@type\":\"WebSite\",\"@id\":\"https:\/\/simusar.com.br\/wfe\/#website\",\"url\":\"https:\/\/simusar.com.br\/wfe\/\",\"name\":\"SIMUSAR\",\"description\":\"Sindicatos dos Servidores Municipais de Santa Rosa\",\"publisher\":{\"@id\":\"https:\/\/simusar.com.br\/wfe\/#organization\"},\"potentialAction\":[{\"@type\":\"SearchAction\",\"target\":{\"@type\":\"EntryPoint\",\"urlTemplate\":\"https:\/\/simusar.com.br\/wfe\/?s={search_term_string}\"},\"query-input\":{\"@type\":\"PropertyValueSpecification\",\"valueRequired\":true,\"valueName\":\"search_term_string\"}}],\"inLanguage\":\"pt-BR\"},{\"@type\":\"Organization\",\"@id\":\"https:\/\/simusar.com.br\/wfe\/#organization\",\"name\":\"SIMUSAR\",\"url\":\"https:\/\/simusar.com.br\/wfe\/\",\"logo\":{\"@type\":\"ImageObject\",\"inLanguage\":\"pt-BR\",\"@id\":\"https:\/\/simusar.com.br\/wfe\/#\/schema\/logo\/image\/\",\"url\":\"https:\/\/simusar.com.br\/wfe\/wp-content\/uploads\/2022\/05\/logo-perfil.png\",\"contentUrl\":\"https:\/\/simusar.com.br\/wfe\/wp-content\/uploads\/2022\/05\/logo-perfil.png\",\"width\":1080,\"height\":1080,\"caption\":\"SIMUSAR\"},\"image\":{\"@id\":\"https:\/\/simusar.com.br\/wfe\/#\/schema\/logo\/image\/\"},\"sameAs\":[\"https:\/\/www.facebook.com\/simusaroficial\",\"https:\/\/www.instagram.com\/simusaroficial\"]},{\"@type\":\"Person\",\"@id\":\"https:\/\/simusar.com.br\/wfe\/#\/schema\/person\/7bbff4b09265c81fe98c20bae4e03e83\",\"name\":\"admin\",\"sameAs\":[\"http:\/\/simusar.com.br\/wfe\"],\"url\":\"https:\/\/simusar.com.br\/wfe\/author\/admin\/\"}]}<\/script>\n<!-- \/ Yoast SEO plugin. -->","yoast_head_json":{"title":"Com A\u00e7\u00e3o Deferida, servidores come\u00e7am a receber insalubridade atrasada - SIMUSAR","description":"SIMUSAR","robots":{"index":"index","follow":"follow","max-snippet":"max-snippet:-1","max-image-preview":"max-image-preview:large","max-video-preview":"max-video-preview:-1"},"canonical":"https:\/\/simusar.com.br\/wfe\/com-acao-deferida-servidores-comecam-a-receber-insalubridade-atrasada\/","og_locale":"pt_BR","og_type":"article","og_title":"SIMUSAR","og_description":"SIMUSAR","og_url":"https:\/\/simusar.com.br\/wfe\/com-acao-deferida-servidores-comecam-a-receber-insalubridade-atrasada\/","og_site_name":"SIMUSAR","article_publisher":"https:\/\/www.facebook.com\/simusaroficial","article_published_time":"2022-10-11T16:43:26+00:00","article_modified_time":"2022-10-11T16:50:33+00:00","og_image":[{"width":1080,"height":1080,"url":"http:\/\/simusar.com.br\/wfe\/wp-content\/uploads\/2022\/10\/simusar.com_.br-50.png","type":"image\/png"}],"author":"admin","twitter_card":"summary_large_image","twitter_misc":{"Escrito por":"admin","Est. tempo de leitura":"1 minuto"},"schema":{"@context":"https:\/\/schema.org","@graph":[{"@type":"Article","@id":"https:\/\/simusar.com.br\/wfe\/com-acao-deferida-servidores-comecam-a-receber-insalubridade-atrasada\/#article","isPartOf":{"@id":"https:\/\/simusar.com.br\/wfe\/com-acao-deferida-servidores-comecam-a-receber-insalubridade-atrasada\/"},"author":{"name":"admin","@id":"https:\/\/simusar.com.br\/wfe\/#\/schema\/person\/7bbff4b09265c81fe98c20bae4e03e83"},"headline":"Com A\u00e7\u00e3o Deferida, servidores come\u00e7am a receber insalubridade atrasada","datePublished":"2022-10-11T16:43:26+00:00","dateModified":"2022-10-11T16:50:33+00:00","mainEntityOfPage":{"@id":"https:\/\/simusar.com.br\/wfe\/com-acao-deferida-servidores-comecam-a-receber-insalubridade-atrasada\/"},"wordCount":106,"commentCount":0,"publisher":{"@id":"https:\/\/simusar.com.br\/wfe\/#organization"},"image":{"@id":"https:\/\/simusar.com.br\/wfe\/com-acao-deferida-servidores-comecam-a-receber-insalubridade-atrasada\/#primaryimage"},"thumbnailUrl":"https:\/\/simusar.com.br\/wfe\/wp-content\/uploads\/2022\/10\/simusar.com_.br-50.png","keywords":["insalubridade","munic\u00edpio","prefeitura","santa rosa","simusar"],"articleSection":["Noticias"],"inLanguage":"pt-BR","potentialAction":[{"@type":"CommentAction","name":"Comment","target":["https:\/\/simusar.com.br\/wfe\/com-acao-deferida-servidores-comecam-a-receber-insalubridade-atrasada\/#respond"]}]},{"@type":"WebPage","@id":"https:\/\/simusar.com.br\/wfe\/com-acao-deferida-servidores-comecam-a-receber-insalubridade-atrasada\/","url":"https:\/\/simusar.com.br\/wfe\/com-acao-deferida-servidores-comecam-a-receber-insalubridade-atrasada\/","name":"Com A\u00e7\u00e3o Deferida, servidores come\u00e7am a receber insalubridade atrasada - SIMUSAR","isPartOf":{"@id":"https:\/\/simusar.com.br\/wfe\/#website"},"primaryImageOfPage":{"@id":"https:\/\/simusar.com.br\/wfe\/com-acao-deferida-servidores-comecam-a-receber-insalubridade-atrasada\/#primaryimage"},"image":{"@id":"https:\/\/simusar.com.br\/wfe\/com-acao-deferida-servidores-comecam-a-receber-insalubridade-atrasada\/#primaryimage"},"thumbnailUrl":"https:\/\/simusar.com.br\/wfe\/wp-content\/uploads\/2022\/10\/simusar.com_.br-50.png","datePublished":"2022-10-11T16:43:26+00:00","dateModified":"2022-10-11T16:50:33+00:00","description":"SIMUSAR","breadcrumb":{"@id":"https:\/\/simusar.com.br\/wfe\/com-acao-deferida-servidores-comecam-a-receber-insalubridade-atrasada\/#breadcrumb"},"inLanguage":"pt-BR","potentialAction":[{"@type":"ReadAction","target":["https:\/\/simusar.com.br\/wfe\/com-acao-deferida-servidores-comecam-a-receber-insalubridade-atrasada\/"]}]},{"@type":"ImageObject","inLanguage":"pt-BR","@id":"https:\/\/simusar.com.br\/wfe\/com-acao-deferida-servidores-comecam-a-receber-insalubridade-atrasada\/#primaryimage","url":"https:\/\/simusar.com.br\/wfe\/wp-content\/uploads\/2022\/10\/simusar.com_.br-50.png","contentUrl":"https:\/\/simusar.com.br\/wfe\/wp-content\/uploads\/2022\/10\/simusar.com_.br-50.png","width":1080,"height":1080},{"@type":"BreadcrumbList","@id":"https:\/\/simusar.com.br\/wfe\/com-acao-deferida-servidores-comecam-a-receber-insalubridade-atrasada\/#breadcrumb","itemListElement":[{"@type":"ListItem","position":1,"name":"In\u00edcio","item":"https:\/\/simusar.com.br\/wfe\/"},{"@type":"ListItem","position":2,"name":"Com A\u00e7\u00e3o Deferida, servidores come\u00e7am a receber insalubridade atrasada"}]},{"@type":"WebSite","@id":"https:\/\/simusar.com.br\/wfe\/#website","url":"https:\/\/simusar.com.br\/wfe\/","name":"SIMUSAR","description":"Sindicatos dos Servidores Municipais de Santa Rosa","publisher":{"@id":"https:\/\/simusar.com.br\/wfe\/#organization"},"potentialAction":[{"@type":"SearchAction","target":{"@type":"EntryPoint","urlTemplate":"https:\/\/simusar.com.br\/wfe\/?s={search_term_string}"},"query-input":{"@type":"PropertyValueSpecification","valueRequired":true,"valueName":"search_term_string"}}],"inLanguage":"pt-BR"},{"@type":"Organization","@id":"https:\/\/simusar.com.br\/wfe\/#organization","name":"SIMUSAR","url":"https:\/\/simusar.com.br\/wfe\/","logo":{"@type":"ImageObject","inLanguage":"pt-BR","@id":"https:\/\/simusar.com.br\/wfe\/#\/schema\/logo\/image\/","url":"https:\/\/simusar.com.br\/wfe\/wp-content\/uploads\/2022\/05\/logo-perfil.png","contentUrl":"https:\/\/simusar.com.br\/wfe\/wp-content\/uploads\/2022\/05\/logo-perfil.png","width":1080,"height":1080,"caption":"SIMUSAR"},"image":{"@id":"https:\/\/simusar.com.br\/wfe\/#\/schema\/logo\/image\/"},"sameAs":["https:\/\/www.facebook.com\/simusaroficial","https:\/\/www.instagram.com\/simusaroficial"]},{"@type":"Person","@id":"https:\/\/simusar.com.br\/wfe\/#\/schema\/person\/7bbff4b09265c81fe98c20bae4e03e83","name":"admin","sameAs":["http:\/\/simusar.com.br\/wfe"],"url":"https:\/\/simusar.com.br\/wfe\/author\/admin\/"}]}},"_links":{"self":[{"href":"https:\/\/simusar.com.br\/wfe\/wp-json\/wp\/v2\/posts\/2394","targetHints":{"allow":["GET"]}}],"collection":[{"href":"https:\/\/simusar.com.br\/wfe\/wp-json\/wp\/v2\/posts"}],"about":[{"href":"https:\/\/simusar.com.br\/wfe\/wp-json\/wp\/v2\/types\/post"}],"author":[{"embeddable":true,"href":"https:\/\/simusar.com.br\/wfe\/wp-json\/wp\/v2\/users\/1"}],"replies":[{"embeddable":true,"href":"https:\/\/simusar.com.br\/wfe\/wp-json\/wp\/v2\/comments?post=2394"}],"version-history":[{"count":3,"href":"https:\/\/simusar.com.br\/wfe\/wp-json\/wp\/v2\/posts\/2394\/revisions"}],"predecessor-version":[{"id":2398,"href":"https:\/\/simusar.com.br\/wfe\/wp-json\/wp\/v2\/posts\/2394\/revisions\/2398"}],"wp:featuredmedia":[{"embeddable":true,"href":"https:\/\/simusar.com.br\/wfe\/wp-json\/wp\/v2\/media\/2395"}],"wp:attachment":[{"href":"https:\/\/simusar.com.br\/wfe\/wp-json\/wp\/v2\/media?parent=2394"}],"wp:term":[{"taxonomy":"category","embeddable":true,"href":"https:\/\/simusar.com.br\/wfe\/wp-json\/wp\/v2\/categories?post=2394"},{"taxonomy":"post_tag","embeddable":true,"href":"https:\/\/simusar.com.br\/wfe\/wp-json\/wp\/v2\/tags?post=2394"}],"curies":[{"name":"wp","href":"https:\/\/api.w.org\/{rel}","templated":true}]}}