{"id":2403,"date":"2022-10-27T13:44:53","date_gmt":"2022-10-27T13:44:53","guid":{"rendered":"https:\/\/simusar.com.br\/wfe\/?p=2403"},"modified":"2022-10-28T18:47:19","modified_gmt":"2022-10-28T18:47:19","slug":"io-seminario-do-simusar-sera-em-dezembro","status":"publish","type":"post","link":"https:\/\/simusar.com.br\/wfe\/io-seminario-do-simusar-sera-em-dezembro\/","title":{"rendered":"I\u00ba Semin\u00e1rio do Simusar ser\u00e1 em dezembro"},"content":{"rendered":"<div class=\"wp-block-image\">\n<figure class=\"alignleft size-medium\"><img loading=\"lazy\" decoding=\"async\" width=\"300\" height=\"300\" src=\"https:\/\/simusar.com.br\/wfe\/wp-content\/uploads\/2022\/10\/semnario-simusar-300x300.png\" alt=\"\" class=\"wp-image-2404\" srcset=\"https:\/\/simusar.com.br\/wfe\/wp-content\/uploads\/2022\/10\/semnario-simusar-300x300.png 300w, https:\/\/simusar.com.br\/wfe\/wp-content\/uploads\/2022\/10\/semnario-simusar-1024x1024.png 1024w, https:\/\/simusar.com.br\/wfe\/wp-content\/uploads\/2022\/10\/semnario-simusar-150x150.png 150w, https:\/\/simusar.com.br\/wfe\/wp-content\/uploads\/2022\/10\/semnario-simusar-768x768.png 768w, https:\/\/simusar.com.br\/wfe\/wp-content\/uploads\/2022\/10\/semnario-simusar.png 1080w\" sizes=\"auto, (max-width: 300px) 100vw, 300px\" \/><\/figure>\n<\/div>\n\n\n<p>Est\u00e1 previsto para acontecer em 03 de dezembro de 2022 o <strong>I\u00ba Semin\u00e1rio do Simusar <\/strong>com o tema: Desafios da Organiza\u00e7\u00e3o Sindical.<br>Com participa\u00e7\u00e3o do Presidente da Fermergs Vilson Veber e da Diretora da Femergs Clarice Mainardi.<\/p>\n\n\n\n<p>Local: <strong>Audit\u00f3rio do NEP &#8211; Av. Santa Cruz, 33<\/strong><\/p>\n\n\n\n<p>Inscri\u00e7\u00f5es v\u00e3o at\u00e9 04\/11 e maiores informa\u00e7\u00f5es entrar em contato com a secretaria do Sindicato Simusar.<\/p>\n","protected":false},"excerpt":{"rendered":"<p>Est\u00e1 previsto para acontecer em 03 de dezembro de 2022 o I\u00ba Semin\u00e1rio do Simusar com o tema: Desafios da Organiza\u00e7\u00e3o Sindical.Com participa\u00e7\u00e3o do Presidente da Fermergs Vilson Veber e da Diretora da Femergs Clarice Mainardi. Local: Audit\u00f3rio do NEP &#8211; Av. Santa Cruz, 33 Inscri\u00e7\u00f5es v\u00e3o at\u00e9 04\/11 e maiores informa\u00e7\u00f5es entrar em contato [&hellip;]<\/p>\n","protected":false},"author":1,"featured_media":2404,"comment_status":"closed","ping_status":"closed","sticky":false,"template":"","format":"standard","meta":{"_eb_attr":"","footnotes":""},"categories":[4],"tags":[84,48,83,53],"class_list":["post-2403","post","type-post","status-publish","format-standard","has-post-thumbnail","hentry","category-noticias","tag-femergs","tag-santa-rosa","tag-seminario","tag-simusar"],"yoast_head":"<!-- This site is optimized with the Yoast SEO plugin v26.2 - https:\/\/yoast.com\/wordpress\/plugins\/seo\/ -->\n<title>I\u00ba Semin\u00e1rio do Simusar ser\u00e1 em dezembro - SIMUSAR<\/title>\n<meta name=\"robots\" content=\"index, follow, max-snippet:-1, max-image-preview:large, max-video-preview:-1\" \/>\n<link rel=\"canonical\" href=\"https:\/\/simusar.com.br\/wfe\/io-seminario-do-simusar-sera-em-dezembro\/\" \/>\n<meta property=\"og:locale\" content=\"pt_BR\" \/>\n<meta property=\"og:type\" content=\"article\" \/>\n<meta property=\"og:title\" content=\"I\u00ba Semin\u00e1rio do Simusar ser\u00e1 em dezembro - SIMUSAR\" \/>\n<meta property=\"og:description\" content=\"Est\u00e1 previsto para acontecer em 03 de dezembro de 2022 o I\u00ba Semin\u00e1rio do Simusar com o tema: Desafios da Organiza\u00e7\u00e3o Sindical.Com participa\u00e7\u00e3o do Presidente da Fermergs Vilson Veber e da Diretora da Femergs Clarice Mainardi. Local: Audit\u00f3rio do NEP &#8211; Av. Santa Cruz, 33 Inscri\u00e7\u00f5es v\u00e3o at\u00e9 04\/11 e maiores informa\u00e7\u00f5es entrar em contato [&hellip;]\" \/>\n<meta property=\"og:url\" content=\"https:\/\/simusar.com.br\/wfe\/io-seminario-do-simusar-sera-em-dezembro\/\" \/>\n<meta property=\"og:site_name\" content=\"SIMUSAR\" \/>\n<meta property=\"article:publisher\" content=\"https:\/\/www.facebook.com\/simusaroficial\" \/>\n<meta property=\"article:published_time\" content=\"2022-10-27T13:44:53+00:00\" \/>\n<meta property=\"article:modified_time\" content=\"2022-10-28T18:47:19+00:00\" \/>\n<meta property=\"og:image\" content=\"http:\/\/simusar.com.br\/wfe\/wp-content\/uploads\/2022\/10\/semnario-simusar.png\" \/>\n\t<meta property=\"og:image:width\" content=\"1080\" \/>\n\t<meta property=\"og:image:height\" content=\"1080\" \/>\n\t<meta property=\"og:image:type\" content=\"image\/png\" \/>\n<meta name=\"author\" content=\"admin\" \/>\n<meta name=\"twitter:card\" content=\"summary_large_image\" \/>\n<meta name=\"twitter:label1\" content=\"Escrito por\" \/>\n\t<meta name=\"twitter:data1\" content=\"admin\" \/>\n\t<meta name=\"twitter:label2\" content=\"Est. tempo de leitura\" \/>\n\t<meta name=\"twitter:data2\" content=\"1 minuto\" \/>\n<script type=\"application\/ld+json\" class=\"yoast-schema-graph\">{\"@context\":\"https:\/\/schema.org\",\"@graph\":[{\"@type\":\"Article\",\"@id\":\"https:\/\/simusar.com.br\/wfe\/io-seminario-do-simusar-sera-em-dezembro\/#article\",\"isPartOf\":{\"@id\":\"https:\/\/simusar.com.br\/wfe\/io-seminario-do-simusar-sera-em-dezembro\/\"},\"author\":{\"name\":\"admin\",\"@id\":\"https:\/\/simusar.com.br\/wfe\/#\/schema\/person\/7bbff4b09265c81fe98c20bae4e03e83\"},\"headline\":\"I\u00ba Semin\u00e1rio do Simusar ser\u00e1 em dezembro\",\"datePublished\":\"2022-10-27T13:44:53+00:00\",\"dateModified\":\"2022-10-28T18:47:19+00:00\",\"mainEntityOfPage\":{\"@id\":\"https:\/\/simusar.com.br\/wfe\/io-seminario-do-simusar-sera-em-dezembro\/\"},\"wordCount\":73,\"publisher\":{\"@id\":\"https:\/\/simusar.com.br\/wfe\/#organization\"},\"image\":{\"@id\":\"https:\/\/simusar.com.br\/wfe\/io-seminario-do-simusar-sera-em-dezembro\/#primaryimage\"},\"thumbnailUrl\":\"https:\/\/simusar.com.br\/wfe\/wp-content\/uploads\/2022\/10\/semnario-simusar.png\",\"keywords\":[\"femergs\",\"santa rosa\",\"seminario\",\"simusar\"],\"articleSection\":[\"Noticias\"],\"inLanguage\":\"pt-BR\"},{\"@type\":\"WebPage\",\"@id\":\"https:\/\/simusar.com.br\/wfe\/io-seminario-do-simusar-sera-em-dezembro\/\",\"url\":\"https:\/\/simusar.com.br\/wfe\/io-seminario-do-simusar-sera-em-dezembro\/\",\"name\":\"I\u00ba Semin\u00e1rio do Simusar ser\u00e1 em dezembro - SIMUSAR\",\"isPartOf\":{\"@id\":\"https:\/\/simusar.com.br\/wfe\/#website\"},\"primaryImageOfPage\":{\"@id\":\"https:\/\/simusar.com.br\/wfe\/io-seminario-do-simusar-sera-em-dezembro\/#primaryimage\"},\"image\":{\"@id\":\"https:\/\/simusar.com.br\/wfe\/io-seminario-do-simusar-sera-em-dezembro\/#primaryimage\"},\"thumbnailUrl\":\"https:\/\/simusar.com.br\/wfe\/wp-content\/uploads\/2022\/10\/semnario-simusar.png\",\"datePublished\":\"2022-10-27T13:44:53+00:00\",\"dateModified\":\"2022-10-28T18:47:19+00:00\",\"breadcrumb\":{\"@id\":\"https:\/\/simusar.com.br\/wfe\/io-seminario-do-simusar-sera-em-dezembro\/#breadcrumb\"},\"inLanguage\":\"pt-BR\",\"potentialAction\":[{\"@type\":\"ReadAction\",\"target\":[\"https:\/\/simusar.com.br\/wfe\/io-seminario-do-simusar-sera-em-dezembro\/\"]}]},{\"@type\":\"ImageObject\",\"inLanguage\":\"pt-BR\",\"@id\":\"https:\/\/simusar.com.br\/wfe\/io-seminario-do-simusar-sera-em-dezembro\/#primaryimage\",\"url\":\"https:\/\/simusar.com.br\/wfe\/wp-content\/uploads\/2022\/10\/semnario-simusar.png\",\"contentUrl\":\"https:\/\/simusar.com.br\/wfe\/wp-content\/uploads\/2022\/10\/semnario-simusar.png\",\"width\":1080,\"height\":1080},{\"@type\":\"BreadcrumbList\",\"@id\":\"https:\/\/simusar.com.br\/wfe\/io-seminario-do-simusar-sera-em-dezembro\/#breadcrumb\",\"itemListElement\":[{\"@type\":\"ListItem\",\"position\":1,\"name\":\"In\u00edcio\",\"item\":\"https:\/\/simusar.com.br\/wfe\/\"},{\"@type\":\"ListItem\",\"position\":2,\"name\":\"I\u00ba Semin\u00e1rio do Simusar ser\u00e1 em dezembro\"}]},{\"@type\":\"WebSite\",\"@id\":\"https:\/\/simusar.com.br\/wfe\/#website\",\"url\":\"https:\/\/simusar.com.br\/wfe\/\",\"name\":\"SIMUSAR\",\"description\":\"Sindicatos dos Servidores Municipais de Santa Rosa\",\"publisher\":{\"@id\":\"https:\/\/simusar.com.br\/wfe\/#organization\"},\"potentialAction\":[{\"@type\":\"SearchAction\",\"target\":{\"@type\":\"EntryPoint\",\"urlTemplate\":\"https:\/\/simusar.com.br\/wfe\/?s={search_term_string}\"},\"query-input\":{\"@type\":\"PropertyValueSpecification\",\"valueRequired\":true,\"valueName\":\"search_term_string\"}}],\"inLanguage\":\"pt-BR\"},{\"@type\":\"Organization\",\"@id\":\"https:\/\/simusar.com.br\/wfe\/#organization\",\"name\":\"SIMUSAR\",\"url\":\"https:\/\/simusar.com.br\/wfe\/\",\"logo\":{\"@type\":\"ImageObject\",\"inLanguage\":\"pt-BR\",\"@id\":\"https:\/\/simusar.com.br\/wfe\/#\/schema\/logo\/image\/\",\"url\":\"https:\/\/simusar.com.br\/wfe\/wp-content\/uploads\/2022\/05\/logo-perfil.png\",\"contentUrl\":\"https:\/\/simusar.com.br\/wfe\/wp-content\/uploads\/2022\/05\/logo-perfil.png\",\"width\":1080,\"height\":1080,\"caption\":\"SIMUSAR\"},\"image\":{\"@id\":\"https:\/\/simusar.com.br\/wfe\/#\/schema\/logo\/image\/\"},\"sameAs\":[\"https:\/\/www.facebook.com\/simusaroficial\",\"https:\/\/www.instagram.com\/simusaroficial\"]},{\"@type\":\"Person\",\"@id\":\"https:\/\/simusar.com.br\/wfe\/#\/schema\/person\/7bbff4b09265c81fe98c20bae4e03e83\",\"name\":\"admin\",\"sameAs\":[\"http:\/\/simusar.com.br\/wfe\"],\"url\":\"https:\/\/simusar.com.br\/wfe\/author\/admin\/\"}]}<\/script>\n<!-- \/ Yoast SEO plugin. -->","yoast_head_json":{"title":"I\u00ba Semin\u00e1rio do Simusar ser\u00e1 em dezembro - SIMUSAR","robots":{"index":"index","follow":"follow","max-snippet":"max-snippet:-1","max-image-preview":"max-image-preview:large","max-video-preview":"max-video-preview:-1"},"canonical":"https:\/\/simusar.com.br\/wfe\/io-seminario-do-simusar-sera-em-dezembro\/","og_locale":"pt_BR","og_type":"article","og_title":"I\u00ba Semin\u00e1rio do Simusar ser\u00e1 em dezembro - SIMUSAR","og_description":"Est\u00e1 previsto para acontecer em 03 de dezembro de 2022 o I\u00ba Semin\u00e1rio do Simusar com o tema: Desafios da Organiza\u00e7\u00e3o Sindical.Com participa\u00e7\u00e3o do Presidente da Fermergs Vilson Veber e da Diretora da Femergs Clarice Mainardi. Local: Audit\u00f3rio do NEP &#8211; Av. Santa Cruz, 33 Inscri\u00e7\u00f5es v\u00e3o at\u00e9 04\/11 e maiores informa\u00e7\u00f5es entrar em contato [&hellip;]","og_url":"https:\/\/simusar.com.br\/wfe\/io-seminario-do-simusar-sera-em-dezembro\/","og_site_name":"SIMUSAR","article_publisher":"https:\/\/www.facebook.com\/simusaroficial","article_published_time":"2022-10-27T13:44:53+00:00","article_modified_time":"2022-10-28T18:47:19+00:00","og_image":[{"width":1080,"height":1080,"url":"http:\/\/simusar.com.br\/wfe\/wp-content\/uploads\/2022\/10\/semnario-simusar.png","type":"image\/png"}],"author":"admin","twitter_card":"summary_large_image","twitter_misc":{"Escrito por":"admin","Est. tempo de leitura":"1 minuto"},"schema":{"@context":"https:\/\/schema.org","@graph":[{"@type":"Article","@id":"https:\/\/simusar.com.br\/wfe\/io-seminario-do-simusar-sera-em-dezembro\/#article","isPartOf":{"@id":"https:\/\/simusar.com.br\/wfe\/io-seminario-do-simusar-sera-em-dezembro\/"},"author":{"name":"admin","@id":"https:\/\/simusar.com.br\/wfe\/#\/schema\/person\/7bbff4b09265c81fe98c20bae4e03e83"},"headline":"I\u00ba Semin\u00e1rio do Simusar ser\u00e1 em dezembro","datePublished":"2022-10-27T13:44:53+00:00","dateModified":"2022-10-28T18:47:19+00:00","mainEntityOfPage":{"@id":"https:\/\/simusar.com.br\/wfe\/io-seminario-do-simusar-sera-em-dezembro\/"},"wordCount":73,"publisher":{"@id":"https:\/\/simusar.com.br\/wfe\/#organization"},"image":{"@id":"https:\/\/simusar.com.br\/wfe\/io-seminario-do-simusar-sera-em-dezembro\/#primaryimage"},"thumbnailUrl":"https:\/\/simusar.com.br\/wfe\/wp-content\/uploads\/2022\/10\/semnario-simusar.png","keywords":["femergs","santa rosa","seminario","simusar"],"articleSection":["Noticias"],"inLanguage":"pt-BR"},{"@type":"WebPage","@id":"https:\/\/simusar.com.br\/wfe\/io-seminario-do-simusar-sera-em-dezembro\/","url":"https:\/\/simusar.com.br\/wfe\/io-seminario-do-simusar-sera-em-dezembro\/","name":"I\u00ba Semin\u00e1rio do Simusar ser\u00e1 em dezembro - SIMUSAR","isPartOf":{"@id":"https:\/\/simusar.com.br\/wfe\/#website"},"primaryImageOfPage":{"@id":"https:\/\/simusar.com.br\/wfe\/io-seminario-do-simusar-sera-em-dezembro\/#primaryimage"},"image":{"@id":"https:\/\/simusar.com.br\/wfe\/io-seminario-do-simusar-sera-em-dezembro\/#primaryimage"},"thumbnailUrl":"https:\/\/simusar.com.br\/wfe\/wp-content\/uploads\/2022\/10\/semnario-simusar.png","datePublished":"2022-10-27T13:44:53+00:00","dateModified":"2022-10-28T18:47:19+00:00","breadcrumb":{"@id":"https:\/\/simusar.com.br\/wfe\/io-seminario-do-simusar-sera-em-dezembro\/#breadcrumb"},"inLanguage":"pt-BR","potentialAction":[{"@type":"ReadAction","target":["https:\/\/simusar.com.br\/wfe\/io-seminario-do-simusar-sera-em-dezembro\/"]}]},{"@type":"ImageObject","inLanguage":"pt-BR","@id":"https:\/\/simusar.com.br\/wfe\/io-seminario-do-simusar-sera-em-dezembro\/#primaryimage","url":"https:\/\/simusar.com.br\/wfe\/wp-content\/uploads\/2022\/10\/semnario-simusar.png","contentUrl":"https:\/\/simusar.com.br\/wfe\/wp-content\/uploads\/2022\/10\/semnario-simusar.png","width":1080,"height":1080},{"@type":"BreadcrumbList","@id":"https:\/\/simusar.com.br\/wfe\/io-seminario-do-simusar-sera-em-dezembro\/#breadcrumb","itemListElement":[{"@type":"ListItem","position":1,"name":"In\u00edcio","item":"https:\/\/simusar.com.br\/wfe\/"},{"@type":"ListItem","position":2,"name":"I\u00ba Semin\u00e1rio do Simusar ser\u00e1 em dezembro"}]},{"@type":"WebSite","@id":"https:\/\/simusar.com.br\/wfe\/#website","url":"https:\/\/simusar.com.br\/wfe\/","name":"SIMUSAR","description":"Sindicatos dos Servidores Municipais de Santa Rosa","publisher":{"@id":"https:\/\/simusar.com.br\/wfe\/#organization"},"potentialAction":[{"@type":"SearchAction","target":{"@type":"EntryPoint","urlTemplate":"https:\/\/simusar.com.br\/wfe\/?s={search_term_string}"},"query-input":{"@type":"PropertyValueSpecification","valueRequired":true,"valueName":"search_term_string"}}],"inLanguage":"pt-BR"},{"@type":"Organization","@id":"https:\/\/simusar.com.br\/wfe\/#organization","name":"SIMUSAR","url":"https:\/\/simusar.com.br\/wfe\/","logo":{"@type":"ImageObject","inLanguage":"pt-BR","@id":"https:\/\/simusar.com.br\/wfe\/#\/schema\/logo\/image\/","url":"https:\/\/simusar.com.br\/wfe\/wp-content\/uploads\/2022\/05\/logo-perfil.png","contentUrl":"https:\/\/simusar.com.br\/wfe\/wp-content\/uploads\/2022\/05\/logo-perfil.png","width":1080,"height":1080,"caption":"SIMUSAR"},"image":{"@id":"https:\/\/simusar.com.br\/wfe\/#\/schema\/logo\/image\/"},"sameAs":["https:\/\/www.facebook.com\/simusaroficial","https:\/\/www.instagram.com\/simusaroficial"]},{"@type":"Person","@id":"https:\/\/simusar.com.br\/wfe\/#\/schema\/person\/7bbff4b09265c81fe98c20bae4e03e83","name":"admin","sameAs":["http:\/\/simusar.com.br\/wfe"],"url":"https:\/\/simusar.com.br\/wfe\/author\/admin\/"}]}},"_links":{"self":[{"href":"https:\/\/simusar.com.br\/wfe\/wp-json\/wp\/v2\/posts\/2403","targetHints":{"allow":["GET"]}}],"collection":[{"href":"https:\/\/simusar.com.br\/wfe\/wp-json\/wp\/v2\/posts"}],"about":[{"href":"https:\/\/simusar.com.br\/wfe\/wp-json\/wp\/v2\/types\/post"}],"author":[{"embeddable":true,"href":"https:\/\/simusar.com.br\/wfe\/wp-json\/wp\/v2\/users\/1"}],"replies":[{"embeddable":true,"href":"https:\/\/simusar.com.br\/wfe\/wp-json\/wp\/v2\/comments?post=2403"}],"version-history":[{"count":5,"href":"https:\/\/simusar.com.br\/wfe\/wp-json\/wp\/v2\/posts\/2403\/revisions"}],"predecessor-version":[{"id":2412,"href":"https:\/\/simusar.com.br\/wfe\/wp-json\/wp\/v2\/posts\/2403\/revisions\/2412"}],"wp:featuredmedia":[{"embeddable":true,"href":"https:\/\/simusar.com.br\/wfe\/wp-json\/wp\/v2\/media\/2404"}],"wp:attachment":[{"href":"https:\/\/simusar.com.br\/wfe\/wp-json\/wp\/v2\/media?parent=2403"}],"wp:term":[{"taxonomy":"category","embeddable":true,"href":"https:\/\/simusar.com.br\/wfe\/wp-json\/wp\/v2\/categories?post=2403"},{"taxonomy":"post_tag","embeddable":true,"href":"https:\/\/simusar.com.br\/wfe\/wp-json\/wp\/v2\/tags?post=2403"}],"curies":[{"name":"wp","href":"https:\/\/api.w.org\/{rel}","templated":true}]}}