{"id":2492,"date":"2023-02-07T11:17:33","date_gmt":"2023-02-07T11:17:33","guid":{"rendered":"http:\/\/simusar.com.br\/wfe\/?p=2492"},"modified":"2023-02-07T11:17:35","modified_gmt":"2023-02-07T11:17:35","slug":"frente-parlamentar-em-defesa-do-servico-publico-define-pauta-prioritaria-para-2023","status":"publish","type":"post","link":"https:\/\/simusar.com.br\/wfe\/frente-parlamentar-em-defesa-do-servico-publico-define-pauta-prioritaria-para-2023\/","title":{"rendered":"Frente parlamentar em defesa do servi\u00e7o p\u00fablico define pauta priorit\u00e1ria para 2023"},"content":{"rendered":"\n<p>A Frente Parlamentar Mista em Defesa do Servi\u00e7o P\u00fablico realizou na segunda-feira (6\/12\/2023) a primeira reuni\u00e3o de trabalho da atual legislatura com a defini\u00e7\u00e3o das pautas priorit\u00e1rias para o ano. A frente \u00e9 presidida pelo deputado Andr\u00e9 Figueiredo (PDT-CE), l\u00edder do partido na C\u00e2mara.<\/p>\n\n\n\n<p>A reuni\u00e3o contou com a presen\u00e7a de sindicatos, organiza\u00e7\u00f5es e entidades de classe. Dentre as principais pautas para o ano est\u00e3o a reestrutura\u00e7\u00e3o salarial dos servidores, o financiamento das entidades de classe do funcionalismo, a negocia\u00e7\u00e3o coletiva e o direito de greve, al\u00e9m da organiza\u00e7\u00e3o sindical no servi\u00e7o p\u00fablico.<\/p>\n\n\n\n<p>Tamb\u00e9m ser\u00e3o priorizadas a extens\u00e3o do mandato classista com \u00f4nus para a administra\u00e7\u00e3o p\u00fablica e a recomposi\u00e7\u00e3o da for\u00e7a de trabalho na administra\u00e7\u00e3o p\u00fablica.<\/p>\n\n\n\n<p>Durante a reuni\u00e3o, Figueiredo destacou a import\u00e2ncia do fortalecimento do Estado brasileiro, especialmente para a popula\u00e7\u00e3o mais humilde. \u201c<strong>\u00c9 fundamental que o Brasil seja reconstru\u00eddo a partir do servidor e do servi\u00e7o p\u00fablico valorizado.<\/strong> Aqui eu me coloco como soldado, para que a gente possa, no Parlamento, propiciar que a frente seja escutada\u201d, disse o deputado.<\/p>\n\n\n\n<p><\/p>\n\n\n\n<p><strong>Papel do colegiado<\/strong><br>A Frente Parlamentar Mista em Defesa do Servi\u00e7o P\u00fablico \u00e9 constitu\u00edda por representantes de todas as correntes de opini\u00e3o pol\u00edtica do Congresso Nacional e pretende estimular a discuss\u00e3o sobre o servi\u00e7o p\u00fablico no Brasil.<\/p>\n\n\n\n<p>O compromisso \u00e9 pela realiza\u00e7\u00e3o de debates, semin\u00e1rios e outros eventos para o aperfei\u00e7oamento do servi\u00e7o p\u00fablico. Tamb\u00e9m \u00e9 finalidade da frente parlamentar o interc\u00e2mbio com organiza\u00e7\u00f5es semelhantes e parlamentos de outros pa\u00edses, visando o aperfei\u00e7oamento dos respectivos servi\u00e7os p\u00fablicos.<\/p>\n\n\n\n<p><em>Fonte: Ag\u00eancia C\u00e2mara de Not\u00edcias<\/em><\/p>\n","protected":false},"excerpt":{"rendered":"<p>A Frente Parlamentar Mista em Defesa do Servi\u00e7o P\u00fablico realizou na segunda-feira (6\/12\/2023) a primeira reuni\u00e3o de trabalho da atual legislatura com a defini\u00e7\u00e3o das pautas priorit\u00e1rias para o ano. A frente \u00e9 presidida pelo deputado Andr\u00e9 Figueiredo (PDT-CE), l\u00edder do partido na C\u00e2mara. A reuni\u00e3o contou com a presen\u00e7a de sindicatos, organiza\u00e7\u00f5es e entidades [&hellip;]<\/p>\n","protected":false},"author":1,"featured_media":2493,"comment_status":"closed","ping_status":"closed","sticky":false,"template":"","format":"standard","meta":{"_eb_attr":"","footnotes":""},"categories":[4],"tags":[92,91,90,94,48,93,53],"class_list":["post-2492","post","type-post","status-publish","format-standard","has-post-thumbnail","hentry","category-noticias","tag-brasilia","tag-depuatos","tag-parlamento","tag-publico","tag-santa-rosa","tag-servico","tag-simusar"],"yoast_head":"<!-- This site is optimized with the Yoast SEO plugin v26.2 - https:\/\/yoast.com\/wordpress\/plugins\/seo\/ -->\n<title>Frente parlamentar em defesa do servi\u00e7o p\u00fablico define pauta priorit\u00e1ria para 2023 - SIMUSAR<\/title>\n<meta name=\"description\" content=\"\u00c9 fundamental que o Brasil seja reconstru\u00eddo a partir do servidor e do servi\u00e7o p\u00fablico valorizado.\" \/>\n<meta name=\"robots\" content=\"index, follow, max-snippet:-1, max-image-preview:large, max-video-preview:-1\" \/>\n<link rel=\"canonical\" href=\"https:\/\/simusar.com.br\/wfe\/frente-parlamentar-em-defesa-do-servico-publico-define-pauta-prioritaria-para-2023\/\" \/>\n<meta property=\"og:locale\" content=\"pt_BR\" \/>\n<meta property=\"og:type\" content=\"article\" \/>\n<meta property=\"og:title\" content=\"Frente parlamentar em defesa do servi\u00e7o p\u00fablico define pauta priorit\u00e1ria para 2023 - SIMUSAR\" \/>\n<meta property=\"og:description\" content=\"\u00c9 fundamental que o Brasil seja reconstru\u00eddo a partir do servidor e do servi\u00e7o p\u00fablico valorizado.\" \/>\n<meta property=\"og:url\" content=\"https:\/\/simusar.com.br\/wfe\/frente-parlamentar-em-defesa-do-servico-publico-define-pauta-prioritaria-para-2023\/\" \/>\n<meta property=\"og:site_name\" content=\"SIMUSAR\" \/>\n<meta property=\"article:publisher\" content=\"https:\/\/www.facebook.com\/simusaroficial\" \/>\n<meta property=\"article:published_time\" content=\"2023-02-07T11:17:33+00:00\" \/>\n<meta property=\"article:modified_time\" content=\"2023-02-07T11:17:35+00:00\" \/>\n<meta property=\"og:image\" content=\"http:\/\/simusar.com.br\/wfe\/wp-content\/uploads\/2023\/02\/posts-2023-02-07T081503.860.png\" \/>\n\t<meta property=\"og:image:width\" content=\"1080\" \/>\n\t<meta property=\"og:image:height\" content=\"1080\" \/>\n\t<meta property=\"og:image:type\" content=\"image\/png\" \/>\n<meta name=\"author\" content=\"admin\" \/>\n<meta name=\"twitter:card\" content=\"summary_large_image\" \/>\n<meta name=\"twitter:label1\" content=\"Escrito por\" \/>\n\t<meta name=\"twitter:data1\" content=\"admin\" \/>\n\t<meta name=\"twitter:label2\" content=\"Est. tempo de leitura\" \/>\n\t<meta name=\"twitter:data2\" content=\"2 minutos\" \/>\n<script type=\"application\/ld+json\" class=\"yoast-schema-graph\">{\"@context\":\"https:\/\/schema.org\",\"@graph\":[{\"@type\":\"Article\",\"@id\":\"https:\/\/simusar.com.br\/wfe\/frente-parlamentar-em-defesa-do-servico-publico-define-pauta-prioritaria-para-2023\/#article\",\"isPartOf\":{\"@id\":\"https:\/\/simusar.com.br\/wfe\/frente-parlamentar-em-defesa-do-servico-publico-define-pauta-prioritaria-para-2023\/\"},\"author\":{\"name\":\"admin\",\"@id\":\"https:\/\/simusar.com.br\/wfe\/#\/schema\/person\/7bbff4b09265c81fe98c20bae4e03e83\"},\"headline\":\"Frente parlamentar em defesa do servi\u00e7o p\u00fablico define pauta priorit\u00e1ria para 2023\",\"datePublished\":\"2023-02-07T11:17:33+00:00\",\"dateModified\":\"2023-02-07T11:17:35+00:00\",\"mainEntityOfPage\":{\"@id\":\"https:\/\/simusar.com.br\/wfe\/frente-parlamentar-em-defesa-do-servico-publico-define-pauta-prioritaria-para-2023\/\"},\"wordCount\":318,\"publisher\":{\"@id\":\"https:\/\/simusar.com.br\/wfe\/#organization\"},\"image\":{\"@id\":\"https:\/\/simusar.com.br\/wfe\/frente-parlamentar-em-defesa-do-servico-publico-define-pauta-prioritaria-para-2023\/#primaryimage\"},\"thumbnailUrl\":\"https:\/\/simusar.com.br\/wfe\/wp-content\/uploads\/2023\/02\/posts-2023-02-07T081503.860.png\",\"keywords\":[\"brasilia\",\"depuatos\",\"parlamento\",\"p\u00fablico\",\"santa rosa\",\"servi\u00e7o\",\"simusar\"],\"articleSection\":[\"Noticias\"],\"inLanguage\":\"pt-BR\"},{\"@type\":\"WebPage\",\"@id\":\"https:\/\/simusar.com.br\/wfe\/frente-parlamentar-em-defesa-do-servico-publico-define-pauta-prioritaria-para-2023\/\",\"url\":\"https:\/\/simusar.com.br\/wfe\/frente-parlamentar-em-defesa-do-servico-publico-define-pauta-prioritaria-para-2023\/\",\"name\":\"Frente parlamentar em defesa do servi\u00e7o p\u00fablico define pauta priorit\u00e1ria para 2023 - SIMUSAR\",\"isPartOf\":{\"@id\":\"https:\/\/simusar.com.br\/wfe\/#website\"},\"primaryImageOfPage\":{\"@id\":\"https:\/\/simusar.com.br\/wfe\/frente-parlamentar-em-defesa-do-servico-publico-define-pauta-prioritaria-para-2023\/#primaryimage\"},\"image\":{\"@id\":\"https:\/\/simusar.com.br\/wfe\/frente-parlamentar-em-defesa-do-servico-publico-define-pauta-prioritaria-para-2023\/#primaryimage\"},\"thumbnailUrl\":\"https:\/\/simusar.com.br\/wfe\/wp-content\/uploads\/2023\/02\/posts-2023-02-07T081503.860.png\",\"datePublished\":\"2023-02-07T11:17:33+00:00\",\"dateModified\":\"2023-02-07T11:17:35+00:00\",\"description\":\"\u00c9 fundamental que o Brasil seja reconstru\u00eddo a partir do servidor e do servi\u00e7o p\u00fablico valorizado.\",\"breadcrumb\":{\"@id\":\"https:\/\/simusar.com.br\/wfe\/frente-parlamentar-em-defesa-do-servico-publico-define-pauta-prioritaria-para-2023\/#breadcrumb\"},\"inLanguage\":\"pt-BR\",\"potentialAction\":[{\"@type\":\"ReadAction\",\"target\":[\"https:\/\/simusar.com.br\/wfe\/frente-parlamentar-em-defesa-do-servico-publico-define-pauta-prioritaria-para-2023\/\"]}]},{\"@type\":\"ImageObject\",\"inLanguage\":\"pt-BR\",\"@id\":\"https:\/\/simusar.com.br\/wfe\/frente-parlamentar-em-defesa-do-servico-publico-define-pauta-prioritaria-para-2023\/#primaryimage\",\"url\":\"https:\/\/simusar.com.br\/wfe\/wp-content\/uploads\/2023\/02\/posts-2023-02-07T081503.860.png\",\"contentUrl\":\"https:\/\/simusar.com.br\/wfe\/wp-content\/uploads\/2023\/02\/posts-2023-02-07T081503.860.png\",\"width\":1080,\"height\":1080},{\"@type\":\"BreadcrumbList\",\"@id\":\"https:\/\/simusar.com.br\/wfe\/frente-parlamentar-em-defesa-do-servico-publico-define-pauta-prioritaria-para-2023\/#breadcrumb\",\"itemListElement\":[{\"@type\":\"ListItem\",\"position\":1,\"name\":\"In\u00edcio\",\"item\":\"https:\/\/simusar.com.br\/wfe\/\"},{\"@type\":\"ListItem\",\"position\":2,\"name\":\"Frente parlamentar em defesa do servi\u00e7o p\u00fablico define pauta priorit\u00e1ria para 2023\"}]},{\"@type\":\"WebSite\",\"@id\":\"https:\/\/simusar.com.br\/wfe\/#website\",\"url\":\"https:\/\/simusar.com.br\/wfe\/\",\"name\":\"SIMUSAR\",\"description\":\"Sindicatos dos Servidores Municipais de Santa Rosa\",\"publisher\":{\"@id\":\"https:\/\/simusar.com.br\/wfe\/#organization\"},\"potentialAction\":[{\"@type\":\"SearchAction\",\"target\":{\"@type\":\"EntryPoint\",\"urlTemplate\":\"https:\/\/simusar.com.br\/wfe\/?s={search_term_string}\"},\"query-input\":{\"@type\":\"PropertyValueSpecification\",\"valueRequired\":true,\"valueName\":\"search_term_string\"}}],\"inLanguage\":\"pt-BR\"},{\"@type\":\"Organization\",\"@id\":\"https:\/\/simusar.com.br\/wfe\/#organization\",\"name\":\"SIMUSAR\",\"url\":\"https:\/\/simusar.com.br\/wfe\/\",\"logo\":{\"@type\":\"ImageObject\",\"inLanguage\":\"pt-BR\",\"@id\":\"https:\/\/simusar.com.br\/wfe\/#\/schema\/logo\/image\/\",\"url\":\"https:\/\/simusar.com.br\/wfe\/wp-content\/uploads\/2022\/05\/logo-perfil.png\",\"contentUrl\":\"https:\/\/simusar.com.br\/wfe\/wp-content\/uploads\/2022\/05\/logo-perfil.png\",\"width\":1080,\"height\":1080,\"caption\":\"SIMUSAR\"},\"image\":{\"@id\":\"https:\/\/simusar.com.br\/wfe\/#\/schema\/logo\/image\/\"},\"sameAs\":[\"https:\/\/www.facebook.com\/simusaroficial\",\"https:\/\/www.instagram.com\/simusaroficial\"]},{\"@type\":\"Person\",\"@id\":\"https:\/\/simusar.com.br\/wfe\/#\/schema\/person\/7bbff4b09265c81fe98c20bae4e03e83\",\"name\":\"admin\",\"sameAs\":[\"http:\/\/simusar.com.br\/wfe\"],\"url\":\"https:\/\/simusar.com.br\/wfe\/author\/admin\/\"}]}<\/script>\n<!-- \/ Yoast SEO plugin. -->","yoast_head_json":{"title":"Frente parlamentar em defesa do servi\u00e7o p\u00fablico define pauta priorit\u00e1ria para 2023 - SIMUSAR","description":"\u00c9 fundamental que o Brasil seja reconstru\u00eddo a partir do servidor e do servi\u00e7o p\u00fablico valorizado.","robots":{"index":"index","follow":"follow","max-snippet":"max-snippet:-1","max-image-preview":"max-image-preview:large","max-video-preview":"max-video-preview:-1"},"canonical":"https:\/\/simusar.com.br\/wfe\/frente-parlamentar-em-defesa-do-servico-publico-define-pauta-prioritaria-para-2023\/","og_locale":"pt_BR","og_type":"article","og_title":"Frente parlamentar em defesa do servi\u00e7o p\u00fablico define pauta priorit\u00e1ria para 2023 - SIMUSAR","og_description":"\u00c9 fundamental que o Brasil seja reconstru\u00eddo a partir do servidor e do servi\u00e7o p\u00fablico valorizado.","og_url":"https:\/\/simusar.com.br\/wfe\/frente-parlamentar-em-defesa-do-servico-publico-define-pauta-prioritaria-para-2023\/","og_site_name":"SIMUSAR","article_publisher":"https:\/\/www.facebook.com\/simusaroficial","article_published_time":"2023-02-07T11:17:33+00:00","article_modified_time":"2023-02-07T11:17:35+00:00","og_image":[{"width":1080,"height":1080,"url":"http:\/\/simusar.com.br\/wfe\/wp-content\/uploads\/2023\/02\/posts-2023-02-07T081503.860.png","type":"image\/png"}],"author":"admin","twitter_card":"summary_large_image","twitter_misc":{"Escrito por":"admin","Est. tempo de leitura":"2 minutos"},"schema":{"@context":"https:\/\/schema.org","@graph":[{"@type":"Article","@id":"https:\/\/simusar.com.br\/wfe\/frente-parlamentar-em-defesa-do-servico-publico-define-pauta-prioritaria-para-2023\/#article","isPartOf":{"@id":"https:\/\/simusar.com.br\/wfe\/frente-parlamentar-em-defesa-do-servico-publico-define-pauta-prioritaria-para-2023\/"},"author":{"name":"admin","@id":"https:\/\/simusar.com.br\/wfe\/#\/schema\/person\/7bbff4b09265c81fe98c20bae4e03e83"},"headline":"Frente parlamentar em defesa do servi\u00e7o p\u00fablico define pauta priorit\u00e1ria para 2023","datePublished":"2023-02-07T11:17:33+00:00","dateModified":"2023-02-07T11:17:35+00:00","mainEntityOfPage":{"@id":"https:\/\/simusar.com.br\/wfe\/frente-parlamentar-em-defesa-do-servico-publico-define-pauta-prioritaria-para-2023\/"},"wordCount":318,"publisher":{"@id":"https:\/\/simusar.com.br\/wfe\/#organization"},"image":{"@id":"https:\/\/simusar.com.br\/wfe\/frente-parlamentar-em-defesa-do-servico-publico-define-pauta-prioritaria-para-2023\/#primaryimage"},"thumbnailUrl":"https:\/\/simusar.com.br\/wfe\/wp-content\/uploads\/2023\/02\/posts-2023-02-07T081503.860.png","keywords":["brasilia","depuatos","parlamento","p\u00fablico","santa rosa","servi\u00e7o","simusar"],"articleSection":["Noticias"],"inLanguage":"pt-BR"},{"@type":"WebPage","@id":"https:\/\/simusar.com.br\/wfe\/frente-parlamentar-em-defesa-do-servico-publico-define-pauta-prioritaria-para-2023\/","url":"https:\/\/simusar.com.br\/wfe\/frente-parlamentar-em-defesa-do-servico-publico-define-pauta-prioritaria-para-2023\/","name":"Frente parlamentar em defesa do servi\u00e7o p\u00fablico define pauta priorit\u00e1ria para 2023 - SIMUSAR","isPartOf":{"@id":"https:\/\/simusar.com.br\/wfe\/#website"},"primaryImageOfPage":{"@id":"https:\/\/simusar.com.br\/wfe\/frente-parlamentar-em-defesa-do-servico-publico-define-pauta-prioritaria-para-2023\/#primaryimage"},"image":{"@id":"https:\/\/simusar.com.br\/wfe\/frente-parlamentar-em-defesa-do-servico-publico-define-pauta-prioritaria-para-2023\/#primaryimage"},"thumbnailUrl":"https:\/\/simusar.com.br\/wfe\/wp-content\/uploads\/2023\/02\/posts-2023-02-07T081503.860.png","datePublished":"2023-02-07T11:17:33+00:00","dateModified":"2023-02-07T11:17:35+00:00","description":"\u00c9 fundamental que o Brasil seja reconstru\u00eddo a partir do servidor e do servi\u00e7o p\u00fablico valorizado.","breadcrumb":{"@id":"https:\/\/simusar.com.br\/wfe\/frente-parlamentar-em-defesa-do-servico-publico-define-pauta-prioritaria-para-2023\/#breadcrumb"},"inLanguage":"pt-BR","potentialAction":[{"@type":"ReadAction","target":["https:\/\/simusar.com.br\/wfe\/frente-parlamentar-em-defesa-do-servico-publico-define-pauta-prioritaria-para-2023\/"]}]},{"@type":"ImageObject","inLanguage":"pt-BR","@id":"https:\/\/simusar.com.br\/wfe\/frente-parlamentar-em-defesa-do-servico-publico-define-pauta-prioritaria-para-2023\/#primaryimage","url":"https:\/\/simusar.com.br\/wfe\/wp-content\/uploads\/2023\/02\/posts-2023-02-07T081503.860.png","contentUrl":"https:\/\/simusar.com.br\/wfe\/wp-content\/uploads\/2023\/02\/posts-2023-02-07T081503.860.png","width":1080,"height":1080},{"@type":"BreadcrumbList","@id":"https:\/\/simusar.com.br\/wfe\/frente-parlamentar-em-defesa-do-servico-publico-define-pauta-prioritaria-para-2023\/#breadcrumb","itemListElement":[{"@type":"ListItem","position":1,"name":"In\u00edcio","item":"https:\/\/simusar.com.br\/wfe\/"},{"@type":"ListItem","position":2,"name":"Frente parlamentar em defesa do servi\u00e7o p\u00fablico define pauta priorit\u00e1ria para 2023"}]},{"@type":"WebSite","@id":"https:\/\/simusar.com.br\/wfe\/#website","url":"https:\/\/simusar.com.br\/wfe\/","name":"SIMUSAR","description":"Sindicatos dos Servidores Municipais de Santa Rosa","publisher":{"@id":"https:\/\/simusar.com.br\/wfe\/#organization"},"potentialAction":[{"@type":"SearchAction","target":{"@type":"EntryPoint","urlTemplate":"https:\/\/simusar.com.br\/wfe\/?s={search_term_string}"},"query-input":{"@type":"PropertyValueSpecification","valueRequired":true,"valueName":"search_term_string"}}],"inLanguage":"pt-BR"},{"@type":"Organization","@id":"https:\/\/simusar.com.br\/wfe\/#organization","name":"SIMUSAR","url":"https:\/\/simusar.com.br\/wfe\/","logo":{"@type":"ImageObject","inLanguage":"pt-BR","@id":"https:\/\/simusar.com.br\/wfe\/#\/schema\/logo\/image\/","url":"https:\/\/simusar.com.br\/wfe\/wp-content\/uploads\/2022\/05\/logo-perfil.png","contentUrl":"https:\/\/simusar.com.br\/wfe\/wp-content\/uploads\/2022\/05\/logo-perfil.png","width":1080,"height":1080,"caption":"SIMUSAR"},"image":{"@id":"https:\/\/simusar.com.br\/wfe\/#\/schema\/logo\/image\/"},"sameAs":["https:\/\/www.facebook.com\/simusaroficial","https:\/\/www.instagram.com\/simusaroficial"]},{"@type":"Person","@id":"https:\/\/simusar.com.br\/wfe\/#\/schema\/person\/7bbff4b09265c81fe98c20bae4e03e83","name":"admin","sameAs":["http:\/\/simusar.com.br\/wfe"],"url":"https:\/\/simusar.com.br\/wfe\/author\/admin\/"}]}},"_links":{"self":[{"href":"https:\/\/simusar.com.br\/wfe\/wp-json\/wp\/v2\/posts\/2492","targetHints":{"allow":["GET"]}}],"collection":[{"href":"https:\/\/simusar.com.br\/wfe\/wp-json\/wp\/v2\/posts"}],"about":[{"href":"https:\/\/simusar.com.br\/wfe\/wp-json\/wp\/v2\/types\/post"}],"author":[{"embeddable":true,"href":"https:\/\/simusar.com.br\/wfe\/wp-json\/wp\/v2\/users\/1"}],"replies":[{"embeddable":true,"href":"https:\/\/simusar.com.br\/wfe\/wp-json\/wp\/v2\/comments?post=2492"}],"version-history":[{"count":1,"href":"https:\/\/simusar.com.br\/wfe\/wp-json\/wp\/v2\/posts\/2492\/revisions"}],"predecessor-version":[{"id":2494,"href":"https:\/\/simusar.com.br\/wfe\/wp-json\/wp\/v2\/posts\/2492\/revisions\/2494"}],"wp:featuredmedia":[{"embeddable":true,"href":"https:\/\/simusar.com.br\/wfe\/wp-json\/wp\/v2\/media\/2493"}],"wp:attachment":[{"href":"https:\/\/simusar.com.br\/wfe\/wp-json\/wp\/v2\/media?parent=2492"}],"wp:term":[{"taxonomy":"category","embeddable":true,"href":"https:\/\/simusar.com.br\/wfe\/wp-json\/wp\/v2\/categories?post=2492"},{"taxonomy":"post_tag","embeddable":true,"href":"https:\/\/simusar.com.br\/wfe\/wp-json\/wp\/v2\/tags?post=2492"}],"curies":[{"name":"wp","href":"https:\/\/api.w.org\/{rel}","templated":true}]}}