{"id":2495,"date":"2023-02-09T15:20:56","date_gmt":"2023-02-09T15:20:56","guid":{"rendered":"http:\/\/simusar.com.br\/wfe\/?p=2495"},"modified":"2023-02-09T15:21:00","modified_gmt":"2023-02-09T15:21:00","slug":"presidente-do-simusar-em-reuniao-com-chefe-do-rh","status":"publish","type":"post","link":"https:\/\/simusar.com.br\/wfe\/presidente-do-simusar-em-reuniao-com-chefe-do-rh\/","title":{"rendered":"Presidente do Simusar em reuni\u00e3o com chefe do RH"},"content":{"rendered":"\n<p>Ontem, quarta-feira, 08\/02, o presidente do Simusar, Jonas Fusiger, esteve reunido com a senhora Margueidi Cunegatto, chefe de Recursos Humanos na Secretaria de Administra\u00e7\u00e3o, solicitando padroniza\u00e7\u00e3o das regras de compensa\u00e7\u00e3o de horas extras para servidores das escolas municipais.<\/p>\n\n\n\n<p>Tamb\u00e9m foi solicitado a amplia\u00e7\u00e3o do tempo entre fazer as horas extras e compensar estas horas.<\/p>\n\n\n\n<p>Estaremos aguardando retorno referente \u00e0s solicita\u00e7\u00f5es feitas, uma vez que \u00e9 fun\u00e7\u00e3o e dever do nosso sindicato fiscalizar e buscar melhorias aos servidores municipais.<\/p>\n\n\n\n<p>.<\/p>\n\n\n\n<p>.<\/p>\n\n\n\n<p>.<\/p>\n\n\n\n<p>.<\/p>\n\n\n\n<p>#simusar #municiparios #santarosa #prefeiturasantarosa #servidormunicipal #servidorp\u00fablico #Servidor<\/p>\n","protected":false},"excerpt":{"rendered":"<p>Ontem, quarta-feira, 08\/02, o presidente do Simusar, Jonas Fusiger, esteve reunido com a senhora Margueidi Cunegatto, chefe de Recursos Humanos na Secretaria de Administra\u00e7\u00e3o, solicitando padroniza\u00e7\u00e3o das regras de compensa\u00e7\u00e3o de horas extras para servidores das escolas municipais. Tamb\u00e9m foi solicitado a amplia\u00e7\u00e3o do tempo entre fazer as horas extras e compensar estas horas. Estaremos [&hellip;]<\/p>\n","protected":false},"author":1,"featured_media":2496,"comment_status":"closed","ping_status":"closed","sticky":false,"template":"","format":"standard","meta":{"_eb_attr":"","footnotes":""},"categories":[4],"tags":[82,48,53],"class_list":["post-2495","post","type-post","status-publish","format-standard","has-post-thumbnail","hentry","category-noticias","tag-municipio","tag-santa-rosa","tag-simusar"],"yoast_head":"<!-- This site is optimized with the Yoast SEO plugin v26.2 - https:\/\/yoast.com\/wordpress\/plugins\/seo\/ -->\n<title>Presidente do Simusar em reuni\u00e3o com chefe do RH - SIMUSAR<\/title>\n<meta name=\"robots\" content=\"index, follow, max-snippet:-1, max-image-preview:large, max-video-preview:-1\" \/>\n<link rel=\"canonical\" href=\"https:\/\/simusar.com.br\/wfe\/presidente-do-simusar-em-reuniao-com-chefe-do-rh\/\" \/>\n<meta property=\"og:locale\" content=\"pt_BR\" \/>\n<meta property=\"og:type\" content=\"article\" \/>\n<meta property=\"og:title\" content=\"Presidente do Simusar em reuni\u00e3o com chefe do RH - SIMUSAR\" \/>\n<meta property=\"og:description\" content=\"Ontem, quarta-feira, 08\/02, o presidente do Simusar, Jonas Fusiger, esteve reunido com a senhora Margueidi Cunegatto, chefe de Recursos Humanos na Secretaria de Administra\u00e7\u00e3o, solicitando padroniza\u00e7\u00e3o das regras de compensa\u00e7\u00e3o de horas extras para servidores das escolas municipais. Tamb\u00e9m foi solicitado a amplia\u00e7\u00e3o do tempo entre fazer as horas extras e compensar estas horas. Estaremos [&hellip;]\" \/>\n<meta property=\"og:url\" content=\"https:\/\/simusar.com.br\/wfe\/presidente-do-simusar-em-reuniao-com-chefe-do-rh\/\" \/>\n<meta property=\"og:site_name\" content=\"SIMUSAR\" \/>\n<meta property=\"article:publisher\" content=\"https:\/\/www.facebook.com\/simusaroficial\" \/>\n<meta property=\"article:published_time\" content=\"2023-02-09T15:20:56+00:00\" \/>\n<meta property=\"article:modified_time\" content=\"2023-02-09T15:21:00+00:00\" \/>\n<meta property=\"og:image\" content=\"http:\/\/simusar.com.br\/wfe\/wp-content\/uploads\/2023\/02\/posts-2023-02-09T083450.307.png\" \/>\n\t<meta property=\"og:image:width\" content=\"1080\" \/>\n\t<meta property=\"og:image:height\" content=\"1080\" \/>\n\t<meta property=\"og:image:type\" content=\"image\/png\" \/>\n<meta name=\"author\" content=\"admin\" \/>\n<meta name=\"twitter:card\" content=\"summary_large_image\" \/>\n<meta name=\"twitter:label1\" content=\"Escrito por\" \/>\n\t<meta name=\"twitter:data1\" content=\"admin\" \/>\n\t<meta name=\"twitter:label2\" content=\"Est. tempo de leitura\" \/>\n\t<meta name=\"twitter:data2\" content=\"1 minuto\" \/>\n<script type=\"application\/ld+json\" class=\"yoast-schema-graph\">{\"@context\":\"https:\/\/schema.org\",\"@graph\":[{\"@type\":\"Article\",\"@id\":\"https:\/\/simusar.com.br\/wfe\/presidente-do-simusar-em-reuniao-com-chefe-do-rh\/#article\",\"isPartOf\":{\"@id\":\"https:\/\/simusar.com.br\/wfe\/presidente-do-simusar-em-reuniao-com-chefe-do-rh\/\"},\"author\":{\"name\":\"admin\",\"@id\":\"https:\/\/simusar.com.br\/wfe\/#\/schema\/person\/7bbff4b09265c81fe98c20bae4e03e83\"},\"headline\":\"Presidente do Simusar em reuni\u00e3o com chefe do RH\",\"datePublished\":\"2023-02-09T15:20:56+00:00\",\"dateModified\":\"2023-02-09T15:21:00+00:00\",\"mainEntityOfPage\":{\"@id\":\"https:\/\/simusar.com.br\/wfe\/presidente-do-simusar-em-reuniao-com-chefe-do-rh\/\"},\"wordCount\":101,\"publisher\":{\"@id\":\"https:\/\/simusar.com.br\/wfe\/#organization\"},\"image\":{\"@id\":\"https:\/\/simusar.com.br\/wfe\/presidente-do-simusar-em-reuniao-com-chefe-do-rh\/#primaryimage\"},\"thumbnailUrl\":\"https:\/\/simusar.com.br\/wfe\/wp-content\/uploads\/2023\/02\/posts-2023-02-09T083450.307.png\",\"keywords\":[\"munic\u00edpio\",\"santa rosa\",\"simusar\"],\"articleSection\":[\"Noticias\"],\"inLanguage\":\"pt-BR\"},{\"@type\":\"WebPage\",\"@id\":\"https:\/\/simusar.com.br\/wfe\/presidente-do-simusar-em-reuniao-com-chefe-do-rh\/\",\"url\":\"https:\/\/simusar.com.br\/wfe\/presidente-do-simusar-em-reuniao-com-chefe-do-rh\/\",\"name\":\"Presidente do Simusar em reuni\u00e3o com chefe do RH - SIMUSAR\",\"isPartOf\":{\"@id\":\"https:\/\/simusar.com.br\/wfe\/#website\"},\"primaryImageOfPage\":{\"@id\":\"https:\/\/simusar.com.br\/wfe\/presidente-do-simusar-em-reuniao-com-chefe-do-rh\/#primaryimage\"},\"image\":{\"@id\":\"https:\/\/simusar.com.br\/wfe\/presidente-do-simusar-em-reuniao-com-chefe-do-rh\/#primaryimage\"},\"thumbnailUrl\":\"https:\/\/simusar.com.br\/wfe\/wp-content\/uploads\/2023\/02\/posts-2023-02-09T083450.307.png\",\"datePublished\":\"2023-02-09T15:20:56+00:00\",\"dateModified\":\"2023-02-09T15:21:00+00:00\",\"breadcrumb\":{\"@id\":\"https:\/\/simusar.com.br\/wfe\/presidente-do-simusar-em-reuniao-com-chefe-do-rh\/#breadcrumb\"},\"inLanguage\":\"pt-BR\",\"potentialAction\":[{\"@type\":\"ReadAction\",\"target\":[\"https:\/\/simusar.com.br\/wfe\/presidente-do-simusar-em-reuniao-com-chefe-do-rh\/\"]}]},{\"@type\":\"ImageObject\",\"inLanguage\":\"pt-BR\",\"@id\":\"https:\/\/simusar.com.br\/wfe\/presidente-do-simusar-em-reuniao-com-chefe-do-rh\/#primaryimage\",\"url\":\"https:\/\/simusar.com.br\/wfe\/wp-content\/uploads\/2023\/02\/posts-2023-02-09T083450.307.png\",\"contentUrl\":\"https:\/\/simusar.com.br\/wfe\/wp-content\/uploads\/2023\/02\/posts-2023-02-09T083450.307.png\",\"width\":1080,\"height\":1080},{\"@type\":\"BreadcrumbList\",\"@id\":\"https:\/\/simusar.com.br\/wfe\/presidente-do-simusar-em-reuniao-com-chefe-do-rh\/#breadcrumb\",\"itemListElement\":[{\"@type\":\"ListItem\",\"position\":1,\"name\":\"In\u00edcio\",\"item\":\"https:\/\/simusar.com.br\/wfe\/\"},{\"@type\":\"ListItem\",\"position\":2,\"name\":\"Presidente do Simusar em reuni\u00e3o com chefe do RH\"}]},{\"@type\":\"WebSite\",\"@id\":\"https:\/\/simusar.com.br\/wfe\/#website\",\"url\":\"https:\/\/simusar.com.br\/wfe\/\",\"name\":\"SIMUSAR\",\"description\":\"Sindicatos dos Servidores Municipais de Santa Rosa\",\"publisher\":{\"@id\":\"https:\/\/simusar.com.br\/wfe\/#organization\"},\"potentialAction\":[{\"@type\":\"SearchAction\",\"target\":{\"@type\":\"EntryPoint\",\"urlTemplate\":\"https:\/\/simusar.com.br\/wfe\/?s={search_term_string}\"},\"query-input\":{\"@type\":\"PropertyValueSpecification\",\"valueRequired\":true,\"valueName\":\"search_term_string\"}}],\"inLanguage\":\"pt-BR\"},{\"@type\":\"Organization\",\"@id\":\"https:\/\/simusar.com.br\/wfe\/#organization\",\"name\":\"SIMUSAR\",\"url\":\"https:\/\/simusar.com.br\/wfe\/\",\"logo\":{\"@type\":\"ImageObject\",\"inLanguage\":\"pt-BR\",\"@id\":\"https:\/\/simusar.com.br\/wfe\/#\/schema\/logo\/image\/\",\"url\":\"https:\/\/simusar.com.br\/wfe\/wp-content\/uploads\/2022\/05\/logo-perfil.png\",\"contentUrl\":\"https:\/\/simusar.com.br\/wfe\/wp-content\/uploads\/2022\/05\/logo-perfil.png\",\"width\":1080,\"height\":1080,\"caption\":\"SIMUSAR\"},\"image\":{\"@id\":\"https:\/\/simusar.com.br\/wfe\/#\/schema\/logo\/image\/\"},\"sameAs\":[\"https:\/\/www.facebook.com\/simusaroficial\",\"https:\/\/www.instagram.com\/simusaroficial\"]},{\"@type\":\"Person\",\"@id\":\"https:\/\/simusar.com.br\/wfe\/#\/schema\/person\/7bbff4b09265c81fe98c20bae4e03e83\",\"name\":\"admin\",\"sameAs\":[\"http:\/\/simusar.com.br\/wfe\"],\"url\":\"https:\/\/simusar.com.br\/wfe\/author\/admin\/\"}]}<\/script>\n<!-- \/ Yoast SEO plugin. -->","yoast_head_json":{"title":"Presidente do Simusar em reuni\u00e3o com chefe do RH - SIMUSAR","robots":{"index":"index","follow":"follow","max-snippet":"max-snippet:-1","max-image-preview":"max-image-preview:large","max-video-preview":"max-video-preview:-1"},"canonical":"https:\/\/simusar.com.br\/wfe\/presidente-do-simusar-em-reuniao-com-chefe-do-rh\/","og_locale":"pt_BR","og_type":"article","og_title":"Presidente do Simusar em reuni\u00e3o com chefe do RH - SIMUSAR","og_description":"Ontem, quarta-feira, 08\/02, o presidente do Simusar, Jonas Fusiger, esteve reunido com a senhora Margueidi Cunegatto, chefe de Recursos Humanos na Secretaria de Administra\u00e7\u00e3o, solicitando padroniza\u00e7\u00e3o das regras de compensa\u00e7\u00e3o de horas extras para servidores das escolas municipais. Tamb\u00e9m foi solicitado a amplia\u00e7\u00e3o do tempo entre fazer as horas extras e compensar estas horas. Estaremos [&hellip;]","og_url":"https:\/\/simusar.com.br\/wfe\/presidente-do-simusar-em-reuniao-com-chefe-do-rh\/","og_site_name":"SIMUSAR","article_publisher":"https:\/\/www.facebook.com\/simusaroficial","article_published_time":"2023-02-09T15:20:56+00:00","article_modified_time":"2023-02-09T15:21:00+00:00","og_image":[{"width":1080,"height":1080,"url":"http:\/\/simusar.com.br\/wfe\/wp-content\/uploads\/2023\/02\/posts-2023-02-09T083450.307.png","type":"image\/png"}],"author":"admin","twitter_card":"summary_large_image","twitter_misc":{"Escrito por":"admin","Est. tempo de leitura":"1 minuto"},"schema":{"@context":"https:\/\/schema.org","@graph":[{"@type":"Article","@id":"https:\/\/simusar.com.br\/wfe\/presidente-do-simusar-em-reuniao-com-chefe-do-rh\/#article","isPartOf":{"@id":"https:\/\/simusar.com.br\/wfe\/presidente-do-simusar-em-reuniao-com-chefe-do-rh\/"},"author":{"name":"admin","@id":"https:\/\/simusar.com.br\/wfe\/#\/schema\/person\/7bbff4b09265c81fe98c20bae4e03e83"},"headline":"Presidente do Simusar em reuni\u00e3o com chefe do RH","datePublished":"2023-02-09T15:20:56+00:00","dateModified":"2023-02-09T15:21:00+00:00","mainEntityOfPage":{"@id":"https:\/\/simusar.com.br\/wfe\/presidente-do-simusar-em-reuniao-com-chefe-do-rh\/"},"wordCount":101,"publisher":{"@id":"https:\/\/simusar.com.br\/wfe\/#organization"},"image":{"@id":"https:\/\/simusar.com.br\/wfe\/presidente-do-simusar-em-reuniao-com-chefe-do-rh\/#primaryimage"},"thumbnailUrl":"https:\/\/simusar.com.br\/wfe\/wp-content\/uploads\/2023\/02\/posts-2023-02-09T083450.307.png","keywords":["munic\u00edpio","santa rosa","simusar"],"articleSection":["Noticias"],"inLanguage":"pt-BR"},{"@type":"WebPage","@id":"https:\/\/simusar.com.br\/wfe\/presidente-do-simusar-em-reuniao-com-chefe-do-rh\/","url":"https:\/\/simusar.com.br\/wfe\/presidente-do-simusar-em-reuniao-com-chefe-do-rh\/","name":"Presidente do Simusar em reuni\u00e3o com chefe do RH - SIMUSAR","isPartOf":{"@id":"https:\/\/simusar.com.br\/wfe\/#website"},"primaryImageOfPage":{"@id":"https:\/\/simusar.com.br\/wfe\/presidente-do-simusar-em-reuniao-com-chefe-do-rh\/#primaryimage"},"image":{"@id":"https:\/\/simusar.com.br\/wfe\/presidente-do-simusar-em-reuniao-com-chefe-do-rh\/#primaryimage"},"thumbnailUrl":"https:\/\/simusar.com.br\/wfe\/wp-content\/uploads\/2023\/02\/posts-2023-02-09T083450.307.png","datePublished":"2023-02-09T15:20:56+00:00","dateModified":"2023-02-09T15:21:00+00:00","breadcrumb":{"@id":"https:\/\/simusar.com.br\/wfe\/presidente-do-simusar-em-reuniao-com-chefe-do-rh\/#breadcrumb"},"inLanguage":"pt-BR","potentialAction":[{"@type":"ReadAction","target":["https:\/\/simusar.com.br\/wfe\/presidente-do-simusar-em-reuniao-com-chefe-do-rh\/"]}]},{"@type":"ImageObject","inLanguage":"pt-BR","@id":"https:\/\/simusar.com.br\/wfe\/presidente-do-simusar-em-reuniao-com-chefe-do-rh\/#primaryimage","url":"https:\/\/simusar.com.br\/wfe\/wp-content\/uploads\/2023\/02\/posts-2023-02-09T083450.307.png","contentUrl":"https:\/\/simusar.com.br\/wfe\/wp-content\/uploads\/2023\/02\/posts-2023-02-09T083450.307.png","width":1080,"height":1080},{"@type":"BreadcrumbList","@id":"https:\/\/simusar.com.br\/wfe\/presidente-do-simusar-em-reuniao-com-chefe-do-rh\/#breadcrumb","itemListElement":[{"@type":"ListItem","position":1,"name":"In\u00edcio","item":"https:\/\/simusar.com.br\/wfe\/"},{"@type":"ListItem","position":2,"name":"Presidente do Simusar em reuni\u00e3o com chefe do RH"}]},{"@type":"WebSite","@id":"https:\/\/simusar.com.br\/wfe\/#website","url":"https:\/\/simusar.com.br\/wfe\/","name":"SIMUSAR","description":"Sindicatos dos Servidores Municipais de Santa Rosa","publisher":{"@id":"https:\/\/simusar.com.br\/wfe\/#organization"},"potentialAction":[{"@type":"SearchAction","target":{"@type":"EntryPoint","urlTemplate":"https:\/\/simusar.com.br\/wfe\/?s={search_term_string}"},"query-input":{"@type":"PropertyValueSpecification","valueRequired":true,"valueName":"search_term_string"}}],"inLanguage":"pt-BR"},{"@type":"Organization","@id":"https:\/\/simusar.com.br\/wfe\/#organization","name":"SIMUSAR","url":"https:\/\/simusar.com.br\/wfe\/","logo":{"@type":"ImageObject","inLanguage":"pt-BR","@id":"https:\/\/simusar.com.br\/wfe\/#\/schema\/logo\/image\/","url":"https:\/\/simusar.com.br\/wfe\/wp-content\/uploads\/2022\/05\/logo-perfil.png","contentUrl":"https:\/\/simusar.com.br\/wfe\/wp-content\/uploads\/2022\/05\/logo-perfil.png","width":1080,"height":1080,"caption":"SIMUSAR"},"image":{"@id":"https:\/\/simusar.com.br\/wfe\/#\/schema\/logo\/image\/"},"sameAs":["https:\/\/www.facebook.com\/simusaroficial","https:\/\/www.instagram.com\/simusaroficial"]},{"@type":"Person","@id":"https:\/\/simusar.com.br\/wfe\/#\/schema\/person\/7bbff4b09265c81fe98c20bae4e03e83","name":"admin","sameAs":["http:\/\/simusar.com.br\/wfe"],"url":"https:\/\/simusar.com.br\/wfe\/author\/admin\/"}]}},"_links":{"self":[{"href":"https:\/\/simusar.com.br\/wfe\/wp-json\/wp\/v2\/posts\/2495","targetHints":{"allow":["GET"]}}],"collection":[{"href":"https:\/\/simusar.com.br\/wfe\/wp-json\/wp\/v2\/posts"}],"about":[{"href":"https:\/\/simusar.com.br\/wfe\/wp-json\/wp\/v2\/types\/post"}],"author":[{"embeddable":true,"href":"https:\/\/simusar.com.br\/wfe\/wp-json\/wp\/v2\/users\/1"}],"replies":[{"embeddable":true,"href":"https:\/\/simusar.com.br\/wfe\/wp-json\/wp\/v2\/comments?post=2495"}],"version-history":[{"count":1,"href":"https:\/\/simusar.com.br\/wfe\/wp-json\/wp\/v2\/posts\/2495\/revisions"}],"predecessor-version":[{"id":2497,"href":"https:\/\/simusar.com.br\/wfe\/wp-json\/wp\/v2\/posts\/2495\/revisions\/2497"}],"wp:featuredmedia":[{"embeddable":true,"href":"https:\/\/simusar.com.br\/wfe\/wp-json\/wp\/v2\/media\/2496"}],"wp:attachment":[{"href":"https:\/\/simusar.com.br\/wfe\/wp-json\/wp\/v2\/media?parent=2495"}],"wp:term":[{"taxonomy":"category","embeddable":true,"href":"https:\/\/simusar.com.br\/wfe\/wp-json\/wp\/v2\/categories?post=2495"},{"taxonomy":"post_tag","embeddable":true,"href":"https:\/\/simusar.com.br\/wfe\/wp-json\/wp\/v2\/tags?post=2495"}],"curies":[{"name":"wp","href":"https:\/\/api.w.org\/{rel}","templated":true}]}}