{"id":2498,"date":"2023-02-09T19:57:22","date_gmt":"2023-02-09T19:57:22","guid":{"rendered":"https:\/\/simusar.com.br\/wfe\/?p=2498"},"modified":"2023-02-09T19:57:24","modified_gmt":"2023-02-09T19:57:24","slug":"presidente-do-simusar-e-secretario-de-governanca-debatem-sobre-melhores-condicoes-de-trabalho-aos-servidores","status":"publish","type":"post","link":"https:\/\/simusar.com.br\/wfe\/presidente-do-simusar-e-secretario-de-governanca-debatem-sobre-melhores-condicoes-de-trabalho-aos-servidores\/","title":{"rendered":"Presidente do Simusar e Secretario de Governan\u00e7a debatem sobre melhores condi\u00e7\u00f5es de trabalho aos servidores"},"content":{"rendered":"\n<p>De modo a manter sempre o di\u00e1logo e buscar melhorias nas condi\u00e7\u00f5es de trabalho para os servidores municipais, nesta segunda-feira, 06\/02, o presidente do SIMUSAR, Jonas Fusiger, esteve em reuni\u00e3o com o Secret\u00e1rio de Governan\u00e7a e Gest\u00e3o, Ademir Rosa.<\/p>\n\n\n\n<p>Na ocasi\u00e3o foi debatido sobre a necessidade de melhorias na infraestrutura das acomoda\u00e7\u00f5es dos servidores no Parque de Obras, uma vez que os servidores de manuten\u00e7\u00e3o tamb\u00e9m ser\u00e3o alocados naquela estrutura.<\/p>\n\n\n\n<p>Apontamos tamb\u00e9m a import\u00e2ncia de ao longo do ano promover forma\u00e7\u00f5es com os servidores nas mais diversas \u00e1reas, desde previdenci\u00e1ria at\u00e9 seguran\u00e7a do trabalho. Para isso propomos uma parceria entre a Prefeitura Municipal e o Simusar, pois esses servidores seriam liberados em turnos de trabalho e depois estes, compartilham com os demais colegas, o conhecimento adquirido, ou seja, assuntos de interesse coletivo.<\/p>\n","protected":false},"excerpt":{"rendered":"<p>De modo a manter sempre o di\u00e1logo e buscar melhorias nas condi\u00e7\u00f5es de trabalho para os servidores municipais, nesta segunda-feira, 06\/02, o presidente do SIMUSAR, Jonas Fusiger, esteve em reuni\u00e3o com o Secret\u00e1rio de Governan\u00e7a e Gest\u00e3o, Ademir Rosa. Na ocasi\u00e3o foi debatido sobre a necessidade de melhorias na infraestrutura das acomoda\u00e7\u00f5es dos servidores no [&hellip;]<\/p>\n","protected":false},"author":1,"featured_media":2499,"comment_status":"closed","ping_status":"closed","sticky":false,"template":"","format":"standard","meta":{"_eb_attr":"","footnotes":""},"categories":[4],"tags":[82,48,53],"class_list":["post-2498","post","type-post","status-publish","format-standard","has-post-thumbnail","hentry","category-noticias","tag-municipio","tag-santa-rosa","tag-simusar"],"yoast_head":"<!-- This site is optimized with the Yoast SEO plugin v26.2 - https:\/\/yoast.com\/wordpress\/plugins\/seo\/ -->\n<title>Presidente do Simusar e Secretario de Governan\u00e7a debatem sobre melhores condi\u00e7\u00f5es de trabalho aos servidores - SIMUSAR<\/title>\n<meta name=\"robots\" content=\"index, follow, max-snippet:-1, max-image-preview:large, max-video-preview:-1\" \/>\n<link rel=\"canonical\" href=\"https:\/\/simusar.com.br\/wfe\/presidente-do-simusar-e-secretario-de-governanca-debatem-sobre-melhores-condicoes-de-trabalho-aos-servidores\/\" \/>\n<meta property=\"og:locale\" content=\"pt_BR\" \/>\n<meta property=\"og:type\" content=\"article\" \/>\n<meta property=\"og:title\" content=\"Presidente do Simusar e Secretario de Governan\u00e7a debatem sobre melhores condi\u00e7\u00f5es de trabalho aos servidores - SIMUSAR\" \/>\n<meta property=\"og:description\" content=\"De modo a manter sempre o di\u00e1logo e buscar melhorias nas condi\u00e7\u00f5es de trabalho para os servidores municipais, nesta segunda-feira, 06\/02, o presidente do SIMUSAR, Jonas Fusiger, esteve em reuni\u00e3o com o Secret\u00e1rio de Governan\u00e7a e Gest\u00e3o, Ademir Rosa. Na ocasi\u00e3o foi debatido sobre a necessidade de melhorias na infraestrutura das acomoda\u00e7\u00f5es dos servidores no [&hellip;]\" \/>\n<meta property=\"og:url\" content=\"https:\/\/simusar.com.br\/wfe\/presidente-do-simusar-e-secretario-de-governanca-debatem-sobre-melhores-condicoes-de-trabalho-aos-servidores\/\" \/>\n<meta property=\"og:site_name\" content=\"SIMUSAR\" \/>\n<meta property=\"article:publisher\" content=\"https:\/\/www.facebook.com\/simusaroficial\" \/>\n<meta property=\"article:published_time\" content=\"2023-02-09T19:57:22+00:00\" \/>\n<meta property=\"article:modified_time\" content=\"2023-02-09T19:57:24+00:00\" \/>\n<meta property=\"og:image\" content=\"https:\/\/simusar.com.br\/wfe\/wp-content\/uploads\/2023\/02\/posts-2023-02-09T081931.289.png\" \/>\n\t<meta property=\"og:image:width\" content=\"1080\" \/>\n\t<meta property=\"og:image:height\" content=\"1080\" \/>\n\t<meta property=\"og:image:type\" content=\"image\/png\" \/>\n<meta name=\"author\" content=\"admin\" \/>\n<meta name=\"twitter:card\" content=\"summary_large_image\" \/>\n<meta name=\"twitter:label1\" content=\"Escrito por\" \/>\n\t<meta name=\"twitter:data1\" content=\"admin\" \/>\n\t<meta name=\"twitter:label2\" content=\"Est. tempo de leitura\" \/>\n\t<meta name=\"twitter:data2\" content=\"1 minuto\" \/>\n<script type=\"application\/ld+json\" class=\"yoast-schema-graph\">{\"@context\":\"https:\/\/schema.org\",\"@graph\":[{\"@type\":\"Article\",\"@id\":\"https:\/\/simusar.com.br\/wfe\/presidente-do-simusar-e-secretario-de-governanca-debatem-sobre-melhores-condicoes-de-trabalho-aos-servidores\/#article\",\"isPartOf\":{\"@id\":\"https:\/\/simusar.com.br\/wfe\/presidente-do-simusar-e-secretario-de-governanca-debatem-sobre-melhores-condicoes-de-trabalho-aos-servidores\/\"},\"author\":{\"name\":\"admin\",\"@id\":\"https:\/\/simusar.com.br\/wfe\/#\/schema\/person\/7bbff4b09265c81fe98c20bae4e03e83\"},\"headline\":\"Presidente do Simusar e Secretario de Governan\u00e7a debatem sobre melhores condi\u00e7\u00f5es de trabalho aos servidores\",\"datePublished\":\"2023-02-09T19:57:22+00:00\",\"dateModified\":\"2023-02-09T19:57:24+00:00\",\"mainEntityOfPage\":{\"@id\":\"https:\/\/simusar.com.br\/wfe\/presidente-do-simusar-e-secretario-de-governanca-debatem-sobre-melhores-condicoes-de-trabalho-aos-servidores\/\"},\"wordCount\":164,\"publisher\":{\"@id\":\"https:\/\/simusar.com.br\/wfe\/#organization\"},\"image\":{\"@id\":\"https:\/\/simusar.com.br\/wfe\/presidente-do-simusar-e-secretario-de-governanca-debatem-sobre-melhores-condicoes-de-trabalho-aos-servidores\/#primaryimage\"},\"thumbnailUrl\":\"https:\/\/simusar.com.br\/wfe\/wp-content\/uploads\/2023\/02\/posts-2023-02-09T081931.289.png\",\"keywords\":[\"munic\u00edpio\",\"santa rosa\",\"simusar\"],\"articleSection\":[\"Noticias\"],\"inLanguage\":\"pt-BR\"},{\"@type\":\"WebPage\",\"@id\":\"https:\/\/simusar.com.br\/wfe\/presidente-do-simusar-e-secretario-de-governanca-debatem-sobre-melhores-condicoes-de-trabalho-aos-servidores\/\",\"url\":\"https:\/\/simusar.com.br\/wfe\/presidente-do-simusar-e-secretario-de-governanca-debatem-sobre-melhores-condicoes-de-trabalho-aos-servidores\/\",\"name\":\"Presidente do Simusar e Secretario de Governan\u00e7a debatem sobre melhores condi\u00e7\u00f5es de trabalho aos servidores - SIMUSAR\",\"isPartOf\":{\"@id\":\"https:\/\/simusar.com.br\/wfe\/#website\"},\"primaryImageOfPage\":{\"@id\":\"https:\/\/simusar.com.br\/wfe\/presidente-do-simusar-e-secretario-de-governanca-debatem-sobre-melhores-condicoes-de-trabalho-aos-servidores\/#primaryimage\"},\"image\":{\"@id\":\"https:\/\/simusar.com.br\/wfe\/presidente-do-simusar-e-secretario-de-governanca-debatem-sobre-melhores-condicoes-de-trabalho-aos-servidores\/#primaryimage\"},\"thumbnailUrl\":\"https:\/\/simusar.com.br\/wfe\/wp-content\/uploads\/2023\/02\/posts-2023-02-09T081931.289.png\",\"datePublished\":\"2023-02-09T19:57:22+00:00\",\"dateModified\":\"2023-02-09T19:57:24+00:00\",\"breadcrumb\":{\"@id\":\"https:\/\/simusar.com.br\/wfe\/presidente-do-simusar-e-secretario-de-governanca-debatem-sobre-melhores-condicoes-de-trabalho-aos-servidores\/#breadcrumb\"},\"inLanguage\":\"pt-BR\",\"potentialAction\":[{\"@type\":\"ReadAction\",\"target\":[\"https:\/\/simusar.com.br\/wfe\/presidente-do-simusar-e-secretario-de-governanca-debatem-sobre-melhores-condicoes-de-trabalho-aos-servidores\/\"]}]},{\"@type\":\"ImageObject\",\"inLanguage\":\"pt-BR\",\"@id\":\"https:\/\/simusar.com.br\/wfe\/presidente-do-simusar-e-secretario-de-governanca-debatem-sobre-melhores-condicoes-de-trabalho-aos-servidores\/#primaryimage\",\"url\":\"https:\/\/simusar.com.br\/wfe\/wp-content\/uploads\/2023\/02\/posts-2023-02-09T081931.289.png\",\"contentUrl\":\"https:\/\/simusar.com.br\/wfe\/wp-content\/uploads\/2023\/02\/posts-2023-02-09T081931.289.png\",\"width\":1080,\"height\":1080},{\"@type\":\"BreadcrumbList\",\"@id\":\"https:\/\/simusar.com.br\/wfe\/presidente-do-simusar-e-secretario-de-governanca-debatem-sobre-melhores-condicoes-de-trabalho-aos-servidores\/#breadcrumb\",\"itemListElement\":[{\"@type\":\"ListItem\",\"position\":1,\"name\":\"In\u00edcio\",\"item\":\"https:\/\/simusar.com.br\/wfe\/\"},{\"@type\":\"ListItem\",\"position\":2,\"name\":\"Presidente do Simusar e Secretario de Governan\u00e7a debatem sobre melhores condi\u00e7\u00f5es de trabalho aos servidores\"}]},{\"@type\":\"WebSite\",\"@id\":\"https:\/\/simusar.com.br\/wfe\/#website\",\"url\":\"https:\/\/simusar.com.br\/wfe\/\",\"name\":\"SIMUSAR\",\"description\":\"Sindicatos dos Servidores Municipais de Santa Rosa\",\"publisher\":{\"@id\":\"https:\/\/simusar.com.br\/wfe\/#organization\"},\"potentialAction\":[{\"@type\":\"SearchAction\",\"target\":{\"@type\":\"EntryPoint\",\"urlTemplate\":\"https:\/\/simusar.com.br\/wfe\/?s={search_term_string}\"},\"query-input\":{\"@type\":\"PropertyValueSpecification\",\"valueRequired\":true,\"valueName\":\"search_term_string\"}}],\"inLanguage\":\"pt-BR\"},{\"@type\":\"Organization\",\"@id\":\"https:\/\/simusar.com.br\/wfe\/#organization\",\"name\":\"SIMUSAR\",\"url\":\"https:\/\/simusar.com.br\/wfe\/\",\"logo\":{\"@type\":\"ImageObject\",\"inLanguage\":\"pt-BR\",\"@id\":\"https:\/\/simusar.com.br\/wfe\/#\/schema\/logo\/image\/\",\"url\":\"https:\/\/simusar.com.br\/wfe\/wp-content\/uploads\/2022\/05\/logo-perfil.png\",\"contentUrl\":\"https:\/\/simusar.com.br\/wfe\/wp-content\/uploads\/2022\/05\/logo-perfil.png\",\"width\":1080,\"height\":1080,\"caption\":\"SIMUSAR\"},\"image\":{\"@id\":\"https:\/\/simusar.com.br\/wfe\/#\/schema\/logo\/image\/\"},\"sameAs\":[\"https:\/\/www.facebook.com\/simusaroficial\",\"https:\/\/www.instagram.com\/simusaroficial\"]},{\"@type\":\"Person\",\"@id\":\"https:\/\/simusar.com.br\/wfe\/#\/schema\/person\/7bbff4b09265c81fe98c20bae4e03e83\",\"name\":\"admin\",\"sameAs\":[\"http:\/\/simusar.com.br\/wfe\"],\"url\":\"https:\/\/simusar.com.br\/wfe\/author\/admin\/\"}]}<\/script>\n<!-- \/ Yoast SEO plugin. -->","yoast_head_json":{"title":"Presidente do Simusar e Secretario de Governan\u00e7a debatem sobre melhores condi\u00e7\u00f5es de trabalho aos servidores - SIMUSAR","robots":{"index":"index","follow":"follow","max-snippet":"max-snippet:-1","max-image-preview":"max-image-preview:large","max-video-preview":"max-video-preview:-1"},"canonical":"https:\/\/simusar.com.br\/wfe\/presidente-do-simusar-e-secretario-de-governanca-debatem-sobre-melhores-condicoes-de-trabalho-aos-servidores\/","og_locale":"pt_BR","og_type":"article","og_title":"Presidente do Simusar e Secretario de Governan\u00e7a debatem sobre melhores condi\u00e7\u00f5es de trabalho aos servidores - SIMUSAR","og_description":"De modo a manter sempre o di\u00e1logo e buscar melhorias nas condi\u00e7\u00f5es de trabalho para os servidores municipais, nesta segunda-feira, 06\/02, o presidente do SIMUSAR, Jonas Fusiger, esteve em reuni\u00e3o com o Secret\u00e1rio de Governan\u00e7a e Gest\u00e3o, Ademir Rosa. Na ocasi\u00e3o foi debatido sobre a necessidade de melhorias na infraestrutura das acomoda\u00e7\u00f5es dos servidores no [&hellip;]","og_url":"https:\/\/simusar.com.br\/wfe\/presidente-do-simusar-e-secretario-de-governanca-debatem-sobre-melhores-condicoes-de-trabalho-aos-servidores\/","og_site_name":"SIMUSAR","article_publisher":"https:\/\/www.facebook.com\/simusaroficial","article_published_time":"2023-02-09T19:57:22+00:00","article_modified_time":"2023-02-09T19:57:24+00:00","og_image":[{"width":1080,"height":1080,"url":"https:\/\/simusar.com.br\/wfe\/wp-content\/uploads\/2023\/02\/posts-2023-02-09T081931.289.png","type":"image\/png"}],"author":"admin","twitter_card":"summary_large_image","twitter_misc":{"Escrito por":"admin","Est. tempo de leitura":"1 minuto"},"schema":{"@context":"https:\/\/schema.org","@graph":[{"@type":"Article","@id":"https:\/\/simusar.com.br\/wfe\/presidente-do-simusar-e-secretario-de-governanca-debatem-sobre-melhores-condicoes-de-trabalho-aos-servidores\/#article","isPartOf":{"@id":"https:\/\/simusar.com.br\/wfe\/presidente-do-simusar-e-secretario-de-governanca-debatem-sobre-melhores-condicoes-de-trabalho-aos-servidores\/"},"author":{"name":"admin","@id":"https:\/\/simusar.com.br\/wfe\/#\/schema\/person\/7bbff4b09265c81fe98c20bae4e03e83"},"headline":"Presidente do Simusar e Secretario de Governan\u00e7a debatem sobre melhores condi\u00e7\u00f5es de trabalho aos servidores","datePublished":"2023-02-09T19:57:22+00:00","dateModified":"2023-02-09T19:57:24+00:00","mainEntityOfPage":{"@id":"https:\/\/simusar.com.br\/wfe\/presidente-do-simusar-e-secretario-de-governanca-debatem-sobre-melhores-condicoes-de-trabalho-aos-servidores\/"},"wordCount":164,"publisher":{"@id":"https:\/\/simusar.com.br\/wfe\/#organization"},"image":{"@id":"https:\/\/simusar.com.br\/wfe\/presidente-do-simusar-e-secretario-de-governanca-debatem-sobre-melhores-condicoes-de-trabalho-aos-servidores\/#primaryimage"},"thumbnailUrl":"https:\/\/simusar.com.br\/wfe\/wp-content\/uploads\/2023\/02\/posts-2023-02-09T081931.289.png","keywords":["munic\u00edpio","santa rosa","simusar"],"articleSection":["Noticias"],"inLanguage":"pt-BR"},{"@type":"WebPage","@id":"https:\/\/simusar.com.br\/wfe\/presidente-do-simusar-e-secretario-de-governanca-debatem-sobre-melhores-condicoes-de-trabalho-aos-servidores\/","url":"https:\/\/simusar.com.br\/wfe\/presidente-do-simusar-e-secretario-de-governanca-debatem-sobre-melhores-condicoes-de-trabalho-aos-servidores\/","name":"Presidente do Simusar e Secretario de Governan\u00e7a debatem sobre melhores condi\u00e7\u00f5es de trabalho aos servidores - SIMUSAR","isPartOf":{"@id":"https:\/\/simusar.com.br\/wfe\/#website"},"primaryImageOfPage":{"@id":"https:\/\/simusar.com.br\/wfe\/presidente-do-simusar-e-secretario-de-governanca-debatem-sobre-melhores-condicoes-de-trabalho-aos-servidores\/#primaryimage"},"image":{"@id":"https:\/\/simusar.com.br\/wfe\/presidente-do-simusar-e-secretario-de-governanca-debatem-sobre-melhores-condicoes-de-trabalho-aos-servidores\/#primaryimage"},"thumbnailUrl":"https:\/\/simusar.com.br\/wfe\/wp-content\/uploads\/2023\/02\/posts-2023-02-09T081931.289.png","datePublished":"2023-02-09T19:57:22+00:00","dateModified":"2023-02-09T19:57:24+00:00","breadcrumb":{"@id":"https:\/\/simusar.com.br\/wfe\/presidente-do-simusar-e-secretario-de-governanca-debatem-sobre-melhores-condicoes-de-trabalho-aos-servidores\/#breadcrumb"},"inLanguage":"pt-BR","potentialAction":[{"@type":"ReadAction","target":["https:\/\/simusar.com.br\/wfe\/presidente-do-simusar-e-secretario-de-governanca-debatem-sobre-melhores-condicoes-de-trabalho-aos-servidores\/"]}]},{"@type":"ImageObject","inLanguage":"pt-BR","@id":"https:\/\/simusar.com.br\/wfe\/presidente-do-simusar-e-secretario-de-governanca-debatem-sobre-melhores-condicoes-de-trabalho-aos-servidores\/#primaryimage","url":"https:\/\/simusar.com.br\/wfe\/wp-content\/uploads\/2023\/02\/posts-2023-02-09T081931.289.png","contentUrl":"https:\/\/simusar.com.br\/wfe\/wp-content\/uploads\/2023\/02\/posts-2023-02-09T081931.289.png","width":1080,"height":1080},{"@type":"BreadcrumbList","@id":"https:\/\/simusar.com.br\/wfe\/presidente-do-simusar-e-secretario-de-governanca-debatem-sobre-melhores-condicoes-de-trabalho-aos-servidores\/#breadcrumb","itemListElement":[{"@type":"ListItem","position":1,"name":"In\u00edcio","item":"https:\/\/simusar.com.br\/wfe\/"},{"@type":"ListItem","position":2,"name":"Presidente do Simusar e Secretario de Governan\u00e7a debatem sobre melhores condi\u00e7\u00f5es de trabalho aos servidores"}]},{"@type":"WebSite","@id":"https:\/\/simusar.com.br\/wfe\/#website","url":"https:\/\/simusar.com.br\/wfe\/","name":"SIMUSAR","description":"Sindicatos dos Servidores Municipais de Santa Rosa","publisher":{"@id":"https:\/\/simusar.com.br\/wfe\/#organization"},"potentialAction":[{"@type":"SearchAction","target":{"@type":"EntryPoint","urlTemplate":"https:\/\/simusar.com.br\/wfe\/?s={search_term_string}"},"query-input":{"@type":"PropertyValueSpecification","valueRequired":true,"valueName":"search_term_string"}}],"inLanguage":"pt-BR"},{"@type":"Organization","@id":"https:\/\/simusar.com.br\/wfe\/#organization","name":"SIMUSAR","url":"https:\/\/simusar.com.br\/wfe\/","logo":{"@type":"ImageObject","inLanguage":"pt-BR","@id":"https:\/\/simusar.com.br\/wfe\/#\/schema\/logo\/image\/","url":"https:\/\/simusar.com.br\/wfe\/wp-content\/uploads\/2022\/05\/logo-perfil.png","contentUrl":"https:\/\/simusar.com.br\/wfe\/wp-content\/uploads\/2022\/05\/logo-perfil.png","width":1080,"height":1080,"caption":"SIMUSAR"},"image":{"@id":"https:\/\/simusar.com.br\/wfe\/#\/schema\/logo\/image\/"},"sameAs":["https:\/\/www.facebook.com\/simusaroficial","https:\/\/www.instagram.com\/simusaroficial"]},{"@type":"Person","@id":"https:\/\/simusar.com.br\/wfe\/#\/schema\/person\/7bbff4b09265c81fe98c20bae4e03e83","name":"admin","sameAs":["http:\/\/simusar.com.br\/wfe"],"url":"https:\/\/simusar.com.br\/wfe\/author\/admin\/"}]}},"_links":{"self":[{"href":"https:\/\/simusar.com.br\/wfe\/wp-json\/wp\/v2\/posts\/2498","targetHints":{"allow":["GET"]}}],"collection":[{"href":"https:\/\/simusar.com.br\/wfe\/wp-json\/wp\/v2\/posts"}],"about":[{"href":"https:\/\/simusar.com.br\/wfe\/wp-json\/wp\/v2\/types\/post"}],"author":[{"embeddable":true,"href":"https:\/\/simusar.com.br\/wfe\/wp-json\/wp\/v2\/users\/1"}],"replies":[{"embeddable":true,"href":"https:\/\/simusar.com.br\/wfe\/wp-json\/wp\/v2\/comments?post=2498"}],"version-history":[{"count":1,"href":"https:\/\/simusar.com.br\/wfe\/wp-json\/wp\/v2\/posts\/2498\/revisions"}],"predecessor-version":[{"id":2500,"href":"https:\/\/simusar.com.br\/wfe\/wp-json\/wp\/v2\/posts\/2498\/revisions\/2500"}],"wp:featuredmedia":[{"embeddable":true,"href":"https:\/\/simusar.com.br\/wfe\/wp-json\/wp\/v2\/media\/2499"}],"wp:attachment":[{"href":"https:\/\/simusar.com.br\/wfe\/wp-json\/wp\/v2\/media?parent=2498"}],"wp:term":[{"taxonomy":"category","embeddable":true,"href":"https:\/\/simusar.com.br\/wfe\/wp-json\/wp\/v2\/categories?post=2498"},{"taxonomy":"post_tag","embeddable":true,"href":"https:\/\/simusar.com.br\/wfe\/wp-json\/wp\/v2\/tags?post=2498"}],"curies":[{"name":"wp","href":"https:\/\/api.w.org\/{rel}","templated":true}]}}