{"id":2516,"date":"2023-02-21T19:31:44","date_gmt":"2023-02-21T19:31:44","guid":{"rendered":"http:\/\/simusar.com.br\/wfe\/?p=2516"},"modified":"2023-02-21T19:33:25","modified_gmt":"2023-02-21T19:33:25","slug":"calculo-das-horas-aulas-para-professores-municipais","status":"publish","type":"post","link":"https:\/\/simusar.com.br\/wfe\/calculo-das-horas-aulas-para-professores-municipais\/","title":{"rendered":"C\u00e1lculo das horas\/aulas para professores municipais"},"content":{"rendered":"<div class=\"wp-block-image\">\n<figure class=\"alignleft size-medium is-resized\"><img loading=\"lazy\" decoding=\"async\" src=\"http:\/\/simusar.com.br\/wfe\/wp-content\/uploads\/2023\/02\/posts-2023-02-21T162925.031-300x300.png\" alt=\"\" class=\"wp-image-2518\" width=\"300\" height=\"300\" srcset=\"https:\/\/simusar.com.br\/wfe\/wp-content\/uploads\/2023\/02\/posts-2023-02-21T162925.031-300x300.png 300w, https:\/\/simusar.com.br\/wfe\/wp-content\/uploads\/2023\/02\/posts-2023-02-21T162925.031-1024x1024.png 1024w, https:\/\/simusar.com.br\/wfe\/wp-content\/uploads\/2023\/02\/posts-2023-02-21T162925.031-150x150.png 150w, https:\/\/simusar.com.br\/wfe\/wp-content\/uploads\/2023\/02\/posts-2023-02-21T162925.031-768x768.png 768w, https:\/\/simusar.com.br\/wfe\/wp-content\/uploads\/2023\/02\/posts-2023-02-21T162925.031.png 1080w\" sizes=\"auto, (max-width: 300px) 100vw, 300px\" \/><\/figure>\n<\/div>\n\n\n<p>Com as altera\u00e7\u00f5es nas horas di\u00e1rias trabalhadas nas escolas municipais de Santa Rosa, \u00e9 necess\u00e1rio que cada professor, seja do ensino fundamental ou da educa\u00e7\u00e3o infantil, fique atento se o seu direito as horas de planejamento est\u00e3o sendo respeitadas.<\/p>\n\n\n\n<p>Lembramos que a <strong><a href=\"https:\/\/www.planalto.gov.br\/ccivil_03\/_ato2007-2010\/2008\/lei\/l11738.htm\" target=\"_blank\" rel=\"noreferrer noopener\">Lei 11.738\/2008 <\/a><\/strong>est\u00e1 em vigor e ela, al\u00e9m de assegurar o piso da categoria, tamb\u00e9m assegura o m\u00ednimo de horas atividades para os docentes, em seu <strong>artigo 2\u00ba no par\u00e1grafo 4\u00ba<\/strong> diz:<br><em>\u201c\u00a7 4\u00ba &#8211; Na composi\u00e7\u00e3o da jornada de trabalho, observar-se-\u00e1 o limite m\u00e1ximo de 2\/3 (dois ter\u00e7os) da carga hor\u00e1ria para o desempenho das atividades de intera\u00e7\u00e3o com os educandos.\u201d<\/em><\/p>\n\n\n\n<p>Sendo assim o Simusar, com sua assessoria jur\u00eddica, construiu uma tabela para as horas atividades conforme a carga hor\u00e1ria e n\u00edvel.<\/p>\n\n\n\n<figure class=\"wp-block-image size-full\"><img loading=\"lazy\" decoding=\"async\" width=\"886\" height=\"205\" src=\"http:\/\/simusar.com.br\/wfe\/wp-content\/uploads\/2023\/02\/calulohoras-simusr.jpeg\" alt=\"\" class=\"wp-image-2517\" srcset=\"https:\/\/simusar.com.br\/wfe\/wp-content\/uploads\/2023\/02\/calulohoras-simusr.jpeg 886w, https:\/\/simusar.com.br\/wfe\/wp-content\/uploads\/2023\/02\/calulohoras-simusr-300x69.jpeg 300w, https:\/\/simusar.com.br\/wfe\/wp-content\/uploads\/2023\/02\/calulohoras-simusr-768x178.jpeg 768w\" sizes=\"auto, (max-width: 886px) 100vw, 886px\" \/><\/figure>\n\n\n\n<blockquote class=\"wp-block-quote is-layout-flow wp-block-quote-is-layout-flow\">\n<p><strong><em>\u00c9 importante lembrar que cada professor deve exigir seu direito as horas atividades, n\u00e3o havendo o cumprimento, procure o Simusar.<\/em><\/strong><\/p>\n<\/blockquote>\n","protected":false},"excerpt":{"rendered":"<p>Com as altera\u00e7\u00f5es nas horas di\u00e1rias trabalhadas nas escolas municipais de Santa Rosa, \u00e9 necess\u00e1rio que cada professor, seja do ensino fundamental ou da educa\u00e7\u00e3o infantil, fique atento se o seu direito as horas de planejamento est\u00e3o sendo respeitadas. Lembramos que a Lei 11.738\/2008 est\u00e1 em vigor e ela, al\u00e9m de assegurar o piso da [&hellip;]<\/p>\n","protected":false},"author":1,"featured_media":2518,"comment_status":"closed","ping_status":"closed","sticky":false,"template":"","format":"standard","meta":{"_eb_attr":"","footnotes":""},"categories":[4],"tags":[82,48,53,85],"class_list":["post-2516","post","type-post","status-publish","format-standard","has-post-thumbnail","hentry","category-noticias","tag-municipio","tag-santa-rosa","tag-simusar","tag-sindical"],"yoast_head":"<!-- This site is optimized with the Yoast SEO plugin v26.2 - https:\/\/yoast.com\/wordpress\/plugins\/seo\/ -->\n<title>C\u00e1lculo das horas\/aulas para professores municipais - SIMUSAR<\/title>\n<meta name=\"robots\" content=\"index, follow, max-snippet:-1, max-image-preview:large, max-video-preview:-1\" \/>\n<link rel=\"canonical\" href=\"https:\/\/simusar.com.br\/wfe\/calculo-das-horas-aulas-para-professores-municipais\/\" \/>\n<meta property=\"og:locale\" content=\"pt_BR\" \/>\n<meta property=\"og:type\" content=\"article\" \/>\n<meta property=\"og:title\" content=\"C\u00e1lculo das horas\/aulas para professores municipais - SIMUSAR\" \/>\n<meta property=\"og:description\" content=\"Com as altera\u00e7\u00f5es nas horas di\u00e1rias trabalhadas nas escolas municipais de Santa Rosa, \u00e9 necess\u00e1rio que cada professor, seja do ensino fundamental ou da educa\u00e7\u00e3o infantil, fique atento se o seu direito as horas de planejamento est\u00e3o sendo respeitadas. Lembramos que a Lei 11.738\/2008 est\u00e1 em vigor e ela, al\u00e9m de assegurar o piso da [&hellip;]\" \/>\n<meta property=\"og:url\" content=\"https:\/\/simusar.com.br\/wfe\/calculo-das-horas-aulas-para-professores-municipais\/\" \/>\n<meta property=\"og:site_name\" content=\"SIMUSAR\" \/>\n<meta property=\"article:publisher\" content=\"https:\/\/www.facebook.com\/simusaroficial\" \/>\n<meta property=\"article:published_time\" content=\"2023-02-21T19:31:44+00:00\" \/>\n<meta property=\"article:modified_time\" content=\"2023-02-21T19:33:25+00:00\" \/>\n<meta property=\"og:image\" content=\"https:\/\/simusar.com.br\/wfe\/wp-content\/uploads\/2023\/02\/posts-2023-02-21T162925.031.png\" \/>\n\t<meta property=\"og:image:width\" content=\"1080\" \/>\n\t<meta property=\"og:image:height\" content=\"1080\" \/>\n\t<meta property=\"og:image:type\" content=\"image\/png\" \/>\n<meta name=\"author\" content=\"admin\" \/>\n<meta name=\"twitter:card\" content=\"summary_large_image\" \/>\n<meta name=\"twitter:label1\" content=\"Escrito por\" \/>\n\t<meta name=\"twitter:data1\" content=\"admin\" \/>\n\t<meta name=\"twitter:label2\" content=\"Est. tempo de leitura\" \/>\n\t<meta name=\"twitter:data2\" content=\"2 minutos\" \/>\n<script type=\"application\/ld+json\" class=\"yoast-schema-graph\">{\"@context\":\"https:\/\/schema.org\",\"@graph\":[{\"@type\":\"Article\",\"@id\":\"https:\/\/simusar.com.br\/wfe\/calculo-das-horas-aulas-para-professores-municipais\/#article\",\"isPartOf\":{\"@id\":\"https:\/\/simusar.com.br\/wfe\/calculo-das-horas-aulas-para-professores-municipais\/\"},\"author\":{\"name\":\"admin\",\"@id\":\"https:\/\/simusar.com.br\/wfe\/#\/schema\/person\/7bbff4b09265c81fe98c20bae4e03e83\"},\"headline\":\"C\u00e1lculo das horas\/aulas para professores municipais\",\"datePublished\":\"2023-02-21T19:31:44+00:00\",\"dateModified\":\"2023-02-21T19:33:25+00:00\",\"mainEntityOfPage\":{\"@id\":\"https:\/\/simusar.com.br\/wfe\/calculo-das-horas-aulas-para-professores-municipais\/\"},\"wordCount\":163,\"publisher\":{\"@id\":\"https:\/\/simusar.com.br\/wfe\/#organization\"},\"image\":{\"@id\":\"https:\/\/simusar.com.br\/wfe\/calculo-das-horas-aulas-para-professores-municipais\/#primaryimage\"},\"thumbnailUrl\":\"https:\/\/simusar.com.br\/wfe\/wp-content\/uploads\/2023\/02\/posts-2023-02-21T162925.031.png\",\"keywords\":[\"munic\u00edpio\",\"santa rosa\",\"simusar\",\"sindical\"],\"articleSection\":[\"Noticias\"],\"inLanguage\":\"pt-BR\"},{\"@type\":\"WebPage\",\"@id\":\"https:\/\/simusar.com.br\/wfe\/calculo-das-horas-aulas-para-professores-municipais\/\",\"url\":\"https:\/\/simusar.com.br\/wfe\/calculo-das-horas-aulas-para-professores-municipais\/\",\"name\":\"C\u00e1lculo das horas\/aulas para professores municipais - SIMUSAR\",\"isPartOf\":{\"@id\":\"https:\/\/simusar.com.br\/wfe\/#website\"},\"primaryImageOfPage\":{\"@id\":\"https:\/\/simusar.com.br\/wfe\/calculo-das-horas-aulas-para-professores-municipais\/#primaryimage\"},\"image\":{\"@id\":\"https:\/\/simusar.com.br\/wfe\/calculo-das-horas-aulas-para-professores-municipais\/#primaryimage\"},\"thumbnailUrl\":\"https:\/\/simusar.com.br\/wfe\/wp-content\/uploads\/2023\/02\/posts-2023-02-21T162925.031.png\",\"datePublished\":\"2023-02-21T19:31:44+00:00\",\"dateModified\":\"2023-02-21T19:33:25+00:00\",\"breadcrumb\":{\"@id\":\"https:\/\/simusar.com.br\/wfe\/calculo-das-horas-aulas-para-professores-municipais\/#breadcrumb\"},\"inLanguage\":\"pt-BR\",\"potentialAction\":[{\"@type\":\"ReadAction\",\"target\":[\"https:\/\/simusar.com.br\/wfe\/calculo-das-horas-aulas-para-professores-municipais\/\"]}]},{\"@type\":\"ImageObject\",\"inLanguage\":\"pt-BR\",\"@id\":\"https:\/\/simusar.com.br\/wfe\/calculo-das-horas-aulas-para-professores-municipais\/#primaryimage\",\"url\":\"https:\/\/simusar.com.br\/wfe\/wp-content\/uploads\/2023\/02\/posts-2023-02-21T162925.031.png\",\"contentUrl\":\"https:\/\/simusar.com.br\/wfe\/wp-content\/uploads\/2023\/02\/posts-2023-02-21T162925.031.png\",\"width\":1080,\"height\":1080},{\"@type\":\"BreadcrumbList\",\"@id\":\"https:\/\/simusar.com.br\/wfe\/calculo-das-horas-aulas-para-professores-municipais\/#breadcrumb\",\"itemListElement\":[{\"@type\":\"ListItem\",\"position\":1,\"name\":\"In\u00edcio\",\"item\":\"https:\/\/simusar.com.br\/wfe\/\"},{\"@type\":\"ListItem\",\"position\":2,\"name\":\"C\u00e1lculo das horas\/aulas para professores municipais\"}]},{\"@type\":\"WebSite\",\"@id\":\"https:\/\/simusar.com.br\/wfe\/#website\",\"url\":\"https:\/\/simusar.com.br\/wfe\/\",\"name\":\"SIMUSAR\",\"description\":\"Sindicatos dos Servidores Municipais de Santa Rosa\",\"publisher\":{\"@id\":\"https:\/\/simusar.com.br\/wfe\/#organization\"},\"potentialAction\":[{\"@type\":\"SearchAction\",\"target\":{\"@type\":\"EntryPoint\",\"urlTemplate\":\"https:\/\/simusar.com.br\/wfe\/?s={search_term_string}\"},\"query-input\":{\"@type\":\"PropertyValueSpecification\",\"valueRequired\":true,\"valueName\":\"search_term_string\"}}],\"inLanguage\":\"pt-BR\"},{\"@type\":\"Organization\",\"@id\":\"https:\/\/simusar.com.br\/wfe\/#organization\",\"name\":\"SIMUSAR\",\"url\":\"https:\/\/simusar.com.br\/wfe\/\",\"logo\":{\"@type\":\"ImageObject\",\"inLanguage\":\"pt-BR\",\"@id\":\"https:\/\/simusar.com.br\/wfe\/#\/schema\/logo\/image\/\",\"url\":\"https:\/\/simusar.com.br\/wfe\/wp-content\/uploads\/2022\/05\/logo-perfil.png\",\"contentUrl\":\"https:\/\/simusar.com.br\/wfe\/wp-content\/uploads\/2022\/05\/logo-perfil.png\",\"width\":1080,\"height\":1080,\"caption\":\"SIMUSAR\"},\"image\":{\"@id\":\"https:\/\/simusar.com.br\/wfe\/#\/schema\/logo\/image\/\"},\"sameAs\":[\"https:\/\/www.facebook.com\/simusaroficial\",\"https:\/\/www.instagram.com\/simusaroficial\"]},{\"@type\":\"Person\",\"@id\":\"https:\/\/simusar.com.br\/wfe\/#\/schema\/person\/7bbff4b09265c81fe98c20bae4e03e83\",\"name\":\"admin\",\"sameAs\":[\"http:\/\/simusar.com.br\/wfe\"],\"url\":\"https:\/\/simusar.com.br\/wfe\/author\/admin\/\"}]}<\/script>\n<!-- \/ Yoast SEO plugin. -->","yoast_head_json":{"title":"C\u00e1lculo das horas\/aulas para professores municipais - SIMUSAR","robots":{"index":"index","follow":"follow","max-snippet":"max-snippet:-1","max-image-preview":"max-image-preview:large","max-video-preview":"max-video-preview:-1"},"canonical":"https:\/\/simusar.com.br\/wfe\/calculo-das-horas-aulas-para-professores-municipais\/","og_locale":"pt_BR","og_type":"article","og_title":"C\u00e1lculo das horas\/aulas para professores municipais - SIMUSAR","og_description":"Com as altera\u00e7\u00f5es nas horas di\u00e1rias trabalhadas nas escolas municipais de Santa Rosa, \u00e9 necess\u00e1rio que cada professor, seja do ensino fundamental ou da educa\u00e7\u00e3o infantil, fique atento se o seu direito as horas de planejamento est\u00e3o sendo respeitadas. Lembramos que a Lei 11.738\/2008 est\u00e1 em vigor e ela, al\u00e9m de assegurar o piso da [&hellip;]","og_url":"https:\/\/simusar.com.br\/wfe\/calculo-das-horas-aulas-para-professores-municipais\/","og_site_name":"SIMUSAR","article_publisher":"https:\/\/www.facebook.com\/simusaroficial","article_published_time":"2023-02-21T19:31:44+00:00","article_modified_time":"2023-02-21T19:33:25+00:00","og_image":[{"width":1080,"height":1080,"url":"https:\/\/simusar.com.br\/wfe\/wp-content\/uploads\/2023\/02\/posts-2023-02-21T162925.031.png","type":"image\/png"}],"author":"admin","twitter_card":"summary_large_image","twitter_misc":{"Escrito por":"admin","Est. tempo de leitura":"2 minutos"},"schema":{"@context":"https:\/\/schema.org","@graph":[{"@type":"Article","@id":"https:\/\/simusar.com.br\/wfe\/calculo-das-horas-aulas-para-professores-municipais\/#article","isPartOf":{"@id":"https:\/\/simusar.com.br\/wfe\/calculo-das-horas-aulas-para-professores-municipais\/"},"author":{"name":"admin","@id":"https:\/\/simusar.com.br\/wfe\/#\/schema\/person\/7bbff4b09265c81fe98c20bae4e03e83"},"headline":"C\u00e1lculo das horas\/aulas para professores municipais","datePublished":"2023-02-21T19:31:44+00:00","dateModified":"2023-02-21T19:33:25+00:00","mainEntityOfPage":{"@id":"https:\/\/simusar.com.br\/wfe\/calculo-das-horas-aulas-para-professores-municipais\/"},"wordCount":163,"publisher":{"@id":"https:\/\/simusar.com.br\/wfe\/#organization"},"image":{"@id":"https:\/\/simusar.com.br\/wfe\/calculo-das-horas-aulas-para-professores-municipais\/#primaryimage"},"thumbnailUrl":"https:\/\/simusar.com.br\/wfe\/wp-content\/uploads\/2023\/02\/posts-2023-02-21T162925.031.png","keywords":["munic\u00edpio","santa rosa","simusar","sindical"],"articleSection":["Noticias"],"inLanguage":"pt-BR"},{"@type":"WebPage","@id":"https:\/\/simusar.com.br\/wfe\/calculo-das-horas-aulas-para-professores-municipais\/","url":"https:\/\/simusar.com.br\/wfe\/calculo-das-horas-aulas-para-professores-municipais\/","name":"C\u00e1lculo das horas\/aulas para professores municipais - SIMUSAR","isPartOf":{"@id":"https:\/\/simusar.com.br\/wfe\/#website"},"primaryImageOfPage":{"@id":"https:\/\/simusar.com.br\/wfe\/calculo-das-horas-aulas-para-professores-municipais\/#primaryimage"},"image":{"@id":"https:\/\/simusar.com.br\/wfe\/calculo-das-horas-aulas-para-professores-municipais\/#primaryimage"},"thumbnailUrl":"https:\/\/simusar.com.br\/wfe\/wp-content\/uploads\/2023\/02\/posts-2023-02-21T162925.031.png","datePublished":"2023-02-21T19:31:44+00:00","dateModified":"2023-02-21T19:33:25+00:00","breadcrumb":{"@id":"https:\/\/simusar.com.br\/wfe\/calculo-das-horas-aulas-para-professores-municipais\/#breadcrumb"},"inLanguage":"pt-BR","potentialAction":[{"@type":"ReadAction","target":["https:\/\/simusar.com.br\/wfe\/calculo-das-horas-aulas-para-professores-municipais\/"]}]},{"@type":"ImageObject","inLanguage":"pt-BR","@id":"https:\/\/simusar.com.br\/wfe\/calculo-das-horas-aulas-para-professores-municipais\/#primaryimage","url":"https:\/\/simusar.com.br\/wfe\/wp-content\/uploads\/2023\/02\/posts-2023-02-21T162925.031.png","contentUrl":"https:\/\/simusar.com.br\/wfe\/wp-content\/uploads\/2023\/02\/posts-2023-02-21T162925.031.png","width":1080,"height":1080},{"@type":"BreadcrumbList","@id":"https:\/\/simusar.com.br\/wfe\/calculo-das-horas-aulas-para-professores-municipais\/#breadcrumb","itemListElement":[{"@type":"ListItem","position":1,"name":"In\u00edcio","item":"https:\/\/simusar.com.br\/wfe\/"},{"@type":"ListItem","position":2,"name":"C\u00e1lculo das horas\/aulas para professores municipais"}]},{"@type":"WebSite","@id":"https:\/\/simusar.com.br\/wfe\/#website","url":"https:\/\/simusar.com.br\/wfe\/","name":"SIMUSAR","description":"Sindicatos dos Servidores Municipais de Santa Rosa","publisher":{"@id":"https:\/\/simusar.com.br\/wfe\/#organization"},"potentialAction":[{"@type":"SearchAction","target":{"@type":"EntryPoint","urlTemplate":"https:\/\/simusar.com.br\/wfe\/?s={search_term_string}"},"query-input":{"@type":"PropertyValueSpecification","valueRequired":true,"valueName":"search_term_string"}}],"inLanguage":"pt-BR"},{"@type":"Organization","@id":"https:\/\/simusar.com.br\/wfe\/#organization","name":"SIMUSAR","url":"https:\/\/simusar.com.br\/wfe\/","logo":{"@type":"ImageObject","inLanguage":"pt-BR","@id":"https:\/\/simusar.com.br\/wfe\/#\/schema\/logo\/image\/","url":"https:\/\/simusar.com.br\/wfe\/wp-content\/uploads\/2022\/05\/logo-perfil.png","contentUrl":"https:\/\/simusar.com.br\/wfe\/wp-content\/uploads\/2022\/05\/logo-perfil.png","width":1080,"height":1080,"caption":"SIMUSAR"},"image":{"@id":"https:\/\/simusar.com.br\/wfe\/#\/schema\/logo\/image\/"},"sameAs":["https:\/\/www.facebook.com\/simusaroficial","https:\/\/www.instagram.com\/simusaroficial"]},{"@type":"Person","@id":"https:\/\/simusar.com.br\/wfe\/#\/schema\/person\/7bbff4b09265c81fe98c20bae4e03e83","name":"admin","sameAs":["http:\/\/simusar.com.br\/wfe"],"url":"https:\/\/simusar.com.br\/wfe\/author\/admin\/"}]}},"_links":{"self":[{"href":"https:\/\/simusar.com.br\/wfe\/wp-json\/wp\/v2\/posts\/2516","targetHints":{"allow":["GET"]}}],"collection":[{"href":"https:\/\/simusar.com.br\/wfe\/wp-json\/wp\/v2\/posts"}],"about":[{"href":"https:\/\/simusar.com.br\/wfe\/wp-json\/wp\/v2\/types\/post"}],"author":[{"embeddable":true,"href":"https:\/\/simusar.com.br\/wfe\/wp-json\/wp\/v2\/users\/1"}],"replies":[{"embeddable":true,"href":"https:\/\/simusar.com.br\/wfe\/wp-json\/wp\/v2\/comments?post=2516"}],"version-history":[{"count":3,"href":"https:\/\/simusar.com.br\/wfe\/wp-json\/wp\/v2\/posts\/2516\/revisions"}],"predecessor-version":[{"id":2521,"href":"https:\/\/simusar.com.br\/wfe\/wp-json\/wp\/v2\/posts\/2516\/revisions\/2521"}],"wp:featuredmedia":[{"embeddable":true,"href":"https:\/\/simusar.com.br\/wfe\/wp-json\/wp\/v2\/media\/2518"}],"wp:attachment":[{"href":"https:\/\/simusar.com.br\/wfe\/wp-json\/wp\/v2\/media?parent=2516"}],"wp:term":[{"taxonomy":"category","embeddable":true,"href":"https:\/\/simusar.com.br\/wfe\/wp-json\/wp\/v2\/categories?post=2516"},{"taxonomy":"post_tag","embeddable":true,"href":"https:\/\/simusar.com.br\/wfe\/wp-json\/wp\/v2\/tags?post=2516"}],"curies":[{"name":"wp","href":"https:\/\/api.w.org\/{rel}","templated":true}]}}