{"id":2592,"date":"2023-03-23T11:52:21","date_gmt":"2023-03-23T11:52:21","guid":{"rendered":"https:\/\/simusar.com.br\/wfe\/?p=2592"},"modified":"2023-03-23T11:52:22","modified_gmt":"2023-03-23T11:52:22","slug":"simusar-e-smec-reuniram-se-para-discutir-assuntos-em-prol-da-categoria-dos-professores-municipais","status":"publish","type":"post","link":"https:\/\/simusar.com.br\/wfe\/simusar-e-smec-reuniram-se-para-discutir-assuntos-em-prol-da-categoria-dos-professores-municipais\/","title":{"rendered":"SIMUSAR e SMEC, reuniram-se para discutir assuntos em prol da categoria dos professores municipais."},"content":{"rendered":"\n<p>Nesta semana, dia 21\/03, ter\u00e7a-feira, o Sindicato, representado pelo presidente da entidade, Jonas Fusiger e do Advogado Dr. Jos\u00e9 S\u00e1vio Hermes, estiveram reunidos com representantes da Secretaria Municipal da Educa\u00e7\u00e3o e Cultura, Lires Zimmermann Fuhr, Secret\u00e1ria Municipal, Professora Josi, Diretora do Ensino Fundamental e, Professora Leila, Diretora da Educa\u00e7\u00e3o Infantil.<\/p>\n\n\n\n<p>Na reuni\u00e3o foi discutido sobre diversos assuntos, dentre eles, o regramento das horas extras feitas nas escolas &#8211; h\u00e1 necessidade de clareza nas regras para organiza\u00e7\u00e3o tanto dos servidores, quanto dos departamentos envolvidos. O sindicato j\u00e1 havia solicitado ao RH esse regramento, que est\u00e1 sob an\u00e1lise no setor. Foi debatido tamb\u00e9m sobre as horas atividades dos professores &#8211; h\u00e1 um entendimento diferente do sindicato e da SMEC, com isso \u00e9 necess\u00e1rio amplia\u00e7\u00e3o do debate para constru\u00e7\u00e3o de uma solu\u00e7\u00e3o.<\/p>\n\n\n\n<p>Foi falado tamb\u00e9m sobre o cumprimento da Lei do Piso, como representantes do Sindicato, cobramos no sentido de que a secretaria tenha um posicionamento favor\u00e1vel aos professores, mas eles argumentaram da mesma forma que pelas orienta\u00e7\u00f5es da FAMURS e da CNE, uma linha em que o Piso n\u00e3o precisa ser pago, por\u00e9m, o nosso entendimento \u00e9 bem diferente.&nbsp;<\/p>\n\n\n\n<p>Tamb\u00e9m foi conversado na reuni\u00e3o com a SMEC, sobre a organiza\u00e7\u00e3o do calend\u00e1rio escolar, no qual o sindicato n\u00e3o foi convidado para a constru\u00e7\u00e3o do mesmo, enfatizamos a import\u00e2ncia da participa\u00e7\u00e3o da entidade nas decis\u00f5es, pois, desta forma, contribu\u00edmos muito, e o sindicato pode conversar com os colegas professores e levar at\u00e9 a secretaria suas observa\u00e7\u00f5es.<\/p>\n","protected":false},"excerpt":{"rendered":"<p>Nesta semana, dia 21\/03, ter\u00e7a-feira, o Sindicato, representado pelo presidente da entidade, Jonas Fusiger e do Advogado Dr. Jos\u00e9 S\u00e1vio Hermes, estiveram reunidos com representantes da Secretaria Municipal da Educa\u00e7\u00e3o e Cultura, Lires Zimmermann Fuhr, Secret\u00e1ria Municipal, Professora Josi, Diretora do Ensino Fundamental e, Professora Leila, Diretora da Educa\u00e7\u00e3o Infantil. Na reuni\u00e3o foi discutido sobre [&hellip;]<\/p>\n","protected":false},"author":1,"featured_media":2593,"comment_status":"closed","ping_status":"open","sticky":false,"template":"","format":"standard","meta":{"_eb_attr":"","footnotes":""},"categories":[4],"tags":[],"class_list":["post-2592","post","type-post","status-publish","format-standard","has-post-thumbnail","hentry","category-noticias"],"yoast_head":"<!-- This site is optimized with the Yoast SEO plugin v26.2 - https:\/\/yoast.com\/wordpress\/plugins\/seo\/ -->\n<title>SIMUSAR e SMEC, reuniram-se para discutir assuntos em prol da categoria dos professores municipais. - SIMUSAR<\/title>\n<meta name=\"robots\" content=\"index, follow, max-snippet:-1, max-image-preview:large, max-video-preview:-1\" \/>\n<link rel=\"canonical\" href=\"https:\/\/simusar.com.br\/wfe\/simusar-e-smec-reuniram-se-para-discutir-assuntos-em-prol-da-categoria-dos-professores-municipais\/\" \/>\n<meta property=\"og:locale\" content=\"pt_BR\" \/>\n<meta property=\"og:type\" content=\"article\" \/>\n<meta property=\"og:title\" content=\"SIMUSAR e SMEC, reuniram-se para discutir assuntos em prol da categoria dos professores municipais. - SIMUSAR\" \/>\n<meta property=\"og:description\" content=\"Nesta semana, dia 21\/03, ter\u00e7a-feira, o Sindicato, representado pelo presidente da entidade, Jonas Fusiger e do Advogado Dr. Jos\u00e9 S\u00e1vio Hermes, estiveram reunidos com representantes da Secretaria Municipal da Educa\u00e7\u00e3o e Cultura, Lires Zimmermann Fuhr, Secret\u00e1ria Municipal, Professora Josi, Diretora do Ensino Fundamental e, Professora Leila, Diretora da Educa\u00e7\u00e3o Infantil. Na reuni\u00e3o foi discutido sobre [&hellip;]\" \/>\n<meta property=\"og:url\" content=\"https:\/\/simusar.com.br\/wfe\/simusar-e-smec-reuniram-se-para-discutir-assuntos-em-prol-da-categoria-dos-professores-municipais\/\" \/>\n<meta property=\"og:site_name\" content=\"SIMUSAR\" \/>\n<meta property=\"article:publisher\" content=\"https:\/\/www.facebook.com\/simusaroficial\" \/>\n<meta property=\"article:published_time\" content=\"2023-03-23T11:52:21+00:00\" \/>\n<meta property=\"article:modified_time\" content=\"2023-03-23T11:52:22+00:00\" \/>\n<meta property=\"og:image\" content=\"http:\/\/simusar.com.br\/wfe\/wp-content\/uploads\/2023\/03\/posts-2023-03-23T084923.176.png\" \/>\n\t<meta property=\"og:image:width\" content=\"1080\" \/>\n\t<meta property=\"og:image:height\" content=\"1080\" \/>\n\t<meta property=\"og:image:type\" content=\"image\/png\" \/>\n<meta name=\"author\" content=\"admin\" \/>\n<meta name=\"twitter:card\" content=\"summary_large_image\" \/>\n<meta name=\"twitter:label1\" content=\"Escrito por\" \/>\n\t<meta name=\"twitter:data1\" content=\"admin\" \/>\n\t<meta name=\"twitter:label2\" content=\"Est. tempo de leitura\" \/>\n\t<meta name=\"twitter:data2\" content=\"2 minutos\" \/>\n<script type=\"application\/ld+json\" class=\"yoast-schema-graph\">{\"@context\":\"https:\/\/schema.org\",\"@graph\":[{\"@type\":\"Article\",\"@id\":\"https:\/\/simusar.com.br\/wfe\/simusar-e-smec-reuniram-se-para-discutir-assuntos-em-prol-da-categoria-dos-professores-municipais\/#article\",\"isPartOf\":{\"@id\":\"https:\/\/simusar.com.br\/wfe\/simusar-e-smec-reuniram-se-para-discutir-assuntos-em-prol-da-categoria-dos-professores-municipais\/\"},\"author\":{\"name\":\"admin\",\"@id\":\"https:\/\/simusar.com.br\/wfe\/#\/schema\/person\/7bbff4b09265c81fe98c20bae4e03e83\"},\"headline\":\"SIMUSAR e SMEC, reuniram-se para discutir assuntos em prol da categoria dos professores municipais.\",\"datePublished\":\"2023-03-23T11:52:21+00:00\",\"dateModified\":\"2023-03-23T11:52:22+00:00\",\"mainEntityOfPage\":{\"@id\":\"https:\/\/simusar.com.br\/wfe\/simusar-e-smec-reuniram-se-para-discutir-assuntos-em-prol-da-categoria-dos-professores-municipais\/\"},\"wordCount\":284,\"publisher\":{\"@id\":\"https:\/\/simusar.com.br\/wfe\/#organization\"},\"image\":{\"@id\":\"https:\/\/simusar.com.br\/wfe\/simusar-e-smec-reuniram-se-para-discutir-assuntos-em-prol-da-categoria-dos-professores-municipais\/#primaryimage\"},\"thumbnailUrl\":\"https:\/\/simusar.com.br\/wfe\/wp-content\/uploads\/2023\/03\/posts-2023-03-23T084923.176.png\",\"articleSection\":[\"Noticias\"],\"inLanguage\":\"pt-BR\"},{\"@type\":\"WebPage\",\"@id\":\"https:\/\/simusar.com.br\/wfe\/simusar-e-smec-reuniram-se-para-discutir-assuntos-em-prol-da-categoria-dos-professores-municipais\/\",\"url\":\"https:\/\/simusar.com.br\/wfe\/simusar-e-smec-reuniram-se-para-discutir-assuntos-em-prol-da-categoria-dos-professores-municipais\/\",\"name\":\"SIMUSAR e SMEC, reuniram-se para discutir assuntos em prol da categoria dos professores municipais. - SIMUSAR\",\"isPartOf\":{\"@id\":\"https:\/\/simusar.com.br\/wfe\/#website\"},\"primaryImageOfPage\":{\"@id\":\"https:\/\/simusar.com.br\/wfe\/simusar-e-smec-reuniram-se-para-discutir-assuntos-em-prol-da-categoria-dos-professores-municipais\/#primaryimage\"},\"image\":{\"@id\":\"https:\/\/simusar.com.br\/wfe\/simusar-e-smec-reuniram-se-para-discutir-assuntos-em-prol-da-categoria-dos-professores-municipais\/#primaryimage\"},\"thumbnailUrl\":\"https:\/\/simusar.com.br\/wfe\/wp-content\/uploads\/2023\/03\/posts-2023-03-23T084923.176.png\",\"datePublished\":\"2023-03-23T11:52:21+00:00\",\"dateModified\":\"2023-03-23T11:52:22+00:00\",\"breadcrumb\":{\"@id\":\"https:\/\/simusar.com.br\/wfe\/simusar-e-smec-reuniram-se-para-discutir-assuntos-em-prol-da-categoria-dos-professores-municipais\/#breadcrumb\"},\"inLanguage\":\"pt-BR\",\"potentialAction\":[{\"@type\":\"ReadAction\",\"target\":[\"https:\/\/simusar.com.br\/wfe\/simusar-e-smec-reuniram-se-para-discutir-assuntos-em-prol-da-categoria-dos-professores-municipais\/\"]}]},{\"@type\":\"ImageObject\",\"inLanguage\":\"pt-BR\",\"@id\":\"https:\/\/simusar.com.br\/wfe\/simusar-e-smec-reuniram-se-para-discutir-assuntos-em-prol-da-categoria-dos-professores-municipais\/#primaryimage\",\"url\":\"https:\/\/simusar.com.br\/wfe\/wp-content\/uploads\/2023\/03\/posts-2023-03-23T084923.176.png\",\"contentUrl\":\"https:\/\/simusar.com.br\/wfe\/wp-content\/uploads\/2023\/03\/posts-2023-03-23T084923.176.png\",\"width\":1080,\"height\":1080},{\"@type\":\"BreadcrumbList\",\"@id\":\"https:\/\/simusar.com.br\/wfe\/simusar-e-smec-reuniram-se-para-discutir-assuntos-em-prol-da-categoria-dos-professores-municipais\/#breadcrumb\",\"itemListElement\":[{\"@type\":\"ListItem\",\"position\":1,\"name\":\"In\u00edcio\",\"item\":\"https:\/\/simusar.com.br\/wfe\/\"},{\"@type\":\"ListItem\",\"position\":2,\"name\":\"SIMUSAR e SMEC, reuniram-se para discutir assuntos em prol da categoria dos professores municipais.\"}]},{\"@type\":\"WebSite\",\"@id\":\"https:\/\/simusar.com.br\/wfe\/#website\",\"url\":\"https:\/\/simusar.com.br\/wfe\/\",\"name\":\"SIMUSAR\",\"description\":\"Sindicatos dos Servidores Municipais de Santa Rosa\",\"publisher\":{\"@id\":\"https:\/\/simusar.com.br\/wfe\/#organization\"},\"potentialAction\":[{\"@type\":\"SearchAction\",\"target\":{\"@type\":\"EntryPoint\",\"urlTemplate\":\"https:\/\/simusar.com.br\/wfe\/?s={search_term_string}\"},\"query-input\":{\"@type\":\"PropertyValueSpecification\",\"valueRequired\":true,\"valueName\":\"search_term_string\"}}],\"inLanguage\":\"pt-BR\"},{\"@type\":\"Organization\",\"@id\":\"https:\/\/simusar.com.br\/wfe\/#organization\",\"name\":\"SIMUSAR\",\"url\":\"https:\/\/simusar.com.br\/wfe\/\",\"logo\":{\"@type\":\"ImageObject\",\"inLanguage\":\"pt-BR\",\"@id\":\"https:\/\/simusar.com.br\/wfe\/#\/schema\/logo\/image\/\",\"url\":\"https:\/\/simusar.com.br\/wfe\/wp-content\/uploads\/2022\/05\/logo-perfil.png\",\"contentUrl\":\"https:\/\/simusar.com.br\/wfe\/wp-content\/uploads\/2022\/05\/logo-perfil.png\",\"width\":1080,\"height\":1080,\"caption\":\"SIMUSAR\"},\"image\":{\"@id\":\"https:\/\/simusar.com.br\/wfe\/#\/schema\/logo\/image\/\"},\"sameAs\":[\"https:\/\/www.facebook.com\/simusaroficial\",\"https:\/\/www.instagram.com\/simusaroficial\"]},{\"@type\":\"Person\",\"@id\":\"https:\/\/simusar.com.br\/wfe\/#\/schema\/person\/7bbff4b09265c81fe98c20bae4e03e83\",\"name\":\"admin\",\"sameAs\":[\"http:\/\/simusar.com.br\/wfe\"],\"url\":\"https:\/\/simusar.com.br\/wfe\/author\/admin\/\"}]}<\/script>\n<!-- \/ Yoast SEO plugin. -->","yoast_head_json":{"title":"SIMUSAR e SMEC, reuniram-se para discutir assuntos em prol da categoria dos professores municipais. - SIMUSAR","robots":{"index":"index","follow":"follow","max-snippet":"max-snippet:-1","max-image-preview":"max-image-preview:large","max-video-preview":"max-video-preview:-1"},"canonical":"https:\/\/simusar.com.br\/wfe\/simusar-e-smec-reuniram-se-para-discutir-assuntos-em-prol-da-categoria-dos-professores-municipais\/","og_locale":"pt_BR","og_type":"article","og_title":"SIMUSAR e SMEC, reuniram-se para discutir assuntos em prol da categoria dos professores municipais. - SIMUSAR","og_description":"Nesta semana, dia 21\/03, ter\u00e7a-feira, o Sindicato, representado pelo presidente da entidade, Jonas Fusiger e do Advogado Dr. Jos\u00e9 S\u00e1vio Hermes, estiveram reunidos com representantes da Secretaria Municipal da Educa\u00e7\u00e3o e Cultura, Lires Zimmermann Fuhr, Secret\u00e1ria Municipal, Professora Josi, Diretora do Ensino Fundamental e, Professora Leila, Diretora da Educa\u00e7\u00e3o Infantil. Na reuni\u00e3o foi discutido sobre [&hellip;]","og_url":"https:\/\/simusar.com.br\/wfe\/simusar-e-smec-reuniram-se-para-discutir-assuntos-em-prol-da-categoria-dos-professores-municipais\/","og_site_name":"SIMUSAR","article_publisher":"https:\/\/www.facebook.com\/simusaroficial","article_published_time":"2023-03-23T11:52:21+00:00","article_modified_time":"2023-03-23T11:52:22+00:00","og_image":[{"width":1080,"height":1080,"url":"http:\/\/simusar.com.br\/wfe\/wp-content\/uploads\/2023\/03\/posts-2023-03-23T084923.176.png","type":"image\/png"}],"author":"admin","twitter_card":"summary_large_image","twitter_misc":{"Escrito por":"admin","Est. tempo de leitura":"2 minutos"},"schema":{"@context":"https:\/\/schema.org","@graph":[{"@type":"Article","@id":"https:\/\/simusar.com.br\/wfe\/simusar-e-smec-reuniram-se-para-discutir-assuntos-em-prol-da-categoria-dos-professores-municipais\/#article","isPartOf":{"@id":"https:\/\/simusar.com.br\/wfe\/simusar-e-smec-reuniram-se-para-discutir-assuntos-em-prol-da-categoria-dos-professores-municipais\/"},"author":{"name":"admin","@id":"https:\/\/simusar.com.br\/wfe\/#\/schema\/person\/7bbff4b09265c81fe98c20bae4e03e83"},"headline":"SIMUSAR e SMEC, reuniram-se para discutir assuntos em prol da categoria dos professores municipais.","datePublished":"2023-03-23T11:52:21+00:00","dateModified":"2023-03-23T11:52:22+00:00","mainEntityOfPage":{"@id":"https:\/\/simusar.com.br\/wfe\/simusar-e-smec-reuniram-se-para-discutir-assuntos-em-prol-da-categoria-dos-professores-municipais\/"},"wordCount":284,"publisher":{"@id":"https:\/\/simusar.com.br\/wfe\/#organization"},"image":{"@id":"https:\/\/simusar.com.br\/wfe\/simusar-e-smec-reuniram-se-para-discutir-assuntos-em-prol-da-categoria-dos-professores-municipais\/#primaryimage"},"thumbnailUrl":"https:\/\/simusar.com.br\/wfe\/wp-content\/uploads\/2023\/03\/posts-2023-03-23T084923.176.png","articleSection":["Noticias"],"inLanguage":"pt-BR"},{"@type":"WebPage","@id":"https:\/\/simusar.com.br\/wfe\/simusar-e-smec-reuniram-se-para-discutir-assuntos-em-prol-da-categoria-dos-professores-municipais\/","url":"https:\/\/simusar.com.br\/wfe\/simusar-e-smec-reuniram-se-para-discutir-assuntos-em-prol-da-categoria-dos-professores-municipais\/","name":"SIMUSAR e SMEC, reuniram-se para discutir assuntos em prol da categoria dos professores municipais. - SIMUSAR","isPartOf":{"@id":"https:\/\/simusar.com.br\/wfe\/#website"},"primaryImageOfPage":{"@id":"https:\/\/simusar.com.br\/wfe\/simusar-e-smec-reuniram-se-para-discutir-assuntos-em-prol-da-categoria-dos-professores-municipais\/#primaryimage"},"image":{"@id":"https:\/\/simusar.com.br\/wfe\/simusar-e-smec-reuniram-se-para-discutir-assuntos-em-prol-da-categoria-dos-professores-municipais\/#primaryimage"},"thumbnailUrl":"https:\/\/simusar.com.br\/wfe\/wp-content\/uploads\/2023\/03\/posts-2023-03-23T084923.176.png","datePublished":"2023-03-23T11:52:21+00:00","dateModified":"2023-03-23T11:52:22+00:00","breadcrumb":{"@id":"https:\/\/simusar.com.br\/wfe\/simusar-e-smec-reuniram-se-para-discutir-assuntos-em-prol-da-categoria-dos-professores-municipais\/#breadcrumb"},"inLanguage":"pt-BR","potentialAction":[{"@type":"ReadAction","target":["https:\/\/simusar.com.br\/wfe\/simusar-e-smec-reuniram-se-para-discutir-assuntos-em-prol-da-categoria-dos-professores-municipais\/"]}]},{"@type":"ImageObject","inLanguage":"pt-BR","@id":"https:\/\/simusar.com.br\/wfe\/simusar-e-smec-reuniram-se-para-discutir-assuntos-em-prol-da-categoria-dos-professores-municipais\/#primaryimage","url":"https:\/\/simusar.com.br\/wfe\/wp-content\/uploads\/2023\/03\/posts-2023-03-23T084923.176.png","contentUrl":"https:\/\/simusar.com.br\/wfe\/wp-content\/uploads\/2023\/03\/posts-2023-03-23T084923.176.png","width":1080,"height":1080},{"@type":"BreadcrumbList","@id":"https:\/\/simusar.com.br\/wfe\/simusar-e-smec-reuniram-se-para-discutir-assuntos-em-prol-da-categoria-dos-professores-municipais\/#breadcrumb","itemListElement":[{"@type":"ListItem","position":1,"name":"In\u00edcio","item":"https:\/\/simusar.com.br\/wfe\/"},{"@type":"ListItem","position":2,"name":"SIMUSAR e SMEC, reuniram-se para discutir assuntos em prol da categoria dos professores municipais."}]},{"@type":"WebSite","@id":"https:\/\/simusar.com.br\/wfe\/#website","url":"https:\/\/simusar.com.br\/wfe\/","name":"SIMUSAR","description":"Sindicatos dos Servidores Municipais de Santa Rosa","publisher":{"@id":"https:\/\/simusar.com.br\/wfe\/#organization"},"potentialAction":[{"@type":"SearchAction","target":{"@type":"EntryPoint","urlTemplate":"https:\/\/simusar.com.br\/wfe\/?s={search_term_string}"},"query-input":{"@type":"PropertyValueSpecification","valueRequired":true,"valueName":"search_term_string"}}],"inLanguage":"pt-BR"},{"@type":"Organization","@id":"https:\/\/simusar.com.br\/wfe\/#organization","name":"SIMUSAR","url":"https:\/\/simusar.com.br\/wfe\/","logo":{"@type":"ImageObject","inLanguage":"pt-BR","@id":"https:\/\/simusar.com.br\/wfe\/#\/schema\/logo\/image\/","url":"https:\/\/simusar.com.br\/wfe\/wp-content\/uploads\/2022\/05\/logo-perfil.png","contentUrl":"https:\/\/simusar.com.br\/wfe\/wp-content\/uploads\/2022\/05\/logo-perfil.png","width":1080,"height":1080,"caption":"SIMUSAR"},"image":{"@id":"https:\/\/simusar.com.br\/wfe\/#\/schema\/logo\/image\/"},"sameAs":["https:\/\/www.facebook.com\/simusaroficial","https:\/\/www.instagram.com\/simusaroficial"]},{"@type":"Person","@id":"https:\/\/simusar.com.br\/wfe\/#\/schema\/person\/7bbff4b09265c81fe98c20bae4e03e83","name":"admin","sameAs":["http:\/\/simusar.com.br\/wfe"],"url":"https:\/\/simusar.com.br\/wfe\/author\/admin\/"}]}},"_links":{"self":[{"href":"https:\/\/simusar.com.br\/wfe\/wp-json\/wp\/v2\/posts\/2592","targetHints":{"allow":["GET"]}}],"collection":[{"href":"https:\/\/simusar.com.br\/wfe\/wp-json\/wp\/v2\/posts"}],"about":[{"href":"https:\/\/simusar.com.br\/wfe\/wp-json\/wp\/v2\/types\/post"}],"author":[{"embeddable":true,"href":"https:\/\/simusar.com.br\/wfe\/wp-json\/wp\/v2\/users\/1"}],"replies":[{"embeddable":true,"href":"https:\/\/simusar.com.br\/wfe\/wp-json\/wp\/v2\/comments?post=2592"}],"version-history":[{"count":1,"href":"https:\/\/simusar.com.br\/wfe\/wp-json\/wp\/v2\/posts\/2592\/revisions"}],"predecessor-version":[{"id":2594,"href":"https:\/\/simusar.com.br\/wfe\/wp-json\/wp\/v2\/posts\/2592\/revisions\/2594"}],"wp:featuredmedia":[{"embeddable":true,"href":"https:\/\/simusar.com.br\/wfe\/wp-json\/wp\/v2\/media\/2593"}],"wp:attachment":[{"href":"https:\/\/simusar.com.br\/wfe\/wp-json\/wp\/v2\/media?parent=2592"}],"wp:term":[{"taxonomy":"category","embeddable":true,"href":"https:\/\/simusar.com.br\/wfe\/wp-json\/wp\/v2\/categories?post=2592"},{"taxonomy":"post_tag","embeddable":true,"href":"https:\/\/simusar.com.br\/wfe\/wp-json\/wp\/v2\/tags?post=2592"}],"curies":[{"name":"wp","href":"https:\/\/api.w.org\/{rel}","templated":true}]}}