{"id":2598,"date":"2023-04-03T14:18:03","date_gmt":"2023-04-03T14:18:03","guid":{"rendered":"https:\/\/simusar.com.br\/wfe\/?p=2598"},"modified":"2023-04-03T14:18:06","modified_gmt":"2023-04-03T14:18:06","slug":"pl-que-altera-lei-complementar-n-o-173-tramita-no-congresso","status":"publish","type":"post","link":"https:\/\/simusar.com.br\/wfe\/pl-que-altera-lei-complementar-n-o-173-tramita-no-congresso\/","title":{"rendered":"PL que altera Lei Complementar n.\u00ba 173 tramita no Congresso"},"content":{"rendered":"\n<p id=\"viewer-agtih\">Projeto de Lei Complementar 21\/2023 de autoria da deputada Prof.\u00aa Luciene Cavalcante, prop\u00f5e altera\u00e7\u00e3o na Lei Complementar n.\u00ba 173, de 27 de maio de 2020, para contagem do tempo de per\u00edodo aquisitivo de anu\u00eanios, tri\u00eanios, quinqu\u00eanios, sexta-parte, licen\u00e7a-pr\u00eamio e demais mecanismos equivalentes, durante per\u00edodo de enfrentamento ao Coronav\u00edrus SARS-CoV-2 (Covid-19), ou seja, a deputada quer que o tempo de servi\u00e7o, outrora congelado, passe a contar e os servidores recebam os respectivos valores,<\/p>\n\n\n\n<p id=\"viewer-a56je\">Na justificativa, a deputada afirma que a edi\u00e7\u00e3o da Lei Complementar n.\u00ba 173\/2020, no contexto do surgimento da pandemia da COVID-19, ocorreu em um momento de grandes incertezas e como contrapartida de aux\u00edlio financeiro do Governo Federal aos demais entes da Federa\u00e7\u00e3o. Ocorre que, passados alguns meses, verificou-se que previs\u00f5es pessimistas e incertezas quanto \u00e0 economia brasileira n\u00e3o se confirmaram. <\/p>\n\n\n\n<p id=\"viewer-a56je\">Todos os servidores p\u00fablicos da Uni\u00e3o, dos Estados, do Distrito Federal e dos Munic\u00edpios continuaram exercendo suas atividades e mantiveram em funcionamento todos os servi\u00e7os p\u00fablicos \u00e0 disposi\u00e7\u00e3o da popula\u00e7\u00e3o brasileira. Agora, ap\u00f3s quase 3 anos do in\u00edcio da pandemia, verificamos que as veda\u00e7\u00f5es e restri\u00e7\u00f5es impostas pela Uni\u00e3o aos demais entes federados como contrapartidas foram, demasiadamente, custosos, principalmente aos servidores p\u00fablicos que sofreram suspens\u00f5es de contagens de tempo para fins de anu\u00eanios, tri\u00eanios, quinqu\u00eanios, sexta parte, licen\u00e7a-pr\u00eamio e demais mecanismos equivalentes.<\/p>\n\n\n\n<p id=\"viewer-a56je\">A presente proposta pretende promover uma justi\u00e7a com os servidores p\u00fablicos brasileiros concedendo, retroativamente, a contagem do tempo entre 27 de maio de 2020 e 31 de dezembro de 2021 para fins de anu\u00eanios, tri\u00eanios, quinqu\u00eanios, sexta-parte, licen\u00e7a-pr\u00eamio e demais mecanismos equivalentes e autorizando que todos os entes federados possam realizar seus pagamentos retroativos caso seus per\u00edodos aquisitivos tenham sido completados durante esse tempo.<\/p>\n\n\n\n<p><\/p>\n\n\n\n<p class=\"has-small-font-size\" id=\"viewer-8gv9r\"><em>Fonte: https:\/\/www.camara.leg.br<\/em><\/p>\n","protected":false},"excerpt":{"rendered":"<p>Projeto de Lei Complementar 21\/2023 de autoria da deputada Prof.\u00aa Luciene Cavalcante, prop\u00f5e altera\u00e7\u00e3o na Lei Complementar n.\u00ba 173, de 27 de maio de 2020, para contagem do tempo de per\u00edodo aquisitivo de anu\u00eanios, tri\u00eanios, quinqu\u00eanios, sexta-parte, licen\u00e7a-pr\u00eamio e demais mecanismos equivalentes, durante per\u00edodo de enfrentamento ao Coronav\u00edrus SARS-CoV-2 (Covid-19), ou seja, a deputada quer [&hellip;]<\/p>\n","protected":false},"author":1,"featured_media":2599,"comment_status":"closed","ping_status":"closed","sticky":false,"template":"","format":"standard","meta":{"_eb_attr":"","footnotes":""},"categories":[4],"tags":[99,102,101,48,53,100],"class_list":["post-2598","post","type-post","status-publish","format-standard","has-post-thumbnail","hentry","category-noticias","tag-congresso","tag-licenca-premio","tag-quinquenios","tag-santa-rosa","tag-simusar","tag-trienios"],"yoast_head":"<!-- This site is optimized with the Yoast SEO plugin v26.2 - https:\/\/yoast.com\/wordpress\/plugins\/seo\/ -->\n<title>PL que altera Lei Complementar n.\u00ba 173 tramita no Congresso - SIMUSAR<\/title>\n<meta name=\"robots\" content=\"index, follow, max-snippet:-1, max-image-preview:large, max-video-preview:-1\" \/>\n<link rel=\"canonical\" href=\"https:\/\/simusar.com.br\/wfe\/pl-que-altera-lei-complementar-n-o-173-tramita-no-congresso\/\" \/>\n<meta property=\"og:locale\" content=\"pt_BR\" \/>\n<meta property=\"og:type\" content=\"article\" \/>\n<meta property=\"og:title\" content=\"PL que altera Lei Complementar n.\u00ba 173 tramita no Congresso - SIMUSAR\" \/>\n<meta property=\"og:description\" content=\"Projeto de Lei Complementar 21\/2023 de autoria da deputada Prof.\u00aa Luciene Cavalcante, prop\u00f5e altera\u00e7\u00e3o na Lei Complementar n.\u00ba 173, de 27 de maio de 2020, para contagem do tempo de per\u00edodo aquisitivo de anu\u00eanios, tri\u00eanios, quinqu\u00eanios, sexta-parte, licen\u00e7a-pr\u00eamio e demais mecanismos equivalentes, durante per\u00edodo de enfrentamento ao Coronav\u00edrus SARS-CoV-2 (Covid-19), ou seja, a deputada quer [&hellip;]\" \/>\n<meta property=\"og:url\" content=\"https:\/\/simusar.com.br\/wfe\/pl-que-altera-lei-complementar-n-o-173-tramita-no-congresso\/\" \/>\n<meta property=\"og:site_name\" content=\"SIMUSAR\" \/>\n<meta property=\"article:publisher\" content=\"https:\/\/www.facebook.com\/simusaroficial\" \/>\n<meta property=\"article:published_time\" content=\"2023-04-03T14:18:03+00:00\" \/>\n<meta property=\"article:modified_time\" content=\"2023-04-03T14:18:06+00:00\" \/>\n<meta property=\"og:image\" content=\"http:\/\/simusar.com.br\/wfe\/wp-content\/uploads\/2023\/04\/congresso.jpg\" \/>\n\t<meta property=\"og:image:width\" content=\"1024\" \/>\n\t<meta property=\"og:image:height\" content=\"683\" \/>\n\t<meta property=\"og:image:type\" content=\"image\/jpeg\" \/>\n<meta name=\"author\" content=\"admin\" \/>\n<meta name=\"twitter:card\" content=\"summary_large_image\" \/>\n<meta name=\"twitter:label1\" content=\"Escrito por\" \/>\n\t<meta name=\"twitter:data1\" content=\"admin\" \/>\n\t<meta name=\"twitter:label2\" content=\"Est. tempo de leitura\" \/>\n\t<meta name=\"twitter:data2\" content=\"2 minutos\" \/>\n<script type=\"application\/ld+json\" class=\"yoast-schema-graph\">{\"@context\":\"https:\/\/schema.org\",\"@graph\":[{\"@type\":\"Article\",\"@id\":\"https:\/\/simusar.com.br\/wfe\/pl-que-altera-lei-complementar-n-o-173-tramita-no-congresso\/#article\",\"isPartOf\":{\"@id\":\"https:\/\/simusar.com.br\/wfe\/pl-que-altera-lei-complementar-n-o-173-tramita-no-congresso\/\"},\"author\":{\"name\":\"admin\",\"@id\":\"https:\/\/simusar.com.br\/wfe\/#\/schema\/person\/7bbff4b09265c81fe98c20bae4e03e83\"},\"headline\":\"PL que altera Lei Complementar n.\u00ba 173 tramita no Congresso\",\"datePublished\":\"2023-04-03T14:18:03+00:00\",\"dateModified\":\"2023-04-03T14:18:06+00:00\",\"mainEntityOfPage\":{\"@id\":\"https:\/\/simusar.com.br\/wfe\/pl-que-altera-lei-complementar-n-o-173-tramita-no-congresso\/\"},\"wordCount\":324,\"publisher\":{\"@id\":\"https:\/\/simusar.com.br\/wfe\/#organization\"},\"image\":{\"@id\":\"https:\/\/simusar.com.br\/wfe\/pl-que-altera-lei-complementar-n-o-173-tramita-no-congresso\/#primaryimage\"},\"thumbnailUrl\":\"https:\/\/simusar.com.br\/wfe\/wp-content\/uploads\/2023\/04\/congresso.jpg\",\"keywords\":[\"congresso\",\"licen\u00e7a-pr\u00eamio\",\"quinqu\u00eanios\",\"santa rosa\",\"simusar\",\"tri\u00eanios\"],\"articleSection\":[\"Noticias\"],\"inLanguage\":\"pt-BR\"},{\"@type\":\"WebPage\",\"@id\":\"https:\/\/simusar.com.br\/wfe\/pl-que-altera-lei-complementar-n-o-173-tramita-no-congresso\/\",\"url\":\"https:\/\/simusar.com.br\/wfe\/pl-que-altera-lei-complementar-n-o-173-tramita-no-congresso\/\",\"name\":\"PL que altera Lei Complementar n.\u00ba 173 tramita no Congresso - SIMUSAR\",\"isPartOf\":{\"@id\":\"https:\/\/simusar.com.br\/wfe\/#website\"},\"primaryImageOfPage\":{\"@id\":\"https:\/\/simusar.com.br\/wfe\/pl-que-altera-lei-complementar-n-o-173-tramita-no-congresso\/#primaryimage\"},\"image\":{\"@id\":\"https:\/\/simusar.com.br\/wfe\/pl-que-altera-lei-complementar-n-o-173-tramita-no-congresso\/#primaryimage\"},\"thumbnailUrl\":\"https:\/\/simusar.com.br\/wfe\/wp-content\/uploads\/2023\/04\/congresso.jpg\",\"datePublished\":\"2023-04-03T14:18:03+00:00\",\"dateModified\":\"2023-04-03T14:18:06+00:00\",\"breadcrumb\":{\"@id\":\"https:\/\/simusar.com.br\/wfe\/pl-que-altera-lei-complementar-n-o-173-tramita-no-congresso\/#breadcrumb\"},\"inLanguage\":\"pt-BR\",\"potentialAction\":[{\"@type\":\"ReadAction\",\"target\":[\"https:\/\/simusar.com.br\/wfe\/pl-que-altera-lei-complementar-n-o-173-tramita-no-congresso\/\"]}]},{\"@type\":\"ImageObject\",\"inLanguage\":\"pt-BR\",\"@id\":\"https:\/\/simusar.com.br\/wfe\/pl-que-altera-lei-complementar-n-o-173-tramita-no-congresso\/#primaryimage\",\"url\":\"https:\/\/simusar.com.br\/wfe\/wp-content\/uploads\/2023\/04\/congresso.jpg\",\"contentUrl\":\"https:\/\/simusar.com.br\/wfe\/wp-content\/uploads\/2023\/04\/congresso.jpg\",\"width\":1024,\"height\":683},{\"@type\":\"BreadcrumbList\",\"@id\":\"https:\/\/simusar.com.br\/wfe\/pl-que-altera-lei-complementar-n-o-173-tramita-no-congresso\/#breadcrumb\",\"itemListElement\":[{\"@type\":\"ListItem\",\"position\":1,\"name\":\"In\u00edcio\",\"item\":\"https:\/\/simusar.com.br\/wfe\/\"},{\"@type\":\"ListItem\",\"position\":2,\"name\":\"PL que altera Lei Complementar n.\u00ba 173 tramita no Congresso\"}]},{\"@type\":\"WebSite\",\"@id\":\"https:\/\/simusar.com.br\/wfe\/#website\",\"url\":\"https:\/\/simusar.com.br\/wfe\/\",\"name\":\"SIMUSAR\",\"description\":\"Sindicatos dos Servidores Municipais de Santa Rosa\",\"publisher\":{\"@id\":\"https:\/\/simusar.com.br\/wfe\/#organization\"},\"potentialAction\":[{\"@type\":\"SearchAction\",\"target\":{\"@type\":\"EntryPoint\",\"urlTemplate\":\"https:\/\/simusar.com.br\/wfe\/?s={search_term_string}\"},\"query-input\":{\"@type\":\"PropertyValueSpecification\",\"valueRequired\":true,\"valueName\":\"search_term_string\"}}],\"inLanguage\":\"pt-BR\"},{\"@type\":\"Organization\",\"@id\":\"https:\/\/simusar.com.br\/wfe\/#organization\",\"name\":\"SIMUSAR\",\"url\":\"https:\/\/simusar.com.br\/wfe\/\",\"logo\":{\"@type\":\"ImageObject\",\"inLanguage\":\"pt-BR\",\"@id\":\"https:\/\/simusar.com.br\/wfe\/#\/schema\/logo\/image\/\",\"url\":\"https:\/\/simusar.com.br\/wfe\/wp-content\/uploads\/2022\/05\/logo-perfil.png\",\"contentUrl\":\"https:\/\/simusar.com.br\/wfe\/wp-content\/uploads\/2022\/05\/logo-perfil.png\",\"width\":1080,\"height\":1080,\"caption\":\"SIMUSAR\"},\"image\":{\"@id\":\"https:\/\/simusar.com.br\/wfe\/#\/schema\/logo\/image\/\"},\"sameAs\":[\"https:\/\/www.facebook.com\/simusaroficial\",\"https:\/\/www.instagram.com\/simusaroficial\"]},{\"@type\":\"Person\",\"@id\":\"https:\/\/simusar.com.br\/wfe\/#\/schema\/person\/7bbff4b09265c81fe98c20bae4e03e83\",\"name\":\"admin\",\"sameAs\":[\"http:\/\/simusar.com.br\/wfe\"],\"url\":\"https:\/\/simusar.com.br\/wfe\/author\/admin\/\"}]}<\/script>\n<!-- \/ Yoast SEO plugin. -->","yoast_head_json":{"title":"PL que altera Lei Complementar n.\u00ba 173 tramita no Congresso - SIMUSAR","robots":{"index":"index","follow":"follow","max-snippet":"max-snippet:-1","max-image-preview":"max-image-preview:large","max-video-preview":"max-video-preview:-1"},"canonical":"https:\/\/simusar.com.br\/wfe\/pl-que-altera-lei-complementar-n-o-173-tramita-no-congresso\/","og_locale":"pt_BR","og_type":"article","og_title":"PL que altera Lei Complementar n.\u00ba 173 tramita no Congresso - SIMUSAR","og_description":"Projeto de Lei Complementar 21\/2023 de autoria da deputada Prof.\u00aa Luciene Cavalcante, prop\u00f5e altera\u00e7\u00e3o na Lei Complementar n.\u00ba 173, de 27 de maio de 2020, para contagem do tempo de per\u00edodo aquisitivo de anu\u00eanios, tri\u00eanios, quinqu\u00eanios, sexta-parte, licen\u00e7a-pr\u00eamio e demais mecanismos equivalentes, durante per\u00edodo de enfrentamento ao Coronav\u00edrus SARS-CoV-2 (Covid-19), ou seja, a deputada quer [&hellip;]","og_url":"https:\/\/simusar.com.br\/wfe\/pl-que-altera-lei-complementar-n-o-173-tramita-no-congresso\/","og_site_name":"SIMUSAR","article_publisher":"https:\/\/www.facebook.com\/simusaroficial","article_published_time":"2023-04-03T14:18:03+00:00","article_modified_time":"2023-04-03T14:18:06+00:00","og_image":[{"width":1024,"height":683,"url":"http:\/\/simusar.com.br\/wfe\/wp-content\/uploads\/2023\/04\/congresso.jpg","type":"image\/jpeg"}],"author":"admin","twitter_card":"summary_large_image","twitter_misc":{"Escrito por":"admin","Est. tempo de leitura":"2 minutos"},"schema":{"@context":"https:\/\/schema.org","@graph":[{"@type":"Article","@id":"https:\/\/simusar.com.br\/wfe\/pl-que-altera-lei-complementar-n-o-173-tramita-no-congresso\/#article","isPartOf":{"@id":"https:\/\/simusar.com.br\/wfe\/pl-que-altera-lei-complementar-n-o-173-tramita-no-congresso\/"},"author":{"name":"admin","@id":"https:\/\/simusar.com.br\/wfe\/#\/schema\/person\/7bbff4b09265c81fe98c20bae4e03e83"},"headline":"PL que altera Lei Complementar n.\u00ba 173 tramita no Congresso","datePublished":"2023-04-03T14:18:03+00:00","dateModified":"2023-04-03T14:18:06+00:00","mainEntityOfPage":{"@id":"https:\/\/simusar.com.br\/wfe\/pl-que-altera-lei-complementar-n-o-173-tramita-no-congresso\/"},"wordCount":324,"publisher":{"@id":"https:\/\/simusar.com.br\/wfe\/#organization"},"image":{"@id":"https:\/\/simusar.com.br\/wfe\/pl-que-altera-lei-complementar-n-o-173-tramita-no-congresso\/#primaryimage"},"thumbnailUrl":"https:\/\/simusar.com.br\/wfe\/wp-content\/uploads\/2023\/04\/congresso.jpg","keywords":["congresso","licen\u00e7a-pr\u00eamio","quinqu\u00eanios","santa rosa","simusar","tri\u00eanios"],"articleSection":["Noticias"],"inLanguage":"pt-BR"},{"@type":"WebPage","@id":"https:\/\/simusar.com.br\/wfe\/pl-que-altera-lei-complementar-n-o-173-tramita-no-congresso\/","url":"https:\/\/simusar.com.br\/wfe\/pl-que-altera-lei-complementar-n-o-173-tramita-no-congresso\/","name":"PL que altera Lei Complementar n.\u00ba 173 tramita no Congresso - SIMUSAR","isPartOf":{"@id":"https:\/\/simusar.com.br\/wfe\/#website"},"primaryImageOfPage":{"@id":"https:\/\/simusar.com.br\/wfe\/pl-que-altera-lei-complementar-n-o-173-tramita-no-congresso\/#primaryimage"},"image":{"@id":"https:\/\/simusar.com.br\/wfe\/pl-que-altera-lei-complementar-n-o-173-tramita-no-congresso\/#primaryimage"},"thumbnailUrl":"https:\/\/simusar.com.br\/wfe\/wp-content\/uploads\/2023\/04\/congresso.jpg","datePublished":"2023-04-03T14:18:03+00:00","dateModified":"2023-04-03T14:18:06+00:00","breadcrumb":{"@id":"https:\/\/simusar.com.br\/wfe\/pl-que-altera-lei-complementar-n-o-173-tramita-no-congresso\/#breadcrumb"},"inLanguage":"pt-BR","potentialAction":[{"@type":"ReadAction","target":["https:\/\/simusar.com.br\/wfe\/pl-que-altera-lei-complementar-n-o-173-tramita-no-congresso\/"]}]},{"@type":"ImageObject","inLanguage":"pt-BR","@id":"https:\/\/simusar.com.br\/wfe\/pl-que-altera-lei-complementar-n-o-173-tramita-no-congresso\/#primaryimage","url":"https:\/\/simusar.com.br\/wfe\/wp-content\/uploads\/2023\/04\/congresso.jpg","contentUrl":"https:\/\/simusar.com.br\/wfe\/wp-content\/uploads\/2023\/04\/congresso.jpg","width":1024,"height":683},{"@type":"BreadcrumbList","@id":"https:\/\/simusar.com.br\/wfe\/pl-que-altera-lei-complementar-n-o-173-tramita-no-congresso\/#breadcrumb","itemListElement":[{"@type":"ListItem","position":1,"name":"In\u00edcio","item":"https:\/\/simusar.com.br\/wfe\/"},{"@type":"ListItem","position":2,"name":"PL que altera Lei Complementar n.\u00ba 173 tramita no Congresso"}]},{"@type":"WebSite","@id":"https:\/\/simusar.com.br\/wfe\/#website","url":"https:\/\/simusar.com.br\/wfe\/","name":"SIMUSAR","description":"Sindicatos dos Servidores Municipais de Santa Rosa","publisher":{"@id":"https:\/\/simusar.com.br\/wfe\/#organization"},"potentialAction":[{"@type":"SearchAction","target":{"@type":"EntryPoint","urlTemplate":"https:\/\/simusar.com.br\/wfe\/?s={search_term_string}"},"query-input":{"@type":"PropertyValueSpecification","valueRequired":true,"valueName":"search_term_string"}}],"inLanguage":"pt-BR"},{"@type":"Organization","@id":"https:\/\/simusar.com.br\/wfe\/#organization","name":"SIMUSAR","url":"https:\/\/simusar.com.br\/wfe\/","logo":{"@type":"ImageObject","inLanguage":"pt-BR","@id":"https:\/\/simusar.com.br\/wfe\/#\/schema\/logo\/image\/","url":"https:\/\/simusar.com.br\/wfe\/wp-content\/uploads\/2022\/05\/logo-perfil.png","contentUrl":"https:\/\/simusar.com.br\/wfe\/wp-content\/uploads\/2022\/05\/logo-perfil.png","width":1080,"height":1080,"caption":"SIMUSAR"},"image":{"@id":"https:\/\/simusar.com.br\/wfe\/#\/schema\/logo\/image\/"},"sameAs":["https:\/\/www.facebook.com\/simusaroficial","https:\/\/www.instagram.com\/simusaroficial"]},{"@type":"Person","@id":"https:\/\/simusar.com.br\/wfe\/#\/schema\/person\/7bbff4b09265c81fe98c20bae4e03e83","name":"admin","sameAs":["http:\/\/simusar.com.br\/wfe"],"url":"https:\/\/simusar.com.br\/wfe\/author\/admin\/"}]}},"_links":{"self":[{"href":"https:\/\/simusar.com.br\/wfe\/wp-json\/wp\/v2\/posts\/2598","targetHints":{"allow":["GET"]}}],"collection":[{"href":"https:\/\/simusar.com.br\/wfe\/wp-json\/wp\/v2\/posts"}],"about":[{"href":"https:\/\/simusar.com.br\/wfe\/wp-json\/wp\/v2\/types\/post"}],"author":[{"embeddable":true,"href":"https:\/\/simusar.com.br\/wfe\/wp-json\/wp\/v2\/users\/1"}],"replies":[{"embeddable":true,"href":"https:\/\/simusar.com.br\/wfe\/wp-json\/wp\/v2\/comments?post=2598"}],"version-history":[{"count":1,"href":"https:\/\/simusar.com.br\/wfe\/wp-json\/wp\/v2\/posts\/2598\/revisions"}],"predecessor-version":[{"id":2600,"href":"https:\/\/simusar.com.br\/wfe\/wp-json\/wp\/v2\/posts\/2598\/revisions\/2600"}],"wp:featuredmedia":[{"embeddable":true,"href":"https:\/\/simusar.com.br\/wfe\/wp-json\/wp\/v2\/media\/2599"}],"wp:attachment":[{"href":"https:\/\/simusar.com.br\/wfe\/wp-json\/wp\/v2\/media?parent=2598"}],"wp:term":[{"taxonomy":"category","embeddable":true,"href":"https:\/\/simusar.com.br\/wfe\/wp-json\/wp\/v2\/categories?post=2598"},{"taxonomy":"post_tag","embeddable":true,"href":"https:\/\/simusar.com.br\/wfe\/wp-json\/wp\/v2\/tags?post=2598"}],"curies":[{"name":"wp","href":"https:\/\/api.w.org\/{rel}","templated":true}]}}