{"id":2626,"date":"2023-05-15T12:48:07","date_gmt":"2023-05-15T12:48:07","guid":{"rendered":"https:\/\/simusar.com.br\/wfe\/?p=2626"},"modified":"2023-05-15T13:06:55","modified_gmt":"2023-05-15T13:06:55","slug":"conselho-municipal-de-educacao-tem-nova-diretoria","status":"publish","type":"post","link":"https:\/\/simusar.com.br\/wfe\/conselho-municipal-de-educacao-tem-nova-diretoria\/","title":{"rendered":"Conselho Municipal de Educa\u00e7\u00e3o tem nova diretoria"},"content":{"rendered":"\n<p>Semana passada, ocorreu a elei\u00e7\u00e3o da nova diretoria do Conselho Municipal de Educa\u00e7\u00e3o. Na oportunidade, Themis Helena Patias, conselheira representante da Educa\u00e7\u00e3o Especial, foi eleita como presidente, Adriana Escobar da Silva, conselheira representante dos Diretores das EMEF\u2019s, como vice-presidente e Maria de Lourdes Zerbin, conselheira representante da ACISAP, como secret\u00e1ria.<\/p>\n\n\n\n<p>O Conselho Municipal de Educa\u00e7\u00e3o \u00e9 o \u00f3rg\u00e3o que normatiza toda a educa\u00e7\u00e3o do munic\u00edpio, sendo um servi\u00e7o de media\u00e7\u00e3o entre a sociedade e o poder p\u00fablico e que promove a democratiza\u00e7\u00e3o do servi\u00e7o. O objetivo \u00e9 buscar melhores resultados na gest\u00e3o p\u00fablica, com as sugest\u00f5es e ideias da comunidade.<\/p>\n\n\n\n<p>A nova diretoria vai ficar respons\u00e1vel pelo comando do Conselho Municipal de Educa\u00e7\u00e3o pelo per\u00edodo de dois anos, que corresponde ao mandato de 2023-2025.<\/p>\n\n\n\n<p class=\"has-small-font-size\"><em>Fonte: Site da Prefeitura de Santa Rosa\/R<\/em>S<\/p>\n","protected":false},"excerpt":{"rendered":"<p>Semana passada, ocorreu a elei\u00e7\u00e3o da nova diretoria do Conselho Municipal de Educa\u00e7\u00e3o. Na oportunidade, Themis Helena Patias, conselheira representante da Educa\u00e7\u00e3o Especial, foi eleita como presidente, Adriana Escobar da Silva, conselheira representante dos Diretores das EMEF\u2019s, como vice-presidente e Maria de Lourdes Zerbin, conselheira representante da ACISAP, como secret\u00e1ria. O Conselho Municipal de Educa\u00e7\u00e3o [&hellip;]<\/p>\n","protected":false},"author":1,"featured_media":2627,"comment_status":"closed","ping_status":"closed","sticky":false,"template":"","format":"standard","meta":{"_eb_attr":"","footnotes":""},"categories":[4],"tags":[106,107,82,48,53],"class_list":["post-2626","post","type-post","status-publish","format-standard","has-post-thumbnail","hentry","category-noticias","tag-conselho","tag-educacao","tag-municipio","tag-santa-rosa","tag-simusar"],"yoast_head":"<!-- This site is optimized with the Yoast SEO plugin v26.2 - https:\/\/yoast.com\/wordpress\/plugins\/seo\/ -->\n<title>Conselho Municipal de Educa\u00e7\u00e3o tem nova diretoria - SIMUSAR<\/title>\n<meta name=\"robots\" content=\"index, follow, max-snippet:-1, max-image-preview:large, max-video-preview:-1\" \/>\n<link rel=\"canonical\" href=\"https:\/\/simusar.com.br\/wfe\/conselho-municipal-de-educacao-tem-nova-diretoria\/\" \/>\n<meta property=\"og:locale\" content=\"pt_BR\" \/>\n<meta property=\"og:type\" content=\"article\" \/>\n<meta property=\"og:title\" content=\"Conselho Municipal de Educa\u00e7\u00e3o tem nova diretoria - SIMUSAR\" \/>\n<meta property=\"og:description\" content=\"Semana passada, ocorreu a elei\u00e7\u00e3o da nova diretoria do Conselho Municipal de Educa\u00e7\u00e3o. Na oportunidade, Themis Helena Patias, conselheira representante da Educa\u00e7\u00e3o Especial, foi eleita como presidente, Adriana Escobar da Silva, conselheira representante dos Diretores das EMEF\u2019s, como vice-presidente e Maria de Lourdes Zerbin, conselheira representante da ACISAP, como secret\u00e1ria. O Conselho Municipal de Educa\u00e7\u00e3o [&hellip;]\" \/>\n<meta property=\"og:url\" content=\"https:\/\/simusar.com.br\/wfe\/conselho-municipal-de-educacao-tem-nova-diretoria\/\" \/>\n<meta property=\"og:site_name\" content=\"SIMUSAR\" \/>\n<meta property=\"article:publisher\" content=\"https:\/\/www.facebook.com\/simusaroficial\" \/>\n<meta property=\"article:published_time\" content=\"2023-05-15T12:48:07+00:00\" \/>\n<meta property=\"article:modified_time\" content=\"2023-05-15T13:06:55+00:00\" \/>\n<meta property=\"og:image\" content=\"https:\/\/simusar.com.br\/wfe\/wp-content\/uploads\/2023\/05\/nova-direoria-conselho-educacao.jpg\" \/>\n\t<meta property=\"og:image:width\" content=\"860\" \/>\n\t<meta property=\"og:image:height\" content=\"645\" \/>\n\t<meta property=\"og:image:type\" content=\"image\/jpeg\" \/>\n<meta name=\"author\" content=\"admin\" \/>\n<meta name=\"twitter:card\" content=\"summary_large_image\" \/>\n<meta name=\"twitter:label1\" content=\"Escrito por\" \/>\n\t<meta name=\"twitter:data1\" content=\"admin\" \/>\n\t<meta name=\"twitter:label2\" content=\"Est. tempo de leitura\" \/>\n\t<meta name=\"twitter:data2\" content=\"1 minuto\" \/>\n<script type=\"application\/ld+json\" class=\"yoast-schema-graph\">{\"@context\":\"https:\/\/schema.org\",\"@graph\":[{\"@type\":\"Article\",\"@id\":\"https:\/\/simusar.com.br\/wfe\/conselho-municipal-de-educacao-tem-nova-diretoria\/#article\",\"isPartOf\":{\"@id\":\"https:\/\/simusar.com.br\/wfe\/conselho-municipal-de-educacao-tem-nova-diretoria\/\"},\"author\":{\"name\":\"admin\",\"@id\":\"https:\/\/simusar.com.br\/wfe\/#\/schema\/person\/7bbff4b09265c81fe98c20bae4e03e83\"},\"headline\":\"Conselho Municipal de Educa\u00e7\u00e3o tem nova diretoria\",\"datePublished\":\"2023-05-15T12:48:07+00:00\",\"dateModified\":\"2023-05-15T13:06:55+00:00\",\"mainEntityOfPage\":{\"@id\":\"https:\/\/simusar.com.br\/wfe\/conselho-municipal-de-educacao-tem-nova-diretoria\/\"},\"wordCount\":158,\"publisher\":{\"@id\":\"https:\/\/simusar.com.br\/wfe\/#organization\"},\"image\":{\"@id\":\"https:\/\/simusar.com.br\/wfe\/conselho-municipal-de-educacao-tem-nova-diretoria\/#primaryimage\"},\"thumbnailUrl\":\"https:\/\/simusar.com.br\/wfe\/wp-content\/uploads\/2023\/05\/nova-direoria-conselho-educacao.jpg\",\"keywords\":[\"Conselho\",\"Educa\u00e7\u00e3o\",\"munic\u00edpio\",\"santa rosa\",\"simusar\"],\"articleSection\":[\"Noticias\"],\"inLanguage\":\"pt-BR\"},{\"@type\":\"WebPage\",\"@id\":\"https:\/\/simusar.com.br\/wfe\/conselho-municipal-de-educacao-tem-nova-diretoria\/\",\"url\":\"https:\/\/simusar.com.br\/wfe\/conselho-municipal-de-educacao-tem-nova-diretoria\/\",\"name\":\"Conselho Municipal de Educa\u00e7\u00e3o tem nova diretoria - SIMUSAR\",\"isPartOf\":{\"@id\":\"https:\/\/simusar.com.br\/wfe\/#website\"},\"primaryImageOfPage\":{\"@id\":\"https:\/\/simusar.com.br\/wfe\/conselho-municipal-de-educacao-tem-nova-diretoria\/#primaryimage\"},\"image\":{\"@id\":\"https:\/\/simusar.com.br\/wfe\/conselho-municipal-de-educacao-tem-nova-diretoria\/#primaryimage\"},\"thumbnailUrl\":\"https:\/\/simusar.com.br\/wfe\/wp-content\/uploads\/2023\/05\/nova-direoria-conselho-educacao.jpg\",\"datePublished\":\"2023-05-15T12:48:07+00:00\",\"dateModified\":\"2023-05-15T13:06:55+00:00\",\"breadcrumb\":{\"@id\":\"https:\/\/simusar.com.br\/wfe\/conselho-municipal-de-educacao-tem-nova-diretoria\/#breadcrumb\"},\"inLanguage\":\"pt-BR\",\"potentialAction\":[{\"@type\":\"ReadAction\",\"target\":[\"https:\/\/simusar.com.br\/wfe\/conselho-municipal-de-educacao-tem-nova-diretoria\/\"]}]},{\"@type\":\"ImageObject\",\"inLanguage\":\"pt-BR\",\"@id\":\"https:\/\/simusar.com.br\/wfe\/conselho-municipal-de-educacao-tem-nova-diretoria\/#primaryimage\",\"url\":\"https:\/\/simusar.com.br\/wfe\/wp-content\/uploads\/2023\/05\/nova-direoria-conselho-educacao.jpg\",\"contentUrl\":\"https:\/\/simusar.com.br\/wfe\/wp-content\/uploads\/2023\/05\/nova-direoria-conselho-educacao.jpg\",\"width\":860,\"height\":645},{\"@type\":\"BreadcrumbList\",\"@id\":\"https:\/\/simusar.com.br\/wfe\/conselho-municipal-de-educacao-tem-nova-diretoria\/#breadcrumb\",\"itemListElement\":[{\"@type\":\"ListItem\",\"position\":1,\"name\":\"In\u00edcio\",\"item\":\"https:\/\/simusar.com.br\/wfe\/\"},{\"@type\":\"ListItem\",\"position\":2,\"name\":\"Conselho Municipal de Educa\u00e7\u00e3o tem nova diretoria\"}]},{\"@type\":\"WebSite\",\"@id\":\"https:\/\/simusar.com.br\/wfe\/#website\",\"url\":\"https:\/\/simusar.com.br\/wfe\/\",\"name\":\"SIMUSAR\",\"description\":\"Sindicatos dos Servidores Municipais de Santa Rosa\",\"publisher\":{\"@id\":\"https:\/\/simusar.com.br\/wfe\/#organization\"},\"potentialAction\":[{\"@type\":\"SearchAction\",\"target\":{\"@type\":\"EntryPoint\",\"urlTemplate\":\"https:\/\/simusar.com.br\/wfe\/?s={search_term_string}\"},\"query-input\":{\"@type\":\"PropertyValueSpecification\",\"valueRequired\":true,\"valueName\":\"search_term_string\"}}],\"inLanguage\":\"pt-BR\"},{\"@type\":\"Organization\",\"@id\":\"https:\/\/simusar.com.br\/wfe\/#organization\",\"name\":\"SIMUSAR\",\"url\":\"https:\/\/simusar.com.br\/wfe\/\",\"logo\":{\"@type\":\"ImageObject\",\"inLanguage\":\"pt-BR\",\"@id\":\"https:\/\/simusar.com.br\/wfe\/#\/schema\/logo\/image\/\",\"url\":\"https:\/\/simusar.com.br\/wfe\/wp-content\/uploads\/2022\/05\/logo-perfil.png\",\"contentUrl\":\"https:\/\/simusar.com.br\/wfe\/wp-content\/uploads\/2022\/05\/logo-perfil.png\",\"width\":1080,\"height\":1080,\"caption\":\"SIMUSAR\"},\"image\":{\"@id\":\"https:\/\/simusar.com.br\/wfe\/#\/schema\/logo\/image\/\"},\"sameAs\":[\"https:\/\/www.facebook.com\/simusaroficial\",\"https:\/\/www.instagram.com\/simusaroficial\"]},{\"@type\":\"Person\",\"@id\":\"https:\/\/simusar.com.br\/wfe\/#\/schema\/person\/7bbff4b09265c81fe98c20bae4e03e83\",\"name\":\"admin\",\"sameAs\":[\"http:\/\/simusar.com.br\/wfe\"],\"url\":\"https:\/\/simusar.com.br\/wfe\/author\/admin\/\"}]}<\/script>\n<!-- \/ Yoast SEO plugin. -->","yoast_head_json":{"title":"Conselho Municipal de Educa\u00e7\u00e3o tem nova diretoria - SIMUSAR","robots":{"index":"index","follow":"follow","max-snippet":"max-snippet:-1","max-image-preview":"max-image-preview:large","max-video-preview":"max-video-preview:-1"},"canonical":"https:\/\/simusar.com.br\/wfe\/conselho-municipal-de-educacao-tem-nova-diretoria\/","og_locale":"pt_BR","og_type":"article","og_title":"Conselho Municipal de Educa\u00e7\u00e3o tem nova diretoria - SIMUSAR","og_description":"Semana passada, ocorreu a elei\u00e7\u00e3o da nova diretoria do Conselho Municipal de Educa\u00e7\u00e3o. Na oportunidade, Themis Helena Patias, conselheira representante da Educa\u00e7\u00e3o Especial, foi eleita como presidente, Adriana Escobar da Silva, conselheira representante dos Diretores das EMEF\u2019s, como vice-presidente e Maria de Lourdes Zerbin, conselheira representante da ACISAP, como secret\u00e1ria. O Conselho Municipal de Educa\u00e7\u00e3o [&hellip;]","og_url":"https:\/\/simusar.com.br\/wfe\/conselho-municipal-de-educacao-tem-nova-diretoria\/","og_site_name":"SIMUSAR","article_publisher":"https:\/\/www.facebook.com\/simusaroficial","article_published_time":"2023-05-15T12:48:07+00:00","article_modified_time":"2023-05-15T13:06:55+00:00","og_image":[{"width":860,"height":645,"url":"https:\/\/simusar.com.br\/wfe\/wp-content\/uploads\/2023\/05\/nova-direoria-conselho-educacao.jpg","type":"image\/jpeg"}],"author":"admin","twitter_card":"summary_large_image","twitter_misc":{"Escrito por":"admin","Est. tempo de leitura":"1 minuto"},"schema":{"@context":"https:\/\/schema.org","@graph":[{"@type":"Article","@id":"https:\/\/simusar.com.br\/wfe\/conselho-municipal-de-educacao-tem-nova-diretoria\/#article","isPartOf":{"@id":"https:\/\/simusar.com.br\/wfe\/conselho-municipal-de-educacao-tem-nova-diretoria\/"},"author":{"name":"admin","@id":"https:\/\/simusar.com.br\/wfe\/#\/schema\/person\/7bbff4b09265c81fe98c20bae4e03e83"},"headline":"Conselho Municipal de Educa\u00e7\u00e3o tem nova diretoria","datePublished":"2023-05-15T12:48:07+00:00","dateModified":"2023-05-15T13:06:55+00:00","mainEntityOfPage":{"@id":"https:\/\/simusar.com.br\/wfe\/conselho-municipal-de-educacao-tem-nova-diretoria\/"},"wordCount":158,"publisher":{"@id":"https:\/\/simusar.com.br\/wfe\/#organization"},"image":{"@id":"https:\/\/simusar.com.br\/wfe\/conselho-municipal-de-educacao-tem-nova-diretoria\/#primaryimage"},"thumbnailUrl":"https:\/\/simusar.com.br\/wfe\/wp-content\/uploads\/2023\/05\/nova-direoria-conselho-educacao.jpg","keywords":["Conselho","Educa\u00e7\u00e3o","munic\u00edpio","santa rosa","simusar"],"articleSection":["Noticias"],"inLanguage":"pt-BR"},{"@type":"WebPage","@id":"https:\/\/simusar.com.br\/wfe\/conselho-municipal-de-educacao-tem-nova-diretoria\/","url":"https:\/\/simusar.com.br\/wfe\/conselho-municipal-de-educacao-tem-nova-diretoria\/","name":"Conselho Municipal de Educa\u00e7\u00e3o tem nova diretoria - SIMUSAR","isPartOf":{"@id":"https:\/\/simusar.com.br\/wfe\/#website"},"primaryImageOfPage":{"@id":"https:\/\/simusar.com.br\/wfe\/conselho-municipal-de-educacao-tem-nova-diretoria\/#primaryimage"},"image":{"@id":"https:\/\/simusar.com.br\/wfe\/conselho-municipal-de-educacao-tem-nova-diretoria\/#primaryimage"},"thumbnailUrl":"https:\/\/simusar.com.br\/wfe\/wp-content\/uploads\/2023\/05\/nova-direoria-conselho-educacao.jpg","datePublished":"2023-05-15T12:48:07+00:00","dateModified":"2023-05-15T13:06:55+00:00","breadcrumb":{"@id":"https:\/\/simusar.com.br\/wfe\/conselho-municipal-de-educacao-tem-nova-diretoria\/#breadcrumb"},"inLanguage":"pt-BR","potentialAction":[{"@type":"ReadAction","target":["https:\/\/simusar.com.br\/wfe\/conselho-municipal-de-educacao-tem-nova-diretoria\/"]}]},{"@type":"ImageObject","inLanguage":"pt-BR","@id":"https:\/\/simusar.com.br\/wfe\/conselho-municipal-de-educacao-tem-nova-diretoria\/#primaryimage","url":"https:\/\/simusar.com.br\/wfe\/wp-content\/uploads\/2023\/05\/nova-direoria-conselho-educacao.jpg","contentUrl":"https:\/\/simusar.com.br\/wfe\/wp-content\/uploads\/2023\/05\/nova-direoria-conselho-educacao.jpg","width":860,"height":645},{"@type":"BreadcrumbList","@id":"https:\/\/simusar.com.br\/wfe\/conselho-municipal-de-educacao-tem-nova-diretoria\/#breadcrumb","itemListElement":[{"@type":"ListItem","position":1,"name":"In\u00edcio","item":"https:\/\/simusar.com.br\/wfe\/"},{"@type":"ListItem","position":2,"name":"Conselho Municipal de Educa\u00e7\u00e3o tem nova diretoria"}]},{"@type":"WebSite","@id":"https:\/\/simusar.com.br\/wfe\/#website","url":"https:\/\/simusar.com.br\/wfe\/","name":"SIMUSAR","description":"Sindicatos dos Servidores Municipais de Santa Rosa","publisher":{"@id":"https:\/\/simusar.com.br\/wfe\/#organization"},"potentialAction":[{"@type":"SearchAction","target":{"@type":"EntryPoint","urlTemplate":"https:\/\/simusar.com.br\/wfe\/?s={search_term_string}"},"query-input":{"@type":"PropertyValueSpecification","valueRequired":true,"valueName":"search_term_string"}}],"inLanguage":"pt-BR"},{"@type":"Organization","@id":"https:\/\/simusar.com.br\/wfe\/#organization","name":"SIMUSAR","url":"https:\/\/simusar.com.br\/wfe\/","logo":{"@type":"ImageObject","inLanguage":"pt-BR","@id":"https:\/\/simusar.com.br\/wfe\/#\/schema\/logo\/image\/","url":"https:\/\/simusar.com.br\/wfe\/wp-content\/uploads\/2022\/05\/logo-perfil.png","contentUrl":"https:\/\/simusar.com.br\/wfe\/wp-content\/uploads\/2022\/05\/logo-perfil.png","width":1080,"height":1080,"caption":"SIMUSAR"},"image":{"@id":"https:\/\/simusar.com.br\/wfe\/#\/schema\/logo\/image\/"},"sameAs":["https:\/\/www.facebook.com\/simusaroficial","https:\/\/www.instagram.com\/simusaroficial"]},{"@type":"Person","@id":"https:\/\/simusar.com.br\/wfe\/#\/schema\/person\/7bbff4b09265c81fe98c20bae4e03e83","name":"admin","sameAs":["http:\/\/simusar.com.br\/wfe"],"url":"https:\/\/simusar.com.br\/wfe\/author\/admin\/"}]}},"_links":{"self":[{"href":"https:\/\/simusar.com.br\/wfe\/wp-json\/wp\/v2\/posts\/2626","targetHints":{"allow":["GET"]}}],"collection":[{"href":"https:\/\/simusar.com.br\/wfe\/wp-json\/wp\/v2\/posts"}],"about":[{"href":"https:\/\/simusar.com.br\/wfe\/wp-json\/wp\/v2\/types\/post"}],"author":[{"embeddable":true,"href":"https:\/\/simusar.com.br\/wfe\/wp-json\/wp\/v2\/users\/1"}],"replies":[{"embeddable":true,"href":"https:\/\/simusar.com.br\/wfe\/wp-json\/wp\/v2\/comments?post=2626"}],"version-history":[{"count":2,"href":"https:\/\/simusar.com.br\/wfe\/wp-json\/wp\/v2\/posts\/2626\/revisions"}],"predecessor-version":[{"id":2629,"href":"https:\/\/simusar.com.br\/wfe\/wp-json\/wp\/v2\/posts\/2626\/revisions\/2629"}],"wp:featuredmedia":[{"embeddable":true,"href":"https:\/\/simusar.com.br\/wfe\/wp-json\/wp\/v2\/media\/2627"}],"wp:attachment":[{"href":"https:\/\/simusar.com.br\/wfe\/wp-json\/wp\/v2\/media?parent=2626"}],"wp:term":[{"taxonomy":"category","embeddable":true,"href":"https:\/\/simusar.com.br\/wfe\/wp-json\/wp\/v2\/categories?post=2626"},{"taxonomy":"post_tag","embeddable":true,"href":"https:\/\/simusar.com.br\/wfe\/wp-json\/wp\/v2\/tags?post=2626"}],"curies":[{"name":"wp","href":"https:\/\/api.w.org\/{rel}","templated":true}]}}