{"id":2640,"date":"2023-06-06T19:12:33","date_gmt":"2023-06-06T19:12:33","guid":{"rendered":"https:\/\/simusar.com.br\/wfe\/?p=2640"},"modified":"2023-06-06T19:12:34","modified_gmt":"2023-06-06T19:12:34","slug":"camara-do-mpf-defende-que-lei-do-piso-do-magisterio-tem-plena-eficacia","status":"publish","type":"post","link":"https:\/\/simusar.com.br\/wfe\/camara-do-mpf-defende-que-lei-do-piso-do-magisterio-tem-plena-eficacia\/","title":{"rendered":"C\u00e2mara do MPF defende que Lei do Piso do Magist\u00e9rio tem plena Efic\u00e1cia"},"content":{"rendered":"\n<p>A Lei 11.738\/2008, que regulamenta o piso nacional dos pro\ufb01ssionais do magist\u00e9rio da educa\u00e7\u00e3o b\u00e1sica e de\ufb01ne sua metodo- logia de atualiza\u00e7\u00e3o, est\u00e1 vigente e goza de plena validade e e\ufb01c\u00e1cia no ordenamento jur\u00eddico nacional. Esse \u00e9 o entendimento do Grupo de Trabalho Interinstitucional (GTI) Fundef\/Fundeb, que re\u00fane membros dos Minist\u00e9rios P\u00fablicos Federal (MPF), dos Estados, de Contas e do Minist\u00e9rio P\u00fablico junto ao Tribunal de Contas da Uni\u00e3o. O Grupo \u00e9 vinculado \u00e0 C\u00e2mara de Direitos Sociais e Fiscaliza\u00e7\u00e3o de Atos Administrativos em Geral do MPF.<\/p>\n\n\n\n<p>A controv\u00e9rsia existe porque, ao estabelecer a metodologia de atualiza\u00e7\u00e3o do piso salarial nacional dos professores da educa\u00e7\u00e3o b\u00e1sica, o artigo 5\u00ba, caput e par\u00e1grafo \u00fanico da Lei do Piso (Lei 11.738\/2008) faz refer\u00eancia direta \u00e0 Lei 11.494\/2007, antiga lei do Fundeb (Fundo de Manuten\u00e7\u00e3o e Desenvolvimento da<\/p>\n\n\n\n<p>Educa\u00e7\u00e3o B\u00e1sica e de Valoriza\u00e7\u00e3o dos Pro\ufb01ssionais da Educa\u00e7\u00e3o), revogada em 2020. A norma foi abolida pela Lei 14.113\/2020, que instituiu o Fundo como pol\u00edtica de Estado permanente. Com isso, surgiram interpreta\u00e7\u00f5es \u2013 equivocadas, na vis\u00e3o do GTI \u2013 de que os dispositivos da Lei do Piso atrelados \u00e0 antiga Lei do Fundeb n\u00e3o teriam plena e\ufb01c\u00e1cia.<\/p>\n\n\n\n<p>O Grupo alerta que, desde o ano passado, diversos munic\u00edpios brasileiros t\u00eam alegado esse suposto v\u00e1cuo normativo para descumprir a Lei do Piso e n\u00e3o conceder os devidos reajustes aos professores, incentivados pela Confedera\u00e7\u00e3o Nacional dos Munic\u00edpios (CNM). A interpreta\u00e7\u00e3o equivocada da CNM tem contribu\u00eddo, ainda, para a de\ufb02agra\u00e7\u00e3o de greves da categoria e para o aumento da judiciali- za\u00e7\u00e3o da quest\u00e3o em diversas localida- des do pa\u00eds.<\/p>\n\n\n\n<p>Para superar a inseguran\u00e7a jur\u00eddica gerada, o GTI defende a necessidade de se assegurar que a Lei<\/p>\n\n\n\n<p>do Piso seja interpretada conforme a Constitui\u00e7\u00e3o. \u201cA busca pela concreta valoriza\u00e7\u00e3o do magist\u00e9rio, princ\u00edpio constitucional expresso, extrapola o simples interesse de uma classe ou de uma categoria de servidores p\u00fablicos, traduzindo-se em verdadeira condi\u00e7\u00e3o de e\ufb01c\u00e1cia do direito fundamental \u00e0 educa\u00e7\u00e3o, em especial na sua dimens\u00e3o da qualidade de ensino\u201d, diz o docu- mento.<\/p>\n\n\n\n<p>Fundamenta\u00e7\u00e3o \u2013 O Grupo a\ufb01rma que a revoga\u00e7\u00e3o da antiga lei do Fundeb n\u00e3o tem impacto sobre a Lei do Piso, que continua em vigor. A a\ufb01rma\u00e7\u00e3o baseia-se no princ\u00edpio da continuidade da lei pelo qual a norma, a partir da sua entrada em vigor, tem e\ufb01c\u00e1cia cont\u00ednua, at\u00e9 que outra a modi\ufb01que ou a revogue. Essa revoga\u00e7\u00e3o pode ser expressa, quando est\u00e1 expl\u00edcita na nova lei, ou t\u00e1cita, quando a norma anterior \u00e9 incompat\u00ed- vel com o normativo mais recente ou quando este regula inteiramente a mat\u00e9ria de que tratava a lei anterior.<\/p>\n\n\n\n<p>No caso concreto, a nova lei do Fundeb (Lei 14.113\/2020) faz refer\u00ean- cia expressa \u00e0 revoga\u00e7\u00e3o da Lei 11.494\/2007, antiga lei do Fundeb.<\/p>\n\n\n\n<p>Todavia, n\u00e3o faz qualquer men\u00e7\u00e3o \u00e0 Lei do Piso, tampouco regulamenta os institutos que s\u00e3o objeto da norma. Na avalia\u00e7\u00e3o do GTI, isso deixa claro que n\u00e3o houve revoga\u00e7\u00e3o, expressa ou t\u00e1cita, da Lei 11.738\/2008 \u2013 conhecida como Lei do Piso. Da mesma forma, continua v\u00e1lido o dispositivo que<\/p>\n\n\n\n<p>de\ufb01ne a metodologia de atualiza\u00e7\u00e3o do sal\u00e1rio base dos professores.<\/p>\n\n\n\n<p>Segundo a norma, o piso salarial nacional do magist\u00e9rio p\u00fablico da educa\u00e7\u00e3o b\u00e1sica deve ser atualizado anualmente, no m\u00eas de janeiro. A lei de\ufb01ne, ainda, que o ajuste deve ser calculado com base no mesmo percen- tual de crescimento do valor anual m\u00ednimo por aluno referente aos anos iniciais do ensino fundamental urbano, de\ufb01nido nacionalmente, nos termos da Lei 11.494\/2007 (antiga lei do Fundeb, j\u00e1 revogada).<\/p>\n\n\n\n<p>O GTI pondera que, embora fa\u00e7a men\u00e7\u00e3o a uma norma j\u00e1 revogada, a Lei do Piso refere-se a um instituto jur\u00eddico que continua a existir. \u201c\u00c9 o caso do Fundeb, que apesar da revoga- \u00e7\u00e3o da Lei 11.494\/2007, continuou a existir, com o mesmo esp\u00edrito e com o corpo refor\u00e7ado, pela Lei 14.113\/2020, n\u00e3o por outra raz\u00e3o, denominada de Nova Lei do Fundeb\u201d, aponta o documento.<\/p>\n\n\n\n<p>Nesse contexto, o grupo defende que a remiss\u00e3o normativa \u00e0 antiga Lei do Fundeb deve ser interpre- tada como remiss\u00e3o normativa \u00e0 Nova Lei do Fundeb, sem qualquer preju\u00edzo \u00e0 aplica\u00e7\u00e3o dos dispositivos que regulamentam a atualiza\u00e7\u00e3o do piso nacional dos professores. O documen- to elaborado pelo GTI foi enviado ao procurador-geral da Rep\u00fablica, Augusto Aras, para avalia\u00e7\u00e3o e provi- d\u00eancias que entender cab\u00edveis.<\/p>\n\n\n\n<p>Fonte: <a href=\"http:\/\/www.mpf.mp.br\/\">www.mpf.mp.br<\/a><\/p>\n","protected":false},"excerpt":{"rendered":"<p>A Lei 11.738\/2008, que regulamenta o piso nacional dos pro\ufb01ssionais do magist\u00e9rio da educa\u00e7\u00e3o b\u00e1sica e de\ufb01ne sua metodo- logia de atualiza\u00e7\u00e3o, est\u00e1 vigente e goza de plena validade e e\ufb01c\u00e1cia no ordenamento jur\u00eddico nacional. Esse \u00e9 o entendimento do Grupo de Trabalho Interinstitucional (GTI) Fundef\/Fundeb, que re\u00fane membros dos Minist\u00e9rios P\u00fablicos Federal (MPF), dos [&hellip;]<\/p>\n","protected":false},"author":1,"featured_media":2641,"comment_status":"closed","ping_status":"closed","sticky":false,"template":"","format":"standard","meta":{"_eb_attr":"","footnotes":""},"categories":[4],"tags":[109,48,53],"class_list":["post-2640","post","type-post","status-publish","format-standard","has-post-thumbnail","hentry","category-noticias","tag-lei-do-piso-do-magisterio","tag-santa-rosa","tag-simusar"],"yoast_head":"<!-- This site is optimized with the Yoast SEO plugin v26.2 - https:\/\/yoast.com\/wordpress\/plugins\/seo\/ -->\n<title>C\u00e2mara do MPF defende que Lei do Piso do Magist\u00e9rio tem plena Efic\u00e1cia - SIMUSAR<\/title>\n<meta name=\"robots\" content=\"index, follow, max-snippet:-1, max-image-preview:large, max-video-preview:-1\" \/>\n<link rel=\"canonical\" href=\"https:\/\/simusar.com.br\/wfe\/camara-do-mpf-defende-que-lei-do-piso-do-magisterio-tem-plena-eficacia\/\" \/>\n<meta property=\"og:locale\" content=\"pt_BR\" \/>\n<meta property=\"og:type\" content=\"article\" \/>\n<meta property=\"og:title\" content=\"C\u00e2mara do MPF defende que Lei do Piso do Magist\u00e9rio tem plena Efic\u00e1cia - SIMUSAR\" \/>\n<meta property=\"og:description\" content=\"A Lei 11.738\/2008, que regulamenta o piso nacional dos pro\ufb01ssionais do magist\u00e9rio da educa\u00e7\u00e3o b\u00e1sica e de\ufb01ne sua metodo- logia de atualiza\u00e7\u00e3o, est\u00e1 vigente e goza de plena validade e e\ufb01c\u00e1cia no ordenamento jur\u00eddico nacional. Esse \u00e9 o entendimento do Grupo de Trabalho Interinstitucional (GTI) Fundef\/Fundeb, que re\u00fane membros dos Minist\u00e9rios P\u00fablicos Federal (MPF), dos [&hellip;]\" \/>\n<meta property=\"og:url\" content=\"https:\/\/simusar.com.br\/wfe\/camara-do-mpf-defende-que-lei-do-piso-do-magisterio-tem-plena-eficacia\/\" \/>\n<meta property=\"og:site_name\" content=\"SIMUSAR\" \/>\n<meta property=\"article:publisher\" content=\"https:\/\/www.facebook.com\/simusaroficial\" \/>\n<meta property=\"article:published_time\" content=\"2023-06-06T19:12:33+00:00\" \/>\n<meta property=\"article:modified_time\" content=\"2023-06-06T19:12:34+00:00\" \/>\n<meta property=\"og:image\" content=\"http:\/\/simusar.com.br\/wfe\/wp-content\/uploads\/2023\/06\/PISO-2.jpg\" \/>\n\t<meta property=\"og:image:width\" content=\"1090\" \/>\n\t<meta property=\"og:image:height\" content=\"767\" \/>\n\t<meta property=\"og:image:type\" content=\"image\/jpeg\" \/>\n<meta name=\"author\" content=\"admin\" \/>\n<meta name=\"twitter:card\" content=\"summary_large_image\" \/>\n<meta name=\"twitter:label1\" content=\"Escrito por\" \/>\n\t<meta name=\"twitter:data1\" content=\"admin\" \/>\n\t<meta name=\"twitter:label2\" content=\"Est. tempo de leitura\" \/>\n\t<meta name=\"twitter:data2\" content=\"4 minutos\" \/>\n<script type=\"application\/ld+json\" class=\"yoast-schema-graph\">{\"@context\":\"https:\/\/schema.org\",\"@graph\":[{\"@type\":\"Article\",\"@id\":\"https:\/\/simusar.com.br\/wfe\/camara-do-mpf-defende-que-lei-do-piso-do-magisterio-tem-plena-eficacia\/#article\",\"isPartOf\":{\"@id\":\"https:\/\/simusar.com.br\/wfe\/camara-do-mpf-defende-que-lei-do-piso-do-magisterio-tem-plena-eficacia\/\"},\"author\":{\"name\":\"admin\",\"@id\":\"https:\/\/simusar.com.br\/wfe\/#\/schema\/person\/7bbff4b09265c81fe98c20bae4e03e83\"},\"headline\":\"C\u00e2mara do MPF defende que Lei do Piso do Magist\u00e9rio tem plena Efic\u00e1cia\",\"datePublished\":\"2023-06-06T19:12:33+00:00\",\"dateModified\":\"2023-06-06T19:12:34+00:00\",\"mainEntityOfPage\":{\"@id\":\"https:\/\/simusar.com.br\/wfe\/camara-do-mpf-defende-que-lei-do-piso-do-magisterio-tem-plena-eficacia\/\"},\"wordCount\":810,\"publisher\":{\"@id\":\"https:\/\/simusar.com.br\/wfe\/#organization\"},\"image\":{\"@id\":\"https:\/\/simusar.com.br\/wfe\/camara-do-mpf-defende-que-lei-do-piso-do-magisterio-tem-plena-eficacia\/#primaryimage\"},\"thumbnailUrl\":\"https:\/\/simusar.com.br\/wfe\/wp-content\/uploads\/2023\/06\/PISO-2.jpg\",\"keywords\":[\"Lei do Piso do Magist\u00e9rio\",\"santa rosa\",\"simusar\"],\"articleSection\":[\"Noticias\"],\"inLanguage\":\"pt-BR\"},{\"@type\":\"WebPage\",\"@id\":\"https:\/\/simusar.com.br\/wfe\/camara-do-mpf-defende-que-lei-do-piso-do-magisterio-tem-plena-eficacia\/\",\"url\":\"https:\/\/simusar.com.br\/wfe\/camara-do-mpf-defende-que-lei-do-piso-do-magisterio-tem-plena-eficacia\/\",\"name\":\"C\u00e2mara do MPF defende que Lei do Piso do Magist\u00e9rio tem plena Efic\u00e1cia - SIMUSAR\",\"isPartOf\":{\"@id\":\"https:\/\/simusar.com.br\/wfe\/#website\"},\"primaryImageOfPage\":{\"@id\":\"https:\/\/simusar.com.br\/wfe\/camara-do-mpf-defende-que-lei-do-piso-do-magisterio-tem-plena-eficacia\/#primaryimage\"},\"image\":{\"@id\":\"https:\/\/simusar.com.br\/wfe\/camara-do-mpf-defende-que-lei-do-piso-do-magisterio-tem-plena-eficacia\/#primaryimage\"},\"thumbnailUrl\":\"https:\/\/simusar.com.br\/wfe\/wp-content\/uploads\/2023\/06\/PISO-2.jpg\",\"datePublished\":\"2023-06-06T19:12:33+00:00\",\"dateModified\":\"2023-06-06T19:12:34+00:00\",\"breadcrumb\":{\"@id\":\"https:\/\/simusar.com.br\/wfe\/camara-do-mpf-defende-que-lei-do-piso-do-magisterio-tem-plena-eficacia\/#breadcrumb\"},\"inLanguage\":\"pt-BR\",\"potentialAction\":[{\"@type\":\"ReadAction\",\"target\":[\"https:\/\/simusar.com.br\/wfe\/camara-do-mpf-defende-que-lei-do-piso-do-magisterio-tem-plena-eficacia\/\"]}]},{\"@type\":\"ImageObject\",\"inLanguage\":\"pt-BR\",\"@id\":\"https:\/\/simusar.com.br\/wfe\/camara-do-mpf-defende-que-lei-do-piso-do-magisterio-tem-plena-eficacia\/#primaryimage\",\"url\":\"https:\/\/simusar.com.br\/wfe\/wp-content\/uploads\/2023\/06\/PISO-2.jpg\",\"contentUrl\":\"https:\/\/simusar.com.br\/wfe\/wp-content\/uploads\/2023\/06\/PISO-2.jpg\",\"width\":1090,\"height\":767},{\"@type\":\"BreadcrumbList\",\"@id\":\"https:\/\/simusar.com.br\/wfe\/camara-do-mpf-defende-que-lei-do-piso-do-magisterio-tem-plena-eficacia\/#breadcrumb\",\"itemListElement\":[{\"@type\":\"ListItem\",\"position\":1,\"name\":\"In\u00edcio\",\"item\":\"https:\/\/simusar.com.br\/wfe\/\"},{\"@type\":\"ListItem\",\"position\":2,\"name\":\"C\u00e2mara do MPF defende que Lei do Piso do Magist\u00e9rio tem plena Efic\u00e1cia\"}]},{\"@type\":\"WebSite\",\"@id\":\"https:\/\/simusar.com.br\/wfe\/#website\",\"url\":\"https:\/\/simusar.com.br\/wfe\/\",\"name\":\"SIMUSAR\",\"description\":\"Sindicatos dos Servidores Municipais de Santa Rosa\",\"publisher\":{\"@id\":\"https:\/\/simusar.com.br\/wfe\/#organization\"},\"potentialAction\":[{\"@type\":\"SearchAction\",\"target\":{\"@type\":\"EntryPoint\",\"urlTemplate\":\"https:\/\/simusar.com.br\/wfe\/?s={search_term_string}\"},\"query-input\":{\"@type\":\"PropertyValueSpecification\",\"valueRequired\":true,\"valueName\":\"search_term_string\"}}],\"inLanguage\":\"pt-BR\"},{\"@type\":\"Organization\",\"@id\":\"https:\/\/simusar.com.br\/wfe\/#organization\",\"name\":\"SIMUSAR\",\"url\":\"https:\/\/simusar.com.br\/wfe\/\",\"logo\":{\"@type\":\"ImageObject\",\"inLanguage\":\"pt-BR\",\"@id\":\"https:\/\/simusar.com.br\/wfe\/#\/schema\/logo\/image\/\",\"url\":\"https:\/\/simusar.com.br\/wfe\/wp-content\/uploads\/2022\/05\/logo-perfil.png\",\"contentUrl\":\"https:\/\/simusar.com.br\/wfe\/wp-content\/uploads\/2022\/05\/logo-perfil.png\",\"width\":1080,\"height\":1080,\"caption\":\"SIMUSAR\"},\"image\":{\"@id\":\"https:\/\/simusar.com.br\/wfe\/#\/schema\/logo\/image\/\"},\"sameAs\":[\"https:\/\/www.facebook.com\/simusaroficial\",\"https:\/\/www.instagram.com\/simusaroficial\"]},{\"@type\":\"Person\",\"@id\":\"https:\/\/simusar.com.br\/wfe\/#\/schema\/person\/7bbff4b09265c81fe98c20bae4e03e83\",\"name\":\"admin\",\"sameAs\":[\"http:\/\/simusar.com.br\/wfe\"],\"url\":\"https:\/\/simusar.com.br\/wfe\/author\/admin\/\"}]}<\/script>\n<!-- \/ Yoast SEO plugin. -->","yoast_head_json":{"title":"C\u00e2mara do MPF defende que Lei do Piso do Magist\u00e9rio tem plena Efic\u00e1cia - SIMUSAR","robots":{"index":"index","follow":"follow","max-snippet":"max-snippet:-1","max-image-preview":"max-image-preview:large","max-video-preview":"max-video-preview:-1"},"canonical":"https:\/\/simusar.com.br\/wfe\/camara-do-mpf-defende-que-lei-do-piso-do-magisterio-tem-plena-eficacia\/","og_locale":"pt_BR","og_type":"article","og_title":"C\u00e2mara do MPF defende que Lei do Piso do Magist\u00e9rio tem plena Efic\u00e1cia - SIMUSAR","og_description":"A Lei 11.738\/2008, que regulamenta o piso nacional dos pro\ufb01ssionais do magist\u00e9rio da educa\u00e7\u00e3o b\u00e1sica e de\ufb01ne sua metodo- logia de atualiza\u00e7\u00e3o, est\u00e1 vigente e goza de plena validade e e\ufb01c\u00e1cia no ordenamento jur\u00eddico nacional. Esse \u00e9 o entendimento do Grupo de Trabalho Interinstitucional (GTI) Fundef\/Fundeb, que re\u00fane membros dos Minist\u00e9rios P\u00fablicos Federal (MPF), dos [&hellip;]","og_url":"https:\/\/simusar.com.br\/wfe\/camara-do-mpf-defende-que-lei-do-piso-do-magisterio-tem-plena-eficacia\/","og_site_name":"SIMUSAR","article_publisher":"https:\/\/www.facebook.com\/simusaroficial","article_published_time":"2023-06-06T19:12:33+00:00","article_modified_time":"2023-06-06T19:12:34+00:00","og_image":[{"width":1090,"height":767,"url":"http:\/\/simusar.com.br\/wfe\/wp-content\/uploads\/2023\/06\/PISO-2.jpg","type":"image\/jpeg"}],"author":"admin","twitter_card":"summary_large_image","twitter_misc":{"Escrito por":"admin","Est. tempo de leitura":"4 minutos"},"schema":{"@context":"https:\/\/schema.org","@graph":[{"@type":"Article","@id":"https:\/\/simusar.com.br\/wfe\/camara-do-mpf-defende-que-lei-do-piso-do-magisterio-tem-plena-eficacia\/#article","isPartOf":{"@id":"https:\/\/simusar.com.br\/wfe\/camara-do-mpf-defende-que-lei-do-piso-do-magisterio-tem-plena-eficacia\/"},"author":{"name":"admin","@id":"https:\/\/simusar.com.br\/wfe\/#\/schema\/person\/7bbff4b09265c81fe98c20bae4e03e83"},"headline":"C\u00e2mara do MPF defende que Lei do Piso do Magist\u00e9rio tem plena Efic\u00e1cia","datePublished":"2023-06-06T19:12:33+00:00","dateModified":"2023-06-06T19:12:34+00:00","mainEntityOfPage":{"@id":"https:\/\/simusar.com.br\/wfe\/camara-do-mpf-defende-que-lei-do-piso-do-magisterio-tem-plena-eficacia\/"},"wordCount":810,"publisher":{"@id":"https:\/\/simusar.com.br\/wfe\/#organization"},"image":{"@id":"https:\/\/simusar.com.br\/wfe\/camara-do-mpf-defende-que-lei-do-piso-do-magisterio-tem-plena-eficacia\/#primaryimage"},"thumbnailUrl":"https:\/\/simusar.com.br\/wfe\/wp-content\/uploads\/2023\/06\/PISO-2.jpg","keywords":["Lei do Piso do Magist\u00e9rio","santa rosa","simusar"],"articleSection":["Noticias"],"inLanguage":"pt-BR"},{"@type":"WebPage","@id":"https:\/\/simusar.com.br\/wfe\/camara-do-mpf-defende-que-lei-do-piso-do-magisterio-tem-plena-eficacia\/","url":"https:\/\/simusar.com.br\/wfe\/camara-do-mpf-defende-que-lei-do-piso-do-magisterio-tem-plena-eficacia\/","name":"C\u00e2mara do MPF defende que Lei do Piso do Magist\u00e9rio tem plena Efic\u00e1cia - SIMUSAR","isPartOf":{"@id":"https:\/\/simusar.com.br\/wfe\/#website"},"primaryImageOfPage":{"@id":"https:\/\/simusar.com.br\/wfe\/camara-do-mpf-defende-que-lei-do-piso-do-magisterio-tem-plena-eficacia\/#primaryimage"},"image":{"@id":"https:\/\/simusar.com.br\/wfe\/camara-do-mpf-defende-que-lei-do-piso-do-magisterio-tem-plena-eficacia\/#primaryimage"},"thumbnailUrl":"https:\/\/simusar.com.br\/wfe\/wp-content\/uploads\/2023\/06\/PISO-2.jpg","datePublished":"2023-06-06T19:12:33+00:00","dateModified":"2023-06-06T19:12:34+00:00","breadcrumb":{"@id":"https:\/\/simusar.com.br\/wfe\/camara-do-mpf-defende-que-lei-do-piso-do-magisterio-tem-plena-eficacia\/#breadcrumb"},"inLanguage":"pt-BR","potentialAction":[{"@type":"ReadAction","target":["https:\/\/simusar.com.br\/wfe\/camara-do-mpf-defende-que-lei-do-piso-do-magisterio-tem-plena-eficacia\/"]}]},{"@type":"ImageObject","inLanguage":"pt-BR","@id":"https:\/\/simusar.com.br\/wfe\/camara-do-mpf-defende-que-lei-do-piso-do-magisterio-tem-plena-eficacia\/#primaryimage","url":"https:\/\/simusar.com.br\/wfe\/wp-content\/uploads\/2023\/06\/PISO-2.jpg","contentUrl":"https:\/\/simusar.com.br\/wfe\/wp-content\/uploads\/2023\/06\/PISO-2.jpg","width":1090,"height":767},{"@type":"BreadcrumbList","@id":"https:\/\/simusar.com.br\/wfe\/camara-do-mpf-defende-que-lei-do-piso-do-magisterio-tem-plena-eficacia\/#breadcrumb","itemListElement":[{"@type":"ListItem","position":1,"name":"In\u00edcio","item":"https:\/\/simusar.com.br\/wfe\/"},{"@type":"ListItem","position":2,"name":"C\u00e2mara do MPF defende que Lei do Piso do Magist\u00e9rio tem plena Efic\u00e1cia"}]},{"@type":"WebSite","@id":"https:\/\/simusar.com.br\/wfe\/#website","url":"https:\/\/simusar.com.br\/wfe\/","name":"SIMUSAR","description":"Sindicatos dos Servidores Municipais de Santa Rosa","publisher":{"@id":"https:\/\/simusar.com.br\/wfe\/#organization"},"potentialAction":[{"@type":"SearchAction","target":{"@type":"EntryPoint","urlTemplate":"https:\/\/simusar.com.br\/wfe\/?s={search_term_string}"},"query-input":{"@type":"PropertyValueSpecification","valueRequired":true,"valueName":"search_term_string"}}],"inLanguage":"pt-BR"},{"@type":"Organization","@id":"https:\/\/simusar.com.br\/wfe\/#organization","name":"SIMUSAR","url":"https:\/\/simusar.com.br\/wfe\/","logo":{"@type":"ImageObject","inLanguage":"pt-BR","@id":"https:\/\/simusar.com.br\/wfe\/#\/schema\/logo\/image\/","url":"https:\/\/simusar.com.br\/wfe\/wp-content\/uploads\/2022\/05\/logo-perfil.png","contentUrl":"https:\/\/simusar.com.br\/wfe\/wp-content\/uploads\/2022\/05\/logo-perfil.png","width":1080,"height":1080,"caption":"SIMUSAR"},"image":{"@id":"https:\/\/simusar.com.br\/wfe\/#\/schema\/logo\/image\/"},"sameAs":["https:\/\/www.facebook.com\/simusaroficial","https:\/\/www.instagram.com\/simusaroficial"]},{"@type":"Person","@id":"https:\/\/simusar.com.br\/wfe\/#\/schema\/person\/7bbff4b09265c81fe98c20bae4e03e83","name":"admin","sameAs":["http:\/\/simusar.com.br\/wfe"],"url":"https:\/\/simusar.com.br\/wfe\/author\/admin\/"}]}},"_links":{"self":[{"href":"https:\/\/simusar.com.br\/wfe\/wp-json\/wp\/v2\/posts\/2640","targetHints":{"allow":["GET"]}}],"collection":[{"href":"https:\/\/simusar.com.br\/wfe\/wp-json\/wp\/v2\/posts"}],"about":[{"href":"https:\/\/simusar.com.br\/wfe\/wp-json\/wp\/v2\/types\/post"}],"author":[{"embeddable":true,"href":"https:\/\/simusar.com.br\/wfe\/wp-json\/wp\/v2\/users\/1"}],"replies":[{"embeddable":true,"href":"https:\/\/simusar.com.br\/wfe\/wp-json\/wp\/v2\/comments?post=2640"}],"version-history":[{"count":1,"href":"https:\/\/simusar.com.br\/wfe\/wp-json\/wp\/v2\/posts\/2640\/revisions"}],"predecessor-version":[{"id":2642,"href":"https:\/\/simusar.com.br\/wfe\/wp-json\/wp\/v2\/posts\/2640\/revisions\/2642"}],"wp:featuredmedia":[{"embeddable":true,"href":"https:\/\/simusar.com.br\/wfe\/wp-json\/wp\/v2\/media\/2641"}],"wp:attachment":[{"href":"https:\/\/simusar.com.br\/wfe\/wp-json\/wp\/v2\/media?parent=2640"}],"wp:term":[{"taxonomy":"category","embeddable":true,"href":"https:\/\/simusar.com.br\/wfe\/wp-json\/wp\/v2\/categories?post=2640"},{"taxonomy":"post_tag","embeddable":true,"href":"https:\/\/simusar.com.br\/wfe\/wp-json\/wp\/v2\/tags?post=2640"}],"curies":[{"name":"wp","href":"https:\/\/api.w.org\/{rel}","templated":true}]}}