{"id":2648,"date":"2023-06-26T18:03:55","date_gmt":"2023-06-26T18:03:55","guid":{"rendered":"https:\/\/simusar.com.br\/wfe\/?p=2648"},"modified":"2023-06-26T18:05:28","modified_gmt":"2023-06-26T18:05:28","slug":"conselheira-do-simusar-participa-da-conferencia-estadual-da-saude","status":"publish","type":"post","link":"https:\/\/simusar.com.br\/wfe\/conselheira-do-simusar-participa-da-conferencia-estadual-da-saude\/","title":{"rendered":"Conselheira do Simusar participa da Confer\u00eancia Estadual da Sa\u00fade"},"content":{"rendered":"\n<p>De 15 a 17 de maio de 2023, em Porto Alegre, ocorreu a 9\u00aa Confer\u00eancia Estadual da Sa\u00fade que debateu entre v\u00e1rios assuntos pertinentes ao desenvolvimento de estrat\u00e9gia a sa\u00fade, os desafios para efetiva\u00e7\u00e3o do SUS, Gest\u00e3o e regionaliza\u00e7\u00e3o da Sa\u00fade, Covid 19 e o Controle Social, al\u00e9m da escolha dos delegados para Confer\u00eancia Nacional.<\/p>\n\n\n\n<p>Santa Rosa teve <strong>12 delegados<\/strong> representando a cidade e, dentre estes, destaca-se a presen\u00e7a da conselheira <strong>Beatir Uhlmann<\/strong>, representante do Simusar no Conselho Municipal de Sa\u00fade. Beatir com atua\u00e7\u00e3o muito flame no CMS, destacou a import\u00e2ncia do evento e a eficaz participa\u00e7\u00e3o dos delegados, visto que, a proposta de simplifica\u00e7\u00e3o e unifica\u00e7\u00e3o dos sistemas do SUS, levada por Santa Rosa, foi aprovada e sera apresentada na Confer\u00eancia Nacional.<\/p>\n\n\n\n<p>\u201cE um momento de muito debate e aprendizado. Trocarmos experi\u00eancia com delegados de outras regi\u00f5es para aperfei\u00e7oar a nossa atua\u00e7\u00e3o local. Al\u00e9m disso, o fortalecimento do SUS e a garantia de direitos dos usu\u00e1rios a sa\u00fade, a vida e a democracia s\u00e3o pontos que precisam ser retomados e refor\u00e7ados, ainda mais, depois do desastre do \u00faltimo governo federal em rela\u00e7\u00e3o \u00e0 sa\u00fade p\u00fablica\u201d, ponderou Beatir. A confer\u00eancia elegeu 140 delegados e aprovou 20 propostas priorit\u00e1rias a serem apontadas na 17\u00ba\u00a0Confer\u00eancia Nacional de Sa\u00fade, que ocorrera entre os dias 2 a 5 de julho, em Bras\u00edlia. <\/p>\n\n\n\n<p>Dos delegados escolhidos 4 s\u00e3o de Santa Rosa \u2014 Beatir Henrich Uhlmann (mulher, representando o Sindicato dos Servidores Municipais de Santa Rosa e Usu\u00e1ria) e Ant\u00f4nio Vilson Pereita (Usuario), Ademir Rosa (Gest\u00e3o) e Maribel Renata Fachinetto (Profissional da Sa\u00fade).<\/p>\n","protected":false},"excerpt":{"rendered":"<p>De 15 a 17 de maio de 2023, em Porto Alegre, ocorreu a 9\u00aa Confer\u00eancia Estadual da Sa\u00fade que debateu entre v\u00e1rios assuntos pertinentes ao desenvolvimento de estrat\u00e9gia a sa\u00fade, os desafios para efetiva\u00e7\u00e3o do SUS, Gest\u00e3o e regionaliza\u00e7\u00e3o da Sa\u00fade, Covid 19 e o Controle Social, al\u00e9m da escolha dos delegados para Confer\u00eancia Nacional. [&hellip;]<\/p>\n","protected":false},"author":1,"featured_media":2650,"comment_status":"closed","ping_status":"closed","sticky":false,"template":"","format":"standard","meta":{"_eb_attr":"","footnotes":""},"categories":[4],"tags":[82,48,110,83,53],"class_list":["post-2648","post","type-post","status-publish","format-standard","has-post-thumbnail","hentry","category-noticias","tag-municipio","tag-santa-rosa","tag-saude","tag-seminario","tag-simusar"],"yoast_head":"<!-- This site is optimized with the Yoast SEO plugin v26.2 - https:\/\/yoast.com\/wordpress\/plugins\/seo\/ -->\n<title>Conselheira do Simusar participa da Confer\u00eancia Estadual da Sa\u00fade - SIMUSAR<\/title>\n<meta name=\"robots\" content=\"index, follow, max-snippet:-1, max-image-preview:large, max-video-preview:-1\" \/>\n<link rel=\"canonical\" href=\"https:\/\/simusar.com.br\/wfe\/conselheira-do-simusar-participa-da-conferencia-estadual-da-saude\/\" \/>\n<meta property=\"og:locale\" content=\"pt_BR\" \/>\n<meta property=\"og:type\" content=\"article\" \/>\n<meta property=\"og:title\" content=\"Conselheira do Simusar participa da Confer\u00eancia Estadual da Sa\u00fade - SIMUSAR\" \/>\n<meta property=\"og:description\" content=\"De 15 a 17 de maio de 2023, em Porto Alegre, ocorreu a 9\u00aa Confer\u00eancia Estadual da Sa\u00fade que debateu entre v\u00e1rios assuntos pertinentes ao desenvolvimento de estrat\u00e9gia a sa\u00fade, os desafios para efetiva\u00e7\u00e3o do SUS, Gest\u00e3o e regionaliza\u00e7\u00e3o da Sa\u00fade, Covid 19 e o Controle Social, al\u00e9m da escolha dos delegados para Confer\u00eancia Nacional. [&hellip;]\" \/>\n<meta property=\"og:url\" content=\"https:\/\/simusar.com.br\/wfe\/conselheira-do-simusar-participa-da-conferencia-estadual-da-saude\/\" \/>\n<meta property=\"og:site_name\" content=\"SIMUSAR\" \/>\n<meta property=\"article:publisher\" content=\"https:\/\/www.facebook.com\/simusaroficial\" \/>\n<meta property=\"article:published_time\" content=\"2023-06-26T18:03:55+00:00\" \/>\n<meta property=\"article:modified_time\" content=\"2023-06-26T18:05:28+00:00\" \/>\n<meta property=\"og:image\" content=\"https:\/\/simusar.com.br\/wfe\/wp-content\/uploads\/2023\/06\/conf-saude.png\" \/>\n\t<meta property=\"og:image:width\" content=\"1080\" \/>\n\t<meta property=\"og:image:height\" content=\"1080\" \/>\n\t<meta property=\"og:image:type\" content=\"image\/png\" \/>\n<meta name=\"author\" content=\"admin\" \/>\n<meta name=\"twitter:card\" content=\"summary_large_image\" \/>\n<meta name=\"twitter:label1\" content=\"Escrito por\" \/>\n\t<meta name=\"twitter:data1\" content=\"admin\" \/>\n\t<meta name=\"twitter:label2\" content=\"Est. tempo de leitura\" \/>\n\t<meta name=\"twitter:data2\" content=\"2 minutos\" \/>\n<script type=\"application\/ld+json\" class=\"yoast-schema-graph\">{\"@context\":\"https:\/\/schema.org\",\"@graph\":[{\"@type\":\"Article\",\"@id\":\"https:\/\/simusar.com.br\/wfe\/conselheira-do-simusar-participa-da-conferencia-estadual-da-saude\/#article\",\"isPartOf\":{\"@id\":\"https:\/\/simusar.com.br\/wfe\/conselheira-do-simusar-participa-da-conferencia-estadual-da-saude\/\"},\"author\":{\"name\":\"admin\",\"@id\":\"https:\/\/simusar.com.br\/wfe\/#\/schema\/person\/7bbff4b09265c81fe98c20bae4e03e83\"},\"headline\":\"Conselheira do Simusar participa da Confer\u00eancia Estadual da Sa\u00fade\",\"datePublished\":\"2023-06-26T18:03:55+00:00\",\"dateModified\":\"2023-06-26T18:05:28+00:00\",\"mainEntityOfPage\":{\"@id\":\"https:\/\/simusar.com.br\/wfe\/conselheira-do-simusar-participa-da-conferencia-estadual-da-saude\/\"},\"wordCount\":296,\"publisher\":{\"@id\":\"https:\/\/simusar.com.br\/wfe\/#organization\"},\"image\":{\"@id\":\"https:\/\/simusar.com.br\/wfe\/conselheira-do-simusar-participa-da-conferencia-estadual-da-saude\/#primaryimage\"},\"thumbnailUrl\":\"https:\/\/simusar.com.br\/wfe\/wp-content\/uploads\/2023\/06\/conf-saude.png\",\"keywords\":[\"munic\u00edpio\",\"santa rosa\",\"sa\u00fade\",\"seminario\",\"simusar\"],\"articleSection\":[\"Noticias\"],\"inLanguage\":\"pt-BR\"},{\"@type\":\"WebPage\",\"@id\":\"https:\/\/simusar.com.br\/wfe\/conselheira-do-simusar-participa-da-conferencia-estadual-da-saude\/\",\"url\":\"https:\/\/simusar.com.br\/wfe\/conselheira-do-simusar-participa-da-conferencia-estadual-da-saude\/\",\"name\":\"Conselheira do Simusar participa da Confer\u00eancia Estadual da Sa\u00fade - SIMUSAR\",\"isPartOf\":{\"@id\":\"https:\/\/simusar.com.br\/wfe\/#website\"},\"primaryImageOfPage\":{\"@id\":\"https:\/\/simusar.com.br\/wfe\/conselheira-do-simusar-participa-da-conferencia-estadual-da-saude\/#primaryimage\"},\"image\":{\"@id\":\"https:\/\/simusar.com.br\/wfe\/conselheira-do-simusar-participa-da-conferencia-estadual-da-saude\/#primaryimage\"},\"thumbnailUrl\":\"https:\/\/simusar.com.br\/wfe\/wp-content\/uploads\/2023\/06\/conf-saude.png\",\"datePublished\":\"2023-06-26T18:03:55+00:00\",\"dateModified\":\"2023-06-26T18:05:28+00:00\",\"breadcrumb\":{\"@id\":\"https:\/\/simusar.com.br\/wfe\/conselheira-do-simusar-participa-da-conferencia-estadual-da-saude\/#breadcrumb\"},\"inLanguage\":\"pt-BR\",\"potentialAction\":[{\"@type\":\"ReadAction\",\"target\":[\"https:\/\/simusar.com.br\/wfe\/conselheira-do-simusar-participa-da-conferencia-estadual-da-saude\/\"]}]},{\"@type\":\"ImageObject\",\"inLanguage\":\"pt-BR\",\"@id\":\"https:\/\/simusar.com.br\/wfe\/conselheira-do-simusar-participa-da-conferencia-estadual-da-saude\/#primaryimage\",\"url\":\"https:\/\/simusar.com.br\/wfe\/wp-content\/uploads\/2023\/06\/conf-saude.png\",\"contentUrl\":\"https:\/\/simusar.com.br\/wfe\/wp-content\/uploads\/2023\/06\/conf-saude.png\",\"width\":1080,\"height\":1080},{\"@type\":\"BreadcrumbList\",\"@id\":\"https:\/\/simusar.com.br\/wfe\/conselheira-do-simusar-participa-da-conferencia-estadual-da-saude\/#breadcrumb\",\"itemListElement\":[{\"@type\":\"ListItem\",\"position\":1,\"name\":\"In\u00edcio\",\"item\":\"https:\/\/simusar.com.br\/wfe\/\"},{\"@type\":\"ListItem\",\"position\":2,\"name\":\"Conselheira do Simusar participa da Confer\u00eancia Estadual da Sa\u00fade\"}]},{\"@type\":\"WebSite\",\"@id\":\"https:\/\/simusar.com.br\/wfe\/#website\",\"url\":\"https:\/\/simusar.com.br\/wfe\/\",\"name\":\"SIMUSAR\",\"description\":\"Sindicatos dos Servidores Municipais de Santa Rosa\",\"publisher\":{\"@id\":\"https:\/\/simusar.com.br\/wfe\/#organization\"},\"potentialAction\":[{\"@type\":\"SearchAction\",\"target\":{\"@type\":\"EntryPoint\",\"urlTemplate\":\"https:\/\/simusar.com.br\/wfe\/?s={search_term_string}\"},\"query-input\":{\"@type\":\"PropertyValueSpecification\",\"valueRequired\":true,\"valueName\":\"search_term_string\"}}],\"inLanguage\":\"pt-BR\"},{\"@type\":\"Organization\",\"@id\":\"https:\/\/simusar.com.br\/wfe\/#organization\",\"name\":\"SIMUSAR\",\"url\":\"https:\/\/simusar.com.br\/wfe\/\",\"logo\":{\"@type\":\"ImageObject\",\"inLanguage\":\"pt-BR\",\"@id\":\"https:\/\/simusar.com.br\/wfe\/#\/schema\/logo\/image\/\",\"url\":\"https:\/\/simusar.com.br\/wfe\/wp-content\/uploads\/2022\/05\/logo-perfil.png\",\"contentUrl\":\"https:\/\/simusar.com.br\/wfe\/wp-content\/uploads\/2022\/05\/logo-perfil.png\",\"width\":1080,\"height\":1080,\"caption\":\"SIMUSAR\"},\"image\":{\"@id\":\"https:\/\/simusar.com.br\/wfe\/#\/schema\/logo\/image\/\"},\"sameAs\":[\"https:\/\/www.facebook.com\/simusaroficial\",\"https:\/\/www.instagram.com\/simusaroficial\"]},{\"@type\":\"Person\",\"@id\":\"https:\/\/simusar.com.br\/wfe\/#\/schema\/person\/7bbff4b09265c81fe98c20bae4e03e83\",\"name\":\"admin\",\"sameAs\":[\"http:\/\/simusar.com.br\/wfe\"],\"url\":\"https:\/\/simusar.com.br\/wfe\/author\/admin\/\"}]}<\/script>\n<!-- \/ Yoast SEO plugin. -->","yoast_head_json":{"title":"Conselheira do Simusar participa da Confer\u00eancia Estadual da Sa\u00fade - SIMUSAR","robots":{"index":"index","follow":"follow","max-snippet":"max-snippet:-1","max-image-preview":"max-image-preview:large","max-video-preview":"max-video-preview:-1"},"canonical":"https:\/\/simusar.com.br\/wfe\/conselheira-do-simusar-participa-da-conferencia-estadual-da-saude\/","og_locale":"pt_BR","og_type":"article","og_title":"Conselheira do Simusar participa da Confer\u00eancia Estadual da Sa\u00fade - SIMUSAR","og_description":"De 15 a 17 de maio de 2023, em Porto Alegre, ocorreu a 9\u00aa Confer\u00eancia Estadual da Sa\u00fade que debateu entre v\u00e1rios assuntos pertinentes ao desenvolvimento de estrat\u00e9gia a sa\u00fade, os desafios para efetiva\u00e7\u00e3o do SUS, Gest\u00e3o e regionaliza\u00e7\u00e3o da Sa\u00fade, Covid 19 e o Controle Social, al\u00e9m da escolha dos delegados para Confer\u00eancia Nacional. [&hellip;]","og_url":"https:\/\/simusar.com.br\/wfe\/conselheira-do-simusar-participa-da-conferencia-estadual-da-saude\/","og_site_name":"SIMUSAR","article_publisher":"https:\/\/www.facebook.com\/simusaroficial","article_published_time":"2023-06-26T18:03:55+00:00","article_modified_time":"2023-06-26T18:05:28+00:00","og_image":[{"width":1080,"height":1080,"url":"https:\/\/simusar.com.br\/wfe\/wp-content\/uploads\/2023\/06\/conf-saude.png","type":"image\/png"}],"author":"admin","twitter_card":"summary_large_image","twitter_misc":{"Escrito por":"admin","Est. tempo de leitura":"2 minutos"},"schema":{"@context":"https:\/\/schema.org","@graph":[{"@type":"Article","@id":"https:\/\/simusar.com.br\/wfe\/conselheira-do-simusar-participa-da-conferencia-estadual-da-saude\/#article","isPartOf":{"@id":"https:\/\/simusar.com.br\/wfe\/conselheira-do-simusar-participa-da-conferencia-estadual-da-saude\/"},"author":{"name":"admin","@id":"https:\/\/simusar.com.br\/wfe\/#\/schema\/person\/7bbff4b09265c81fe98c20bae4e03e83"},"headline":"Conselheira do Simusar participa da Confer\u00eancia Estadual da Sa\u00fade","datePublished":"2023-06-26T18:03:55+00:00","dateModified":"2023-06-26T18:05:28+00:00","mainEntityOfPage":{"@id":"https:\/\/simusar.com.br\/wfe\/conselheira-do-simusar-participa-da-conferencia-estadual-da-saude\/"},"wordCount":296,"publisher":{"@id":"https:\/\/simusar.com.br\/wfe\/#organization"},"image":{"@id":"https:\/\/simusar.com.br\/wfe\/conselheira-do-simusar-participa-da-conferencia-estadual-da-saude\/#primaryimage"},"thumbnailUrl":"https:\/\/simusar.com.br\/wfe\/wp-content\/uploads\/2023\/06\/conf-saude.png","keywords":["munic\u00edpio","santa rosa","sa\u00fade","seminario","simusar"],"articleSection":["Noticias"],"inLanguage":"pt-BR"},{"@type":"WebPage","@id":"https:\/\/simusar.com.br\/wfe\/conselheira-do-simusar-participa-da-conferencia-estadual-da-saude\/","url":"https:\/\/simusar.com.br\/wfe\/conselheira-do-simusar-participa-da-conferencia-estadual-da-saude\/","name":"Conselheira do Simusar participa da Confer\u00eancia Estadual da Sa\u00fade - SIMUSAR","isPartOf":{"@id":"https:\/\/simusar.com.br\/wfe\/#website"},"primaryImageOfPage":{"@id":"https:\/\/simusar.com.br\/wfe\/conselheira-do-simusar-participa-da-conferencia-estadual-da-saude\/#primaryimage"},"image":{"@id":"https:\/\/simusar.com.br\/wfe\/conselheira-do-simusar-participa-da-conferencia-estadual-da-saude\/#primaryimage"},"thumbnailUrl":"https:\/\/simusar.com.br\/wfe\/wp-content\/uploads\/2023\/06\/conf-saude.png","datePublished":"2023-06-26T18:03:55+00:00","dateModified":"2023-06-26T18:05:28+00:00","breadcrumb":{"@id":"https:\/\/simusar.com.br\/wfe\/conselheira-do-simusar-participa-da-conferencia-estadual-da-saude\/#breadcrumb"},"inLanguage":"pt-BR","potentialAction":[{"@type":"ReadAction","target":["https:\/\/simusar.com.br\/wfe\/conselheira-do-simusar-participa-da-conferencia-estadual-da-saude\/"]}]},{"@type":"ImageObject","inLanguage":"pt-BR","@id":"https:\/\/simusar.com.br\/wfe\/conselheira-do-simusar-participa-da-conferencia-estadual-da-saude\/#primaryimage","url":"https:\/\/simusar.com.br\/wfe\/wp-content\/uploads\/2023\/06\/conf-saude.png","contentUrl":"https:\/\/simusar.com.br\/wfe\/wp-content\/uploads\/2023\/06\/conf-saude.png","width":1080,"height":1080},{"@type":"BreadcrumbList","@id":"https:\/\/simusar.com.br\/wfe\/conselheira-do-simusar-participa-da-conferencia-estadual-da-saude\/#breadcrumb","itemListElement":[{"@type":"ListItem","position":1,"name":"In\u00edcio","item":"https:\/\/simusar.com.br\/wfe\/"},{"@type":"ListItem","position":2,"name":"Conselheira do Simusar participa da Confer\u00eancia Estadual da Sa\u00fade"}]},{"@type":"WebSite","@id":"https:\/\/simusar.com.br\/wfe\/#website","url":"https:\/\/simusar.com.br\/wfe\/","name":"SIMUSAR","description":"Sindicatos dos Servidores Municipais de Santa Rosa","publisher":{"@id":"https:\/\/simusar.com.br\/wfe\/#organization"},"potentialAction":[{"@type":"SearchAction","target":{"@type":"EntryPoint","urlTemplate":"https:\/\/simusar.com.br\/wfe\/?s={search_term_string}"},"query-input":{"@type":"PropertyValueSpecification","valueRequired":true,"valueName":"search_term_string"}}],"inLanguage":"pt-BR"},{"@type":"Organization","@id":"https:\/\/simusar.com.br\/wfe\/#organization","name":"SIMUSAR","url":"https:\/\/simusar.com.br\/wfe\/","logo":{"@type":"ImageObject","inLanguage":"pt-BR","@id":"https:\/\/simusar.com.br\/wfe\/#\/schema\/logo\/image\/","url":"https:\/\/simusar.com.br\/wfe\/wp-content\/uploads\/2022\/05\/logo-perfil.png","contentUrl":"https:\/\/simusar.com.br\/wfe\/wp-content\/uploads\/2022\/05\/logo-perfil.png","width":1080,"height":1080,"caption":"SIMUSAR"},"image":{"@id":"https:\/\/simusar.com.br\/wfe\/#\/schema\/logo\/image\/"},"sameAs":["https:\/\/www.facebook.com\/simusaroficial","https:\/\/www.instagram.com\/simusaroficial"]},{"@type":"Person","@id":"https:\/\/simusar.com.br\/wfe\/#\/schema\/person\/7bbff4b09265c81fe98c20bae4e03e83","name":"admin","sameAs":["http:\/\/simusar.com.br\/wfe"],"url":"https:\/\/simusar.com.br\/wfe\/author\/admin\/"}]}},"_links":{"self":[{"href":"https:\/\/simusar.com.br\/wfe\/wp-json\/wp\/v2\/posts\/2648","targetHints":{"allow":["GET"]}}],"collection":[{"href":"https:\/\/simusar.com.br\/wfe\/wp-json\/wp\/v2\/posts"}],"about":[{"href":"https:\/\/simusar.com.br\/wfe\/wp-json\/wp\/v2\/types\/post"}],"author":[{"embeddable":true,"href":"https:\/\/simusar.com.br\/wfe\/wp-json\/wp\/v2\/users\/1"}],"replies":[{"embeddable":true,"href":"https:\/\/simusar.com.br\/wfe\/wp-json\/wp\/v2\/comments?post=2648"}],"version-history":[{"count":2,"href":"https:\/\/simusar.com.br\/wfe\/wp-json\/wp\/v2\/posts\/2648\/revisions"}],"predecessor-version":[{"id":2653,"href":"https:\/\/simusar.com.br\/wfe\/wp-json\/wp\/v2\/posts\/2648\/revisions\/2653"}],"wp:featuredmedia":[{"embeddable":true,"href":"https:\/\/simusar.com.br\/wfe\/wp-json\/wp\/v2\/media\/2650"}],"wp:attachment":[{"href":"https:\/\/simusar.com.br\/wfe\/wp-json\/wp\/v2\/media?parent=2648"}],"wp:term":[{"taxonomy":"category","embeddable":true,"href":"https:\/\/simusar.com.br\/wfe\/wp-json\/wp\/v2\/categories?post=2648"},{"taxonomy":"post_tag","embeddable":true,"href":"https:\/\/simusar.com.br\/wfe\/wp-json\/wp\/v2\/tags?post=2648"}],"curies":[{"name":"wp","href":"https:\/\/api.w.org\/{rel}","templated":true}]}}