{"id":2654,"date":"2023-07-03T11:44:41","date_gmt":"2023-07-03T11:44:41","guid":{"rendered":"https:\/\/simusar.com.br\/wfe\/?p=2654"},"modified":"2023-07-05T12:05:34","modified_gmt":"2023-07-05T12:05:34","slug":"gilmar-sossella-visita-o-simusar","status":"publish","type":"post","link":"https:\/\/simusar.com.br\/wfe\/gilmar-sossella-visita-o-simusar\/","title":{"rendered":"Gilmar Sossella visita o Simusar"},"content":{"rendered":"<div class=\"wp-block-image\">\n<figure class=\"alignleft size-medium\"><img loading=\"lazy\" decoding=\"async\" width=\"300\" height=\"300\" src=\"https:\/\/simusar.com.br\/wfe\/wp-content\/uploads\/2023\/07\/posts-42-300x300.png\" alt=\"\" class=\"wp-image-2655\" srcset=\"https:\/\/simusar.com.br\/wfe\/wp-content\/uploads\/2023\/07\/posts-42-300x300.png 300w, https:\/\/simusar.com.br\/wfe\/wp-content\/uploads\/2023\/07\/posts-42-1024x1024.png 1024w, https:\/\/simusar.com.br\/wfe\/wp-content\/uploads\/2023\/07\/posts-42-150x150.png 150w, https:\/\/simusar.com.br\/wfe\/wp-content\/uploads\/2023\/07\/posts-42-768x768.png 768w, https:\/\/simusar.com.br\/wfe\/wp-content\/uploads\/2023\/07\/posts-42.png 1080w\" sizes=\"auto, (max-width: 300px) 100vw, 300px\" \/><\/figure>\n<\/div>\n\n\n<p>Recebemos na \u00faltima sexta-feira, 30\/06, a visita do deputado e Secret\u00e1rio Estadual do Trabalho e Desenvolvimento, Gilmar Sossella (PDT) e na oportunidade, solicitamos apoio do deputado e do seu partido \u00e0s demandas dos servidores p\u00fablicos. O deputado e sua comitiva est\u00e3o na regi\u00e3o divulgando o trabalho e ouvindo as demandas.<\/p>\n\n\n\n<p>Por ser uma lideran\u00e7a do PDT, solicitamos apoio do deputado\/secret\u00e1rio e do seu partido \u00e0s demandas dos servidores p\u00fablicos. Elencamos a necessidade de cria\u00e7\u00e3o de cursos t\u00e9cnicos para atender as necessidades dos filhos dos trabalhadores, nesse caso, em especial, aos filhos dos servidores, e nos colocamos \u00e0 disposi\u00e7\u00e3o para tonar essa reivindica\u00e7\u00e3o ating\u00edvel.<\/p>\n\n\n\n<p>O Secret\u00e1rio colocou-se a disposi\u00e7\u00e3o da nossa categoria e prop\u00f4s encaminhamentos que ser\u00e3o feitos nos pr\u00f3ximos dias.<\/p>\n\n\n\n<p>A presen\u00e7a do Deputado\/Secret\u00e1rio Estadual, nos da dimens\u00e3o da import\u00e2ncia que o Simusar atingiu nos \u00faltimos anos no contexto regional, reafirma nossa atua\u00e7\u00e3o diante das autoridades na luta por melhorias ao servi\u00e7o p\u00fablico e nos coloca como protagonistas no cen\u00e1rio do desenvolvimento de nossa comunidade.<\/p>\n","protected":false},"excerpt":{"rendered":"<p>Recebemos na \u00faltima sexta-feira, 30\/06, a visita do deputado e Secret\u00e1rio Estadual do Trabalho e Desenvolvimento, Gilmar Sossella (PDT) e na oportunidade, solicitamos apoio do deputado e do seu partido \u00e0s demandas dos servidores p\u00fablicos. O deputado e sua comitiva est\u00e3o na regi\u00e3o divulgando o trabalho e ouvindo as demandas. Por ser uma lideran\u00e7a do [&hellip;]<\/p>\n","protected":false},"author":1,"featured_media":2655,"comment_status":"closed","ping_status":"closed","sticky":false,"template":"","format":"standard","meta":{"_eb_attr":"","footnotes":""},"categories":[4],"tags":[48,53],"class_list":["post-2654","post","type-post","status-publish","format-standard","has-post-thumbnail","hentry","category-noticias","tag-santa-rosa","tag-simusar"],"yoast_head":"<!-- This site is optimized with the Yoast SEO plugin v26.2 - https:\/\/yoast.com\/wordpress\/plugins\/seo\/ -->\n<title>Gilmar Sossella visita o Simusar - SIMUSAR<\/title>\n<meta name=\"robots\" content=\"index, follow, max-snippet:-1, max-image-preview:large, max-video-preview:-1\" \/>\n<link rel=\"canonical\" href=\"https:\/\/simusar.com.br\/wfe\/gilmar-sossella-visita-o-simusar\/\" \/>\n<meta property=\"og:locale\" content=\"pt_BR\" \/>\n<meta property=\"og:type\" content=\"article\" \/>\n<meta property=\"og:title\" content=\"Gilmar Sossella visita o Simusar - SIMUSAR\" \/>\n<meta property=\"og:description\" content=\"Recebemos na \u00faltima sexta-feira, 30\/06, a visita do deputado e Secret\u00e1rio Estadual do Trabalho e Desenvolvimento, Gilmar Sossella (PDT) e na oportunidade, solicitamos apoio do deputado e do seu partido \u00e0s demandas dos servidores p\u00fablicos. O deputado e sua comitiva est\u00e3o na regi\u00e3o divulgando o trabalho e ouvindo as demandas. Por ser uma lideran\u00e7a do [&hellip;]\" \/>\n<meta property=\"og:url\" content=\"https:\/\/simusar.com.br\/wfe\/gilmar-sossella-visita-o-simusar\/\" \/>\n<meta property=\"og:site_name\" content=\"SIMUSAR\" \/>\n<meta property=\"article:publisher\" content=\"https:\/\/www.facebook.com\/simusaroficial\" \/>\n<meta property=\"article:published_time\" content=\"2023-07-03T11:44:41+00:00\" \/>\n<meta property=\"article:modified_time\" content=\"2023-07-05T12:05:34+00:00\" \/>\n<meta property=\"og:image\" content=\"http:\/\/simusar.com.br\/wfe\/wp-content\/uploads\/2023\/07\/posts-42.png\" \/>\n\t<meta property=\"og:image:width\" content=\"1080\" \/>\n\t<meta property=\"og:image:height\" content=\"1080\" \/>\n\t<meta property=\"og:image:type\" content=\"image\/png\" \/>\n<meta name=\"author\" content=\"admin\" \/>\n<meta name=\"twitter:card\" content=\"summary_large_image\" \/>\n<meta name=\"twitter:label1\" content=\"Escrito por\" \/>\n\t<meta name=\"twitter:data1\" content=\"admin\" \/>\n\t<meta name=\"twitter:label2\" content=\"Est. tempo de leitura\" \/>\n\t<meta name=\"twitter:data2\" content=\"2 minutos\" \/>\n<script type=\"application\/ld+json\" class=\"yoast-schema-graph\">{\"@context\":\"https:\/\/schema.org\",\"@graph\":[{\"@type\":\"Article\",\"@id\":\"https:\/\/simusar.com.br\/wfe\/gilmar-sossella-visita-o-simusar\/#article\",\"isPartOf\":{\"@id\":\"https:\/\/simusar.com.br\/wfe\/gilmar-sossella-visita-o-simusar\/\"},\"author\":{\"name\":\"admin\",\"@id\":\"https:\/\/simusar.com.br\/wfe\/#\/schema\/person\/7bbff4b09265c81fe98c20bae4e03e83\"},\"headline\":\"Gilmar Sossella visita o Simusar\",\"datePublished\":\"2023-07-03T11:44:41+00:00\",\"dateModified\":\"2023-07-05T12:05:34+00:00\",\"mainEntityOfPage\":{\"@id\":\"https:\/\/simusar.com.br\/wfe\/gilmar-sossella-visita-o-simusar\/\"},\"wordCount\":195,\"publisher\":{\"@id\":\"https:\/\/simusar.com.br\/wfe\/#organization\"},\"image\":{\"@id\":\"https:\/\/simusar.com.br\/wfe\/gilmar-sossella-visita-o-simusar\/#primaryimage\"},\"thumbnailUrl\":\"https:\/\/simusar.com.br\/wfe\/wp-content\/uploads\/2023\/07\/posts-42.png\",\"keywords\":[\"santa rosa\",\"simusar\"],\"articleSection\":[\"Noticias\"],\"inLanguage\":\"pt-BR\"},{\"@type\":\"WebPage\",\"@id\":\"https:\/\/simusar.com.br\/wfe\/gilmar-sossella-visita-o-simusar\/\",\"url\":\"https:\/\/simusar.com.br\/wfe\/gilmar-sossella-visita-o-simusar\/\",\"name\":\"Gilmar Sossella visita o Simusar - SIMUSAR\",\"isPartOf\":{\"@id\":\"https:\/\/simusar.com.br\/wfe\/#website\"},\"primaryImageOfPage\":{\"@id\":\"https:\/\/simusar.com.br\/wfe\/gilmar-sossella-visita-o-simusar\/#primaryimage\"},\"image\":{\"@id\":\"https:\/\/simusar.com.br\/wfe\/gilmar-sossella-visita-o-simusar\/#primaryimage\"},\"thumbnailUrl\":\"https:\/\/simusar.com.br\/wfe\/wp-content\/uploads\/2023\/07\/posts-42.png\",\"datePublished\":\"2023-07-03T11:44:41+00:00\",\"dateModified\":\"2023-07-05T12:05:34+00:00\",\"breadcrumb\":{\"@id\":\"https:\/\/simusar.com.br\/wfe\/gilmar-sossella-visita-o-simusar\/#breadcrumb\"},\"inLanguage\":\"pt-BR\",\"potentialAction\":[{\"@type\":\"ReadAction\",\"target\":[\"https:\/\/simusar.com.br\/wfe\/gilmar-sossella-visita-o-simusar\/\"]}]},{\"@type\":\"ImageObject\",\"inLanguage\":\"pt-BR\",\"@id\":\"https:\/\/simusar.com.br\/wfe\/gilmar-sossella-visita-o-simusar\/#primaryimage\",\"url\":\"https:\/\/simusar.com.br\/wfe\/wp-content\/uploads\/2023\/07\/posts-42.png\",\"contentUrl\":\"https:\/\/simusar.com.br\/wfe\/wp-content\/uploads\/2023\/07\/posts-42.png\",\"width\":1080,\"height\":1080},{\"@type\":\"BreadcrumbList\",\"@id\":\"https:\/\/simusar.com.br\/wfe\/gilmar-sossella-visita-o-simusar\/#breadcrumb\",\"itemListElement\":[{\"@type\":\"ListItem\",\"position\":1,\"name\":\"In\u00edcio\",\"item\":\"https:\/\/simusar.com.br\/wfe\/\"},{\"@type\":\"ListItem\",\"position\":2,\"name\":\"Gilmar Sossella visita o Simusar\"}]},{\"@type\":\"WebSite\",\"@id\":\"https:\/\/simusar.com.br\/wfe\/#website\",\"url\":\"https:\/\/simusar.com.br\/wfe\/\",\"name\":\"SIMUSAR\",\"description\":\"Sindicatos dos Servidores Municipais de Santa Rosa\",\"publisher\":{\"@id\":\"https:\/\/simusar.com.br\/wfe\/#organization\"},\"potentialAction\":[{\"@type\":\"SearchAction\",\"target\":{\"@type\":\"EntryPoint\",\"urlTemplate\":\"https:\/\/simusar.com.br\/wfe\/?s={search_term_string}\"},\"query-input\":{\"@type\":\"PropertyValueSpecification\",\"valueRequired\":true,\"valueName\":\"search_term_string\"}}],\"inLanguage\":\"pt-BR\"},{\"@type\":\"Organization\",\"@id\":\"https:\/\/simusar.com.br\/wfe\/#organization\",\"name\":\"SIMUSAR\",\"url\":\"https:\/\/simusar.com.br\/wfe\/\",\"logo\":{\"@type\":\"ImageObject\",\"inLanguage\":\"pt-BR\",\"@id\":\"https:\/\/simusar.com.br\/wfe\/#\/schema\/logo\/image\/\",\"url\":\"https:\/\/simusar.com.br\/wfe\/wp-content\/uploads\/2022\/05\/logo-perfil.png\",\"contentUrl\":\"https:\/\/simusar.com.br\/wfe\/wp-content\/uploads\/2022\/05\/logo-perfil.png\",\"width\":1080,\"height\":1080,\"caption\":\"SIMUSAR\"},\"image\":{\"@id\":\"https:\/\/simusar.com.br\/wfe\/#\/schema\/logo\/image\/\"},\"sameAs\":[\"https:\/\/www.facebook.com\/simusaroficial\",\"https:\/\/www.instagram.com\/simusaroficial\"]},{\"@type\":\"Person\",\"@id\":\"https:\/\/simusar.com.br\/wfe\/#\/schema\/person\/7bbff4b09265c81fe98c20bae4e03e83\",\"name\":\"admin\",\"sameAs\":[\"http:\/\/simusar.com.br\/wfe\"],\"url\":\"https:\/\/simusar.com.br\/wfe\/author\/admin\/\"}]}<\/script>\n<!-- \/ Yoast SEO plugin. -->","yoast_head_json":{"title":"Gilmar Sossella visita o Simusar - SIMUSAR","robots":{"index":"index","follow":"follow","max-snippet":"max-snippet:-1","max-image-preview":"max-image-preview:large","max-video-preview":"max-video-preview:-1"},"canonical":"https:\/\/simusar.com.br\/wfe\/gilmar-sossella-visita-o-simusar\/","og_locale":"pt_BR","og_type":"article","og_title":"Gilmar Sossella visita o Simusar - SIMUSAR","og_description":"Recebemos na \u00faltima sexta-feira, 30\/06, a visita do deputado e Secret\u00e1rio Estadual do Trabalho e Desenvolvimento, Gilmar Sossella (PDT) e na oportunidade, solicitamos apoio do deputado e do seu partido \u00e0s demandas dos servidores p\u00fablicos. O deputado e sua comitiva est\u00e3o na regi\u00e3o divulgando o trabalho e ouvindo as demandas. Por ser uma lideran\u00e7a do [&hellip;]","og_url":"https:\/\/simusar.com.br\/wfe\/gilmar-sossella-visita-o-simusar\/","og_site_name":"SIMUSAR","article_publisher":"https:\/\/www.facebook.com\/simusaroficial","article_published_time":"2023-07-03T11:44:41+00:00","article_modified_time":"2023-07-05T12:05:34+00:00","og_image":[{"width":1080,"height":1080,"url":"http:\/\/simusar.com.br\/wfe\/wp-content\/uploads\/2023\/07\/posts-42.png","type":"image\/png"}],"author":"admin","twitter_card":"summary_large_image","twitter_misc":{"Escrito por":"admin","Est. tempo de leitura":"2 minutos"},"schema":{"@context":"https:\/\/schema.org","@graph":[{"@type":"Article","@id":"https:\/\/simusar.com.br\/wfe\/gilmar-sossella-visita-o-simusar\/#article","isPartOf":{"@id":"https:\/\/simusar.com.br\/wfe\/gilmar-sossella-visita-o-simusar\/"},"author":{"name":"admin","@id":"https:\/\/simusar.com.br\/wfe\/#\/schema\/person\/7bbff4b09265c81fe98c20bae4e03e83"},"headline":"Gilmar Sossella visita o Simusar","datePublished":"2023-07-03T11:44:41+00:00","dateModified":"2023-07-05T12:05:34+00:00","mainEntityOfPage":{"@id":"https:\/\/simusar.com.br\/wfe\/gilmar-sossella-visita-o-simusar\/"},"wordCount":195,"publisher":{"@id":"https:\/\/simusar.com.br\/wfe\/#organization"},"image":{"@id":"https:\/\/simusar.com.br\/wfe\/gilmar-sossella-visita-o-simusar\/#primaryimage"},"thumbnailUrl":"https:\/\/simusar.com.br\/wfe\/wp-content\/uploads\/2023\/07\/posts-42.png","keywords":["santa rosa","simusar"],"articleSection":["Noticias"],"inLanguage":"pt-BR"},{"@type":"WebPage","@id":"https:\/\/simusar.com.br\/wfe\/gilmar-sossella-visita-o-simusar\/","url":"https:\/\/simusar.com.br\/wfe\/gilmar-sossella-visita-o-simusar\/","name":"Gilmar Sossella visita o Simusar - SIMUSAR","isPartOf":{"@id":"https:\/\/simusar.com.br\/wfe\/#website"},"primaryImageOfPage":{"@id":"https:\/\/simusar.com.br\/wfe\/gilmar-sossella-visita-o-simusar\/#primaryimage"},"image":{"@id":"https:\/\/simusar.com.br\/wfe\/gilmar-sossella-visita-o-simusar\/#primaryimage"},"thumbnailUrl":"https:\/\/simusar.com.br\/wfe\/wp-content\/uploads\/2023\/07\/posts-42.png","datePublished":"2023-07-03T11:44:41+00:00","dateModified":"2023-07-05T12:05:34+00:00","breadcrumb":{"@id":"https:\/\/simusar.com.br\/wfe\/gilmar-sossella-visita-o-simusar\/#breadcrumb"},"inLanguage":"pt-BR","potentialAction":[{"@type":"ReadAction","target":["https:\/\/simusar.com.br\/wfe\/gilmar-sossella-visita-o-simusar\/"]}]},{"@type":"ImageObject","inLanguage":"pt-BR","@id":"https:\/\/simusar.com.br\/wfe\/gilmar-sossella-visita-o-simusar\/#primaryimage","url":"https:\/\/simusar.com.br\/wfe\/wp-content\/uploads\/2023\/07\/posts-42.png","contentUrl":"https:\/\/simusar.com.br\/wfe\/wp-content\/uploads\/2023\/07\/posts-42.png","width":1080,"height":1080},{"@type":"BreadcrumbList","@id":"https:\/\/simusar.com.br\/wfe\/gilmar-sossella-visita-o-simusar\/#breadcrumb","itemListElement":[{"@type":"ListItem","position":1,"name":"In\u00edcio","item":"https:\/\/simusar.com.br\/wfe\/"},{"@type":"ListItem","position":2,"name":"Gilmar Sossella visita o Simusar"}]},{"@type":"WebSite","@id":"https:\/\/simusar.com.br\/wfe\/#website","url":"https:\/\/simusar.com.br\/wfe\/","name":"SIMUSAR","description":"Sindicatos dos Servidores Municipais de Santa Rosa","publisher":{"@id":"https:\/\/simusar.com.br\/wfe\/#organization"},"potentialAction":[{"@type":"SearchAction","target":{"@type":"EntryPoint","urlTemplate":"https:\/\/simusar.com.br\/wfe\/?s={search_term_string}"},"query-input":{"@type":"PropertyValueSpecification","valueRequired":true,"valueName":"search_term_string"}}],"inLanguage":"pt-BR"},{"@type":"Organization","@id":"https:\/\/simusar.com.br\/wfe\/#organization","name":"SIMUSAR","url":"https:\/\/simusar.com.br\/wfe\/","logo":{"@type":"ImageObject","inLanguage":"pt-BR","@id":"https:\/\/simusar.com.br\/wfe\/#\/schema\/logo\/image\/","url":"https:\/\/simusar.com.br\/wfe\/wp-content\/uploads\/2022\/05\/logo-perfil.png","contentUrl":"https:\/\/simusar.com.br\/wfe\/wp-content\/uploads\/2022\/05\/logo-perfil.png","width":1080,"height":1080,"caption":"SIMUSAR"},"image":{"@id":"https:\/\/simusar.com.br\/wfe\/#\/schema\/logo\/image\/"},"sameAs":["https:\/\/www.facebook.com\/simusaroficial","https:\/\/www.instagram.com\/simusaroficial"]},{"@type":"Person","@id":"https:\/\/simusar.com.br\/wfe\/#\/schema\/person\/7bbff4b09265c81fe98c20bae4e03e83","name":"admin","sameAs":["http:\/\/simusar.com.br\/wfe"],"url":"https:\/\/simusar.com.br\/wfe\/author\/admin\/"}]}},"_links":{"self":[{"href":"https:\/\/simusar.com.br\/wfe\/wp-json\/wp\/v2\/posts\/2654","targetHints":{"allow":["GET"]}}],"collection":[{"href":"https:\/\/simusar.com.br\/wfe\/wp-json\/wp\/v2\/posts"}],"about":[{"href":"https:\/\/simusar.com.br\/wfe\/wp-json\/wp\/v2\/types\/post"}],"author":[{"embeddable":true,"href":"https:\/\/simusar.com.br\/wfe\/wp-json\/wp\/v2\/users\/1"}],"replies":[{"embeddable":true,"href":"https:\/\/simusar.com.br\/wfe\/wp-json\/wp\/v2\/comments?post=2654"}],"version-history":[{"count":3,"href":"https:\/\/simusar.com.br\/wfe\/wp-json\/wp\/v2\/posts\/2654\/revisions"}],"predecessor-version":[{"id":2664,"href":"https:\/\/simusar.com.br\/wfe\/wp-json\/wp\/v2\/posts\/2654\/revisions\/2664"}],"wp:featuredmedia":[{"embeddable":true,"href":"https:\/\/simusar.com.br\/wfe\/wp-json\/wp\/v2\/media\/2655"}],"wp:attachment":[{"href":"https:\/\/simusar.com.br\/wfe\/wp-json\/wp\/v2\/media?parent=2654"}],"wp:term":[{"taxonomy":"category","embeddable":true,"href":"https:\/\/simusar.com.br\/wfe\/wp-json\/wp\/v2\/categories?post=2654"},{"taxonomy":"post_tag","embeddable":true,"href":"https:\/\/simusar.com.br\/wfe\/wp-json\/wp\/v2\/tags?post=2654"}],"curies":[{"name":"wp","href":"https:\/\/api.w.org\/{rel}","templated":true}]}}