{"id":2730,"date":"2023-09-25T12:57:39","date_gmt":"2023-09-25T12:57:39","guid":{"rendered":"https:\/\/simusar.com.br\/wfe\/?p=2730"},"modified":"2023-09-25T12:58:32","modified_gmt":"2023-09-25T12:58:32","slug":"plc-na-camara-de-vereadores-propoe-a-retirada-da-dedicacao-exclusiva","status":"publish","type":"post","link":"https:\/\/simusar.com.br\/wfe\/plc-na-camara-de-vereadores-propoe-a-retirada-da-dedicacao-exclusiva\/","title":{"rendered":"PLC na C\u00e2mara de Vereadores prop\u00f5e a retirada da Dedica\u00e7\u00e3o Exclusiva."},"content":{"rendered":"\n<p>O projeto de lei complementar do executivo 201\/2023, altera a lei complementar n\u00famero 61\/2012 que disp\u00f5e sobre a estrutura\u00e7\u00e3o do plano de cargos e Carreira dos Servidores na Funda\u00e7\u00e3o Municipal de Sa\u00fade de Santa Rosa &#8211; FUMSSAR.<\/p>\n\n\n\n<p>Uma altera\u00e7\u00e3o significativa que est\u00e1 mobilizando alguns membros do Conselho Municipal da Sa\u00fade e da intersindical de Santa Rosa. A retira da dedica\u00e7\u00e3o exclusiva de m\u00e9dicos, psic\u00f3logos, enfermeiros e outros cargos, que pela lei 61, o tinham.<\/p>\n\n\n\n<p>Segundo D\u00e9lcio Stefan, presidente da FUMSSAR, a retirada de dedica\u00e7\u00e3o exclusiva \u00e9 necess\u00e1ria para atrair novos profissionais. Hoje de acordo com D\u00e9lcio, os profissionais preferem trabalhar em outros locais a terem a dedica\u00e7\u00e3o.<\/p>\n\n\n\n<p>J\u00e1 segundo o Dr Gerson Aita, um dos idealizadores da funda\u00e7\u00e3o, &#8220;<em>a dedica\u00e7\u00e3o exclusiva \u00e9 importante para garantir um profissional empenhado somente na sa\u00fade preventiva e evita que os servidores busquem outros locais de trabalho<\/em>&#8220;.<\/p>\n\n\n\n<p>Al\u00e9m disso, afirma o m\u00e9dico: &#8220;<em>a retirada da dedica\u00e7\u00e3o desrespeita a confer\u00eancia Municipal de Sa\u00fade que prop\u00f4s sua manuten\u00e7\u00e3o e ainda amplia\u00e7\u00e3o para outros cargos t\u00e9cnicos<\/em>&#8220;.<\/p>\n","protected":false},"excerpt":{"rendered":"<p>O projeto de lei complementar do executivo 201\/2023, altera a lei complementar n\u00famero 61\/2012 que disp\u00f5e sobre a estrutura\u00e7\u00e3o do plano de cargos e Carreira dos Servidores na Funda\u00e7\u00e3o Municipal de Sa\u00fade de Santa Rosa &#8211; FUMSSAR. Uma altera\u00e7\u00e3o significativa que est\u00e1 mobilizando alguns membros do Conselho Municipal da Sa\u00fade e da intersindical de Santa [&hellip;]<\/p>\n","protected":false},"author":1,"featured_media":2731,"comment_status":"open","ping_status":"open","sticky":false,"template":"","format":"standard","meta":{"_eb_attr":"","footnotes":""},"categories":[4],"tags":[66,117,118,115,116,82,48,53,85],"class_list":["post-2730","post","type-post","status-publish","format-standard","has-post-thumbnail","hentry","category-noticias","tag-convenio","tag-dedicacao","tag-exclusiva","tag-fumssar","tag-medico","tag-municipio","tag-santa-rosa","tag-simusar","tag-sindical"],"yoast_head":"<!-- This site is optimized with the Yoast SEO plugin v26.2 - https:\/\/yoast.com\/wordpress\/plugins\/seo\/ -->\n<title>PLC na C\u00e2mara de Vereadores prop\u00f5e a retirada da Dedica\u00e7\u00e3o Exclusiva. - SIMUSAR<\/title>\n<meta name=\"robots\" content=\"index, follow, max-snippet:-1, max-image-preview:large, max-video-preview:-1\" \/>\n<link rel=\"canonical\" href=\"https:\/\/simusar.com.br\/wfe\/plc-na-camara-de-vereadores-propoe-a-retirada-da-dedicacao-exclusiva\/\" \/>\n<meta property=\"og:locale\" content=\"pt_BR\" \/>\n<meta property=\"og:type\" content=\"article\" \/>\n<meta property=\"og:title\" content=\"PLC na C\u00e2mara de Vereadores prop\u00f5e a retirada da Dedica\u00e7\u00e3o Exclusiva. - SIMUSAR\" \/>\n<meta property=\"og:description\" content=\"O projeto de lei complementar do executivo 201\/2023, altera a lei complementar n\u00famero 61\/2012 que disp\u00f5e sobre a estrutura\u00e7\u00e3o do plano de cargos e Carreira dos Servidores na Funda\u00e7\u00e3o Municipal de Sa\u00fade de Santa Rosa &#8211; FUMSSAR. Uma altera\u00e7\u00e3o significativa que est\u00e1 mobilizando alguns membros do Conselho Municipal da Sa\u00fade e da intersindical de Santa [&hellip;]\" \/>\n<meta property=\"og:url\" content=\"https:\/\/simusar.com.br\/wfe\/plc-na-camara-de-vereadores-propoe-a-retirada-da-dedicacao-exclusiva\/\" \/>\n<meta property=\"og:site_name\" content=\"SIMUSAR\" \/>\n<meta property=\"article:publisher\" content=\"https:\/\/www.facebook.com\/simusaroficial\" \/>\n<meta property=\"article:published_time\" content=\"2023-09-25T12:57:39+00:00\" \/>\n<meta property=\"article:modified_time\" content=\"2023-09-25T12:58:32+00:00\" \/>\n<meta property=\"og:image\" content=\"http:\/\/simusar.com.br\/wfe\/wp-content\/uploads\/2023\/09\/posts-2023-09-25T095624.717.png\" \/>\n\t<meta property=\"og:image:width\" content=\"1080\" \/>\n\t<meta property=\"og:image:height\" content=\"1080\" \/>\n\t<meta property=\"og:image:type\" content=\"image\/png\" \/>\n<meta name=\"author\" content=\"admin\" \/>\n<meta name=\"twitter:card\" content=\"summary_large_image\" \/>\n<meta name=\"twitter:label1\" content=\"Escrito por\" \/>\n\t<meta name=\"twitter:data1\" content=\"admin\" \/>\n\t<meta name=\"twitter:label2\" content=\"Est. tempo de leitura\" \/>\n\t<meta name=\"twitter:data2\" content=\"1 minuto\" \/>\n<script type=\"application\/ld+json\" class=\"yoast-schema-graph\">{\"@context\":\"https:\/\/schema.org\",\"@graph\":[{\"@type\":\"Article\",\"@id\":\"https:\/\/simusar.com.br\/wfe\/plc-na-camara-de-vereadores-propoe-a-retirada-da-dedicacao-exclusiva\/#article\",\"isPartOf\":{\"@id\":\"https:\/\/simusar.com.br\/wfe\/plc-na-camara-de-vereadores-propoe-a-retirada-da-dedicacao-exclusiva\/\"},\"author\":{\"name\":\"admin\",\"@id\":\"https:\/\/simusar.com.br\/wfe\/#\/schema\/person\/7bbff4b09265c81fe98c20bae4e03e83\"},\"headline\":\"PLC na C\u00e2mara de Vereadores prop\u00f5e a retirada da Dedica\u00e7\u00e3o Exclusiva.\",\"datePublished\":\"2023-09-25T12:57:39+00:00\",\"dateModified\":\"2023-09-25T12:58:32+00:00\",\"mainEntityOfPage\":{\"@id\":\"https:\/\/simusar.com.br\/wfe\/plc-na-camara-de-vereadores-propoe-a-retirada-da-dedicacao-exclusiva\/\"},\"wordCount\":204,\"commentCount\":0,\"publisher\":{\"@id\":\"https:\/\/simusar.com.br\/wfe\/#organization\"},\"image\":{\"@id\":\"https:\/\/simusar.com.br\/wfe\/plc-na-camara-de-vereadores-propoe-a-retirada-da-dedicacao-exclusiva\/#primaryimage\"},\"thumbnailUrl\":\"https:\/\/simusar.com.br\/wfe\/wp-content\/uploads\/2023\/09\/posts-2023-09-25T095624.717.png\",\"keywords\":[\"convenio\",\"dedica\u00e7\u00e3o\",\"exclusiva\",\"fumssar\",\"medico\",\"munic\u00edpio\",\"santa rosa\",\"simusar\",\"sindical\"],\"articleSection\":[\"Noticias\"],\"inLanguage\":\"pt-BR\",\"potentialAction\":[{\"@type\":\"CommentAction\",\"name\":\"Comment\",\"target\":[\"https:\/\/simusar.com.br\/wfe\/plc-na-camara-de-vereadores-propoe-a-retirada-da-dedicacao-exclusiva\/#respond\"]}]},{\"@type\":\"WebPage\",\"@id\":\"https:\/\/simusar.com.br\/wfe\/plc-na-camara-de-vereadores-propoe-a-retirada-da-dedicacao-exclusiva\/\",\"url\":\"https:\/\/simusar.com.br\/wfe\/plc-na-camara-de-vereadores-propoe-a-retirada-da-dedicacao-exclusiva\/\",\"name\":\"PLC na C\u00e2mara de Vereadores prop\u00f5e a retirada da Dedica\u00e7\u00e3o Exclusiva. - SIMUSAR\",\"isPartOf\":{\"@id\":\"https:\/\/simusar.com.br\/wfe\/#website\"},\"primaryImageOfPage\":{\"@id\":\"https:\/\/simusar.com.br\/wfe\/plc-na-camara-de-vereadores-propoe-a-retirada-da-dedicacao-exclusiva\/#primaryimage\"},\"image\":{\"@id\":\"https:\/\/simusar.com.br\/wfe\/plc-na-camara-de-vereadores-propoe-a-retirada-da-dedicacao-exclusiva\/#primaryimage\"},\"thumbnailUrl\":\"https:\/\/simusar.com.br\/wfe\/wp-content\/uploads\/2023\/09\/posts-2023-09-25T095624.717.png\",\"datePublished\":\"2023-09-25T12:57:39+00:00\",\"dateModified\":\"2023-09-25T12:58:32+00:00\",\"breadcrumb\":{\"@id\":\"https:\/\/simusar.com.br\/wfe\/plc-na-camara-de-vereadores-propoe-a-retirada-da-dedicacao-exclusiva\/#breadcrumb\"},\"inLanguage\":\"pt-BR\",\"potentialAction\":[{\"@type\":\"ReadAction\",\"target\":[\"https:\/\/simusar.com.br\/wfe\/plc-na-camara-de-vereadores-propoe-a-retirada-da-dedicacao-exclusiva\/\"]}]},{\"@type\":\"ImageObject\",\"inLanguage\":\"pt-BR\",\"@id\":\"https:\/\/simusar.com.br\/wfe\/plc-na-camara-de-vereadores-propoe-a-retirada-da-dedicacao-exclusiva\/#primaryimage\",\"url\":\"https:\/\/simusar.com.br\/wfe\/wp-content\/uploads\/2023\/09\/posts-2023-09-25T095624.717.png\",\"contentUrl\":\"https:\/\/simusar.com.br\/wfe\/wp-content\/uploads\/2023\/09\/posts-2023-09-25T095624.717.png\",\"width\":1080,\"height\":1080},{\"@type\":\"BreadcrumbList\",\"@id\":\"https:\/\/simusar.com.br\/wfe\/plc-na-camara-de-vereadores-propoe-a-retirada-da-dedicacao-exclusiva\/#breadcrumb\",\"itemListElement\":[{\"@type\":\"ListItem\",\"position\":1,\"name\":\"In\u00edcio\",\"item\":\"https:\/\/simusar.com.br\/wfe\/\"},{\"@type\":\"ListItem\",\"position\":2,\"name\":\"PLC na C\u00e2mara de Vereadores prop\u00f5e a retirada da Dedica\u00e7\u00e3o Exclusiva.\"}]},{\"@type\":\"WebSite\",\"@id\":\"https:\/\/simusar.com.br\/wfe\/#website\",\"url\":\"https:\/\/simusar.com.br\/wfe\/\",\"name\":\"SIMUSAR\",\"description\":\"Sindicatos dos Servidores Municipais de Santa Rosa\",\"publisher\":{\"@id\":\"https:\/\/simusar.com.br\/wfe\/#organization\"},\"potentialAction\":[{\"@type\":\"SearchAction\",\"target\":{\"@type\":\"EntryPoint\",\"urlTemplate\":\"https:\/\/simusar.com.br\/wfe\/?s={search_term_string}\"},\"query-input\":{\"@type\":\"PropertyValueSpecification\",\"valueRequired\":true,\"valueName\":\"search_term_string\"}}],\"inLanguage\":\"pt-BR\"},{\"@type\":\"Organization\",\"@id\":\"https:\/\/simusar.com.br\/wfe\/#organization\",\"name\":\"SIMUSAR\",\"url\":\"https:\/\/simusar.com.br\/wfe\/\",\"logo\":{\"@type\":\"ImageObject\",\"inLanguage\":\"pt-BR\",\"@id\":\"https:\/\/simusar.com.br\/wfe\/#\/schema\/logo\/image\/\",\"url\":\"https:\/\/simusar.com.br\/wfe\/wp-content\/uploads\/2022\/05\/logo-perfil.png\",\"contentUrl\":\"https:\/\/simusar.com.br\/wfe\/wp-content\/uploads\/2022\/05\/logo-perfil.png\",\"width\":1080,\"height\":1080,\"caption\":\"SIMUSAR\"},\"image\":{\"@id\":\"https:\/\/simusar.com.br\/wfe\/#\/schema\/logo\/image\/\"},\"sameAs\":[\"https:\/\/www.facebook.com\/simusaroficial\",\"https:\/\/www.instagram.com\/simusaroficial\"]},{\"@type\":\"Person\",\"@id\":\"https:\/\/simusar.com.br\/wfe\/#\/schema\/person\/7bbff4b09265c81fe98c20bae4e03e83\",\"name\":\"admin\",\"sameAs\":[\"http:\/\/simusar.com.br\/wfe\"],\"url\":\"https:\/\/simusar.com.br\/wfe\/author\/admin\/\"}]}<\/script>\n<!-- \/ Yoast SEO plugin. -->","yoast_head_json":{"title":"PLC na C\u00e2mara de Vereadores prop\u00f5e a retirada da Dedica\u00e7\u00e3o Exclusiva. - SIMUSAR","robots":{"index":"index","follow":"follow","max-snippet":"max-snippet:-1","max-image-preview":"max-image-preview:large","max-video-preview":"max-video-preview:-1"},"canonical":"https:\/\/simusar.com.br\/wfe\/plc-na-camara-de-vereadores-propoe-a-retirada-da-dedicacao-exclusiva\/","og_locale":"pt_BR","og_type":"article","og_title":"PLC na C\u00e2mara de Vereadores prop\u00f5e a retirada da Dedica\u00e7\u00e3o Exclusiva. - SIMUSAR","og_description":"O projeto de lei complementar do executivo 201\/2023, altera a lei complementar n\u00famero 61\/2012 que disp\u00f5e sobre a estrutura\u00e7\u00e3o do plano de cargos e Carreira dos Servidores na Funda\u00e7\u00e3o Municipal de Sa\u00fade de Santa Rosa &#8211; FUMSSAR. Uma altera\u00e7\u00e3o significativa que est\u00e1 mobilizando alguns membros do Conselho Municipal da Sa\u00fade e da intersindical de Santa [&hellip;]","og_url":"https:\/\/simusar.com.br\/wfe\/plc-na-camara-de-vereadores-propoe-a-retirada-da-dedicacao-exclusiva\/","og_site_name":"SIMUSAR","article_publisher":"https:\/\/www.facebook.com\/simusaroficial","article_published_time":"2023-09-25T12:57:39+00:00","article_modified_time":"2023-09-25T12:58:32+00:00","og_image":[{"width":1080,"height":1080,"url":"http:\/\/simusar.com.br\/wfe\/wp-content\/uploads\/2023\/09\/posts-2023-09-25T095624.717.png","type":"image\/png"}],"author":"admin","twitter_card":"summary_large_image","twitter_misc":{"Escrito por":"admin","Est. tempo de leitura":"1 minuto"},"schema":{"@context":"https:\/\/schema.org","@graph":[{"@type":"Article","@id":"https:\/\/simusar.com.br\/wfe\/plc-na-camara-de-vereadores-propoe-a-retirada-da-dedicacao-exclusiva\/#article","isPartOf":{"@id":"https:\/\/simusar.com.br\/wfe\/plc-na-camara-de-vereadores-propoe-a-retirada-da-dedicacao-exclusiva\/"},"author":{"name":"admin","@id":"https:\/\/simusar.com.br\/wfe\/#\/schema\/person\/7bbff4b09265c81fe98c20bae4e03e83"},"headline":"PLC na C\u00e2mara de Vereadores prop\u00f5e a retirada da Dedica\u00e7\u00e3o Exclusiva.","datePublished":"2023-09-25T12:57:39+00:00","dateModified":"2023-09-25T12:58:32+00:00","mainEntityOfPage":{"@id":"https:\/\/simusar.com.br\/wfe\/plc-na-camara-de-vereadores-propoe-a-retirada-da-dedicacao-exclusiva\/"},"wordCount":204,"commentCount":0,"publisher":{"@id":"https:\/\/simusar.com.br\/wfe\/#organization"},"image":{"@id":"https:\/\/simusar.com.br\/wfe\/plc-na-camara-de-vereadores-propoe-a-retirada-da-dedicacao-exclusiva\/#primaryimage"},"thumbnailUrl":"https:\/\/simusar.com.br\/wfe\/wp-content\/uploads\/2023\/09\/posts-2023-09-25T095624.717.png","keywords":["convenio","dedica\u00e7\u00e3o","exclusiva","fumssar","medico","munic\u00edpio","santa rosa","simusar","sindical"],"articleSection":["Noticias"],"inLanguage":"pt-BR","potentialAction":[{"@type":"CommentAction","name":"Comment","target":["https:\/\/simusar.com.br\/wfe\/plc-na-camara-de-vereadores-propoe-a-retirada-da-dedicacao-exclusiva\/#respond"]}]},{"@type":"WebPage","@id":"https:\/\/simusar.com.br\/wfe\/plc-na-camara-de-vereadores-propoe-a-retirada-da-dedicacao-exclusiva\/","url":"https:\/\/simusar.com.br\/wfe\/plc-na-camara-de-vereadores-propoe-a-retirada-da-dedicacao-exclusiva\/","name":"PLC na C\u00e2mara de Vereadores prop\u00f5e a retirada da Dedica\u00e7\u00e3o Exclusiva. - SIMUSAR","isPartOf":{"@id":"https:\/\/simusar.com.br\/wfe\/#website"},"primaryImageOfPage":{"@id":"https:\/\/simusar.com.br\/wfe\/plc-na-camara-de-vereadores-propoe-a-retirada-da-dedicacao-exclusiva\/#primaryimage"},"image":{"@id":"https:\/\/simusar.com.br\/wfe\/plc-na-camara-de-vereadores-propoe-a-retirada-da-dedicacao-exclusiva\/#primaryimage"},"thumbnailUrl":"https:\/\/simusar.com.br\/wfe\/wp-content\/uploads\/2023\/09\/posts-2023-09-25T095624.717.png","datePublished":"2023-09-25T12:57:39+00:00","dateModified":"2023-09-25T12:58:32+00:00","breadcrumb":{"@id":"https:\/\/simusar.com.br\/wfe\/plc-na-camara-de-vereadores-propoe-a-retirada-da-dedicacao-exclusiva\/#breadcrumb"},"inLanguage":"pt-BR","potentialAction":[{"@type":"ReadAction","target":["https:\/\/simusar.com.br\/wfe\/plc-na-camara-de-vereadores-propoe-a-retirada-da-dedicacao-exclusiva\/"]}]},{"@type":"ImageObject","inLanguage":"pt-BR","@id":"https:\/\/simusar.com.br\/wfe\/plc-na-camara-de-vereadores-propoe-a-retirada-da-dedicacao-exclusiva\/#primaryimage","url":"https:\/\/simusar.com.br\/wfe\/wp-content\/uploads\/2023\/09\/posts-2023-09-25T095624.717.png","contentUrl":"https:\/\/simusar.com.br\/wfe\/wp-content\/uploads\/2023\/09\/posts-2023-09-25T095624.717.png","width":1080,"height":1080},{"@type":"BreadcrumbList","@id":"https:\/\/simusar.com.br\/wfe\/plc-na-camara-de-vereadores-propoe-a-retirada-da-dedicacao-exclusiva\/#breadcrumb","itemListElement":[{"@type":"ListItem","position":1,"name":"In\u00edcio","item":"https:\/\/simusar.com.br\/wfe\/"},{"@type":"ListItem","position":2,"name":"PLC na C\u00e2mara de Vereadores prop\u00f5e a retirada da Dedica\u00e7\u00e3o Exclusiva."}]},{"@type":"WebSite","@id":"https:\/\/simusar.com.br\/wfe\/#website","url":"https:\/\/simusar.com.br\/wfe\/","name":"SIMUSAR","description":"Sindicatos dos Servidores Municipais de Santa Rosa","publisher":{"@id":"https:\/\/simusar.com.br\/wfe\/#organization"},"potentialAction":[{"@type":"SearchAction","target":{"@type":"EntryPoint","urlTemplate":"https:\/\/simusar.com.br\/wfe\/?s={search_term_string}"},"query-input":{"@type":"PropertyValueSpecification","valueRequired":true,"valueName":"search_term_string"}}],"inLanguage":"pt-BR"},{"@type":"Organization","@id":"https:\/\/simusar.com.br\/wfe\/#organization","name":"SIMUSAR","url":"https:\/\/simusar.com.br\/wfe\/","logo":{"@type":"ImageObject","inLanguage":"pt-BR","@id":"https:\/\/simusar.com.br\/wfe\/#\/schema\/logo\/image\/","url":"https:\/\/simusar.com.br\/wfe\/wp-content\/uploads\/2022\/05\/logo-perfil.png","contentUrl":"https:\/\/simusar.com.br\/wfe\/wp-content\/uploads\/2022\/05\/logo-perfil.png","width":1080,"height":1080,"caption":"SIMUSAR"},"image":{"@id":"https:\/\/simusar.com.br\/wfe\/#\/schema\/logo\/image\/"},"sameAs":["https:\/\/www.facebook.com\/simusaroficial","https:\/\/www.instagram.com\/simusaroficial"]},{"@type":"Person","@id":"https:\/\/simusar.com.br\/wfe\/#\/schema\/person\/7bbff4b09265c81fe98c20bae4e03e83","name":"admin","sameAs":["http:\/\/simusar.com.br\/wfe"],"url":"https:\/\/simusar.com.br\/wfe\/author\/admin\/"}]}},"_links":{"self":[{"href":"https:\/\/simusar.com.br\/wfe\/wp-json\/wp\/v2\/posts\/2730","targetHints":{"allow":["GET"]}}],"collection":[{"href":"https:\/\/simusar.com.br\/wfe\/wp-json\/wp\/v2\/posts"}],"about":[{"href":"https:\/\/simusar.com.br\/wfe\/wp-json\/wp\/v2\/types\/post"}],"author":[{"embeddable":true,"href":"https:\/\/simusar.com.br\/wfe\/wp-json\/wp\/v2\/users\/1"}],"replies":[{"embeddable":true,"href":"https:\/\/simusar.com.br\/wfe\/wp-json\/wp\/v2\/comments?post=2730"}],"version-history":[{"count":2,"href":"https:\/\/simusar.com.br\/wfe\/wp-json\/wp\/v2\/posts\/2730\/revisions"}],"predecessor-version":[{"id":2734,"href":"https:\/\/simusar.com.br\/wfe\/wp-json\/wp\/v2\/posts\/2730\/revisions\/2734"}],"wp:featuredmedia":[{"embeddable":true,"href":"https:\/\/simusar.com.br\/wfe\/wp-json\/wp\/v2\/media\/2731"}],"wp:attachment":[{"href":"https:\/\/simusar.com.br\/wfe\/wp-json\/wp\/v2\/media?parent=2730"}],"wp:term":[{"taxonomy":"category","embeddable":true,"href":"https:\/\/simusar.com.br\/wfe\/wp-json\/wp\/v2\/categories?post=2730"},{"taxonomy":"post_tag","embeddable":true,"href":"https:\/\/simusar.com.br\/wfe\/wp-json\/wp\/v2\/tags?post=2730"}],"curies":[{"name":"wp","href":"https:\/\/api.w.org\/{rel}","templated":true}]}}