{"id":2758,"date":"2023-11-21T19:12:08","date_gmt":"2023-11-21T19:12:08","guid":{"rendered":"https:\/\/simusar.com.br\/wfe\/?p=2758"},"modified":"2023-11-22T10:42:46","modified_gmt":"2023-11-22T10:42:46","slug":"simusar-convoca-servidores-para-assembleia-geral-extraordinaria-a-ser-realizada-dia-25-11-2023","status":"publish","type":"post","link":"https:\/\/simusar.com.br\/wfe\/simusar-convoca-servidores-para-assembleia-geral-extraordinaria-a-ser-realizada-dia-25-11-2023\/","title":{"rendered":"SIMUSAR convoca servidores para Assembleia Geral Extraordin\u00e1ria a ser realizada dia 25\/11\/2023"},"content":{"rendered":"\n<div style=\"height:44px\" aria-hidden=\"true\" class=\"wp-block-spacer\"><\/div>\n\n\n\n<div class=\"wp-block-file\"><a id=\"wp-block-file--media-b52bfe43-de97-4573-bc93-7cc465a67f29\" href=\"https:\/\/simusar.com.br\/wfe\/wp-content\/uploads\/2023\/11\/edital-04-23.pdf\">Edital de Convoa\u00e7\u00e3o<\/a><a href=\"https:\/\/simusar.com.br\/wfe\/wp-content\/uploads\/2023\/11\/edital-04-23.pdf\" class=\"wp-block-file__button wp-element-button\" download aria-describedby=\"wp-block-file--media-b52bfe43-de97-4573-bc93-7cc465a67f29\">Baixar<\/a><\/div>\n\n\n\n<div style=\"height:44px\" aria-hidden=\"true\" class=\"wp-block-spacer\"><\/div>\n\n\n\n<h5 class=\"wp-block-heading\">Lembrando que quem participa das assembl\u00e9ias, ganha desconto no aluguel do sal\u00e3o da nossa entidade.<\/h5>\n\n\n\n<p>A Diretoria do Sindicato dos Servidores Municipais de Santa Rosa, no uso das atribui\u00e7\u00f5es que lhe conferem o Estatuto da Entidade, seus as- sociados, para Assembleia Geral Extraordin\u00e1ria, a ser realizada no dia <strong>25 de novembro de 2023, s\u00e1bado, \u00e0s 8h15 com a maioria dos associados e 8h30<\/strong> com qualquer n\u00famero de associados.<\/p>\n\n\n\n<p>Informamos que assembleia ser\u00e1 realizada de forma presencial no NEP, Av. Santa Cruz, 33, Centro, Santa Rosa \u2013 RS, com a seguinte ordem:<\/p>\n\n\n\n<p>&#8211; Avisos;<\/p>\n\n\n\n<p>&#8211; Aprecia\u00e7\u00e3o da proposta or\u00e7ament\u00e1ria\/2024<\/p>\n\n\n\n<p>&#8211; Constru\u00e7\u00e3o e aprova\u00e7\u00e3o da pauta de reivindica\u00e7\u00e3o\/2024<\/p>\n\n\n\n<p>&#8211; Assuntos Gerais<\/p>\n\n\n\n<p>________________________________<\/p>\n\n\n\n<p>Prof. Jonas Aloisio Fusiger<\/p>\n\n\n\n<p>Presidente do SIMUSAR<\/p>\n","protected":false},"excerpt":{"rendered":"<p>Lembrando que quem participa das assembl\u00e9ias, ganha desconto no aluguel do sal\u00e3o da nossa entidade. A Diretoria do Sindicato dos Servidores Municipais de Santa Rosa, no uso das atribui\u00e7\u00f5es que lhe conferem o Estatuto da Entidade, seus as- sociados, para Assembleia Geral Extraordin\u00e1ria, a ser realizada no dia 25 de novembro de 2023, s\u00e1bado, \u00e0s [&hellip;]<\/p>\n","protected":false},"author":1,"featured_media":0,"comment_status":"open","ping_status":"open","sticky":false,"template":"","format":"standard","meta":{"_eb_attr":"","footnotes":""},"categories":[4],"tags":[65,48,53],"class_list":["post-2758","post","type-post","status-publish","format-standard","hentry","category-noticias","tag-assembleia","tag-santa-rosa","tag-simusar"],"yoast_head":"<!-- This site is optimized with the Yoast SEO plugin v26.2 - https:\/\/yoast.com\/wordpress\/plugins\/seo\/ -->\n<title>SIMUSAR convoca servidores para Assembleia Geral Extraordin\u00e1ria a ser realizada dia 25\/11\/2023 - SIMUSAR<\/title>\n<meta name=\"robots\" content=\"index, follow, max-snippet:-1, max-image-preview:large, max-video-preview:-1\" \/>\n<link rel=\"canonical\" href=\"https:\/\/simusar.com.br\/wfe\/simusar-convoca-servidores-para-assembleia-geral-extraordinaria-a-ser-realizada-dia-25-11-2023\/\" \/>\n<meta property=\"og:locale\" content=\"pt_BR\" \/>\n<meta property=\"og:type\" content=\"article\" \/>\n<meta property=\"og:title\" content=\"SIMUSAR convoca servidores para Assembleia Geral Extraordin\u00e1ria a ser realizada dia 25\/11\/2023 - SIMUSAR\" \/>\n<meta property=\"og:description\" content=\"Lembrando que quem participa das assembl\u00e9ias, ganha desconto no aluguel do sal\u00e3o da nossa entidade. A Diretoria do Sindicato dos Servidores Municipais de Santa Rosa, no uso das atribui\u00e7\u00f5es que lhe conferem o Estatuto da Entidade, seus as- sociados, para Assembleia Geral Extraordin\u00e1ria, a ser realizada no dia 25 de novembro de 2023, s\u00e1bado, \u00e0s [&hellip;]\" \/>\n<meta property=\"og:url\" content=\"https:\/\/simusar.com.br\/wfe\/simusar-convoca-servidores-para-assembleia-geral-extraordinaria-a-ser-realizada-dia-25-11-2023\/\" \/>\n<meta property=\"og:site_name\" content=\"SIMUSAR\" \/>\n<meta property=\"article:publisher\" content=\"https:\/\/www.facebook.com\/simusaroficial\" \/>\n<meta property=\"article:published_time\" content=\"2023-11-21T19:12:08+00:00\" \/>\n<meta property=\"article:modified_time\" content=\"2023-11-22T10:42:46+00:00\" \/>\n<meta name=\"author\" content=\"admin\" \/>\n<meta name=\"twitter:card\" content=\"summary_large_image\" \/>\n<meta name=\"twitter:label1\" content=\"Escrito por\" \/>\n\t<meta name=\"twitter:data1\" content=\"admin\" \/>\n\t<meta name=\"twitter:label2\" content=\"Est. tempo de leitura\" \/>\n\t<meta name=\"twitter:data2\" content=\"1 minuto\" \/>\n<script type=\"application\/ld+json\" class=\"yoast-schema-graph\">{\"@context\":\"https:\/\/schema.org\",\"@graph\":[{\"@type\":\"Article\",\"@id\":\"https:\/\/simusar.com.br\/wfe\/simusar-convoca-servidores-para-assembleia-geral-extraordinaria-a-ser-realizada-dia-25-11-2023\/#article\",\"isPartOf\":{\"@id\":\"https:\/\/simusar.com.br\/wfe\/simusar-convoca-servidores-para-assembleia-geral-extraordinaria-a-ser-realizada-dia-25-11-2023\/\"},\"author\":{\"name\":\"admin\",\"@id\":\"https:\/\/simusar.com.br\/wfe\/#\/schema\/person\/7bbff4b09265c81fe98c20bae4e03e83\"},\"headline\":\"SIMUSAR convoca servidores para Assembleia Geral Extraordin\u00e1ria a ser realizada dia 25\/11\/2023\",\"datePublished\":\"2023-11-21T19:12:08+00:00\",\"dateModified\":\"2023-11-22T10:42:46+00:00\",\"mainEntityOfPage\":{\"@id\":\"https:\/\/simusar.com.br\/wfe\/simusar-convoca-servidores-para-assembleia-geral-extraordinaria-a-ser-realizada-dia-25-11-2023\/\"},\"wordCount\":141,\"commentCount\":0,\"publisher\":{\"@id\":\"https:\/\/simusar.com.br\/wfe\/#organization\"},\"keywords\":[\"assembleia\",\"santa rosa\",\"simusar\"],\"articleSection\":[\"Noticias\"],\"inLanguage\":\"pt-BR\",\"potentialAction\":[{\"@type\":\"CommentAction\",\"name\":\"Comment\",\"target\":[\"https:\/\/simusar.com.br\/wfe\/simusar-convoca-servidores-para-assembleia-geral-extraordinaria-a-ser-realizada-dia-25-11-2023\/#respond\"]}]},{\"@type\":\"WebPage\",\"@id\":\"https:\/\/simusar.com.br\/wfe\/simusar-convoca-servidores-para-assembleia-geral-extraordinaria-a-ser-realizada-dia-25-11-2023\/\",\"url\":\"https:\/\/simusar.com.br\/wfe\/simusar-convoca-servidores-para-assembleia-geral-extraordinaria-a-ser-realizada-dia-25-11-2023\/\",\"name\":\"SIMUSAR convoca servidores para Assembleia Geral Extraordin\u00e1ria a ser realizada dia 25\/11\/2023 - SIMUSAR\",\"isPartOf\":{\"@id\":\"https:\/\/simusar.com.br\/wfe\/#website\"},\"datePublished\":\"2023-11-21T19:12:08+00:00\",\"dateModified\":\"2023-11-22T10:42:46+00:00\",\"breadcrumb\":{\"@id\":\"https:\/\/simusar.com.br\/wfe\/simusar-convoca-servidores-para-assembleia-geral-extraordinaria-a-ser-realizada-dia-25-11-2023\/#breadcrumb\"},\"inLanguage\":\"pt-BR\",\"potentialAction\":[{\"@type\":\"ReadAction\",\"target\":[\"https:\/\/simusar.com.br\/wfe\/simusar-convoca-servidores-para-assembleia-geral-extraordinaria-a-ser-realizada-dia-25-11-2023\/\"]}]},{\"@type\":\"BreadcrumbList\",\"@id\":\"https:\/\/simusar.com.br\/wfe\/simusar-convoca-servidores-para-assembleia-geral-extraordinaria-a-ser-realizada-dia-25-11-2023\/#breadcrumb\",\"itemListElement\":[{\"@type\":\"ListItem\",\"position\":1,\"name\":\"In\u00edcio\",\"item\":\"https:\/\/simusar.com.br\/wfe\/\"},{\"@type\":\"ListItem\",\"position\":2,\"name\":\"SIMUSAR convoca servidores para Assembleia Geral Extraordin\u00e1ria a ser realizada dia 25\/11\/2023\"}]},{\"@type\":\"WebSite\",\"@id\":\"https:\/\/simusar.com.br\/wfe\/#website\",\"url\":\"https:\/\/simusar.com.br\/wfe\/\",\"name\":\"SIMUSAR\",\"description\":\"Sindicatos dos Servidores Municipais de Santa Rosa\",\"publisher\":{\"@id\":\"https:\/\/simusar.com.br\/wfe\/#organization\"},\"potentialAction\":[{\"@type\":\"SearchAction\",\"target\":{\"@type\":\"EntryPoint\",\"urlTemplate\":\"https:\/\/simusar.com.br\/wfe\/?s={search_term_string}\"},\"query-input\":{\"@type\":\"PropertyValueSpecification\",\"valueRequired\":true,\"valueName\":\"search_term_string\"}}],\"inLanguage\":\"pt-BR\"},{\"@type\":\"Organization\",\"@id\":\"https:\/\/simusar.com.br\/wfe\/#organization\",\"name\":\"SIMUSAR\",\"url\":\"https:\/\/simusar.com.br\/wfe\/\",\"logo\":{\"@type\":\"ImageObject\",\"inLanguage\":\"pt-BR\",\"@id\":\"https:\/\/simusar.com.br\/wfe\/#\/schema\/logo\/image\/\",\"url\":\"https:\/\/simusar.com.br\/wfe\/wp-content\/uploads\/2022\/05\/logo-perfil.png\",\"contentUrl\":\"https:\/\/simusar.com.br\/wfe\/wp-content\/uploads\/2022\/05\/logo-perfil.png\",\"width\":1080,\"height\":1080,\"caption\":\"SIMUSAR\"},\"image\":{\"@id\":\"https:\/\/simusar.com.br\/wfe\/#\/schema\/logo\/image\/\"},\"sameAs\":[\"https:\/\/www.facebook.com\/simusaroficial\",\"https:\/\/www.instagram.com\/simusaroficial\"]},{\"@type\":\"Person\",\"@id\":\"https:\/\/simusar.com.br\/wfe\/#\/schema\/person\/7bbff4b09265c81fe98c20bae4e03e83\",\"name\":\"admin\",\"sameAs\":[\"http:\/\/simusar.com.br\/wfe\"],\"url\":\"https:\/\/simusar.com.br\/wfe\/author\/admin\/\"}]}<\/script>\n<!-- \/ Yoast SEO plugin. -->","yoast_head_json":{"title":"SIMUSAR convoca servidores para Assembleia Geral Extraordin\u00e1ria a ser realizada dia 25\/11\/2023 - SIMUSAR","robots":{"index":"index","follow":"follow","max-snippet":"max-snippet:-1","max-image-preview":"max-image-preview:large","max-video-preview":"max-video-preview:-1"},"canonical":"https:\/\/simusar.com.br\/wfe\/simusar-convoca-servidores-para-assembleia-geral-extraordinaria-a-ser-realizada-dia-25-11-2023\/","og_locale":"pt_BR","og_type":"article","og_title":"SIMUSAR convoca servidores para Assembleia Geral Extraordin\u00e1ria a ser realizada dia 25\/11\/2023 - SIMUSAR","og_description":"Lembrando que quem participa das assembl\u00e9ias, ganha desconto no aluguel do sal\u00e3o da nossa entidade. A Diretoria do Sindicato dos Servidores Municipais de Santa Rosa, no uso das atribui\u00e7\u00f5es que lhe conferem o Estatuto da Entidade, seus as- sociados, para Assembleia Geral Extraordin\u00e1ria, a ser realizada no dia 25 de novembro de 2023, s\u00e1bado, \u00e0s [&hellip;]","og_url":"https:\/\/simusar.com.br\/wfe\/simusar-convoca-servidores-para-assembleia-geral-extraordinaria-a-ser-realizada-dia-25-11-2023\/","og_site_name":"SIMUSAR","article_publisher":"https:\/\/www.facebook.com\/simusaroficial","article_published_time":"2023-11-21T19:12:08+00:00","article_modified_time":"2023-11-22T10:42:46+00:00","author":"admin","twitter_card":"summary_large_image","twitter_misc":{"Escrito por":"admin","Est. tempo de leitura":"1 minuto"},"schema":{"@context":"https:\/\/schema.org","@graph":[{"@type":"Article","@id":"https:\/\/simusar.com.br\/wfe\/simusar-convoca-servidores-para-assembleia-geral-extraordinaria-a-ser-realizada-dia-25-11-2023\/#article","isPartOf":{"@id":"https:\/\/simusar.com.br\/wfe\/simusar-convoca-servidores-para-assembleia-geral-extraordinaria-a-ser-realizada-dia-25-11-2023\/"},"author":{"name":"admin","@id":"https:\/\/simusar.com.br\/wfe\/#\/schema\/person\/7bbff4b09265c81fe98c20bae4e03e83"},"headline":"SIMUSAR convoca servidores para Assembleia Geral Extraordin\u00e1ria a ser realizada dia 25\/11\/2023","datePublished":"2023-11-21T19:12:08+00:00","dateModified":"2023-11-22T10:42:46+00:00","mainEntityOfPage":{"@id":"https:\/\/simusar.com.br\/wfe\/simusar-convoca-servidores-para-assembleia-geral-extraordinaria-a-ser-realizada-dia-25-11-2023\/"},"wordCount":141,"commentCount":0,"publisher":{"@id":"https:\/\/simusar.com.br\/wfe\/#organization"},"keywords":["assembleia","santa rosa","simusar"],"articleSection":["Noticias"],"inLanguage":"pt-BR","potentialAction":[{"@type":"CommentAction","name":"Comment","target":["https:\/\/simusar.com.br\/wfe\/simusar-convoca-servidores-para-assembleia-geral-extraordinaria-a-ser-realizada-dia-25-11-2023\/#respond"]}]},{"@type":"WebPage","@id":"https:\/\/simusar.com.br\/wfe\/simusar-convoca-servidores-para-assembleia-geral-extraordinaria-a-ser-realizada-dia-25-11-2023\/","url":"https:\/\/simusar.com.br\/wfe\/simusar-convoca-servidores-para-assembleia-geral-extraordinaria-a-ser-realizada-dia-25-11-2023\/","name":"SIMUSAR convoca servidores para Assembleia Geral Extraordin\u00e1ria a ser realizada dia 25\/11\/2023 - SIMUSAR","isPartOf":{"@id":"https:\/\/simusar.com.br\/wfe\/#website"},"datePublished":"2023-11-21T19:12:08+00:00","dateModified":"2023-11-22T10:42:46+00:00","breadcrumb":{"@id":"https:\/\/simusar.com.br\/wfe\/simusar-convoca-servidores-para-assembleia-geral-extraordinaria-a-ser-realizada-dia-25-11-2023\/#breadcrumb"},"inLanguage":"pt-BR","potentialAction":[{"@type":"ReadAction","target":["https:\/\/simusar.com.br\/wfe\/simusar-convoca-servidores-para-assembleia-geral-extraordinaria-a-ser-realizada-dia-25-11-2023\/"]}]},{"@type":"BreadcrumbList","@id":"https:\/\/simusar.com.br\/wfe\/simusar-convoca-servidores-para-assembleia-geral-extraordinaria-a-ser-realizada-dia-25-11-2023\/#breadcrumb","itemListElement":[{"@type":"ListItem","position":1,"name":"In\u00edcio","item":"https:\/\/simusar.com.br\/wfe\/"},{"@type":"ListItem","position":2,"name":"SIMUSAR convoca servidores para Assembleia Geral Extraordin\u00e1ria a ser realizada dia 25\/11\/2023"}]},{"@type":"WebSite","@id":"https:\/\/simusar.com.br\/wfe\/#website","url":"https:\/\/simusar.com.br\/wfe\/","name":"SIMUSAR","description":"Sindicatos dos Servidores Municipais de Santa Rosa","publisher":{"@id":"https:\/\/simusar.com.br\/wfe\/#organization"},"potentialAction":[{"@type":"SearchAction","target":{"@type":"EntryPoint","urlTemplate":"https:\/\/simusar.com.br\/wfe\/?s={search_term_string}"},"query-input":{"@type":"PropertyValueSpecification","valueRequired":true,"valueName":"search_term_string"}}],"inLanguage":"pt-BR"},{"@type":"Organization","@id":"https:\/\/simusar.com.br\/wfe\/#organization","name":"SIMUSAR","url":"https:\/\/simusar.com.br\/wfe\/","logo":{"@type":"ImageObject","inLanguage":"pt-BR","@id":"https:\/\/simusar.com.br\/wfe\/#\/schema\/logo\/image\/","url":"https:\/\/simusar.com.br\/wfe\/wp-content\/uploads\/2022\/05\/logo-perfil.png","contentUrl":"https:\/\/simusar.com.br\/wfe\/wp-content\/uploads\/2022\/05\/logo-perfil.png","width":1080,"height":1080,"caption":"SIMUSAR"},"image":{"@id":"https:\/\/simusar.com.br\/wfe\/#\/schema\/logo\/image\/"},"sameAs":["https:\/\/www.facebook.com\/simusaroficial","https:\/\/www.instagram.com\/simusaroficial"]},{"@type":"Person","@id":"https:\/\/simusar.com.br\/wfe\/#\/schema\/person\/7bbff4b09265c81fe98c20bae4e03e83","name":"admin","sameAs":["http:\/\/simusar.com.br\/wfe"],"url":"https:\/\/simusar.com.br\/wfe\/author\/admin\/"}]}},"_links":{"self":[{"href":"https:\/\/simusar.com.br\/wfe\/wp-json\/wp\/v2\/posts\/2758","targetHints":{"allow":["GET"]}}],"collection":[{"href":"https:\/\/simusar.com.br\/wfe\/wp-json\/wp\/v2\/posts"}],"about":[{"href":"https:\/\/simusar.com.br\/wfe\/wp-json\/wp\/v2\/types\/post"}],"author":[{"embeddable":true,"href":"https:\/\/simusar.com.br\/wfe\/wp-json\/wp\/v2\/users\/1"}],"replies":[{"embeddable":true,"href":"https:\/\/simusar.com.br\/wfe\/wp-json\/wp\/v2\/comments?post=2758"}],"version-history":[{"count":5,"href":"https:\/\/simusar.com.br\/wfe\/wp-json\/wp\/v2\/posts\/2758\/revisions"}],"predecessor-version":[{"id":2764,"href":"https:\/\/simusar.com.br\/wfe\/wp-json\/wp\/v2\/posts\/2758\/revisions\/2764"}],"wp:attachment":[{"href":"https:\/\/simusar.com.br\/wfe\/wp-json\/wp\/v2\/media?parent=2758"}],"wp:term":[{"taxonomy":"category","embeddable":true,"href":"https:\/\/simusar.com.br\/wfe\/wp-json\/wp\/v2\/categories?post=2758"},{"taxonomy":"post_tag","embeddable":true,"href":"https:\/\/simusar.com.br\/wfe\/wp-json\/wp\/v2\/tags?post=2758"}],"curies":[{"name":"wp","href":"https:\/\/api.w.org\/{rel}","templated":true}]}}