{"id":2808,"date":"2024-01-17T16:39:44","date_gmt":"2024-01-17T16:39:44","guid":{"rendered":"https:\/\/simusar.com.br\/wfe\/?p=2808"},"modified":"2024-01-17T16:45:35","modified_gmt":"2024-01-17T16:45:35","slug":"assembleia-no-simusar-decide-por-valorizacao-salarial-em-2024","status":"publish","type":"post","link":"https:\/\/simusar.com.br\/wfe\/assembleia-no-simusar-decide-por-valorizacao-salarial-em-2024\/","title":{"rendered":"Assembleia no SIMUSAR Decide por Valoriza\u00e7\u00e3o Salarial em 2024!"},"content":{"rendered":"\n<p>Na \u00faltima ter\u00e7a-feira, dia 16 de janeiro de 2024, um grande n\u00famero de servidores se reuniram em assembleia geral extraordin\u00e1ria para discutir a valoriza\u00e7\u00e3o salarial para o ano de 2024. A pauta principal era a aprecia\u00e7\u00e3o da contraproposta salarial, e os resultados foram decisivos em favor dos trabalhadores.<\/p>\n\n\n<div class=\"wp-block-image\">\n<figure data-wp-context=\"{&quot;imageId&quot;:&quot;69f3a31f71dce&quot;}\" data-wp-interactive=\"core\/image\" data-wp-key=\"69f3a31f71dce\" class=\"alignleft size-large is-resized wp-lightbox-container\"><img loading=\"lazy\" decoding=\"async\" width=\"1024\" height=\"768\" data-wp-class--hide=\"state.isContentHidden\" data-wp-class--show=\"state.isContentVisible\" data-wp-init=\"callbacks.setButtonStyles\" data-wp-on--click=\"actions.showLightbox\" data-wp-on--load=\"callbacks.setButtonStyles\" data-wp-on-window--resize=\"callbacks.setButtonStyles\" src=\"https:\/\/simusar.com.br\/wfe\/wp-content\/uploads\/2024\/01\/assembleia-16-01-24-1024x768.jpeg\" alt=\"\" class=\"wp-image-2811\" style=\"width:423px;height:auto\" srcset=\"https:\/\/simusar.com.br\/wfe\/wp-content\/uploads\/2024\/01\/assembleia-16-01-24-1024x768.jpeg 1024w, https:\/\/simusar.com.br\/wfe\/wp-content\/uploads\/2024\/01\/assembleia-16-01-24-300x225.jpeg 300w, https:\/\/simusar.com.br\/wfe\/wp-content\/uploads\/2024\/01\/assembleia-16-01-24-768x576.jpeg 768w, https:\/\/simusar.com.br\/wfe\/wp-content\/uploads\/2024\/01\/assembleia-16-01-24-1536x1152.jpeg 1536w, https:\/\/simusar.com.br\/wfe\/wp-content\/uploads\/2024\/01\/assembleia-16-01-24.jpeg 1600w\" sizes=\"auto, (max-width: 1024px) 100vw, 1024px\" \/><button\n\t\t\tclass=\"lightbox-trigger\"\n\t\t\ttype=\"button\"\n\t\t\taria-haspopup=\"dialog\"\n\t\t\taria-label=\"Ampliar\"\n\t\t\tdata-wp-init=\"callbacks.initTriggerButton\"\n\t\t\tdata-wp-on--click=\"actions.showLightbox\"\n\t\t\tdata-wp-style--right=\"state.imageButtonRight\"\n\t\t\tdata-wp-style--top=\"state.imageButtonTop\"\n\t\t>\n\t\t\t<svg xmlns=\"http:\/\/www.w3.org\/2000\/svg\" width=\"12\" height=\"12\" fill=\"none\" viewBox=\"0 0 12 12\">\n\t\t\t\t<path fill=\"#fff\" d=\"M2 0a2 2 0 0 0-2 2v2h1.5V2a.5.5 0 0 1 .5-.5h2V0H2Zm2 10.5H2a.5.5 0 0 1-.5-.5V8H0v2a2 2 0 0 0 2 2h2v-1.5ZM8 12v-1.5h2a.5.5 0 0 0 .5-.5V8H12v2a2 2 0 0 1-2 2H8Zm2-12a2 2 0 0 1 2 2v2h-1.5V2a.5.5 0 0 0-.5-.5H8V0h2Z\" \/>\n\t\t\t<\/svg>\n\t\t<\/button><\/figure>\n<\/div>\n\n\n<p>Durante a assembleia, foi decidido por vota\u00e7\u00e3o a aprova\u00e7\u00e3o da Pauta, sinalizando o consenso e a uni\u00e3o da categoria em buscar melhorias significativas em rela\u00e7\u00e3o aos sal\u00e1rios e benef\u00edcios.<br>Dentre as conquistas destacadas, o <strong>Vale Alimenta\u00e7\u00e3o foi estabelecido no valor de R$ 600,00<\/strong>, proporcionando aos trabalhadores uma melhoria em sua cesta b\u00e1sica, visando uma qualidade de vida mais equilibrada.<\/p>\n\n\n\n<p>O <strong>Piso Padr\u00e3o 2<\/strong> tamb\u00e9m foi objeto de aten\u00e7\u00e3o, com um aumento <strong>para R$ 1.430,00, <\/strong>buscando reconhecer o valor e a import\u00e2ncia dos profissionais que desempenham suas fun\u00e7\u00f5es para a nossa sociedade.<\/p>\n\n\n\n<p>O reajuste acordado foi definido em<strong> 3,71%<\/strong>, englobando o \u00cdndice Nacional de Pre\u00e7os ao Consumidor (INPC) e <strong>mais 1% <\/strong>para toda a categoria. Esse aumento j\u00e1 estava previamente negociado, demonstrando a efic\u00e1cia e a assertividade das negocia\u00e7\u00f5es entre o sindicato e os representantes dos servidores.<\/p>\n\n\n\n<p><strong>Agradecimento pela Ades\u00e3o<br><\/strong>Ao final da assembleia, a diretoria do SIMUSAR expressou profundo agradecimento a todos os participantes pela excelente ades\u00e3o ao evento. A uni\u00e3o e a participa\u00e7\u00e3o ativa de todos os presentes foram cruciais para o sucesso das negocia\u00e7\u00f5es e a conquista dos benef\u00edcios salariais.<\/p>\n\n\n\n<p><strong>Juntos Somos Mais Fortes!<br><\/strong>Essa vit\u00f3ria \u00e9 um exemplo claro de como a colabora\u00e7\u00e3o e a participa\u00e7\u00e3o coletiva podem gerar impactos positivos na qualidade de vida e bem-estar dos servidores p\u00fablicos municipais de Santa Rosa.<\/p>\n","protected":false},"excerpt":{"rendered":"<p>Na \u00faltima ter\u00e7a-feira, dia 16 de janeiro de 2024, um grande n\u00famero de servidores se reuniram em assembleia geral extraordin\u00e1ria para discutir a valoriza\u00e7\u00e3o salarial para o ano de 2024. A pauta principal era a aprecia\u00e7\u00e3o da contraproposta salarial, e os resultados foram decisivos em favor dos trabalhadores. Durante a assembleia, foi decidido por vota\u00e7\u00e3o [&hellip;]<\/p>\n","protected":false},"author":1,"featured_media":2810,"comment_status":"open","ping_status":"open","sticky":false,"template":"","format":"standard","meta":{"_eb_attr":"","footnotes":""},"categories":[4],"tags":[65,122,105,48,53],"class_list":["post-2808","post","type-post","status-publish","format-standard","has-post-thumbnail","hentry","category-noticias","tag-assembleia","tag-reajuste","tag-salarial","tag-santa-rosa","tag-simusar"],"yoast_head":"<!-- This site is optimized with the Yoast SEO plugin v26.2 - https:\/\/yoast.com\/wordpress\/plugins\/seo\/ -->\n<title>Assembleia no SIMUSAR Decide por Valoriza\u00e7\u00e3o Salarial em 2024! - SIMUSAR<\/title>\n<meta name=\"robots\" content=\"index, follow, max-snippet:-1, max-image-preview:large, max-video-preview:-1\" \/>\n<link rel=\"canonical\" href=\"https:\/\/simusar.com.br\/wfe\/assembleia-no-simusar-decide-por-valorizacao-salarial-em-2024\/\" \/>\n<meta property=\"og:locale\" content=\"pt_BR\" \/>\n<meta property=\"og:type\" content=\"article\" \/>\n<meta property=\"og:title\" content=\"Assembleia no SIMUSAR Decide por Valoriza\u00e7\u00e3o Salarial em 2024! - SIMUSAR\" \/>\n<meta property=\"og:description\" content=\"Na \u00faltima ter\u00e7a-feira, dia 16 de janeiro de 2024, um grande n\u00famero de servidores se reuniram em assembleia geral extraordin\u00e1ria para discutir a valoriza\u00e7\u00e3o salarial para o ano de 2024. A pauta principal era a aprecia\u00e7\u00e3o da contraproposta salarial, e os resultados foram decisivos em favor dos trabalhadores. Durante a assembleia, foi decidido por vota\u00e7\u00e3o [&hellip;]\" \/>\n<meta property=\"og:url\" content=\"https:\/\/simusar.com.br\/wfe\/assembleia-no-simusar-decide-por-valorizacao-salarial-em-2024\/\" \/>\n<meta property=\"og:site_name\" content=\"SIMUSAR\" \/>\n<meta property=\"article:publisher\" content=\"https:\/\/www.facebook.com\/simusaroficial\" \/>\n<meta property=\"article:published_time\" content=\"2024-01-17T16:39:44+00:00\" \/>\n<meta property=\"article:modified_time\" content=\"2024-01-17T16:45:35+00:00\" \/>\n<meta property=\"og:image\" content=\"http:\/\/simusar.com.br\/wfe\/wp-content\/uploads\/2024\/01\/Associe-se-ao-Sindicato-e-tenha-acesso-aos-beneficios-6.png\" \/>\n\t<meta property=\"og:image:width\" content=\"1080\" \/>\n\t<meta property=\"og:image:height\" content=\"1350\" \/>\n\t<meta property=\"og:image:type\" content=\"image\/png\" \/>\n<meta name=\"author\" content=\"admin\" \/>\n<meta name=\"twitter:card\" content=\"summary_large_image\" \/>\n<meta name=\"twitter:label1\" content=\"Escrito por\" \/>\n\t<meta name=\"twitter:data1\" content=\"admin\" \/>\n\t<meta name=\"twitter:label2\" content=\"Est. tempo de leitura\" \/>\n\t<meta name=\"twitter:data2\" content=\"2 minutos\" \/>\n<script type=\"application\/ld+json\" class=\"yoast-schema-graph\">{\"@context\":\"https:\/\/schema.org\",\"@graph\":[{\"@type\":\"Article\",\"@id\":\"https:\/\/simusar.com.br\/wfe\/assembleia-no-simusar-decide-por-valorizacao-salarial-em-2024\/#article\",\"isPartOf\":{\"@id\":\"https:\/\/simusar.com.br\/wfe\/assembleia-no-simusar-decide-por-valorizacao-salarial-em-2024\/\"},\"author\":{\"name\":\"admin\",\"@id\":\"https:\/\/simusar.com.br\/wfe\/#\/schema\/person\/7bbff4b09265c81fe98c20bae4e03e83\"},\"headline\":\"Assembleia no SIMUSAR Decide por Valoriza\u00e7\u00e3o Salarial em 2024!\",\"datePublished\":\"2024-01-17T16:39:44+00:00\",\"dateModified\":\"2024-01-17T16:45:35+00:00\",\"mainEntityOfPage\":{\"@id\":\"https:\/\/simusar.com.br\/wfe\/assembleia-no-simusar-decide-por-valorizacao-salarial-em-2024\/\"},\"wordCount\":296,\"commentCount\":0,\"publisher\":{\"@id\":\"https:\/\/simusar.com.br\/wfe\/#organization\"},\"image\":{\"@id\":\"https:\/\/simusar.com.br\/wfe\/assembleia-no-simusar-decide-por-valorizacao-salarial-em-2024\/#primaryimage\"},\"thumbnailUrl\":\"https:\/\/simusar.com.br\/wfe\/wp-content\/uploads\/2024\/01\/Associe-se-ao-Sindicato-e-tenha-acesso-aos-beneficios-6.png\",\"keywords\":[\"assembleia\",\"reajuste\",\"salarial\",\"santa rosa\",\"simusar\"],\"articleSection\":[\"Noticias\"],\"inLanguage\":\"pt-BR\",\"potentialAction\":[{\"@type\":\"CommentAction\",\"name\":\"Comment\",\"target\":[\"https:\/\/simusar.com.br\/wfe\/assembleia-no-simusar-decide-por-valorizacao-salarial-em-2024\/#respond\"]}]},{\"@type\":\"WebPage\",\"@id\":\"https:\/\/simusar.com.br\/wfe\/assembleia-no-simusar-decide-por-valorizacao-salarial-em-2024\/\",\"url\":\"https:\/\/simusar.com.br\/wfe\/assembleia-no-simusar-decide-por-valorizacao-salarial-em-2024\/\",\"name\":\"Assembleia no SIMUSAR Decide por Valoriza\u00e7\u00e3o Salarial em 2024! - SIMUSAR\",\"isPartOf\":{\"@id\":\"https:\/\/simusar.com.br\/wfe\/#website\"},\"primaryImageOfPage\":{\"@id\":\"https:\/\/simusar.com.br\/wfe\/assembleia-no-simusar-decide-por-valorizacao-salarial-em-2024\/#primaryimage\"},\"image\":{\"@id\":\"https:\/\/simusar.com.br\/wfe\/assembleia-no-simusar-decide-por-valorizacao-salarial-em-2024\/#primaryimage\"},\"thumbnailUrl\":\"https:\/\/simusar.com.br\/wfe\/wp-content\/uploads\/2024\/01\/Associe-se-ao-Sindicato-e-tenha-acesso-aos-beneficios-6.png\",\"datePublished\":\"2024-01-17T16:39:44+00:00\",\"dateModified\":\"2024-01-17T16:45:35+00:00\",\"breadcrumb\":{\"@id\":\"https:\/\/simusar.com.br\/wfe\/assembleia-no-simusar-decide-por-valorizacao-salarial-em-2024\/#breadcrumb\"},\"inLanguage\":\"pt-BR\",\"potentialAction\":[{\"@type\":\"ReadAction\",\"target\":[\"https:\/\/simusar.com.br\/wfe\/assembleia-no-simusar-decide-por-valorizacao-salarial-em-2024\/\"]}]},{\"@type\":\"ImageObject\",\"inLanguage\":\"pt-BR\",\"@id\":\"https:\/\/simusar.com.br\/wfe\/assembleia-no-simusar-decide-por-valorizacao-salarial-em-2024\/#primaryimage\",\"url\":\"https:\/\/simusar.com.br\/wfe\/wp-content\/uploads\/2024\/01\/Associe-se-ao-Sindicato-e-tenha-acesso-aos-beneficios-6.png\",\"contentUrl\":\"https:\/\/simusar.com.br\/wfe\/wp-content\/uploads\/2024\/01\/Associe-se-ao-Sindicato-e-tenha-acesso-aos-beneficios-6.png\",\"width\":1080,\"height\":1350},{\"@type\":\"BreadcrumbList\",\"@id\":\"https:\/\/simusar.com.br\/wfe\/assembleia-no-simusar-decide-por-valorizacao-salarial-em-2024\/#breadcrumb\",\"itemListElement\":[{\"@type\":\"ListItem\",\"position\":1,\"name\":\"In\u00edcio\",\"item\":\"https:\/\/simusar.com.br\/wfe\/\"},{\"@type\":\"ListItem\",\"position\":2,\"name\":\"Assembleia no SIMUSAR Decide por Valoriza\u00e7\u00e3o Salarial em 2024!\"}]},{\"@type\":\"WebSite\",\"@id\":\"https:\/\/simusar.com.br\/wfe\/#website\",\"url\":\"https:\/\/simusar.com.br\/wfe\/\",\"name\":\"SIMUSAR\",\"description\":\"Sindicatos dos Servidores Municipais de Santa Rosa\",\"publisher\":{\"@id\":\"https:\/\/simusar.com.br\/wfe\/#organization\"},\"potentialAction\":[{\"@type\":\"SearchAction\",\"target\":{\"@type\":\"EntryPoint\",\"urlTemplate\":\"https:\/\/simusar.com.br\/wfe\/?s={search_term_string}\"},\"query-input\":{\"@type\":\"PropertyValueSpecification\",\"valueRequired\":true,\"valueName\":\"search_term_string\"}}],\"inLanguage\":\"pt-BR\"},{\"@type\":\"Organization\",\"@id\":\"https:\/\/simusar.com.br\/wfe\/#organization\",\"name\":\"SIMUSAR\",\"url\":\"https:\/\/simusar.com.br\/wfe\/\",\"logo\":{\"@type\":\"ImageObject\",\"inLanguage\":\"pt-BR\",\"@id\":\"https:\/\/simusar.com.br\/wfe\/#\/schema\/logo\/image\/\",\"url\":\"https:\/\/simusar.com.br\/wfe\/wp-content\/uploads\/2022\/05\/logo-perfil.png\",\"contentUrl\":\"https:\/\/simusar.com.br\/wfe\/wp-content\/uploads\/2022\/05\/logo-perfil.png\",\"width\":1080,\"height\":1080,\"caption\":\"SIMUSAR\"},\"image\":{\"@id\":\"https:\/\/simusar.com.br\/wfe\/#\/schema\/logo\/image\/\"},\"sameAs\":[\"https:\/\/www.facebook.com\/simusaroficial\",\"https:\/\/www.instagram.com\/simusaroficial\"]},{\"@type\":\"Person\",\"@id\":\"https:\/\/simusar.com.br\/wfe\/#\/schema\/person\/7bbff4b09265c81fe98c20bae4e03e83\",\"name\":\"admin\",\"sameAs\":[\"http:\/\/simusar.com.br\/wfe\"],\"url\":\"https:\/\/simusar.com.br\/wfe\/author\/admin\/\"}]}<\/script>\n<!-- \/ Yoast SEO plugin. -->","yoast_head_json":{"title":"Assembleia no SIMUSAR Decide por Valoriza\u00e7\u00e3o Salarial em 2024! - SIMUSAR","robots":{"index":"index","follow":"follow","max-snippet":"max-snippet:-1","max-image-preview":"max-image-preview:large","max-video-preview":"max-video-preview:-1"},"canonical":"https:\/\/simusar.com.br\/wfe\/assembleia-no-simusar-decide-por-valorizacao-salarial-em-2024\/","og_locale":"pt_BR","og_type":"article","og_title":"Assembleia no SIMUSAR Decide por Valoriza\u00e7\u00e3o Salarial em 2024! - SIMUSAR","og_description":"Na \u00faltima ter\u00e7a-feira, dia 16 de janeiro de 2024, um grande n\u00famero de servidores se reuniram em assembleia geral extraordin\u00e1ria para discutir a valoriza\u00e7\u00e3o salarial para o ano de 2024. A pauta principal era a aprecia\u00e7\u00e3o da contraproposta salarial, e os resultados foram decisivos em favor dos trabalhadores. Durante a assembleia, foi decidido por vota\u00e7\u00e3o [&hellip;]","og_url":"https:\/\/simusar.com.br\/wfe\/assembleia-no-simusar-decide-por-valorizacao-salarial-em-2024\/","og_site_name":"SIMUSAR","article_publisher":"https:\/\/www.facebook.com\/simusaroficial","article_published_time":"2024-01-17T16:39:44+00:00","article_modified_time":"2024-01-17T16:45:35+00:00","og_image":[{"width":1080,"height":1350,"url":"http:\/\/simusar.com.br\/wfe\/wp-content\/uploads\/2024\/01\/Associe-se-ao-Sindicato-e-tenha-acesso-aos-beneficios-6.png","type":"image\/png"}],"author":"admin","twitter_card":"summary_large_image","twitter_misc":{"Escrito por":"admin","Est. tempo de leitura":"2 minutos"},"schema":{"@context":"https:\/\/schema.org","@graph":[{"@type":"Article","@id":"https:\/\/simusar.com.br\/wfe\/assembleia-no-simusar-decide-por-valorizacao-salarial-em-2024\/#article","isPartOf":{"@id":"https:\/\/simusar.com.br\/wfe\/assembleia-no-simusar-decide-por-valorizacao-salarial-em-2024\/"},"author":{"name":"admin","@id":"https:\/\/simusar.com.br\/wfe\/#\/schema\/person\/7bbff4b09265c81fe98c20bae4e03e83"},"headline":"Assembleia no SIMUSAR Decide por Valoriza\u00e7\u00e3o Salarial em 2024!","datePublished":"2024-01-17T16:39:44+00:00","dateModified":"2024-01-17T16:45:35+00:00","mainEntityOfPage":{"@id":"https:\/\/simusar.com.br\/wfe\/assembleia-no-simusar-decide-por-valorizacao-salarial-em-2024\/"},"wordCount":296,"commentCount":0,"publisher":{"@id":"https:\/\/simusar.com.br\/wfe\/#organization"},"image":{"@id":"https:\/\/simusar.com.br\/wfe\/assembleia-no-simusar-decide-por-valorizacao-salarial-em-2024\/#primaryimage"},"thumbnailUrl":"https:\/\/simusar.com.br\/wfe\/wp-content\/uploads\/2024\/01\/Associe-se-ao-Sindicato-e-tenha-acesso-aos-beneficios-6.png","keywords":["assembleia","reajuste","salarial","santa rosa","simusar"],"articleSection":["Noticias"],"inLanguage":"pt-BR","potentialAction":[{"@type":"CommentAction","name":"Comment","target":["https:\/\/simusar.com.br\/wfe\/assembleia-no-simusar-decide-por-valorizacao-salarial-em-2024\/#respond"]}]},{"@type":"WebPage","@id":"https:\/\/simusar.com.br\/wfe\/assembleia-no-simusar-decide-por-valorizacao-salarial-em-2024\/","url":"https:\/\/simusar.com.br\/wfe\/assembleia-no-simusar-decide-por-valorizacao-salarial-em-2024\/","name":"Assembleia no SIMUSAR Decide por Valoriza\u00e7\u00e3o Salarial em 2024! - SIMUSAR","isPartOf":{"@id":"https:\/\/simusar.com.br\/wfe\/#website"},"primaryImageOfPage":{"@id":"https:\/\/simusar.com.br\/wfe\/assembleia-no-simusar-decide-por-valorizacao-salarial-em-2024\/#primaryimage"},"image":{"@id":"https:\/\/simusar.com.br\/wfe\/assembleia-no-simusar-decide-por-valorizacao-salarial-em-2024\/#primaryimage"},"thumbnailUrl":"https:\/\/simusar.com.br\/wfe\/wp-content\/uploads\/2024\/01\/Associe-se-ao-Sindicato-e-tenha-acesso-aos-beneficios-6.png","datePublished":"2024-01-17T16:39:44+00:00","dateModified":"2024-01-17T16:45:35+00:00","breadcrumb":{"@id":"https:\/\/simusar.com.br\/wfe\/assembleia-no-simusar-decide-por-valorizacao-salarial-em-2024\/#breadcrumb"},"inLanguage":"pt-BR","potentialAction":[{"@type":"ReadAction","target":["https:\/\/simusar.com.br\/wfe\/assembleia-no-simusar-decide-por-valorizacao-salarial-em-2024\/"]}]},{"@type":"ImageObject","inLanguage":"pt-BR","@id":"https:\/\/simusar.com.br\/wfe\/assembleia-no-simusar-decide-por-valorizacao-salarial-em-2024\/#primaryimage","url":"https:\/\/simusar.com.br\/wfe\/wp-content\/uploads\/2024\/01\/Associe-se-ao-Sindicato-e-tenha-acesso-aos-beneficios-6.png","contentUrl":"https:\/\/simusar.com.br\/wfe\/wp-content\/uploads\/2024\/01\/Associe-se-ao-Sindicato-e-tenha-acesso-aos-beneficios-6.png","width":1080,"height":1350},{"@type":"BreadcrumbList","@id":"https:\/\/simusar.com.br\/wfe\/assembleia-no-simusar-decide-por-valorizacao-salarial-em-2024\/#breadcrumb","itemListElement":[{"@type":"ListItem","position":1,"name":"In\u00edcio","item":"https:\/\/simusar.com.br\/wfe\/"},{"@type":"ListItem","position":2,"name":"Assembleia no SIMUSAR Decide por Valoriza\u00e7\u00e3o Salarial em 2024!"}]},{"@type":"WebSite","@id":"https:\/\/simusar.com.br\/wfe\/#website","url":"https:\/\/simusar.com.br\/wfe\/","name":"SIMUSAR","description":"Sindicatos dos Servidores Municipais de Santa Rosa","publisher":{"@id":"https:\/\/simusar.com.br\/wfe\/#organization"},"potentialAction":[{"@type":"SearchAction","target":{"@type":"EntryPoint","urlTemplate":"https:\/\/simusar.com.br\/wfe\/?s={search_term_string}"},"query-input":{"@type":"PropertyValueSpecification","valueRequired":true,"valueName":"search_term_string"}}],"inLanguage":"pt-BR"},{"@type":"Organization","@id":"https:\/\/simusar.com.br\/wfe\/#organization","name":"SIMUSAR","url":"https:\/\/simusar.com.br\/wfe\/","logo":{"@type":"ImageObject","inLanguage":"pt-BR","@id":"https:\/\/simusar.com.br\/wfe\/#\/schema\/logo\/image\/","url":"https:\/\/simusar.com.br\/wfe\/wp-content\/uploads\/2022\/05\/logo-perfil.png","contentUrl":"https:\/\/simusar.com.br\/wfe\/wp-content\/uploads\/2022\/05\/logo-perfil.png","width":1080,"height":1080,"caption":"SIMUSAR"},"image":{"@id":"https:\/\/simusar.com.br\/wfe\/#\/schema\/logo\/image\/"},"sameAs":["https:\/\/www.facebook.com\/simusaroficial","https:\/\/www.instagram.com\/simusaroficial"]},{"@type":"Person","@id":"https:\/\/simusar.com.br\/wfe\/#\/schema\/person\/7bbff4b09265c81fe98c20bae4e03e83","name":"admin","sameAs":["http:\/\/simusar.com.br\/wfe"],"url":"https:\/\/simusar.com.br\/wfe\/author\/admin\/"}]}},"_links":{"self":[{"href":"https:\/\/simusar.com.br\/wfe\/wp-json\/wp\/v2\/posts\/2808","targetHints":{"allow":["GET"]}}],"collection":[{"href":"https:\/\/simusar.com.br\/wfe\/wp-json\/wp\/v2\/posts"}],"about":[{"href":"https:\/\/simusar.com.br\/wfe\/wp-json\/wp\/v2\/types\/post"}],"author":[{"embeddable":true,"href":"https:\/\/simusar.com.br\/wfe\/wp-json\/wp\/v2\/users\/1"}],"replies":[{"embeddable":true,"href":"https:\/\/simusar.com.br\/wfe\/wp-json\/wp\/v2\/comments?post=2808"}],"version-history":[{"count":3,"href":"https:\/\/simusar.com.br\/wfe\/wp-json\/wp\/v2\/posts\/2808\/revisions"}],"predecessor-version":[{"id":2815,"href":"https:\/\/simusar.com.br\/wfe\/wp-json\/wp\/v2\/posts\/2808\/revisions\/2815"}],"wp:featuredmedia":[{"embeddable":true,"href":"https:\/\/simusar.com.br\/wfe\/wp-json\/wp\/v2\/media\/2810"}],"wp:attachment":[{"href":"https:\/\/simusar.com.br\/wfe\/wp-json\/wp\/v2\/media?parent=2808"}],"wp:term":[{"taxonomy":"category","embeddable":true,"href":"https:\/\/simusar.com.br\/wfe\/wp-json\/wp\/v2\/categories?post=2808"},{"taxonomy":"post_tag","embeddable":true,"href":"https:\/\/simusar.com.br\/wfe\/wp-json\/wp\/v2\/tags?post=2808"}],"curies":[{"name":"wp","href":"https:\/\/api.w.org\/{rel}","templated":true}]}}