{"id":2820,"date":"2024-01-31T13:29:43","date_gmt":"2024-01-31T13:29:43","guid":{"rendered":"https:\/\/simusar.com.br\/wfe\/?p=2820"},"modified":"2024-02-26T12:46:26","modified_gmt":"2024-02-26T12:46:26","slug":"balanco-mensal-do-previrosa-revela-desafios-diante-da-reducao-de-servidores-municipais-em-santa-rosa","status":"publish","type":"post","link":"https:\/\/simusar.com.br\/wfe\/balanco-mensal-do-previrosa-revela-desafios-diante-da-reducao-de-servidores-municipais-em-santa-rosa\/","title":{"rendered":"Balan\u00e7o Mensal do PREVIROSA Revela Desafios Diante da Redu\u00e7\u00e3o de Servidores Municipais em Santa Rosa"},"content":{"rendered":"\n<p>Em um esfor\u00e7o de transpar\u00eancia e comunica\u00e7\u00e3o direta com os servidores municipais de Santa Rosa, o Prof. Jonas, Conselheiro Deliberativo do PREVIROSA, ir\u00e1 apresentar mensalmente um balan\u00e7o das a\u00e7\u00f5es e n\u00fameros do Instituto, no Jornal Impresso O Sevidor. O intuito \u00e9 fornecer informa\u00e7\u00f5es detalhadas e abrir espa\u00e7o para opini\u00f5es e sugest\u00f5es por parte dos colegas servidores.<\/p>\n\n\n\n<p>O destaque do primeiro balan\u00e7o, referente a janeiro, revelou uma preocupante redu\u00e7\u00e3o no n\u00famero de servidores p\u00fablicos municipais ativos em Santa Rosa. O Prof. Jonas destacou que esse desequil\u00edbrio tem contribu\u00eddo significativamente para o aumento do d\u00e9ficit atuarial do instituto.<\/p>\n\n\n<div class=\"wp-block-image\">\n<figure class=\"alignleft size-full is-resized\"><img loading=\"lazy\" decoding=\"async\" width=\"662\" height=\"635\" src=\"https:\/\/simusar.com.br\/wfe\/wp-content\/uploads\/2024\/01\/image.png\" alt=\"\" class=\"wp-image-2821\" style=\"width:410px;height:auto\" srcset=\"https:\/\/simusar.com.br\/wfe\/wp-content\/uploads\/2024\/01\/image.png 662w, https:\/\/simusar.com.br\/wfe\/wp-content\/uploads\/2024\/01\/image-300x288.png 300w\" sizes=\"auto, (max-width: 662px) 100vw, 662px\" \/><\/figure>\n<\/div>\n\n\n<p>Uma tabela apresentada no balan\u00e7o mostra que a m\u00e9dia entre servidores ativos e inativos tem diminu\u00eddo, levantando questionamentos sobre as causas desse cen\u00e1rio. O principal ponto identificado \u00e9 a car\u00eancia de concursos e nomea\u00e7\u00f5es, especialmente no padr\u00e3o 2. Onde servidores que se aposentam n\u00e3o est\u00e3o sendo substitu\u00eddos por novos funcion\u00e1rios concursados, mas sim por terceirizados.<\/p>\n\n\n\n<p>Essa pr\u00e1tica resulta na diminui\u00e7\u00e3o do n\u00famero de contribui\u00e7\u00f5es ao instituto, enquanto o n\u00famero de aposentados continua a aumentar. Esse desequil\u00edbrio financeiro, segundo o Prof. Jonas, \u00e9 respons\u00e1vel por ampliar o passivo atuarial, criando um desafio adicional para a sustentabilidade do PREVIROSA.<\/p>\n\n\n<div class=\"wp-block-image\">\n<figure class=\"alignright size-full\"><img loading=\"lazy\" decoding=\"async\" width=\"252\" height=\"808\" src=\"https:\/\/simusar.com.br\/wfe\/wp-content\/uploads\/2024\/01\/image-1.png\" alt=\"\" class=\"wp-image-2823\" srcset=\"https:\/\/simusar.com.br\/wfe\/wp-content\/uploads\/2024\/01\/image-1.png 252w, https:\/\/simusar.com.br\/wfe\/wp-content\/uploads\/2024\/01\/image-1-94x300.png 94w\" sizes=\"auto, (max-width: 252px) 100vw, 252px\" \/><\/figure>\n<\/div>\n\n\n<p>Para promover uma participa\u00e7\u00e3o ativa dos servidores na busca por solu\u00e7\u00f5es, o Conselheiro Deliberativo disponibilizou um canal direto via <strong><em>WhatsApp: <a href=\"https:\/\/wa.me\/5555996858357\">99685-8357<\/a><\/em><\/strong>. Como forma de encorajar os colegas a acompanharem o trabalho do conselho deliberativo e a sugerirem alternativas para mitigar os impactos da redu\u00e7\u00e3o de servidores.<\/p>\n\n\n\n<p>Diante desse cen\u00e1rio, a aten\u00e7\u00e3o dos servidores municipais de Santa Rosa est\u00e1 voltada para as pr\u00f3ximas a\u00e7\u00f5es a serem implementadas, visando garantir a sustentabilidade e o equil\u00edbrio financeiro do PREVIROSA, bem como o fortalecimento do quadro de servidores p\u00fablicos municipais ativos na cidade.<\/p>\n","protected":false},"excerpt":{"rendered":"<p>Em um esfor\u00e7o de transpar\u00eancia e comunica\u00e7\u00e3o direta com os servidores municipais de Santa Rosa, o Prof. Jonas, Conselheiro Deliberativo do PREVIROSA, ir\u00e1 apresentar mensalmente um balan\u00e7o das a\u00e7\u00f5es e n\u00fameros do Instituto, no Jornal Impresso O Sevidor. O intuito \u00e9 fornecer informa\u00e7\u00f5es detalhadas e abrir espa\u00e7o para opini\u00f5es e sugest\u00f5es por parte dos colegas [&hellip;]<\/p>\n","protected":false},"author":1,"featured_media":2822,"comment_status":"open","ping_status":"open","sticky":false,"template":"","format":"standard","meta":{"_eb_attr":"","footnotes":""},"categories":[4],"tags":[82,6,48,53],"class_list":["post-2820","post","type-post","status-publish","format-standard","has-post-thumbnail","hentry","category-noticias","tag-municipio","tag-previrosa","tag-santa-rosa","tag-simusar"],"yoast_head":"<!-- This site is optimized with the Yoast SEO plugin v26.2 - https:\/\/yoast.com\/wordpress\/plugins\/seo\/ -->\n<title>Balan\u00e7o Mensal do PREVIROSA Revela Desafios Diante da Redu\u00e7\u00e3o de Servidores Municipais em Santa Rosa - SIMUSAR<\/title>\n<meta name=\"robots\" content=\"index, follow, max-snippet:-1, max-image-preview:large, max-video-preview:-1\" \/>\n<link rel=\"canonical\" href=\"https:\/\/simusar.com.br\/wfe\/balanco-mensal-do-previrosa-revela-desafios-diante-da-reducao-de-servidores-municipais-em-santa-rosa\/\" \/>\n<meta property=\"og:locale\" content=\"pt_BR\" \/>\n<meta property=\"og:type\" content=\"article\" \/>\n<meta property=\"og:title\" content=\"Balan\u00e7o Mensal do PREVIROSA Revela Desafios Diante da Redu\u00e7\u00e3o de Servidores Municipais em Santa Rosa - SIMUSAR\" \/>\n<meta property=\"og:description\" content=\"Em um esfor\u00e7o de transpar\u00eancia e comunica\u00e7\u00e3o direta com os servidores municipais de Santa Rosa, o Prof. Jonas, Conselheiro Deliberativo do PREVIROSA, ir\u00e1 apresentar mensalmente um balan\u00e7o das a\u00e7\u00f5es e n\u00fameros do Instituto, no Jornal Impresso O Sevidor. O intuito \u00e9 fornecer informa\u00e7\u00f5es detalhadas e abrir espa\u00e7o para opini\u00f5es e sugest\u00f5es por parte dos colegas [&hellip;]\" \/>\n<meta property=\"og:url\" content=\"https:\/\/simusar.com.br\/wfe\/balanco-mensal-do-previrosa-revela-desafios-diante-da-reducao-de-servidores-municipais-em-santa-rosa\/\" \/>\n<meta property=\"og:site_name\" content=\"SIMUSAR\" \/>\n<meta property=\"article:publisher\" content=\"https:\/\/www.facebook.com\/simusaroficial\" \/>\n<meta property=\"article:published_time\" content=\"2024-01-31T13:29:43+00:00\" \/>\n<meta property=\"article:modified_time\" content=\"2024-02-26T12:46:26+00:00\" \/>\n<meta property=\"og:image\" content=\"http:\/\/simusar.com.br\/wfe\/wp-content\/uploads\/2024\/01\/Associe-se-ao-Sindicato-e-tenha-acesso-aos-beneficios-11.png\" \/>\n\t<meta property=\"og:image:width\" content=\"1080\" \/>\n\t<meta property=\"og:image:height\" content=\"1350\" \/>\n\t<meta property=\"og:image:type\" content=\"image\/png\" \/>\n<meta name=\"author\" content=\"admin\" \/>\n<meta name=\"twitter:card\" content=\"summary_large_image\" \/>\n<meta name=\"twitter:label1\" content=\"Escrito por\" \/>\n\t<meta name=\"twitter:data1\" content=\"admin\" \/>\n\t<meta name=\"twitter:label2\" content=\"Est. tempo de leitura\" \/>\n\t<meta name=\"twitter:data2\" content=\"2 minutos\" \/>\n<script type=\"application\/ld+json\" class=\"yoast-schema-graph\">{\"@context\":\"https:\/\/schema.org\",\"@graph\":[{\"@type\":\"Article\",\"@id\":\"https:\/\/simusar.com.br\/wfe\/balanco-mensal-do-previrosa-revela-desafios-diante-da-reducao-de-servidores-municipais-em-santa-rosa\/#article\",\"isPartOf\":{\"@id\":\"https:\/\/simusar.com.br\/wfe\/balanco-mensal-do-previrosa-revela-desafios-diante-da-reducao-de-servidores-municipais-em-santa-rosa\/\"},\"author\":{\"name\":\"admin\",\"@id\":\"https:\/\/simusar.com.br\/wfe\/#\/schema\/person\/7bbff4b09265c81fe98c20bae4e03e83\"},\"headline\":\"Balan\u00e7o Mensal do PREVIROSA Revela Desafios Diante da Redu\u00e7\u00e3o de Servidores Municipais em Santa Rosa\",\"datePublished\":\"2024-01-31T13:29:43+00:00\",\"dateModified\":\"2024-02-26T12:46:26+00:00\",\"mainEntityOfPage\":{\"@id\":\"https:\/\/simusar.com.br\/wfe\/balanco-mensal-do-previrosa-revela-desafios-diante-da-reducao-de-servidores-municipais-em-santa-rosa\/\"},\"wordCount\":339,\"commentCount\":0,\"publisher\":{\"@id\":\"https:\/\/simusar.com.br\/wfe\/#organization\"},\"image\":{\"@id\":\"https:\/\/simusar.com.br\/wfe\/balanco-mensal-do-previrosa-revela-desafios-diante-da-reducao-de-servidores-municipais-em-santa-rosa\/#primaryimage\"},\"thumbnailUrl\":\"https:\/\/simusar.com.br\/wfe\/wp-content\/uploads\/2024\/01\/Associe-se-ao-Sindicato-e-tenha-acesso-aos-beneficios-11.png\",\"keywords\":[\"munic\u00edpio\",\"previrosa\",\"santa rosa\",\"simusar\"],\"articleSection\":[\"Noticias\"],\"inLanguage\":\"pt-BR\",\"potentialAction\":[{\"@type\":\"CommentAction\",\"name\":\"Comment\",\"target\":[\"https:\/\/simusar.com.br\/wfe\/balanco-mensal-do-previrosa-revela-desafios-diante-da-reducao-de-servidores-municipais-em-santa-rosa\/#respond\"]}]},{\"@type\":\"WebPage\",\"@id\":\"https:\/\/simusar.com.br\/wfe\/balanco-mensal-do-previrosa-revela-desafios-diante-da-reducao-de-servidores-municipais-em-santa-rosa\/\",\"url\":\"https:\/\/simusar.com.br\/wfe\/balanco-mensal-do-previrosa-revela-desafios-diante-da-reducao-de-servidores-municipais-em-santa-rosa\/\",\"name\":\"Balan\u00e7o Mensal do PREVIROSA Revela Desafios Diante da Redu\u00e7\u00e3o de Servidores Municipais em Santa Rosa - SIMUSAR\",\"isPartOf\":{\"@id\":\"https:\/\/simusar.com.br\/wfe\/#website\"},\"primaryImageOfPage\":{\"@id\":\"https:\/\/simusar.com.br\/wfe\/balanco-mensal-do-previrosa-revela-desafios-diante-da-reducao-de-servidores-municipais-em-santa-rosa\/#primaryimage\"},\"image\":{\"@id\":\"https:\/\/simusar.com.br\/wfe\/balanco-mensal-do-previrosa-revela-desafios-diante-da-reducao-de-servidores-municipais-em-santa-rosa\/#primaryimage\"},\"thumbnailUrl\":\"https:\/\/simusar.com.br\/wfe\/wp-content\/uploads\/2024\/01\/Associe-se-ao-Sindicato-e-tenha-acesso-aos-beneficios-11.png\",\"datePublished\":\"2024-01-31T13:29:43+00:00\",\"dateModified\":\"2024-02-26T12:46:26+00:00\",\"breadcrumb\":{\"@id\":\"https:\/\/simusar.com.br\/wfe\/balanco-mensal-do-previrosa-revela-desafios-diante-da-reducao-de-servidores-municipais-em-santa-rosa\/#breadcrumb\"},\"inLanguage\":\"pt-BR\",\"potentialAction\":[{\"@type\":\"ReadAction\",\"target\":[\"https:\/\/simusar.com.br\/wfe\/balanco-mensal-do-previrosa-revela-desafios-diante-da-reducao-de-servidores-municipais-em-santa-rosa\/\"]}]},{\"@type\":\"ImageObject\",\"inLanguage\":\"pt-BR\",\"@id\":\"https:\/\/simusar.com.br\/wfe\/balanco-mensal-do-previrosa-revela-desafios-diante-da-reducao-de-servidores-municipais-em-santa-rosa\/#primaryimage\",\"url\":\"https:\/\/simusar.com.br\/wfe\/wp-content\/uploads\/2024\/01\/Associe-se-ao-Sindicato-e-tenha-acesso-aos-beneficios-11.png\",\"contentUrl\":\"https:\/\/simusar.com.br\/wfe\/wp-content\/uploads\/2024\/01\/Associe-se-ao-Sindicato-e-tenha-acesso-aos-beneficios-11.png\",\"width\":1080,\"height\":1350},{\"@type\":\"BreadcrumbList\",\"@id\":\"https:\/\/simusar.com.br\/wfe\/balanco-mensal-do-previrosa-revela-desafios-diante-da-reducao-de-servidores-municipais-em-santa-rosa\/#breadcrumb\",\"itemListElement\":[{\"@type\":\"ListItem\",\"position\":1,\"name\":\"In\u00edcio\",\"item\":\"https:\/\/simusar.com.br\/wfe\/\"},{\"@type\":\"ListItem\",\"position\":2,\"name\":\"Balan\u00e7o Mensal do PREVIROSA Revela Desafios Diante da Redu\u00e7\u00e3o de Servidores Municipais em Santa Rosa\"}]},{\"@type\":\"WebSite\",\"@id\":\"https:\/\/simusar.com.br\/wfe\/#website\",\"url\":\"https:\/\/simusar.com.br\/wfe\/\",\"name\":\"SIMUSAR\",\"description\":\"Sindicatos dos Servidores Municipais de Santa Rosa\",\"publisher\":{\"@id\":\"https:\/\/simusar.com.br\/wfe\/#organization\"},\"potentialAction\":[{\"@type\":\"SearchAction\",\"target\":{\"@type\":\"EntryPoint\",\"urlTemplate\":\"https:\/\/simusar.com.br\/wfe\/?s={search_term_string}\"},\"query-input\":{\"@type\":\"PropertyValueSpecification\",\"valueRequired\":true,\"valueName\":\"search_term_string\"}}],\"inLanguage\":\"pt-BR\"},{\"@type\":\"Organization\",\"@id\":\"https:\/\/simusar.com.br\/wfe\/#organization\",\"name\":\"SIMUSAR\",\"url\":\"https:\/\/simusar.com.br\/wfe\/\",\"logo\":{\"@type\":\"ImageObject\",\"inLanguage\":\"pt-BR\",\"@id\":\"https:\/\/simusar.com.br\/wfe\/#\/schema\/logo\/image\/\",\"url\":\"https:\/\/simusar.com.br\/wfe\/wp-content\/uploads\/2022\/05\/logo-perfil.png\",\"contentUrl\":\"https:\/\/simusar.com.br\/wfe\/wp-content\/uploads\/2022\/05\/logo-perfil.png\",\"width\":1080,\"height\":1080,\"caption\":\"SIMUSAR\"},\"image\":{\"@id\":\"https:\/\/simusar.com.br\/wfe\/#\/schema\/logo\/image\/\"},\"sameAs\":[\"https:\/\/www.facebook.com\/simusaroficial\",\"https:\/\/www.instagram.com\/simusaroficial\"]},{\"@type\":\"Person\",\"@id\":\"https:\/\/simusar.com.br\/wfe\/#\/schema\/person\/7bbff4b09265c81fe98c20bae4e03e83\",\"name\":\"admin\",\"sameAs\":[\"http:\/\/simusar.com.br\/wfe\"],\"url\":\"https:\/\/simusar.com.br\/wfe\/author\/admin\/\"}]}<\/script>\n<!-- \/ Yoast SEO plugin. -->","yoast_head_json":{"title":"Balan\u00e7o Mensal do PREVIROSA Revela Desafios Diante da Redu\u00e7\u00e3o de Servidores Municipais em Santa Rosa - SIMUSAR","robots":{"index":"index","follow":"follow","max-snippet":"max-snippet:-1","max-image-preview":"max-image-preview:large","max-video-preview":"max-video-preview:-1"},"canonical":"https:\/\/simusar.com.br\/wfe\/balanco-mensal-do-previrosa-revela-desafios-diante-da-reducao-de-servidores-municipais-em-santa-rosa\/","og_locale":"pt_BR","og_type":"article","og_title":"Balan\u00e7o Mensal do PREVIROSA Revela Desafios Diante da Redu\u00e7\u00e3o de Servidores Municipais em Santa Rosa - SIMUSAR","og_description":"Em um esfor\u00e7o de transpar\u00eancia e comunica\u00e7\u00e3o direta com os servidores municipais de Santa Rosa, o Prof. Jonas, Conselheiro Deliberativo do PREVIROSA, ir\u00e1 apresentar mensalmente um balan\u00e7o das a\u00e7\u00f5es e n\u00fameros do Instituto, no Jornal Impresso O Sevidor. O intuito \u00e9 fornecer informa\u00e7\u00f5es detalhadas e abrir espa\u00e7o para opini\u00f5es e sugest\u00f5es por parte dos colegas [&hellip;]","og_url":"https:\/\/simusar.com.br\/wfe\/balanco-mensal-do-previrosa-revela-desafios-diante-da-reducao-de-servidores-municipais-em-santa-rosa\/","og_site_name":"SIMUSAR","article_publisher":"https:\/\/www.facebook.com\/simusaroficial","article_published_time":"2024-01-31T13:29:43+00:00","article_modified_time":"2024-02-26T12:46:26+00:00","og_image":[{"width":1080,"height":1350,"url":"http:\/\/simusar.com.br\/wfe\/wp-content\/uploads\/2024\/01\/Associe-se-ao-Sindicato-e-tenha-acesso-aos-beneficios-11.png","type":"image\/png"}],"author":"admin","twitter_card":"summary_large_image","twitter_misc":{"Escrito por":"admin","Est. tempo de leitura":"2 minutos"},"schema":{"@context":"https:\/\/schema.org","@graph":[{"@type":"Article","@id":"https:\/\/simusar.com.br\/wfe\/balanco-mensal-do-previrosa-revela-desafios-diante-da-reducao-de-servidores-municipais-em-santa-rosa\/#article","isPartOf":{"@id":"https:\/\/simusar.com.br\/wfe\/balanco-mensal-do-previrosa-revela-desafios-diante-da-reducao-de-servidores-municipais-em-santa-rosa\/"},"author":{"name":"admin","@id":"https:\/\/simusar.com.br\/wfe\/#\/schema\/person\/7bbff4b09265c81fe98c20bae4e03e83"},"headline":"Balan\u00e7o Mensal do PREVIROSA Revela Desafios Diante da Redu\u00e7\u00e3o de Servidores Municipais em Santa Rosa","datePublished":"2024-01-31T13:29:43+00:00","dateModified":"2024-02-26T12:46:26+00:00","mainEntityOfPage":{"@id":"https:\/\/simusar.com.br\/wfe\/balanco-mensal-do-previrosa-revela-desafios-diante-da-reducao-de-servidores-municipais-em-santa-rosa\/"},"wordCount":339,"commentCount":0,"publisher":{"@id":"https:\/\/simusar.com.br\/wfe\/#organization"},"image":{"@id":"https:\/\/simusar.com.br\/wfe\/balanco-mensal-do-previrosa-revela-desafios-diante-da-reducao-de-servidores-municipais-em-santa-rosa\/#primaryimage"},"thumbnailUrl":"https:\/\/simusar.com.br\/wfe\/wp-content\/uploads\/2024\/01\/Associe-se-ao-Sindicato-e-tenha-acesso-aos-beneficios-11.png","keywords":["munic\u00edpio","previrosa","santa rosa","simusar"],"articleSection":["Noticias"],"inLanguage":"pt-BR","potentialAction":[{"@type":"CommentAction","name":"Comment","target":["https:\/\/simusar.com.br\/wfe\/balanco-mensal-do-previrosa-revela-desafios-diante-da-reducao-de-servidores-municipais-em-santa-rosa\/#respond"]}]},{"@type":"WebPage","@id":"https:\/\/simusar.com.br\/wfe\/balanco-mensal-do-previrosa-revela-desafios-diante-da-reducao-de-servidores-municipais-em-santa-rosa\/","url":"https:\/\/simusar.com.br\/wfe\/balanco-mensal-do-previrosa-revela-desafios-diante-da-reducao-de-servidores-municipais-em-santa-rosa\/","name":"Balan\u00e7o Mensal do PREVIROSA Revela Desafios Diante da Redu\u00e7\u00e3o de Servidores Municipais em Santa Rosa - SIMUSAR","isPartOf":{"@id":"https:\/\/simusar.com.br\/wfe\/#website"},"primaryImageOfPage":{"@id":"https:\/\/simusar.com.br\/wfe\/balanco-mensal-do-previrosa-revela-desafios-diante-da-reducao-de-servidores-municipais-em-santa-rosa\/#primaryimage"},"image":{"@id":"https:\/\/simusar.com.br\/wfe\/balanco-mensal-do-previrosa-revela-desafios-diante-da-reducao-de-servidores-municipais-em-santa-rosa\/#primaryimage"},"thumbnailUrl":"https:\/\/simusar.com.br\/wfe\/wp-content\/uploads\/2024\/01\/Associe-se-ao-Sindicato-e-tenha-acesso-aos-beneficios-11.png","datePublished":"2024-01-31T13:29:43+00:00","dateModified":"2024-02-26T12:46:26+00:00","breadcrumb":{"@id":"https:\/\/simusar.com.br\/wfe\/balanco-mensal-do-previrosa-revela-desafios-diante-da-reducao-de-servidores-municipais-em-santa-rosa\/#breadcrumb"},"inLanguage":"pt-BR","potentialAction":[{"@type":"ReadAction","target":["https:\/\/simusar.com.br\/wfe\/balanco-mensal-do-previrosa-revela-desafios-diante-da-reducao-de-servidores-municipais-em-santa-rosa\/"]}]},{"@type":"ImageObject","inLanguage":"pt-BR","@id":"https:\/\/simusar.com.br\/wfe\/balanco-mensal-do-previrosa-revela-desafios-diante-da-reducao-de-servidores-municipais-em-santa-rosa\/#primaryimage","url":"https:\/\/simusar.com.br\/wfe\/wp-content\/uploads\/2024\/01\/Associe-se-ao-Sindicato-e-tenha-acesso-aos-beneficios-11.png","contentUrl":"https:\/\/simusar.com.br\/wfe\/wp-content\/uploads\/2024\/01\/Associe-se-ao-Sindicato-e-tenha-acesso-aos-beneficios-11.png","width":1080,"height":1350},{"@type":"BreadcrumbList","@id":"https:\/\/simusar.com.br\/wfe\/balanco-mensal-do-previrosa-revela-desafios-diante-da-reducao-de-servidores-municipais-em-santa-rosa\/#breadcrumb","itemListElement":[{"@type":"ListItem","position":1,"name":"In\u00edcio","item":"https:\/\/simusar.com.br\/wfe\/"},{"@type":"ListItem","position":2,"name":"Balan\u00e7o Mensal do PREVIROSA Revela Desafios Diante da Redu\u00e7\u00e3o de Servidores Municipais em Santa Rosa"}]},{"@type":"WebSite","@id":"https:\/\/simusar.com.br\/wfe\/#website","url":"https:\/\/simusar.com.br\/wfe\/","name":"SIMUSAR","description":"Sindicatos dos Servidores Municipais de Santa Rosa","publisher":{"@id":"https:\/\/simusar.com.br\/wfe\/#organization"},"potentialAction":[{"@type":"SearchAction","target":{"@type":"EntryPoint","urlTemplate":"https:\/\/simusar.com.br\/wfe\/?s={search_term_string}"},"query-input":{"@type":"PropertyValueSpecification","valueRequired":true,"valueName":"search_term_string"}}],"inLanguage":"pt-BR"},{"@type":"Organization","@id":"https:\/\/simusar.com.br\/wfe\/#organization","name":"SIMUSAR","url":"https:\/\/simusar.com.br\/wfe\/","logo":{"@type":"ImageObject","inLanguage":"pt-BR","@id":"https:\/\/simusar.com.br\/wfe\/#\/schema\/logo\/image\/","url":"https:\/\/simusar.com.br\/wfe\/wp-content\/uploads\/2022\/05\/logo-perfil.png","contentUrl":"https:\/\/simusar.com.br\/wfe\/wp-content\/uploads\/2022\/05\/logo-perfil.png","width":1080,"height":1080,"caption":"SIMUSAR"},"image":{"@id":"https:\/\/simusar.com.br\/wfe\/#\/schema\/logo\/image\/"},"sameAs":["https:\/\/www.facebook.com\/simusaroficial","https:\/\/www.instagram.com\/simusaroficial"]},{"@type":"Person","@id":"https:\/\/simusar.com.br\/wfe\/#\/schema\/person\/7bbff4b09265c81fe98c20bae4e03e83","name":"admin","sameAs":["http:\/\/simusar.com.br\/wfe"],"url":"https:\/\/simusar.com.br\/wfe\/author\/admin\/"}]}},"_links":{"self":[{"href":"https:\/\/simusar.com.br\/wfe\/wp-json\/wp\/v2\/posts\/2820","targetHints":{"allow":["GET"]}}],"collection":[{"href":"https:\/\/simusar.com.br\/wfe\/wp-json\/wp\/v2\/posts"}],"about":[{"href":"https:\/\/simusar.com.br\/wfe\/wp-json\/wp\/v2\/types\/post"}],"author":[{"embeddable":true,"href":"https:\/\/simusar.com.br\/wfe\/wp-json\/wp\/v2\/users\/1"}],"replies":[{"embeddable":true,"href":"https:\/\/simusar.com.br\/wfe\/wp-json\/wp\/v2\/comments?post=2820"}],"version-history":[{"count":1,"href":"https:\/\/simusar.com.br\/wfe\/wp-json\/wp\/v2\/posts\/2820\/revisions"}],"predecessor-version":[{"id":2824,"href":"https:\/\/simusar.com.br\/wfe\/wp-json\/wp\/v2\/posts\/2820\/revisions\/2824"}],"wp:featuredmedia":[{"embeddable":true,"href":"https:\/\/simusar.com.br\/wfe\/wp-json\/wp\/v2\/media\/2822"}],"wp:attachment":[{"href":"https:\/\/simusar.com.br\/wfe\/wp-json\/wp\/v2\/media?parent=2820"}],"wp:term":[{"taxonomy":"category","embeddable":true,"href":"https:\/\/simusar.com.br\/wfe\/wp-json\/wp\/v2\/categories?post=2820"},{"taxonomy":"post_tag","embeddable":true,"href":"https:\/\/simusar.com.br\/wfe\/wp-json\/wp\/v2\/tags?post=2820"}],"curies":[{"name":"wp","href":"https:\/\/api.w.org\/{rel}","templated":true}]}}