{"id":2833,"date":"2024-02-16T13:01:10","date_gmt":"2024-02-16T13:01:10","guid":{"rendered":"https:\/\/simusar.com.br\/wfe\/?p=2833"},"modified":"2024-02-16T13:03:03","modified_gmt":"2024-02-16T13:03:03","slug":"convocacao-assembleia-geral-ordinaria-em-fevereiro","status":"publish","type":"post","link":"https:\/\/simusar.com.br\/wfe\/convocacao-assembleia-geral-ordinaria-em-fevereiro\/","title":{"rendered":"CONVOCA\u00c7\u00c3O Assembleia Geral Ordin\u00e1ria em Fevereiro!"},"content":{"rendered":"<div class=\"wp-block-image\">\n<figure class=\"alignright size-large is-resized\"><img loading=\"lazy\" decoding=\"async\" width=\"819\" height=\"1024\" src=\"http:\/\/simusar.com.br\/wfe\/wp-content\/uploads\/2024\/02\/editais-5-819x1024.png\" alt=\"\" class=\"wp-image-2835\" style=\"width:328px;height:auto\" srcset=\"https:\/\/simusar.com.br\/wfe\/wp-content\/uploads\/2024\/02\/editais-5-819x1024.png 819w, https:\/\/simusar.com.br\/wfe\/wp-content\/uploads\/2024\/02\/editais-5-240x300.png 240w, https:\/\/simusar.com.br\/wfe\/wp-content\/uploads\/2024\/02\/editais-5-768x960.png 768w, https:\/\/simusar.com.br\/wfe\/wp-content\/uploads\/2024\/02\/editais-5.png 1080w\" sizes=\"auto, (max-width: 819px) 100vw, 819px\" \/><\/figure>\n<\/div>\n\n\n<p>A Diretoria do Sindicato dos Servidores Municipais de Santa Rosa, no uso das atribui\u00e7\u00f5es que lhe conferem o Estatuto da Entidade, CONVOCA seus associados, para <strong>Assembleia Geral Ordin\u00e1ria<\/strong>, a ser realizada no <strong>dia 22 de fevereiro de 2024, quinta-feira, \u00e0s 18h e 30 min <\/strong>com a maioria dos associados e 18h e 45 min com qualquer n\u00famero de associados.<\/p>\n\n\n\n<p>Informamos que assembleia ser\u00e1 realizada de forma presencial no SIMUSAR, Av. Am\u00e9rica, 849, Centro, Santa Rosa \u2013 RS, com a seguinte ordem:<\/p>\n\n\n\n<ul class=\"wp-block-list\">\n<li>Presta\u00e7\u00e3o de contas ano 2023;<\/li>\n\n\n\n<li>Proposta de altera\u00e7\u00e3o estatut\u00e1ria;<\/li>\n\n\n\n<li>Aprecia\u00e7\u00e3o de proposta para cobertura na sa\u00edda do sal\u00e3o;<\/li>\n\n\n\n<li>Aprecia\u00e7\u00e3o de proposta para playground;<\/li>\n\n\n\n<li>Avalia\u00e7\u00e3o da proposta da Unimed;<\/li>\n\n\n\n<li>Assuntos Gerais.<\/li>\n<\/ul>\n\n\n\n<p><\/p>\n\n\n\n<p>Prof. Jonas Aloisio Fusiger<br>Presidente<\/p>\n\n\n\n<div class=\"wp-block-file\"><a id=\"wp-block-file--media-2bee64bd-7de1-4915-a8c4-2244c254710b\" href=\"http:\/\/simusar.com.br\/wfe\/wp-content\/uploads\/2024\/02\/convocacao-edital-02.24.pdf\"><strong>Download do Edital<\/strong><\/a><a href=\"http:\/\/simusar.com.br\/wfe\/wp-content\/uploads\/2024\/02\/convocacao-edital-02.24.pdf\" class=\"wp-block-file__button wp-element-button\" download aria-describedby=\"wp-block-file--media-2bee64bd-7de1-4915-a8c4-2244c254710b\">Baixar<\/a><\/div>\n","protected":false},"excerpt":{"rendered":"<p>A Diretoria do Sindicato dos Servidores Municipais de Santa Rosa, no uso das atribui\u00e7\u00f5es que lhe conferem o Estatuto da Entidade, CONVOCA seus associados, para Assembleia Geral Ordin\u00e1ria, a ser realizada no dia 22 de fevereiro de 2024, quinta-feira, \u00e0s 18h e 30 min com a maioria dos associados e 18h e 45 min com [&hellip;]<\/p>\n","protected":false},"author":1,"featured_media":2835,"comment_status":"open","ping_status":"open","sticky":false,"template":"","format":"standard","meta":{"_eb_attr":"","footnotes":""},"categories":[4],"tags":[65,121,48,53],"class_list":["post-2833","post","type-post","status-publish","format-standard","has-post-thumbnail","hentry","category-noticias","tag-assembleia","tag-edital","tag-santa-rosa","tag-simusar"],"yoast_head":"<!-- This site is optimized with the Yoast SEO plugin v26.2 - https:\/\/yoast.com\/wordpress\/plugins\/seo\/ -->\n<title>CONVOCA\u00c7\u00c3O Assembleia Geral Ordin\u00e1ria em Fevereiro! - SIMUSAR<\/title>\n<meta name=\"robots\" content=\"index, follow, max-snippet:-1, max-image-preview:large, max-video-preview:-1\" \/>\n<link rel=\"canonical\" href=\"https:\/\/simusar.com.br\/wfe\/convocacao-assembleia-geral-ordinaria-em-fevereiro\/\" \/>\n<meta property=\"og:locale\" content=\"pt_BR\" \/>\n<meta property=\"og:type\" content=\"article\" \/>\n<meta property=\"og:title\" content=\"CONVOCA\u00c7\u00c3O Assembleia Geral Ordin\u00e1ria em Fevereiro! - SIMUSAR\" \/>\n<meta property=\"og:description\" content=\"A Diretoria do Sindicato dos Servidores Municipais de Santa Rosa, no uso das atribui\u00e7\u00f5es que lhe conferem o Estatuto da Entidade, CONVOCA seus associados, para Assembleia Geral Ordin\u00e1ria, a ser realizada no dia 22 de fevereiro de 2024, quinta-feira, \u00e0s 18h e 30 min com a maioria dos associados e 18h e 45 min com [&hellip;]\" \/>\n<meta property=\"og:url\" content=\"https:\/\/simusar.com.br\/wfe\/convocacao-assembleia-geral-ordinaria-em-fevereiro\/\" \/>\n<meta property=\"og:site_name\" content=\"SIMUSAR\" \/>\n<meta property=\"article:publisher\" content=\"https:\/\/www.facebook.com\/simusaroficial\" \/>\n<meta property=\"article:published_time\" content=\"2024-02-16T13:01:10+00:00\" \/>\n<meta property=\"article:modified_time\" content=\"2024-02-16T13:03:03+00:00\" \/>\n<meta property=\"og:image\" content=\"https:\/\/simusar.com.br\/wfe\/wp-content\/uploads\/2024\/02\/editais-5.png\" \/>\n\t<meta property=\"og:image:width\" content=\"1080\" \/>\n\t<meta property=\"og:image:height\" content=\"1350\" \/>\n\t<meta property=\"og:image:type\" content=\"image\/png\" \/>\n<meta name=\"author\" content=\"admin\" \/>\n<meta name=\"twitter:card\" content=\"summary_large_image\" \/>\n<meta name=\"twitter:label1\" content=\"Escrito por\" \/>\n\t<meta name=\"twitter:data1\" content=\"admin\" \/>\n\t<meta name=\"twitter:label2\" content=\"Est. tempo de leitura\" \/>\n\t<meta name=\"twitter:data2\" content=\"1 minuto\" \/>\n<script type=\"application\/ld+json\" class=\"yoast-schema-graph\">{\"@context\":\"https:\/\/schema.org\",\"@graph\":[{\"@type\":\"Article\",\"@id\":\"https:\/\/simusar.com.br\/wfe\/convocacao-assembleia-geral-ordinaria-em-fevereiro\/#article\",\"isPartOf\":{\"@id\":\"https:\/\/simusar.com.br\/wfe\/convocacao-assembleia-geral-ordinaria-em-fevereiro\/\"},\"author\":{\"name\":\"admin\",\"@id\":\"https:\/\/simusar.com.br\/wfe\/#\/schema\/person\/7bbff4b09265c81fe98c20bae4e03e83\"},\"headline\":\"CONVOCA\u00c7\u00c3O Assembleia Geral Ordin\u00e1ria em Fevereiro!\",\"datePublished\":\"2024-02-16T13:01:10+00:00\",\"dateModified\":\"2024-02-16T13:03:03+00:00\",\"mainEntityOfPage\":{\"@id\":\"https:\/\/simusar.com.br\/wfe\/convocacao-assembleia-geral-ordinaria-em-fevereiro\/\"},\"wordCount\":132,\"commentCount\":0,\"publisher\":{\"@id\":\"https:\/\/simusar.com.br\/wfe\/#organization\"},\"image\":{\"@id\":\"https:\/\/simusar.com.br\/wfe\/convocacao-assembleia-geral-ordinaria-em-fevereiro\/#primaryimage\"},\"thumbnailUrl\":\"https:\/\/simusar.com.br\/wfe\/wp-content\/uploads\/2024\/02\/editais-5.png\",\"keywords\":[\"assembleia\",\"edital\",\"santa rosa\",\"simusar\"],\"articleSection\":[\"Noticias\"],\"inLanguage\":\"pt-BR\",\"potentialAction\":[{\"@type\":\"CommentAction\",\"name\":\"Comment\",\"target\":[\"https:\/\/simusar.com.br\/wfe\/convocacao-assembleia-geral-ordinaria-em-fevereiro\/#respond\"]}]},{\"@type\":\"WebPage\",\"@id\":\"https:\/\/simusar.com.br\/wfe\/convocacao-assembleia-geral-ordinaria-em-fevereiro\/\",\"url\":\"https:\/\/simusar.com.br\/wfe\/convocacao-assembleia-geral-ordinaria-em-fevereiro\/\",\"name\":\"CONVOCA\u00c7\u00c3O Assembleia Geral Ordin\u00e1ria em Fevereiro! - SIMUSAR\",\"isPartOf\":{\"@id\":\"https:\/\/simusar.com.br\/wfe\/#website\"},\"primaryImageOfPage\":{\"@id\":\"https:\/\/simusar.com.br\/wfe\/convocacao-assembleia-geral-ordinaria-em-fevereiro\/#primaryimage\"},\"image\":{\"@id\":\"https:\/\/simusar.com.br\/wfe\/convocacao-assembleia-geral-ordinaria-em-fevereiro\/#primaryimage\"},\"thumbnailUrl\":\"https:\/\/simusar.com.br\/wfe\/wp-content\/uploads\/2024\/02\/editais-5.png\",\"datePublished\":\"2024-02-16T13:01:10+00:00\",\"dateModified\":\"2024-02-16T13:03:03+00:00\",\"breadcrumb\":{\"@id\":\"https:\/\/simusar.com.br\/wfe\/convocacao-assembleia-geral-ordinaria-em-fevereiro\/#breadcrumb\"},\"inLanguage\":\"pt-BR\",\"potentialAction\":[{\"@type\":\"ReadAction\",\"target\":[\"https:\/\/simusar.com.br\/wfe\/convocacao-assembleia-geral-ordinaria-em-fevereiro\/\"]}]},{\"@type\":\"ImageObject\",\"inLanguage\":\"pt-BR\",\"@id\":\"https:\/\/simusar.com.br\/wfe\/convocacao-assembleia-geral-ordinaria-em-fevereiro\/#primaryimage\",\"url\":\"https:\/\/simusar.com.br\/wfe\/wp-content\/uploads\/2024\/02\/editais-5.png\",\"contentUrl\":\"https:\/\/simusar.com.br\/wfe\/wp-content\/uploads\/2024\/02\/editais-5.png\",\"width\":1080,\"height\":1350},{\"@type\":\"BreadcrumbList\",\"@id\":\"https:\/\/simusar.com.br\/wfe\/convocacao-assembleia-geral-ordinaria-em-fevereiro\/#breadcrumb\",\"itemListElement\":[{\"@type\":\"ListItem\",\"position\":1,\"name\":\"In\u00edcio\",\"item\":\"https:\/\/simusar.com.br\/wfe\/\"},{\"@type\":\"ListItem\",\"position\":2,\"name\":\"CONVOCA\u00c7\u00c3O Assembleia Geral Ordin\u00e1ria em Fevereiro!\"}]},{\"@type\":\"WebSite\",\"@id\":\"https:\/\/simusar.com.br\/wfe\/#website\",\"url\":\"https:\/\/simusar.com.br\/wfe\/\",\"name\":\"SIMUSAR\",\"description\":\"Sindicatos dos Servidores Municipais de Santa Rosa\",\"publisher\":{\"@id\":\"https:\/\/simusar.com.br\/wfe\/#organization\"},\"potentialAction\":[{\"@type\":\"SearchAction\",\"target\":{\"@type\":\"EntryPoint\",\"urlTemplate\":\"https:\/\/simusar.com.br\/wfe\/?s={search_term_string}\"},\"query-input\":{\"@type\":\"PropertyValueSpecification\",\"valueRequired\":true,\"valueName\":\"search_term_string\"}}],\"inLanguage\":\"pt-BR\"},{\"@type\":\"Organization\",\"@id\":\"https:\/\/simusar.com.br\/wfe\/#organization\",\"name\":\"SIMUSAR\",\"url\":\"https:\/\/simusar.com.br\/wfe\/\",\"logo\":{\"@type\":\"ImageObject\",\"inLanguage\":\"pt-BR\",\"@id\":\"https:\/\/simusar.com.br\/wfe\/#\/schema\/logo\/image\/\",\"url\":\"https:\/\/simusar.com.br\/wfe\/wp-content\/uploads\/2022\/05\/logo-perfil.png\",\"contentUrl\":\"https:\/\/simusar.com.br\/wfe\/wp-content\/uploads\/2022\/05\/logo-perfil.png\",\"width\":1080,\"height\":1080,\"caption\":\"SIMUSAR\"},\"image\":{\"@id\":\"https:\/\/simusar.com.br\/wfe\/#\/schema\/logo\/image\/\"},\"sameAs\":[\"https:\/\/www.facebook.com\/simusaroficial\",\"https:\/\/www.instagram.com\/simusaroficial\"]},{\"@type\":\"Person\",\"@id\":\"https:\/\/simusar.com.br\/wfe\/#\/schema\/person\/7bbff4b09265c81fe98c20bae4e03e83\",\"name\":\"admin\",\"sameAs\":[\"http:\/\/simusar.com.br\/wfe\"],\"url\":\"https:\/\/simusar.com.br\/wfe\/author\/admin\/\"}]}<\/script>\n<!-- \/ Yoast SEO plugin. -->","yoast_head_json":{"title":"CONVOCA\u00c7\u00c3O Assembleia Geral Ordin\u00e1ria em Fevereiro! - SIMUSAR","robots":{"index":"index","follow":"follow","max-snippet":"max-snippet:-1","max-image-preview":"max-image-preview:large","max-video-preview":"max-video-preview:-1"},"canonical":"https:\/\/simusar.com.br\/wfe\/convocacao-assembleia-geral-ordinaria-em-fevereiro\/","og_locale":"pt_BR","og_type":"article","og_title":"CONVOCA\u00c7\u00c3O Assembleia Geral Ordin\u00e1ria em Fevereiro! - SIMUSAR","og_description":"A Diretoria do Sindicato dos Servidores Municipais de Santa Rosa, no uso das atribui\u00e7\u00f5es que lhe conferem o Estatuto da Entidade, CONVOCA seus associados, para Assembleia Geral Ordin\u00e1ria, a ser realizada no dia 22 de fevereiro de 2024, quinta-feira, \u00e0s 18h e 30 min com a maioria dos associados e 18h e 45 min com [&hellip;]","og_url":"https:\/\/simusar.com.br\/wfe\/convocacao-assembleia-geral-ordinaria-em-fevereiro\/","og_site_name":"SIMUSAR","article_publisher":"https:\/\/www.facebook.com\/simusaroficial","article_published_time":"2024-02-16T13:01:10+00:00","article_modified_time":"2024-02-16T13:03:03+00:00","og_image":[{"width":1080,"height":1350,"url":"https:\/\/simusar.com.br\/wfe\/wp-content\/uploads\/2024\/02\/editais-5.png","type":"image\/png"}],"author":"admin","twitter_card":"summary_large_image","twitter_misc":{"Escrito por":"admin","Est. tempo de leitura":"1 minuto"},"schema":{"@context":"https:\/\/schema.org","@graph":[{"@type":"Article","@id":"https:\/\/simusar.com.br\/wfe\/convocacao-assembleia-geral-ordinaria-em-fevereiro\/#article","isPartOf":{"@id":"https:\/\/simusar.com.br\/wfe\/convocacao-assembleia-geral-ordinaria-em-fevereiro\/"},"author":{"name":"admin","@id":"https:\/\/simusar.com.br\/wfe\/#\/schema\/person\/7bbff4b09265c81fe98c20bae4e03e83"},"headline":"CONVOCA\u00c7\u00c3O Assembleia Geral Ordin\u00e1ria em Fevereiro!","datePublished":"2024-02-16T13:01:10+00:00","dateModified":"2024-02-16T13:03:03+00:00","mainEntityOfPage":{"@id":"https:\/\/simusar.com.br\/wfe\/convocacao-assembleia-geral-ordinaria-em-fevereiro\/"},"wordCount":132,"commentCount":0,"publisher":{"@id":"https:\/\/simusar.com.br\/wfe\/#organization"},"image":{"@id":"https:\/\/simusar.com.br\/wfe\/convocacao-assembleia-geral-ordinaria-em-fevereiro\/#primaryimage"},"thumbnailUrl":"https:\/\/simusar.com.br\/wfe\/wp-content\/uploads\/2024\/02\/editais-5.png","keywords":["assembleia","edital","santa rosa","simusar"],"articleSection":["Noticias"],"inLanguage":"pt-BR","potentialAction":[{"@type":"CommentAction","name":"Comment","target":["https:\/\/simusar.com.br\/wfe\/convocacao-assembleia-geral-ordinaria-em-fevereiro\/#respond"]}]},{"@type":"WebPage","@id":"https:\/\/simusar.com.br\/wfe\/convocacao-assembleia-geral-ordinaria-em-fevereiro\/","url":"https:\/\/simusar.com.br\/wfe\/convocacao-assembleia-geral-ordinaria-em-fevereiro\/","name":"CONVOCA\u00c7\u00c3O Assembleia Geral Ordin\u00e1ria em Fevereiro! - SIMUSAR","isPartOf":{"@id":"https:\/\/simusar.com.br\/wfe\/#website"},"primaryImageOfPage":{"@id":"https:\/\/simusar.com.br\/wfe\/convocacao-assembleia-geral-ordinaria-em-fevereiro\/#primaryimage"},"image":{"@id":"https:\/\/simusar.com.br\/wfe\/convocacao-assembleia-geral-ordinaria-em-fevereiro\/#primaryimage"},"thumbnailUrl":"https:\/\/simusar.com.br\/wfe\/wp-content\/uploads\/2024\/02\/editais-5.png","datePublished":"2024-02-16T13:01:10+00:00","dateModified":"2024-02-16T13:03:03+00:00","breadcrumb":{"@id":"https:\/\/simusar.com.br\/wfe\/convocacao-assembleia-geral-ordinaria-em-fevereiro\/#breadcrumb"},"inLanguage":"pt-BR","potentialAction":[{"@type":"ReadAction","target":["https:\/\/simusar.com.br\/wfe\/convocacao-assembleia-geral-ordinaria-em-fevereiro\/"]}]},{"@type":"ImageObject","inLanguage":"pt-BR","@id":"https:\/\/simusar.com.br\/wfe\/convocacao-assembleia-geral-ordinaria-em-fevereiro\/#primaryimage","url":"https:\/\/simusar.com.br\/wfe\/wp-content\/uploads\/2024\/02\/editais-5.png","contentUrl":"https:\/\/simusar.com.br\/wfe\/wp-content\/uploads\/2024\/02\/editais-5.png","width":1080,"height":1350},{"@type":"BreadcrumbList","@id":"https:\/\/simusar.com.br\/wfe\/convocacao-assembleia-geral-ordinaria-em-fevereiro\/#breadcrumb","itemListElement":[{"@type":"ListItem","position":1,"name":"In\u00edcio","item":"https:\/\/simusar.com.br\/wfe\/"},{"@type":"ListItem","position":2,"name":"CONVOCA\u00c7\u00c3O Assembleia Geral Ordin\u00e1ria em Fevereiro!"}]},{"@type":"WebSite","@id":"https:\/\/simusar.com.br\/wfe\/#website","url":"https:\/\/simusar.com.br\/wfe\/","name":"SIMUSAR","description":"Sindicatos dos Servidores Municipais de Santa Rosa","publisher":{"@id":"https:\/\/simusar.com.br\/wfe\/#organization"},"potentialAction":[{"@type":"SearchAction","target":{"@type":"EntryPoint","urlTemplate":"https:\/\/simusar.com.br\/wfe\/?s={search_term_string}"},"query-input":{"@type":"PropertyValueSpecification","valueRequired":true,"valueName":"search_term_string"}}],"inLanguage":"pt-BR"},{"@type":"Organization","@id":"https:\/\/simusar.com.br\/wfe\/#organization","name":"SIMUSAR","url":"https:\/\/simusar.com.br\/wfe\/","logo":{"@type":"ImageObject","inLanguage":"pt-BR","@id":"https:\/\/simusar.com.br\/wfe\/#\/schema\/logo\/image\/","url":"https:\/\/simusar.com.br\/wfe\/wp-content\/uploads\/2022\/05\/logo-perfil.png","contentUrl":"https:\/\/simusar.com.br\/wfe\/wp-content\/uploads\/2022\/05\/logo-perfil.png","width":1080,"height":1080,"caption":"SIMUSAR"},"image":{"@id":"https:\/\/simusar.com.br\/wfe\/#\/schema\/logo\/image\/"},"sameAs":["https:\/\/www.facebook.com\/simusaroficial","https:\/\/www.instagram.com\/simusaroficial"]},{"@type":"Person","@id":"https:\/\/simusar.com.br\/wfe\/#\/schema\/person\/7bbff4b09265c81fe98c20bae4e03e83","name":"admin","sameAs":["http:\/\/simusar.com.br\/wfe"],"url":"https:\/\/simusar.com.br\/wfe\/author\/admin\/"}]}},"_links":{"self":[{"href":"https:\/\/simusar.com.br\/wfe\/wp-json\/wp\/v2\/posts\/2833","targetHints":{"allow":["GET"]}}],"collection":[{"href":"https:\/\/simusar.com.br\/wfe\/wp-json\/wp\/v2\/posts"}],"about":[{"href":"https:\/\/simusar.com.br\/wfe\/wp-json\/wp\/v2\/types\/post"}],"author":[{"embeddable":true,"href":"https:\/\/simusar.com.br\/wfe\/wp-json\/wp\/v2\/users\/1"}],"replies":[{"embeddable":true,"href":"https:\/\/simusar.com.br\/wfe\/wp-json\/wp\/v2\/comments?post=2833"}],"version-history":[{"count":4,"href":"https:\/\/simusar.com.br\/wfe\/wp-json\/wp\/v2\/posts\/2833\/revisions"}],"predecessor-version":[{"id":2838,"href":"https:\/\/simusar.com.br\/wfe\/wp-json\/wp\/v2\/posts\/2833\/revisions\/2838"}],"wp:featuredmedia":[{"embeddable":true,"href":"https:\/\/simusar.com.br\/wfe\/wp-json\/wp\/v2\/media\/2835"}],"wp:attachment":[{"href":"https:\/\/simusar.com.br\/wfe\/wp-json\/wp\/v2\/media?parent=2833"}],"wp:term":[{"taxonomy":"category","embeddable":true,"href":"https:\/\/simusar.com.br\/wfe\/wp-json\/wp\/v2\/categories?post=2833"},{"taxonomy":"post_tag","embeddable":true,"href":"https:\/\/simusar.com.br\/wfe\/wp-json\/wp\/v2\/tags?post=2833"}],"curies":[{"name":"wp","href":"https:\/\/api.w.org\/{rel}","templated":true}]}}