{"id":2862,"date":"2024-03-27T17:34:52","date_gmt":"2024-03-27T17:34:52","guid":{"rendered":"https:\/\/simusar.com.br\/wfe\/?p=2862"},"modified":"2024-03-27T17:43:58","modified_gmt":"2024-03-27T17:43:58","slug":"ubs-lotadas-em-santa-rosa-caos-na-saude-e-servidores-exaustos","status":"publish","type":"post","link":"https:\/\/simusar.com.br\/wfe\/ubs-lotadas-em-santa-rosa-caos-na-saude-e-servidores-exaustos\/","title":{"rendered":"UBS lotadas em Santa Rosa- Caos na sa\u00fade e Servidores exaustos"},"content":{"rendered":"\n<p>Dias de caos nas Unidades B\u00e1sicas de Sa\u00fade! Muitas pessoas buscam atendimentos no Bairro Planalto e outros bairros e vilas da cidade.<\/p>\n\n\n\n<p>O Presidente do Sindicato dos Municip\u00e1rios, Jonas Fusiger, acompanha toda a situa\u00e7\u00e3o.<\/p>\n\n\n\n<p>Esta quarta-feira, 27 de mar\u00e7o, foi mais uma manh\u00e3 com Unidades B\u00e1sicas de Sa\u00fade lotadas com pessoas acometidas pela Dengue em Santa Rosa. O Rep\u00f3rter Aldo Ribeiro e a Reportagem Silvio Brasil acompanharam essa movimenta\u00e7\u00e3o e a situa\u00e7\u00e3o ca\u00f3tica, onde os funcion\u00e1rios da sa\u00fade na linha de frente, j\u00e1 demonstram exaust\u00e3o com as Unidades B\u00e1sicas de Sa\u00fade do munic\u00edpio transformadas em hospitais de campanha.<\/p>\n\n\n\n<p>Al\u00e9m dos muitos pacientes com sintomas de dengue, na ter\u00e7a-feira, 26\/03, foi grande a procura pela vacina contra a gripe. Em Santa Rosa a vacina\u00e7\u00e3o come\u00e7ou as 17h30, min e finalizou \u00e0s 19h. Nesta quarta-feira, o mesmo esquema ser\u00e1 adotado. Os atendimentos para a pacientes com dengue ir\u00e1 at\u00e9 as 17h30 e desde hor\u00e1rio em diante at\u00e9 as 19h a prioridade ser\u00e1 a vacina\u00e7\u00e3o contra a gripe.<\/p>\n\n\n\n<p>Na manh\u00e3 desta quarta-feira, 27 de mar\u00e7o, o Presidente do Sindicato dos Municip\u00e1rios de Santa Rosa, Jonas Fusiger realizou uma visita a Unidade B\u00e1sica de Sa\u00fade do Bairro Planalto e observou a exaust\u00e3o que est\u00e1 sendo submetidos os servidores da linha de frente.<\/p>\n\n\n\n<p>Jonas Fusiger demonstrou muita preocupa\u00e7\u00e3o com a situa\u00e7\u00e3o presenciada e cogitou inclusive acionar o Minist\u00e9rio P\u00fablico em raz\u00e3o de muitos servidores est\u00e3o trabalhando sob exaust\u00e3o devido uma gest\u00e3o deficit\u00e1ria em todas as \u00e1reas, mas agora principalmente na sa\u00fade de Santa Rosa.<\/p>\n\n\n\n<p>&#8220;O semblante dos servidores da linha de frente \u00e9 de cansa\u00e7o e exaust\u00e3o&#8221;. Disse Jonas Fusiger a nossa reportagem.<\/p>\n\n\n\n<p><\/p>\n\n\n\n<p><em>Fonte: https:\/\/lupanoticias.com.br\/video\/132\/dengue-mata-ubs-lotadas-em-santa-rosa-caos-na-saude-servidores-exaustos-gestao-deficitaria.html<\/em><\/p>\n","protected":false},"excerpt":{"rendered":"<p>Dias de caos nas Unidades B\u00e1sicas de Sa\u00fade! Muitas pessoas buscam atendimentos no Bairro Planalto e outros bairros e vilas da cidade. O Presidente do Sindicato dos Municip\u00e1rios, Jonas Fusiger, acompanha toda a situa\u00e7\u00e3o. Esta quarta-feira, 27 de mar\u00e7o, foi mais uma manh\u00e3 com Unidades B\u00e1sicas de Sa\u00fade lotadas com pessoas acometidas pela Dengue em [&hellip;]<\/p>\n","protected":false},"author":1,"featured_media":2863,"comment_status":"open","ping_status":"open","sticky":false,"template":"","format":"standard","meta":{"_eb_attr":"","footnotes":""},"categories":[4],"tags":[48,110,53],"class_list":["post-2862","post","type-post","status-publish","format-standard","has-post-thumbnail","hentry","category-noticias","tag-santa-rosa","tag-saude","tag-simusar"],"yoast_head":"<!-- This site is optimized with the Yoast SEO plugin v26.2 - https:\/\/yoast.com\/wordpress\/plugins\/seo\/ -->\n<title>UBS lotadas em Santa Rosa- Caos na sa\u00fade e Servidores exaustos - SIMUSAR<\/title>\n<meta name=\"robots\" content=\"index, follow, max-snippet:-1, max-image-preview:large, max-video-preview:-1\" \/>\n<link rel=\"canonical\" href=\"https:\/\/simusar.com.br\/wfe\/ubs-lotadas-em-santa-rosa-caos-na-saude-e-servidores-exaustos\/\" \/>\n<meta property=\"og:locale\" content=\"pt_BR\" \/>\n<meta property=\"og:type\" content=\"article\" \/>\n<meta property=\"og:title\" content=\"UBS lotadas em Santa Rosa- Caos na sa\u00fade e Servidores exaustos - SIMUSAR\" \/>\n<meta property=\"og:description\" content=\"Dias de caos nas Unidades B\u00e1sicas de Sa\u00fade! Muitas pessoas buscam atendimentos no Bairro Planalto e outros bairros e vilas da cidade. O Presidente do Sindicato dos Municip\u00e1rios, Jonas Fusiger, acompanha toda a situa\u00e7\u00e3o. Esta quarta-feira, 27 de mar\u00e7o, foi mais uma manh\u00e3 com Unidades B\u00e1sicas de Sa\u00fade lotadas com pessoas acometidas pela Dengue em [&hellip;]\" \/>\n<meta property=\"og:url\" content=\"https:\/\/simusar.com.br\/wfe\/ubs-lotadas-em-santa-rosa-caos-na-saude-e-servidores-exaustos\/\" \/>\n<meta property=\"og:site_name\" content=\"SIMUSAR\" \/>\n<meta property=\"article:publisher\" content=\"https:\/\/www.facebook.com\/simusaroficial\" \/>\n<meta property=\"article:published_time\" content=\"2024-03-27T17:34:52+00:00\" \/>\n<meta property=\"article:modified_time\" content=\"2024-03-27T17:43:58+00:00\" \/>\n<meta property=\"og:image\" content=\"https:\/\/simusar.com.br\/wfe\/wp-content\/uploads\/2024\/03\/jonas-dengue.png\" \/>\n\t<meta property=\"og:image:width\" content=\"1003\" \/>\n\t<meta property=\"og:image:height\" content=\"536\" \/>\n\t<meta property=\"og:image:type\" content=\"image\/png\" \/>\n<meta name=\"author\" content=\"admin\" \/>\n<meta name=\"twitter:card\" content=\"summary_large_image\" \/>\n<meta name=\"twitter:label1\" content=\"Escrito por\" \/>\n\t<meta name=\"twitter:data1\" content=\"admin\" \/>\n\t<meta name=\"twitter:label2\" content=\"Est. tempo de leitura\" \/>\n\t<meta name=\"twitter:data2\" content=\"2 minutos\" \/>\n<script type=\"application\/ld+json\" class=\"yoast-schema-graph\">{\"@context\":\"https:\/\/schema.org\",\"@graph\":[{\"@type\":\"Article\",\"@id\":\"https:\/\/simusar.com.br\/wfe\/ubs-lotadas-em-santa-rosa-caos-na-saude-e-servidores-exaustos\/#article\",\"isPartOf\":{\"@id\":\"https:\/\/simusar.com.br\/wfe\/ubs-lotadas-em-santa-rosa-caos-na-saude-e-servidores-exaustos\/\"},\"author\":{\"name\":\"admin\",\"@id\":\"https:\/\/simusar.com.br\/wfe\/#\/schema\/person\/7bbff4b09265c81fe98c20bae4e03e83\"},\"headline\":\"UBS lotadas em Santa Rosa- Caos na sa\u00fade e Servidores exaustos\",\"datePublished\":\"2024-03-27T17:34:52+00:00\",\"dateModified\":\"2024-03-27T17:43:58+00:00\",\"mainEntityOfPage\":{\"@id\":\"https:\/\/simusar.com.br\/wfe\/ubs-lotadas-em-santa-rosa-caos-na-saude-e-servidores-exaustos\/\"},\"wordCount\":324,\"commentCount\":0,\"publisher\":{\"@id\":\"https:\/\/simusar.com.br\/wfe\/#organization\"},\"image\":{\"@id\":\"https:\/\/simusar.com.br\/wfe\/ubs-lotadas-em-santa-rosa-caos-na-saude-e-servidores-exaustos\/#primaryimage\"},\"thumbnailUrl\":\"https:\/\/simusar.com.br\/wfe\/wp-content\/uploads\/2024\/03\/jonas-dengue.png\",\"keywords\":[\"santa rosa\",\"sa\u00fade\",\"simusar\"],\"articleSection\":[\"Noticias\"],\"inLanguage\":\"pt-BR\",\"potentialAction\":[{\"@type\":\"CommentAction\",\"name\":\"Comment\",\"target\":[\"https:\/\/simusar.com.br\/wfe\/ubs-lotadas-em-santa-rosa-caos-na-saude-e-servidores-exaustos\/#respond\"]}]},{\"@type\":\"WebPage\",\"@id\":\"https:\/\/simusar.com.br\/wfe\/ubs-lotadas-em-santa-rosa-caos-na-saude-e-servidores-exaustos\/\",\"url\":\"https:\/\/simusar.com.br\/wfe\/ubs-lotadas-em-santa-rosa-caos-na-saude-e-servidores-exaustos\/\",\"name\":\"UBS lotadas em Santa Rosa- Caos na sa\u00fade e Servidores exaustos - SIMUSAR\",\"isPartOf\":{\"@id\":\"https:\/\/simusar.com.br\/wfe\/#website\"},\"primaryImageOfPage\":{\"@id\":\"https:\/\/simusar.com.br\/wfe\/ubs-lotadas-em-santa-rosa-caos-na-saude-e-servidores-exaustos\/#primaryimage\"},\"image\":{\"@id\":\"https:\/\/simusar.com.br\/wfe\/ubs-lotadas-em-santa-rosa-caos-na-saude-e-servidores-exaustos\/#primaryimage\"},\"thumbnailUrl\":\"https:\/\/simusar.com.br\/wfe\/wp-content\/uploads\/2024\/03\/jonas-dengue.png\",\"datePublished\":\"2024-03-27T17:34:52+00:00\",\"dateModified\":\"2024-03-27T17:43:58+00:00\",\"breadcrumb\":{\"@id\":\"https:\/\/simusar.com.br\/wfe\/ubs-lotadas-em-santa-rosa-caos-na-saude-e-servidores-exaustos\/#breadcrumb\"},\"inLanguage\":\"pt-BR\",\"potentialAction\":[{\"@type\":\"ReadAction\",\"target\":[\"https:\/\/simusar.com.br\/wfe\/ubs-lotadas-em-santa-rosa-caos-na-saude-e-servidores-exaustos\/\"]}]},{\"@type\":\"ImageObject\",\"inLanguage\":\"pt-BR\",\"@id\":\"https:\/\/simusar.com.br\/wfe\/ubs-lotadas-em-santa-rosa-caos-na-saude-e-servidores-exaustos\/#primaryimage\",\"url\":\"https:\/\/simusar.com.br\/wfe\/wp-content\/uploads\/2024\/03\/jonas-dengue.png\",\"contentUrl\":\"https:\/\/simusar.com.br\/wfe\/wp-content\/uploads\/2024\/03\/jonas-dengue.png\",\"width\":1003,\"height\":536},{\"@type\":\"BreadcrumbList\",\"@id\":\"https:\/\/simusar.com.br\/wfe\/ubs-lotadas-em-santa-rosa-caos-na-saude-e-servidores-exaustos\/#breadcrumb\",\"itemListElement\":[{\"@type\":\"ListItem\",\"position\":1,\"name\":\"In\u00edcio\",\"item\":\"https:\/\/simusar.com.br\/wfe\/\"},{\"@type\":\"ListItem\",\"position\":2,\"name\":\"UBS lotadas em Santa Rosa- Caos na sa\u00fade e Servidores exaustos\"}]},{\"@type\":\"WebSite\",\"@id\":\"https:\/\/simusar.com.br\/wfe\/#website\",\"url\":\"https:\/\/simusar.com.br\/wfe\/\",\"name\":\"SIMUSAR\",\"description\":\"Sindicatos dos Servidores Municipais de Santa Rosa\",\"publisher\":{\"@id\":\"https:\/\/simusar.com.br\/wfe\/#organization\"},\"potentialAction\":[{\"@type\":\"SearchAction\",\"target\":{\"@type\":\"EntryPoint\",\"urlTemplate\":\"https:\/\/simusar.com.br\/wfe\/?s={search_term_string}\"},\"query-input\":{\"@type\":\"PropertyValueSpecification\",\"valueRequired\":true,\"valueName\":\"search_term_string\"}}],\"inLanguage\":\"pt-BR\"},{\"@type\":\"Organization\",\"@id\":\"https:\/\/simusar.com.br\/wfe\/#organization\",\"name\":\"SIMUSAR\",\"url\":\"https:\/\/simusar.com.br\/wfe\/\",\"logo\":{\"@type\":\"ImageObject\",\"inLanguage\":\"pt-BR\",\"@id\":\"https:\/\/simusar.com.br\/wfe\/#\/schema\/logo\/image\/\",\"url\":\"https:\/\/simusar.com.br\/wfe\/wp-content\/uploads\/2022\/05\/logo-perfil.png\",\"contentUrl\":\"https:\/\/simusar.com.br\/wfe\/wp-content\/uploads\/2022\/05\/logo-perfil.png\",\"width\":1080,\"height\":1080,\"caption\":\"SIMUSAR\"},\"image\":{\"@id\":\"https:\/\/simusar.com.br\/wfe\/#\/schema\/logo\/image\/\"},\"sameAs\":[\"https:\/\/www.facebook.com\/simusaroficial\",\"https:\/\/www.instagram.com\/simusaroficial\"]},{\"@type\":\"Person\",\"@id\":\"https:\/\/simusar.com.br\/wfe\/#\/schema\/person\/7bbff4b09265c81fe98c20bae4e03e83\",\"name\":\"admin\",\"sameAs\":[\"http:\/\/simusar.com.br\/wfe\"],\"url\":\"https:\/\/simusar.com.br\/wfe\/author\/admin\/\"}]}<\/script>\n<!-- \/ Yoast SEO plugin. -->","yoast_head_json":{"title":"UBS lotadas em Santa Rosa- Caos na sa\u00fade e Servidores exaustos - SIMUSAR","robots":{"index":"index","follow":"follow","max-snippet":"max-snippet:-1","max-image-preview":"max-image-preview:large","max-video-preview":"max-video-preview:-1"},"canonical":"https:\/\/simusar.com.br\/wfe\/ubs-lotadas-em-santa-rosa-caos-na-saude-e-servidores-exaustos\/","og_locale":"pt_BR","og_type":"article","og_title":"UBS lotadas em Santa Rosa- Caos na sa\u00fade e Servidores exaustos - SIMUSAR","og_description":"Dias de caos nas Unidades B\u00e1sicas de Sa\u00fade! Muitas pessoas buscam atendimentos no Bairro Planalto e outros bairros e vilas da cidade. O Presidente do Sindicato dos Municip\u00e1rios, Jonas Fusiger, acompanha toda a situa\u00e7\u00e3o. Esta quarta-feira, 27 de mar\u00e7o, foi mais uma manh\u00e3 com Unidades B\u00e1sicas de Sa\u00fade lotadas com pessoas acometidas pela Dengue em [&hellip;]","og_url":"https:\/\/simusar.com.br\/wfe\/ubs-lotadas-em-santa-rosa-caos-na-saude-e-servidores-exaustos\/","og_site_name":"SIMUSAR","article_publisher":"https:\/\/www.facebook.com\/simusaroficial","article_published_time":"2024-03-27T17:34:52+00:00","article_modified_time":"2024-03-27T17:43:58+00:00","og_image":[{"width":1003,"height":536,"url":"https:\/\/simusar.com.br\/wfe\/wp-content\/uploads\/2024\/03\/jonas-dengue.png","type":"image\/png"}],"author":"admin","twitter_card":"summary_large_image","twitter_misc":{"Escrito por":"admin","Est. tempo de leitura":"2 minutos"},"schema":{"@context":"https:\/\/schema.org","@graph":[{"@type":"Article","@id":"https:\/\/simusar.com.br\/wfe\/ubs-lotadas-em-santa-rosa-caos-na-saude-e-servidores-exaustos\/#article","isPartOf":{"@id":"https:\/\/simusar.com.br\/wfe\/ubs-lotadas-em-santa-rosa-caos-na-saude-e-servidores-exaustos\/"},"author":{"name":"admin","@id":"https:\/\/simusar.com.br\/wfe\/#\/schema\/person\/7bbff4b09265c81fe98c20bae4e03e83"},"headline":"UBS lotadas em Santa Rosa- Caos na sa\u00fade e Servidores exaustos","datePublished":"2024-03-27T17:34:52+00:00","dateModified":"2024-03-27T17:43:58+00:00","mainEntityOfPage":{"@id":"https:\/\/simusar.com.br\/wfe\/ubs-lotadas-em-santa-rosa-caos-na-saude-e-servidores-exaustos\/"},"wordCount":324,"commentCount":0,"publisher":{"@id":"https:\/\/simusar.com.br\/wfe\/#organization"},"image":{"@id":"https:\/\/simusar.com.br\/wfe\/ubs-lotadas-em-santa-rosa-caos-na-saude-e-servidores-exaustos\/#primaryimage"},"thumbnailUrl":"https:\/\/simusar.com.br\/wfe\/wp-content\/uploads\/2024\/03\/jonas-dengue.png","keywords":["santa rosa","sa\u00fade","simusar"],"articleSection":["Noticias"],"inLanguage":"pt-BR","potentialAction":[{"@type":"CommentAction","name":"Comment","target":["https:\/\/simusar.com.br\/wfe\/ubs-lotadas-em-santa-rosa-caos-na-saude-e-servidores-exaustos\/#respond"]}]},{"@type":"WebPage","@id":"https:\/\/simusar.com.br\/wfe\/ubs-lotadas-em-santa-rosa-caos-na-saude-e-servidores-exaustos\/","url":"https:\/\/simusar.com.br\/wfe\/ubs-lotadas-em-santa-rosa-caos-na-saude-e-servidores-exaustos\/","name":"UBS lotadas em Santa Rosa- Caos na sa\u00fade e Servidores exaustos - SIMUSAR","isPartOf":{"@id":"https:\/\/simusar.com.br\/wfe\/#website"},"primaryImageOfPage":{"@id":"https:\/\/simusar.com.br\/wfe\/ubs-lotadas-em-santa-rosa-caos-na-saude-e-servidores-exaustos\/#primaryimage"},"image":{"@id":"https:\/\/simusar.com.br\/wfe\/ubs-lotadas-em-santa-rosa-caos-na-saude-e-servidores-exaustos\/#primaryimage"},"thumbnailUrl":"https:\/\/simusar.com.br\/wfe\/wp-content\/uploads\/2024\/03\/jonas-dengue.png","datePublished":"2024-03-27T17:34:52+00:00","dateModified":"2024-03-27T17:43:58+00:00","breadcrumb":{"@id":"https:\/\/simusar.com.br\/wfe\/ubs-lotadas-em-santa-rosa-caos-na-saude-e-servidores-exaustos\/#breadcrumb"},"inLanguage":"pt-BR","potentialAction":[{"@type":"ReadAction","target":["https:\/\/simusar.com.br\/wfe\/ubs-lotadas-em-santa-rosa-caos-na-saude-e-servidores-exaustos\/"]}]},{"@type":"ImageObject","inLanguage":"pt-BR","@id":"https:\/\/simusar.com.br\/wfe\/ubs-lotadas-em-santa-rosa-caos-na-saude-e-servidores-exaustos\/#primaryimage","url":"https:\/\/simusar.com.br\/wfe\/wp-content\/uploads\/2024\/03\/jonas-dengue.png","contentUrl":"https:\/\/simusar.com.br\/wfe\/wp-content\/uploads\/2024\/03\/jonas-dengue.png","width":1003,"height":536},{"@type":"BreadcrumbList","@id":"https:\/\/simusar.com.br\/wfe\/ubs-lotadas-em-santa-rosa-caos-na-saude-e-servidores-exaustos\/#breadcrumb","itemListElement":[{"@type":"ListItem","position":1,"name":"In\u00edcio","item":"https:\/\/simusar.com.br\/wfe\/"},{"@type":"ListItem","position":2,"name":"UBS lotadas em Santa Rosa- Caos na sa\u00fade e Servidores exaustos"}]},{"@type":"WebSite","@id":"https:\/\/simusar.com.br\/wfe\/#website","url":"https:\/\/simusar.com.br\/wfe\/","name":"SIMUSAR","description":"Sindicatos dos Servidores Municipais de Santa Rosa","publisher":{"@id":"https:\/\/simusar.com.br\/wfe\/#organization"},"potentialAction":[{"@type":"SearchAction","target":{"@type":"EntryPoint","urlTemplate":"https:\/\/simusar.com.br\/wfe\/?s={search_term_string}"},"query-input":{"@type":"PropertyValueSpecification","valueRequired":true,"valueName":"search_term_string"}}],"inLanguage":"pt-BR"},{"@type":"Organization","@id":"https:\/\/simusar.com.br\/wfe\/#organization","name":"SIMUSAR","url":"https:\/\/simusar.com.br\/wfe\/","logo":{"@type":"ImageObject","inLanguage":"pt-BR","@id":"https:\/\/simusar.com.br\/wfe\/#\/schema\/logo\/image\/","url":"https:\/\/simusar.com.br\/wfe\/wp-content\/uploads\/2022\/05\/logo-perfil.png","contentUrl":"https:\/\/simusar.com.br\/wfe\/wp-content\/uploads\/2022\/05\/logo-perfil.png","width":1080,"height":1080,"caption":"SIMUSAR"},"image":{"@id":"https:\/\/simusar.com.br\/wfe\/#\/schema\/logo\/image\/"},"sameAs":["https:\/\/www.facebook.com\/simusaroficial","https:\/\/www.instagram.com\/simusaroficial"]},{"@type":"Person","@id":"https:\/\/simusar.com.br\/wfe\/#\/schema\/person\/7bbff4b09265c81fe98c20bae4e03e83","name":"admin","sameAs":["http:\/\/simusar.com.br\/wfe"],"url":"https:\/\/simusar.com.br\/wfe\/author\/admin\/"}]}},"_links":{"self":[{"href":"https:\/\/simusar.com.br\/wfe\/wp-json\/wp\/v2\/posts\/2862","targetHints":{"allow":["GET"]}}],"collection":[{"href":"https:\/\/simusar.com.br\/wfe\/wp-json\/wp\/v2\/posts"}],"about":[{"href":"https:\/\/simusar.com.br\/wfe\/wp-json\/wp\/v2\/types\/post"}],"author":[{"embeddable":true,"href":"https:\/\/simusar.com.br\/wfe\/wp-json\/wp\/v2\/users\/1"}],"replies":[{"embeddable":true,"href":"https:\/\/simusar.com.br\/wfe\/wp-json\/wp\/v2\/comments?post=2862"}],"version-history":[{"count":2,"href":"https:\/\/simusar.com.br\/wfe\/wp-json\/wp\/v2\/posts\/2862\/revisions"}],"predecessor-version":[{"id":2865,"href":"https:\/\/simusar.com.br\/wfe\/wp-json\/wp\/v2\/posts\/2862\/revisions\/2865"}],"wp:featuredmedia":[{"embeddable":true,"href":"https:\/\/simusar.com.br\/wfe\/wp-json\/wp\/v2\/media\/2863"}],"wp:attachment":[{"href":"https:\/\/simusar.com.br\/wfe\/wp-json\/wp\/v2\/media?parent=2862"}],"wp:term":[{"taxonomy":"category","embeddable":true,"href":"https:\/\/simusar.com.br\/wfe\/wp-json\/wp\/v2\/categories?post=2862"},{"taxonomy":"post_tag","embeddable":true,"href":"https:\/\/simusar.com.br\/wfe\/wp-json\/wp\/v2\/tags?post=2862"}],"curies":[{"name":"wp","href":"https:\/\/api.w.org\/{rel}","templated":true}]}}