{"id":2866,"date":"2024-04-01T13:27:08","date_gmt":"2024-04-01T13:27:08","guid":{"rendered":"https:\/\/simusar.com.br\/wfe\/?p=2866"},"modified":"2024-04-01T13:27:09","modified_gmt":"2024-04-01T13:27:09","slug":"mudancas-importantes-nas-regras-de-locacao-do-salao-decisoes-tomadas-em-assembleia","status":"publish","type":"post","link":"https:\/\/simusar.com.br\/wfe\/mudancas-importantes-nas-regras-de-locacao-do-salao-decisoes-tomadas-em-assembleia\/","title":{"rendered":"Mudan\u00e7as Importantes nas Regras de Loca\u00e7\u00e3o do Sal\u00e3o: Decis\u00f5es Tomadas em Assembleia"},"content":{"rendered":"\n<p>Durante a \u00faltima assembleia (22\/02) da nossa respeit\u00e1vel entidade, foram discutidas e aprovadas<br>altera\u00e7\u00f5es significativas nas regras de loca\u00e7\u00e3o do sal\u00e3o de eventos, proposta trazida por uma associada<br>e aprovada pelos presentes. Essas mudan\u00e7as visam aprimorar a gest\u00e3o do espa\u00e7o, garantindo sua utiliza\u00e7\u00e3o de forma mais equitativa e ben\u00e9fica para todos os membros.<\/p>\n\n\n\n<p>A partir de agora n\u00e3o ser\u00e1 mais necess\u00e1rio comprova\u00e7\u00e3o de data para a loca\u00e7\u00e3o, o associado que desejar<br>locar, pode fazer em qualquer data, por\u00e9m, mantem-se apenas uma loca\u00e7\u00e3o por ano.<\/p>\n\n\n\n<ol class=\"wp-block-list\">\n<li>Loca\u00e7\u00e3o: A partir de agora, implementaremos uma pol\u00edtica mais flex\u00edvel de reserva do sal\u00e3o.<br>Com o intuito de atender \u00e0s demandas variadas dos associados, ser\u00e1 poss\u00edvel efetuar reservas sem<br>comprova\u00e7\u00e3o de data e, cada associado, ter\u00e1 direito a uma loca\u00e7\u00e3o por ano. Sendo proibido a subloca\u00e7\u00e3o do sal\u00e3o, sob pena de puni\u00e7\u00e3o.<\/li>\n\n\n\n<li>Tarifas: Para uso do sal\u00e3o, \u00e9 obrigat\u00f3rio o pagamento da taxa no valor de 25% do sal\u00e1rio m\u00ednimo nacional. Sendo dado ao associado, frequente em assembleias, desconto de 25% da taxa por evento, contando sempre as 4 \u00faltimas assembleias. Tendo o associado direito ao desconto de 100% na taxa de loca\u00e7\u00e3o, caber\u00e1 a ele o pagamento de uma taxa de 5% do Sal\u00e1rio M\u00ednimo Nacional para limpeza do local.<\/li>\n\n\n\n<li>Limita\u00e7\u00e3o de Hor\u00e1rios: \n<ul class=\"wp-block-list\">\n<li>Na Quarta-Feira das 16h da tarde at\u00e9 00h (\u00c0 COMBINAR);<\/li>\n\n\n\n<li>Na Quinta-Feira das 16h da tarde at\u00e9 00h (\u00c0 COMBINAR);<\/li>\n\n\n\n<li>Na Sexta-Feira das 16h da tarde at\u00e9 as 03h de s\u00e1bado (\u00c0 COMBINAR);<\/li>\n\n\n\n<li>No S\u00e1bado, das 10 horas at\u00e9 as 3 horas de domingo (\u00c0 COMBINAR);<\/li>\n\n\n\n<li>No Domingo das 10 horas at\u00e9 as 23 horas (\u00c0 COMBINAR);<\/li>\n<\/ul>\n<\/li>\n\n\n\n<li>Responsabilidade por Danos: Os locat\u00e1rios ser\u00e3o respons\u00e1veis por quaisquer danos causados durante a loca\u00e7\u00e3o do sal\u00e3o. Solicitamos que todos estejam atentos \u00e0s condi\u00e7\u00f5es do espa\u00e7o antes e depois do evento, registrando poss\u00edveis irregularidades junto \u00e0 administra\u00e7\u00e3o.<\/li>\n\n\n\n<li>Procedimentos para Cancelamento: Em caso de desist\u00eancia da loca\u00e7\u00e3o, esta dever\u00e1 ser comunicada por escrito, em at\u00e9 30 dias antes da data agendada. Caso a desist\u00eancia n\u00e3o for comunicada no per\u00edodo citado acima, ficar\u00e1 o servidor obrigado a pagar a multa contratual de 30% do valor da loca\u00e7\u00e3o (n\u00e3o incide os descontos).<\/li>\n<\/ol>\n\n\n\n<p>Refor\u00e7amos o compromisso da nossa entidade em promover um ambiente harmonioso e ben\u00e9fico para todos. Essas mudan\u00e7as refletem o esfor\u00e7o coletivo em melhorar continuamente nossas instala\u00e7\u00f5es e servi\u00e7os.<\/p>\n","protected":false},"excerpt":{"rendered":"<p>Durante a \u00faltima assembleia (22\/02) da nossa respeit\u00e1vel entidade, foram discutidas e aprovadasaltera\u00e7\u00f5es significativas nas regras de loca\u00e7\u00e3o do sal\u00e3o de eventos, proposta trazida por uma associadae aprovada pelos presentes. Essas mudan\u00e7as visam aprimorar a gest\u00e3o do espa\u00e7o, garantindo sua utiliza\u00e7\u00e3o de forma mais equitativa e ben\u00e9fica para todos os membros. A partir de agora [&hellip;]<\/p>\n","protected":false},"author":1,"featured_media":2867,"comment_status":"open","ping_status":"open","sticky":false,"template":"","format":"standard","meta":{"_eb_attr":"","footnotes":""},"categories":[4],"tags":[65,48,53],"class_list":["post-2866","post","type-post","status-publish","format-standard","has-post-thumbnail","hentry","category-noticias","tag-assembleia","tag-santa-rosa","tag-simusar"],"yoast_head":"<!-- This site is optimized with the Yoast SEO plugin v26.2 - https:\/\/yoast.com\/wordpress\/plugins\/seo\/ -->\n<title>Mudan\u00e7as Importantes nas Regras de Loca\u00e7\u00e3o do Sal\u00e3o: Decis\u00f5es Tomadas em Assembleia - SIMUSAR<\/title>\n<meta name=\"robots\" content=\"index, follow, max-snippet:-1, max-image-preview:large, max-video-preview:-1\" \/>\n<link rel=\"canonical\" href=\"https:\/\/simusar.com.br\/wfe\/mudancas-importantes-nas-regras-de-locacao-do-salao-decisoes-tomadas-em-assembleia\/\" \/>\n<meta property=\"og:locale\" content=\"pt_BR\" \/>\n<meta property=\"og:type\" content=\"article\" \/>\n<meta property=\"og:title\" content=\"Mudan\u00e7as Importantes nas Regras de Loca\u00e7\u00e3o do Sal\u00e3o: Decis\u00f5es Tomadas em Assembleia - SIMUSAR\" \/>\n<meta property=\"og:description\" content=\"Durante a \u00faltima assembleia (22\/02) da nossa respeit\u00e1vel entidade, foram discutidas e aprovadasaltera\u00e7\u00f5es significativas nas regras de loca\u00e7\u00e3o do sal\u00e3o de eventos, proposta trazida por uma associadae aprovada pelos presentes. Essas mudan\u00e7as visam aprimorar a gest\u00e3o do espa\u00e7o, garantindo sua utiliza\u00e7\u00e3o de forma mais equitativa e ben\u00e9fica para todos os membros. A partir de agora [&hellip;]\" \/>\n<meta property=\"og:url\" content=\"https:\/\/simusar.com.br\/wfe\/mudancas-importantes-nas-regras-de-locacao-do-salao-decisoes-tomadas-em-assembleia\/\" \/>\n<meta property=\"og:site_name\" content=\"SIMUSAR\" \/>\n<meta property=\"article:publisher\" content=\"https:\/\/www.facebook.com\/simusaroficial\" \/>\n<meta property=\"article:published_time\" content=\"2024-04-01T13:27:08+00:00\" \/>\n<meta property=\"article:modified_time\" content=\"2024-04-01T13:27:09+00:00\" \/>\n<meta property=\"og:image\" content=\"http:\/\/simusar.com.br\/wfe\/wp-content\/uploads\/2024\/04\/posts2024-simusar-10.png\" \/>\n\t<meta property=\"og:image:width\" content=\"1080\" \/>\n\t<meta property=\"og:image:height\" content=\"1350\" \/>\n\t<meta property=\"og:image:type\" content=\"image\/png\" \/>\n<meta name=\"author\" content=\"admin\" \/>\n<meta name=\"twitter:card\" content=\"summary_large_image\" \/>\n<meta name=\"twitter:label1\" content=\"Escrito por\" \/>\n\t<meta name=\"twitter:data1\" content=\"admin\" \/>\n\t<meta name=\"twitter:label2\" content=\"Est. tempo de leitura\" \/>\n\t<meta name=\"twitter:data2\" content=\"3 minutos\" \/>\n<script type=\"application\/ld+json\" class=\"yoast-schema-graph\">{\"@context\":\"https:\/\/schema.org\",\"@graph\":[{\"@type\":\"Article\",\"@id\":\"https:\/\/simusar.com.br\/wfe\/mudancas-importantes-nas-regras-de-locacao-do-salao-decisoes-tomadas-em-assembleia\/#article\",\"isPartOf\":{\"@id\":\"https:\/\/simusar.com.br\/wfe\/mudancas-importantes-nas-regras-de-locacao-do-salao-decisoes-tomadas-em-assembleia\/\"},\"author\":{\"name\":\"admin\",\"@id\":\"https:\/\/simusar.com.br\/wfe\/#\/schema\/person\/7bbff4b09265c81fe98c20bae4e03e83\"},\"headline\":\"Mudan\u00e7as Importantes nas Regras de Loca\u00e7\u00e3o do Sal\u00e3o: Decis\u00f5es Tomadas em Assembleia\",\"datePublished\":\"2024-04-01T13:27:08+00:00\",\"dateModified\":\"2024-04-01T13:27:09+00:00\",\"mainEntityOfPage\":{\"@id\":\"https:\/\/simusar.com.br\/wfe\/mudancas-importantes-nas-regras-de-locacao-do-salao-decisoes-tomadas-em-assembleia\/\"},\"wordCount\":432,\"commentCount\":0,\"publisher\":{\"@id\":\"https:\/\/simusar.com.br\/wfe\/#organization\"},\"image\":{\"@id\":\"https:\/\/simusar.com.br\/wfe\/mudancas-importantes-nas-regras-de-locacao-do-salao-decisoes-tomadas-em-assembleia\/#primaryimage\"},\"thumbnailUrl\":\"https:\/\/simusar.com.br\/wfe\/wp-content\/uploads\/2024\/04\/posts2024-simusar-10.png\",\"keywords\":[\"assembleia\",\"santa rosa\",\"simusar\"],\"articleSection\":[\"Noticias\"],\"inLanguage\":\"pt-BR\",\"potentialAction\":[{\"@type\":\"CommentAction\",\"name\":\"Comment\",\"target\":[\"https:\/\/simusar.com.br\/wfe\/mudancas-importantes-nas-regras-de-locacao-do-salao-decisoes-tomadas-em-assembleia\/#respond\"]}]},{\"@type\":\"WebPage\",\"@id\":\"https:\/\/simusar.com.br\/wfe\/mudancas-importantes-nas-regras-de-locacao-do-salao-decisoes-tomadas-em-assembleia\/\",\"url\":\"https:\/\/simusar.com.br\/wfe\/mudancas-importantes-nas-regras-de-locacao-do-salao-decisoes-tomadas-em-assembleia\/\",\"name\":\"Mudan\u00e7as Importantes nas Regras de Loca\u00e7\u00e3o do Sal\u00e3o: Decis\u00f5es Tomadas em Assembleia - SIMUSAR\",\"isPartOf\":{\"@id\":\"https:\/\/simusar.com.br\/wfe\/#website\"},\"primaryImageOfPage\":{\"@id\":\"https:\/\/simusar.com.br\/wfe\/mudancas-importantes-nas-regras-de-locacao-do-salao-decisoes-tomadas-em-assembleia\/#primaryimage\"},\"image\":{\"@id\":\"https:\/\/simusar.com.br\/wfe\/mudancas-importantes-nas-regras-de-locacao-do-salao-decisoes-tomadas-em-assembleia\/#primaryimage\"},\"thumbnailUrl\":\"https:\/\/simusar.com.br\/wfe\/wp-content\/uploads\/2024\/04\/posts2024-simusar-10.png\",\"datePublished\":\"2024-04-01T13:27:08+00:00\",\"dateModified\":\"2024-04-01T13:27:09+00:00\",\"breadcrumb\":{\"@id\":\"https:\/\/simusar.com.br\/wfe\/mudancas-importantes-nas-regras-de-locacao-do-salao-decisoes-tomadas-em-assembleia\/#breadcrumb\"},\"inLanguage\":\"pt-BR\",\"potentialAction\":[{\"@type\":\"ReadAction\",\"target\":[\"https:\/\/simusar.com.br\/wfe\/mudancas-importantes-nas-regras-de-locacao-do-salao-decisoes-tomadas-em-assembleia\/\"]}]},{\"@type\":\"ImageObject\",\"inLanguage\":\"pt-BR\",\"@id\":\"https:\/\/simusar.com.br\/wfe\/mudancas-importantes-nas-regras-de-locacao-do-salao-decisoes-tomadas-em-assembleia\/#primaryimage\",\"url\":\"https:\/\/simusar.com.br\/wfe\/wp-content\/uploads\/2024\/04\/posts2024-simusar-10.png\",\"contentUrl\":\"https:\/\/simusar.com.br\/wfe\/wp-content\/uploads\/2024\/04\/posts2024-simusar-10.png\",\"width\":1080,\"height\":1350},{\"@type\":\"BreadcrumbList\",\"@id\":\"https:\/\/simusar.com.br\/wfe\/mudancas-importantes-nas-regras-de-locacao-do-salao-decisoes-tomadas-em-assembleia\/#breadcrumb\",\"itemListElement\":[{\"@type\":\"ListItem\",\"position\":1,\"name\":\"In\u00edcio\",\"item\":\"https:\/\/simusar.com.br\/wfe\/\"},{\"@type\":\"ListItem\",\"position\":2,\"name\":\"Mudan\u00e7as Importantes nas Regras de Loca\u00e7\u00e3o do Sal\u00e3o: Decis\u00f5es Tomadas em Assembleia\"}]},{\"@type\":\"WebSite\",\"@id\":\"https:\/\/simusar.com.br\/wfe\/#website\",\"url\":\"https:\/\/simusar.com.br\/wfe\/\",\"name\":\"SIMUSAR\",\"description\":\"Sindicatos dos Servidores Municipais de Santa Rosa\",\"publisher\":{\"@id\":\"https:\/\/simusar.com.br\/wfe\/#organization\"},\"potentialAction\":[{\"@type\":\"SearchAction\",\"target\":{\"@type\":\"EntryPoint\",\"urlTemplate\":\"https:\/\/simusar.com.br\/wfe\/?s={search_term_string}\"},\"query-input\":{\"@type\":\"PropertyValueSpecification\",\"valueRequired\":true,\"valueName\":\"search_term_string\"}}],\"inLanguage\":\"pt-BR\"},{\"@type\":\"Organization\",\"@id\":\"https:\/\/simusar.com.br\/wfe\/#organization\",\"name\":\"SIMUSAR\",\"url\":\"https:\/\/simusar.com.br\/wfe\/\",\"logo\":{\"@type\":\"ImageObject\",\"inLanguage\":\"pt-BR\",\"@id\":\"https:\/\/simusar.com.br\/wfe\/#\/schema\/logo\/image\/\",\"url\":\"https:\/\/simusar.com.br\/wfe\/wp-content\/uploads\/2022\/05\/logo-perfil.png\",\"contentUrl\":\"https:\/\/simusar.com.br\/wfe\/wp-content\/uploads\/2022\/05\/logo-perfil.png\",\"width\":1080,\"height\":1080,\"caption\":\"SIMUSAR\"},\"image\":{\"@id\":\"https:\/\/simusar.com.br\/wfe\/#\/schema\/logo\/image\/\"},\"sameAs\":[\"https:\/\/www.facebook.com\/simusaroficial\",\"https:\/\/www.instagram.com\/simusaroficial\"]},{\"@type\":\"Person\",\"@id\":\"https:\/\/simusar.com.br\/wfe\/#\/schema\/person\/7bbff4b09265c81fe98c20bae4e03e83\",\"name\":\"admin\",\"sameAs\":[\"http:\/\/simusar.com.br\/wfe\"],\"url\":\"https:\/\/simusar.com.br\/wfe\/author\/admin\/\"}]}<\/script>\n<!-- \/ Yoast SEO plugin. -->","yoast_head_json":{"title":"Mudan\u00e7as Importantes nas Regras de Loca\u00e7\u00e3o do Sal\u00e3o: Decis\u00f5es Tomadas em Assembleia - SIMUSAR","robots":{"index":"index","follow":"follow","max-snippet":"max-snippet:-1","max-image-preview":"max-image-preview:large","max-video-preview":"max-video-preview:-1"},"canonical":"https:\/\/simusar.com.br\/wfe\/mudancas-importantes-nas-regras-de-locacao-do-salao-decisoes-tomadas-em-assembleia\/","og_locale":"pt_BR","og_type":"article","og_title":"Mudan\u00e7as Importantes nas Regras de Loca\u00e7\u00e3o do Sal\u00e3o: Decis\u00f5es Tomadas em Assembleia - SIMUSAR","og_description":"Durante a \u00faltima assembleia (22\/02) da nossa respeit\u00e1vel entidade, foram discutidas e aprovadasaltera\u00e7\u00f5es significativas nas regras de loca\u00e7\u00e3o do sal\u00e3o de eventos, proposta trazida por uma associadae aprovada pelos presentes. Essas mudan\u00e7as visam aprimorar a gest\u00e3o do espa\u00e7o, garantindo sua utiliza\u00e7\u00e3o de forma mais equitativa e ben\u00e9fica para todos os membros. A partir de agora [&hellip;]","og_url":"https:\/\/simusar.com.br\/wfe\/mudancas-importantes-nas-regras-de-locacao-do-salao-decisoes-tomadas-em-assembleia\/","og_site_name":"SIMUSAR","article_publisher":"https:\/\/www.facebook.com\/simusaroficial","article_published_time":"2024-04-01T13:27:08+00:00","article_modified_time":"2024-04-01T13:27:09+00:00","og_image":[{"width":1080,"height":1350,"url":"http:\/\/simusar.com.br\/wfe\/wp-content\/uploads\/2024\/04\/posts2024-simusar-10.png","type":"image\/png"}],"author":"admin","twitter_card":"summary_large_image","twitter_misc":{"Escrito por":"admin","Est. tempo de leitura":"3 minutos"},"schema":{"@context":"https:\/\/schema.org","@graph":[{"@type":"Article","@id":"https:\/\/simusar.com.br\/wfe\/mudancas-importantes-nas-regras-de-locacao-do-salao-decisoes-tomadas-em-assembleia\/#article","isPartOf":{"@id":"https:\/\/simusar.com.br\/wfe\/mudancas-importantes-nas-regras-de-locacao-do-salao-decisoes-tomadas-em-assembleia\/"},"author":{"name":"admin","@id":"https:\/\/simusar.com.br\/wfe\/#\/schema\/person\/7bbff4b09265c81fe98c20bae4e03e83"},"headline":"Mudan\u00e7as Importantes nas Regras de Loca\u00e7\u00e3o do Sal\u00e3o: Decis\u00f5es Tomadas em Assembleia","datePublished":"2024-04-01T13:27:08+00:00","dateModified":"2024-04-01T13:27:09+00:00","mainEntityOfPage":{"@id":"https:\/\/simusar.com.br\/wfe\/mudancas-importantes-nas-regras-de-locacao-do-salao-decisoes-tomadas-em-assembleia\/"},"wordCount":432,"commentCount":0,"publisher":{"@id":"https:\/\/simusar.com.br\/wfe\/#organization"},"image":{"@id":"https:\/\/simusar.com.br\/wfe\/mudancas-importantes-nas-regras-de-locacao-do-salao-decisoes-tomadas-em-assembleia\/#primaryimage"},"thumbnailUrl":"https:\/\/simusar.com.br\/wfe\/wp-content\/uploads\/2024\/04\/posts2024-simusar-10.png","keywords":["assembleia","santa rosa","simusar"],"articleSection":["Noticias"],"inLanguage":"pt-BR","potentialAction":[{"@type":"CommentAction","name":"Comment","target":["https:\/\/simusar.com.br\/wfe\/mudancas-importantes-nas-regras-de-locacao-do-salao-decisoes-tomadas-em-assembleia\/#respond"]}]},{"@type":"WebPage","@id":"https:\/\/simusar.com.br\/wfe\/mudancas-importantes-nas-regras-de-locacao-do-salao-decisoes-tomadas-em-assembleia\/","url":"https:\/\/simusar.com.br\/wfe\/mudancas-importantes-nas-regras-de-locacao-do-salao-decisoes-tomadas-em-assembleia\/","name":"Mudan\u00e7as Importantes nas Regras de Loca\u00e7\u00e3o do Sal\u00e3o: Decis\u00f5es Tomadas em Assembleia - SIMUSAR","isPartOf":{"@id":"https:\/\/simusar.com.br\/wfe\/#website"},"primaryImageOfPage":{"@id":"https:\/\/simusar.com.br\/wfe\/mudancas-importantes-nas-regras-de-locacao-do-salao-decisoes-tomadas-em-assembleia\/#primaryimage"},"image":{"@id":"https:\/\/simusar.com.br\/wfe\/mudancas-importantes-nas-regras-de-locacao-do-salao-decisoes-tomadas-em-assembleia\/#primaryimage"},"thumbnailUrl":"https:\/\/simusar.com.br\/wfe\/wp-content\/uploads\/2024\/04\/posts2024-simusar-10.png","datePublished":"2024-04-01T13:27:08+00:00","dateModified":"2024-04-01T13:27:09+00:00","breadcrumb":{"@id":"https:\/\/simusar.com.br\/wfe\/mudancas-importantes-nas-regras-de-locacao-do-salao-decisoes-tomadas-em-assembleia\/#breadcrumb"},"inLanguage":"pt-BR","potentialAction":[{"@type":"ReadAction","target":["https:\/\/simusar.com.br\/wfe\/mudancas-importantes-nas-regras-de-locacao-do-salao-decisoes-tomadas-em-assembleia\/"]}]},{"@type":"ImageObject","inLanguage":"pt-BR","@id":"https:\/\/simusar.com.br\/wfe\/mudancas-importantes-nas-regras-de-locacao-do-salao-decisoes-tomadas-em-assembleia\/#primaryimage","url":"https:\/\/simusar.com.br\/wfe\/wp-content\/uploads\/2024\/04\/posts2024-simusar-10.png","contentUrl":"https:\/\/simusar.com.br\/wfe\/wp-content\/uploads\/2024\/04\/posts2024-simusar-10.png","width":1080,"height":1350},{"@type":"BreadcrumbList","@id":"https:\/\/simusar.com.br\/wfe\/mudancas-importantes-nas-regras-de-locacao-do-salao-decisoes-tomadas-em-assembleia\/#breadcrumb","itemListElement":[{"@type":"ListItem","position":1,"name":"In\u00edcio","item":"https:\/\/simusar.com.br\/wfe\/"},{"@type":"ListItem","position":2,"name":"Mudan\u00e7as Importantes nas Regras de Loca\u00e7\u00e3o do Sal\u00e3o: Decis\u00f5es Tomadas em Assembleia"}]},{"@type":"WebSite","@id":"https:\/\/simusar.com.br\/wfe\/#website","url":"https:\/\/simusar.com.br\/wfe\/","name":"SIMUSAR","description":"Sindicatos dos Servidores Municipais de Santa Rosa","publisher":{"@id":"https:\/\/simusar.com.br\/wfe\/#organization"},"potentialAction":[{"@type":"SearchAction","target":{"@type":"EntryPoint","urlTemplate":"https:\/\/simusar.com.br\/wfe\/?s={search_term_string}"},"query-input":{"@type":"PropertyValueSpecification","valueRequired":true,"valueName":"search_term_string"}}],"inLanguage":"pt-BR"},{"@type":"Organization","@id":"https:\/\/simusar.com.br\/wfe\/#organization","name":"SIMUSAR","url":"https:\/\/simusar.com.br\/wfe\/","logo":{"@type":"ImageObject","inLanguage":"pt-BR","@id":"https:\/\/simusar.com.br\/wfe\/#\/schema\/logo\/image\/","url":"https:\/\/simusar.com.br\/wfe\/wp-content\/uploads\/2022\/05\/logo-perfil.png","contentUrl":"https:\/\/simusar.com.br\/wfe\/wp-content\/uploads\/2022\/05\/logo-perfil.png","width":1080,"height":1080,"caption":"SIMUSAR"},"image":{"@id":"https:\/\/simusar.com.br\/wfe\/#\/schema\/logo\/image\/"},"sameAs":["https:\/\/www.facebook.com\/simusaroficial","https:\/\/www.instagram.com\/simusaroficial"]},{"@type":"Person","@id":"https:\/\/simusar.com.br\/wfe\/#\/schema\/person\/7bbff4b09265c81fe98c20bae4e03e83","name":"admin","sameAs":["http:\/\/simusar.com.br\/wfe"],"url":"https:\/\/simusar.com.br\/wfe\/author\/admin\/"}]}},"_links":{"self":[{"href":"https:\/\/simusar.com.br\/wfe\/wp-json\/wp\/v2\/posts\/2866","targetHints":{"allow":["GET"]}}],"collection":[{"href":"https:\/\/simusar.com.br\/wfe\/wp-json\/wp\/v2\/posts"}],"about":[{"href":"https:\/\/simusar.com.br\/wfe\/wp-json\/wp\/v2\/types\/post"}],"author":[{"embeddable":true,"href":"https:\/\/simusar.com.br\/wfe\/wp-json\/wp\/v2\/users\/1"}],"replies":[{"embeddable":true,"href":"https:\/\/simusar.com.br\/wfe\/wp-json\/wp\/v2\/comments?post=2866"}],"version-history":[{"count":1,"href":"https:\/\/simusar.com.br\/wfe\/wp-json\/wp\/v2\/posts\/2866\/revisions"}],"predecessor-version":[{"id":2868,"href":"https:\/\/simusar.com.br\/wfe\/wp-json\/wp\/v2\/posts\/2866\/revisions\/2868"}],"wp:featuredmedia":[{"embeddable":true,"href":"https:\/\/simusar.com.br\/wfe\/wp-json\/wp\/v2\/media\/2867"}],"wp:attachment":[{"href":"https:\/\/simusar.com.br\/wfe\/wp-json\/wp\/v2\/media?parent=2866"}],"wp:term":[{"taxonomy":"category","embeddable":true,"href":"https:\/\/simusar.com.br\/wfe\/wp-json\/wp\/v2\/categories?post=2866"},{"taxonomy":"post_tag","embeddable":true,"href":"https:\/\/simusar.com.br\/wfe\/wp-json\/wp\/v2\/tags?post=2866"}],"curies":[{"name":"wp","href":"https:\/\/api.w.org\/{rel}","templated":true}]}}