{"id":2889,"date":"2024-05-15T17:17:50","date_gmt":"2024-05-15T17:17:50","guid":{"rendered":"https:\/\/simusar.com.br\/wfe\/?p=2889"},"modified":"2024-05-15T17:18:19","modified_gmt":"2024-05-15T17:18:19","slug":"nova-estrutura-de-cobertura-na-saida-do-salao-do-simusar","status":"publish","type":"post","link":"https:\/\/simusar.com.br\/wfe\/nova-estrutura-de-cobertura-na-saida-do-salao-do-simusar\/","title":{"rendered":"Nova estrutura de cobertura na sa\u00edda do sal\u00e3o do SIMUSAR"},"content":{"rendered":"\n<p>A instala\u00e7\u00e3o da nova cobertura faz parte de um conjunto de reformas que o SIMUSAR est\u00e1 realizando para melhorar a estrutura do Sindicato e oferecer ainda mais conforto e qualidade de vida aos seus associados.<\/p>\n\n\n\n<p><strong>Confira as fotos da nova cobertura:<\/strong><\/p>\n\n\n\n<figure class=\"wp-block-gallery has-nested-images columns-default is-cropped wp-block-gallery-1 is-layout-flex wp-block-gallery-is-layout-flex\">\n<figure class=\"wp-block-image size-large\"><a href=\"https:\/\/simusar.com.br\/wfe\/wp-content\/uploads\/2024\/05\/IMG_20240507_143138-scaled.jpg\"><img loading=\"lazy\" decoding=\"async\" width=\"1024\" height=\"575\" data-id=\"2896\" src=\"https:\/\/simusar.com.br\/wfe\/wp-content\/uploads\/2024\/05\/IMG_20240507_143138-1024x575.jpg\" alt=\"\" class=\"wp-image-2896\" srcset=\"https:\/\/simusar.com.br\/wfe\/wp-content\/uploads\/2024\/05\/IMG_20240507_143138-1024x575.jpg 1024w, https:\/\/simusar.com.br\/wfe\/wp-content\/uploads\/2024\/05\/IMG_20240507_143138-300x169.jpg 300w, https:\/\/simusar.com.br\/wfe\/wp-content\/uploads\/2024\/05\/IMG_20240507_143138-768x432.jpg 768w, https:\/\/simusar.com.br\/wfe\/wp-content\/uploads\/2024\/05\/IMG_20240507_143138-1536x863.jpg 1536w, https:\/\/simusar.com.br\/wfe\/wp-content\/uploads\/2024\/05\/IMG_20240507_143138-2048x1151.jpg 2048w\" sizes=\"auto, (max-width: 1024px) 100vw, 1024px\" \/><\/a><\/figure>\n\n\n\n<figure class=\"wp-block-image size-large\"><a href=\"https:\/\/simusar.com.br\/wfe\/wp-content\/uploads\/2024\/05\/IMG_20240507_143517-scaled.jpg\"><img loading=\"lazy\" decoding=\"async\" width=\"1024\" height=\"575\" data-id=\"2895\" src=\"https:\/\/simusar.com.br\/wfe\/wp-content\/uploads\/2024\/05\/IMG_20240507_143517-1024x575.jpg\" alt=\"\" class=\"wp-image-2895\" srcset=\"https:\/\/simusar.com.br\/wfe\/wp-content\/uploads\/2024\/05\/IMG_20240507_143517-1024x575.jpg 1024w, https:\/\/simusar.com.br\/wfe\/wp-content\/uploads\/2024\/05\/IMG_20240507_143517-300x169.jpg 300w, https:\/\/simusar.com.br\/wfe\/wp-content\/uploads\/2024\/05\/IMG_20240507_143517-768x432.jpg 768w, https:\/\/simusar.com.br\/wfe\/wp-content\/uploads\/2024\/05\/IMG_20240507_143517-1536x863.jpg 1536w, https:\/\/simusar.com.br\/wfe\/wp-content\/uploads\/2024\/05\/IMG_20240507_143517-2048x1151.jpg 2048w\" sizes=\"auto, (max-width: 1024px) 100vw, 1024px\" \/><\/a><\/figure>\n\n\n\n<figure class=\"wp-block-image size-large\"><a href=\"https:\/\/simusar.com.br\/wfe\/wp-content\/uploads\/2024\/05\/IMG_20240507_143025-scaled.jpg\"><img loading=\"lazy\" decoding=\"async\" width=\"1024\" height=\"575\" data-id=\"2890\" src=\"https:\/\/simusar.com.br\/wfe\/wp-content\/uploads\/2024\/05\/IMG_20240507_143025-1024x575.jpg\" alt=\"\" class=\"wp-image-2890\" srcset=\"https:\/\/simusar.com.br\/wfe\/wp-content\/uploads\/2024\/05\/IMG_20240507_143025-1024x575.jpg 1024w, https:\/\/simusar.com.br\/wfe\/wp-content\/uploads\/2024\/05\/IMG_20240507_143025-300x169.jpg 300w, https:\/\/simusar.com.br\/wfe\/wp-content\/uploads\/2024\/05\/IMG_20240507_143025-768x432.jpg 768w, https:\/\/simusar.com.br\/wfe\/wp-content\/uploads\/2024\/05\/IMG_20240507_143025-1536x863.jpg 1536w, https:\/\/simusar.com.br\/wfe\/wp-content\/uploads\/2024\/05\/IMG_20240507_143025-2048x1151.jpg 2048w\" sizes=\"auto, (max-width: 1024px) 100vw, 1024px\" \/><\/a><\/figure>\n\n\n\n<figure class=\"wp-block-image size-large\"><a href=\"https:\/\/simusar.com.br\/wfe\/wp-content\/uploads\/2024\/05\/IMG_20240507_143059-scaled.jpg\"><img loading=\"lazy\" decoding=\"async\" width=\"1024\" height=\"575\" data-id=\"2892\" src=\"https:\/\/simusar.com.br\/wfe\/wp-content\/uploads\/2024\/05\/IMG_20240507_143059-1024x575.jpg\" alt=\"\" class=\"wp-image-2892\" srcset=\"https:\/\/simusar.com.br\/wfe\/wp-content\/uploads\/2024\/05\/IMG_20240507_143059-1024x575.jpg 1024w, https:\/\/simusar.com.br\/wfe\/wp-content\/uploads\/2024\/05\/IMG_20240507_143059-300x169.jpg 300w, https:\/\/simusar.com.br\/wfe\/wp-content\/uploads\/2024\/05\/IMG_20240507_143059-768x432.jpg 768w, https:\/\/simusar.com.br\/wfe\/wp-content\/uploads\/2024\/05\/IMG_20240507_143059-1536x863.jpg 1536w, https:\/\/simusar.com.br\/wfe\/wp-content\/uploads\/2024\/05\/IMG_20240507_143059-2048x1151.jpg 2048w\" sizes=\"auto, (max-width: 1024px) 100vw, 1024px\" \/><\/a><\/figure>\n\n\n\n<figure class=\"wp-block-image size-large\"><a href=\"https:\/\/simusar.com.br\/wfe\/wp-content\/uploads\/2024\/05\/IMG_20240507_143205-scaled.jpg\"><img loading=\"lazy\" decoding=\"async\" width=\"1024\" height=\"575\" data-id=\"2897\" src=\"https:\/\/simusar.com.br\/wfe\/wp-content\/uploads\/2024\/05\/IMG_20240507_143205-1024x575.jpg\" alt=\"\" class=\"wp-image-2897\" srcset=\"https:\/\/simusar.com.br\/wfe\/wp-content\/uploads\/2024\/05\/IMG_20240507_143205-1024x575.jpg 1024w, https:\/\/simusar.com.br\/wfe\/wp-content\/uploads\/2024\/05\/IMG_20240507_143205-300x169.jpg 300w, https:\/\/simusar.com.br\/wfe\/wp-content\/uploads\/2024\/05\/IMG_20240507_143205-768x432.jpg 768w, https:\/\/simusar.com.br\/wfe\/wp-content\/uploads\/2024\/05\/IMG_20240507_143205-1536x863.jpg 1536w, https:\/\/simusar.com.br\/wfe\/wp-content\/uploads\/2024\/05\/IMG_20240507_143205-2048x1151.jpg 2048w\" sizes=\"auto, (max-width: 1024px) 100vw, 1024px\" \/><\/a><\/figure>\n\n\n\n<figure class=\"wp-block-image size-large\"><a href=\"https:\/\/simusar.com.br\/wfe\/wp-content\/uploads\/2024\/05\/IMG_20240507_143214-scaled.jpg\"><img loading=\"lazy\" decoding=\"async\" width=\"1024\" height=\"575\" data-id=\"2894\" src=\"https:\/\/simusar.com.br\/wfe\/wp-content\/uploads\/2024\/05\/IMG_20240507_143214-1024x575.jpg\" alt=\"\" class=\"wp-image-2894\" srcset=\"https:\/\/simusar.com.br\/wfe\/wp-content\/uploads\/2024\/05\/IMG_20240507_143214-1024x575.jpg 1024w, https:\/\/simusar.com.br\/wfe\/wp-content\/uploads\/2024\/05\/IMG_20240507_143214-300x169.jpg 300w, https:\/\/simusar.com.br\/wfe\/wp-content\/uploads\/2024\/05\/IMG_20240507_143214-768x432.jpg 768w, https:\/\/simusar.com.br\/wfe\/wp-content\/uploads\/2024\/05\/IMG_20240507_143214-1536x863.jpg 1536w, https:\/\/simusar.com.br\/wfe\/wp-content\/uploads\/2024\/05\/IMG_20240507_143214-2048x1151.jpg 2048w\" sizes=\"auto, (max-width: 1024px) 100vw, 1024px\" \/><\/a><\/figure>\n\n\n\n<figure class=\"wp-block-image size-large\"><a href=\"https:\/\/simusar.com.br\/wfe\/wp-content\/uploads\/2024\/05\/IMG_20240507_143231-scaled.jpg\"><img loading=\"lazy\" decoding=\"async\" width=\"1024\" height=\"575\" data-id=\"2898\" src=\"https:\/\/simusar.com.br\/wfe\/wp-content\/uploads\/2024\/05\/IMG_20240507_143231-1024x575.jpg\" alt=\"\" class=\"wp-image-2898\" srcset=\"https:\/\/simusar.com.br\/wfe\/wp-content\/uploads\/2024\/05\/IMG_20240507_143231-1024x575.jpg 1024w, https:\/\/simusar.com.br\/wfe\/wp-content\/uploads\/2024\/05\/IMG_20240507_143231-300x169.jpg 300w, https:\/\/simusar.com.br\/wfe\/wp-content\/uploads\/2024\/05\/IMG_20240507_143231-768x432.jpg 768w, https:\/\/simusar.com.br\/wfe\/wp-content\/uploads\/2024\/05\/IMG_20240507_143231-1536x863.jpg 1536w, https:\/\/simusar.com.br\/wfe\/wp-content\/uploads\/2024\/05\/IMG_20240507_143231-2048x1151.jpg 2048w\" sizes=\"auto, (max-width: 1024px) 100vw, 1024px\" \/><\/a><\/figure>\n\n\n\n<figure class=\"wp-block-image size-large\"><a href=\"https:\/\/simusar.com.br\/wfe\/wp-content\/uploads\/2024\/05\/IMG_20240507_143522-scaled.jpg\"><img loading=\"lazy\" decoding=\"async\" width=\"1024\" height=\"575\" data-id=\"2893\" src=\"https:\/\/simusar.com.br\/wfe\/wp-content\/uploads\/2024\/05\/IMG_20240507_143522-1024x575.jpg\" alt=\"\" class=\"wp-image-2893\" srcset=\"https:\/\/simusar.com.br\/wfe\/wp-content\/uploads\/2024\/05\/IMG_20240507_143522-1024x575.jpg 1024w, https:\/\/simusar.com.br\/wfe\/wp-content\/uploads\/2024\/05\/IMG_20240507_143522-300x169.jpg 300w, https:\/\/simusar.com.br\/wfe\/wp-content\/uploads\/2024\/05\/IMG_20240507_143522-768x432.jpg 768w, https:\/\/simusar.com.br\/wfe\/wp-content\/uploads\/2024\/05\/IMG_20240507_143522-1536x863.jpg 1536w, https:\/\/simusar.com.br\/wfe\/wp-content\/uploads\/2024\/05\/IMG_20240507_143522-2048x1151.jpg 2048w\" sizes=\"auto, (max-width: 1024px) 100vw, 1024px\" \/><\/a><\/figure>\n\n\n\n<figure class=\"wp-block-image size-large\"><a href=\"https:\/\/simusar.com.br\/wfe\/wp-content\/uploads\/2024\/05\/IMG_20240507_143151-scaled.jpg\"><img loading=\"lazy\" decoding=\"async\" width=\"1024\" height=\"575\" data-id=\"2891\" src=\"https:\/\/simusar.com.br\/wfe\/wp-content\/uploads\/2024\/05\/IMG_20240507_143151-1024x575.jpg\" alt=\"\" class=\"wp-image-2891\" srcset=\"https:\/\/simusar.com.br\/wfe\/wp-content\/uploads\/2024\/05\/IMG_20240507_143151-1024x575.jpg 1024w, https:\/\/simusar.com.br\/wfe\/wp-content\/uploads\/2024\/05\/IMG_20240507_143151-300x169.jpg 300w, https:\/\/simusar.com.br\/wfe\/wp-content\/uploads\/2024\/05\/IMG_20240507_143151-768x432.jpg 768w, https:\/\/simusar.com.br\/wfe\/wp-content\/uploads\/2024\/05\/IMG_20240507_143151-1536x863.jpg 1536w, https:\/\/simusar.com.br\/wfe\/wp-content\/uploads\/2024\/05\/IMG_20240507_143151-2048x1151.jpg 2048w\" sizes=\"auto, (max-width: 1024px) 100vw, 1024px\" \/><\/a><\/figure>\n<\/figure>\n","protected":false},"excerpt":{"rendered":"<p>A instala\u00e7\u00e3o da nova cobertura faz parte de um conjunto de reformas que o SIMUSAR est\u00e1 realizando para melhorar a estrutura do Sindicato e oferecer ainda mais conforto e qualidade de vida aos seus associados. Confira as fotos da nova cobertura:<\/p>\n","protected":false},"author":1,"featured_media":2896,"comment_status":"open","ping_status":"open","sticky":false,"template":"","format":"standard","meta":{"_eb_attr":"","footnotes":""},"categories":[4],"tags":[48,53],"class_list":["post-2889","post","type-post","status-publish","format-standard","has-post-thumbnail","hentry","category-noticias","tag-santa-rosa","tag-simusar"],"yoast_head":"<!-- This site is optimized with the Yoast SEO plugin v26.2 - https:\/\/yoast.com\/wordpress\/plugins\/seo\/ -->\n<title>Nova estrutura de cobertura na sa\u00edda do sal\u00e3o do SIMUSAR - SIMUSAR<\/title>\n<meta name=\"robots\" content=\"index, follow, max-snippet:-1, max-image-preview:large, max-video-preview:-1\" \/>\n<link rel=\"canonical\" href=\"https:\/\/simusar.com.br\/wfe\/nova-estrutura-de-cobertura-na-saida-do-salao-do-simusar\/\" \/>\n<meta property=\"og:locale\" content=\"pt_BR\" \/>\n<meta property=\"og:type\" content=\"article\" \/>\n<meta property=\"og:title\" content=\"Nova estrutura de cobertura na sa\u00edda do sal\u00e3o do SIMUSAR - SIMUSAR\" \/>\n<meta property=\"og:description\" content=\"A instala\u00e7\u00e3o da nova cobertura faz parte de um conjunto de reformas que o SIMUSAR est\u00e1 realizando para melhorar a estrutura do Sindicato e oferecer ainda mais conforto e qualidade de vida aos seus associados. Confira as fotos da nova cobertura:\" \/>\n<meta property=\"og:url\" content=\"https:\/\/simusar.com.br\/wfe\/nova-estrutura-de-cobertura-na-saida-do-salao-do-simusar\/\" \/>\n<meta property=\"og:site_name\" content=\"SIMUSAR\" \/>\n<meta property=\"article:publisher\" content=\"https:\/\/www.facebook.com\/simusaroficial\" \/>\n<meta property=\"article:published_time\" content=\"2024-05-15T17:17:50+00:00\" \/>\n<meta property=\"article:modified_time\" content=\"2024-05-15T17:18:19+00:00\" \/>\n<meta property=\"og:image\" content=\"http:\/\/simusar.com.br\/wfe\/wp-content\/uploads\/2024\/05\/IMG_20240507_143138-scaled.jpg\" \/>\n\t<meta property=\"og:image:width\" content=\"2560\" \/>\n\t<meta property=\"og:image:height\" content=\"1439\" \/>\n\t<meta property=\"og:image:type\" content=\"image\/jpeg\" \/>\n<meta name=\"author\" content=\"admin\" \/>\n<meta name=\"twitter:card\" content=\"summary_large_image\" \/>\n<meta name=\"twitter:label1\" content=\"Escrito por\" \/>\n\t<meta name=\"twitter:data1\" content=\"admin\" \/>\n\t<meta name=\"twitter:label2\" content=\"Est. tempo de leitura\" \/>\n\t<meta name=\"twitter:data2\" content=\"3 minutos\" \/>\n<script type=\"application\/ld+json\" class=\"yoast-schema-graph\">{\"@context\":\"https:\/\/schema.org\",\"@graph\":[{\"@type\":\"Article\",\"@id\":\"https:\/\/simusar.com.br\/wfe\/nova-estrutura-de-cobertura-na-saida-do-salao-do-simusar\/#article\",\"isPartOf\":{\"@id\":\"https:\/\/simusar.com.br\/wfe\/nova-estrutura-de-cobertura-na-saida-do-salao-do-simusar\/\"},\"author\":{\"name\":\"admin\",\"@id\":\"https:\/\/simusar.com.br\/wfe\/#\/schema\/person\/7bbff4b09265c81fe98c20bae4e03e83\"},\"headline\":\"Nova estrutura de cobertura na sa\u00edda do sal\u00e3o do SIMUSAR\",\"datePublished\":\"2024-05-15T17:17:50+00:00\",\"dateModified\":\"2024-05-15T17:18:19+00:00\",\"mainEntityOfPage\":{\"@id\":\"https:\/\/simusar.com.br\/wfe\/nova-estrutura-de-cobertura-na-saida-do-salao-do-simusar\/\"},\"wordCount\":54,\"commentCount\":0,\"publisher\":{\"@id\":\"https:\/\/simusar.com.br\/wfe\/#organization\"},\"image\":{\"@id\":\"https:\/\/simusar.com.br\/wfe\/nova-estrutura-de-cobertura-na-saida-do-salao-do-simusar\/#primaryimage\"},\"thumbnailUrl\":\"https:\/\/simusar.com.br\/wfe\/wp-content\/uploads\/2024\/05\/IMG_20240507_143138-scaled.jpg\",\"keywords\":[\"santa rosa\",\"simusar\"],\"articleSection\":[\"Noticias\"],\"inLanguage\":\"pt-BR\",\"potentialAction\":[{\"@type\":\"CommentAction\",\"name\":\"Comment\",\"target\":[\"https:\/\/simusar.com.br\/wfe\/nova-estrutura-de-cobertura-na-saida-do-salao-do-simusar\/#respond\"]}]},{\"@type\":\"WebPage\",\"@id\":\"https:\/\/simusar.com.br\/wfe\/nova-estrutura-de-cobertura-na-saida-do-salao-do-simusar\/\",\"url\":\"https:\/\/simusar.com.br\/wfe\/nova-estrutura-de-cobertura-na-saida-do-salao-do-simusar\/\",\"name\":\"Nova estrutura de cobertura na sa\u00edda do sal\u00e3o do SIMUSAR - SIMUSAR\",\"isPartOf\":{\"@id\":\"https:\/\/simusar.com.br\/wfe\/#website\"},\"primaryImageOfPage\":{\"@id\":\"https:\/\/simusar.com.br\/wfe\/nova-estrutura-de-cobertura-na-saida-do-salao-do-simusar\/#primaryimage\"},\"image\":{\"@id\":\"https:\/\/simusar.com.br\/wfe\/nova-estrutura-de-cobertura-na-saida-do-salao-do-simusar\/#primaryimage\"},\"thumbnailUrl\":\"https:\/\/simusar.com.br\/wfe\/wp-content\/uploads\/2024\/05\/IMG_20240507_143138-scaled.jpg\",\"datePublished\":\"2024-05-15T17:17:50+00:00\",\"dateModified\":\"2024-05-15T17:18:19+00:00\",\"breadcrumb\":{\"@id\":\"https:\/\/simusar.com.br\/wfe\/nova-estrutura-de-cobertura-na-saida-do-salao-do-simusar\/#breadcrumb\"},\"inLanguage\":\"pt-BR\",\"potentialAction\":[{\"@type\":\"ReadAction\",\"target\":[\"https:\/\/simusar.com.br\/wfe\/nova-estrutura-de-cobertura-na-saida-do-salao-do-simusar\/\"]}]},{\"@type\":\"ImageObject\",\"inLanguage\":\"pt-BR\",\"@id\":\"https:\/\/simusar.com.br\/wfe\/nova-estrutura-de-cobertura-na-saida-do-salao-do-simusar\/#primaryimage\",\"url\":\"https:\/\/simusar.com.br\/wfe\/wp-content\/uploads\/2024\/05\/IMG_20240507_143138-scaled.jpg\",\"contentUrl\":\"https:\/\/simusar.com.br\/wfe\/wp-content\/uploads\/2024\/05\/IMG_20240507_143138-scaled.jpg\",\"width\":2560,\"height\":1439},{\"@type\":\"BreadcrumbList\",\"@id\":\"https:\/\/simusar.com.br\/wfe\/nova-estrutura-de-cobertura-na-saida-do-salao-do-simusar\/#breadcrumb\",\"itemListElement\":[{\"@type\":\"ListItem\",\"position\":1,\"name\":\"In\u00edcio\",\"item\":\"https:\/\/simusar.com.br\/wfe\/\"},{\"@type\":\"ListItem\",\"position\":2,\"name\":\"Nova estrutura de cobertura na sa\u00edda do sal\u00e3o do SIMUSAR\"}]},{\"@type\":\"WebSite\",\"@id\":\"https:\/\/simusar.com.br\/wfe\/#website\",\"url\":\"https:\/\/simusar.com.br\/wfe\/\",\"name\":\"SIMUSAR\",\"description\":\"Sindicatos dos Servidores Municipais de Santa Rosa\",\"publisher\":{\"@id\":\"https:\/\/simusar.com.br\/wfe\/#organization\"},\"potentialAction\":[{\"@type\":\"SearchAction\",\"target\":{\"@type\":\"EntryPoint\",\"urlTemplate\":\"https:\/\/simusar.com.br\/wfe\/?s={search_term_string}\"},\"query-input\":{\"@type\":\"PropertyValueSpecification\",\"valueRequired\":true,\"valueName\":\"search_term_string\"}}],\"inLanguage\":\"pt-BR\"},{\"@type\":\"Organization\",\"@id\":\"https:\/\/simusar.com.br\/wfe\/#organization\",\"name\":\"SIMUSAR\",\"url\":\"https:\/\/simusar.com.br\/wfe\/\",\"logo\":{\"@type\":\"ImageObject\",\"inLanguage\":\"pt-BR\",\"@id\":\"https:\/\/simusar.com.br\/wfe\/#\/schema\/logo\/image\/\",\"url\":\"https:\/\/simusar.com.br\/wfe\/wp-content\/uploads\/2022\/05\/logo-perfil.png\",\"contentUrl\":\"https:\/\/simusar.com.br\/wfe\/wp-content\/uploads\/2022\/05\/logo-perfil.png\",\"width\":1080,\"height\":1080,\"caption\":\"SIMUSAR\"},\"image\":{\"@id\":\"https:\/\/simusar.com.br\/wfe\/#\/schema\/logo\/image\/\"},\"sameAs\":[\"https:\/\/www.facebook.com\/simusaroficial\",\"https:\/\/www.instagram.com\/simusaroficial\"]},{\"@type\":\"Person\",\"@id\":\"https:\/\/simusar.com.br\/wfe\/#\/schema\/person\/7bbff4b09265c81fe98c20bae4e03e83\",\"name\":\"admin\",\"sameAs\":[\"http:\/\/simusar.com.br\/wfe\"],\"url\":\"https:\/\/simusar.com.br\/wfe\/author\/admin\/\"}]}<\/script>\n<!-- \/ Yoast SEO plugin. -->","yoast_head_json":{"title":"Nova estrutura de cobertura na sa\u00edda do sal\u00e3o do SIMUSAR - SIMUSAR","robots":{"index":"index","follow":"follow","max-snippet":"max-snippet:-1","max-image-preview":"max-image-preview:large","max-video-preview":"max-video-preview:-1"},"canonical":"https:\/\/simusar.com.br\/wfe\/nova-estrutura-de-cobertura-na-saida-do-salao-do-simusar\/","og_locale":"pt_BR","og_type":"article","og_title":"Nova estrutura de cobertura na sa\u00edda do sal\u00e3o do SIMUSAR - SIMUSAR","og_description":"A instala\u00e7\u00e3o da nova cobertura faz parte de um conjunto de reformas que o SIMUSAR est\u00e1 realizando para melhorar a estrutura do Sindicato e oferecer ainda mais conforto e qualidade de vida aos seus associados. Confira as fotos da nova cobertura:","og_url":"https:\/\/simusar.com.br\/wfe\/nova-estrutura-de-cobertura-na-saida-do-salao-do-simusar\/","og_site_name":"SIMUSAR","article_publisher":"https:\/\/www.facebook.com\/simusaroficial","article_published_time":"2024-05-15T17:17:50+00:00","article_modified_time":"2024-05-15T17:18:19+00:00","og_image":[{"width":2560,"height":1439,"url":"http:\/\/simusar.com.br\/wfe\/wp-content\/uploads\/2024\/05\/IMG_20240507_143138-scaled.jpg","type":"image\/jpeg"}],"author":"admin","twitter_card":"summary_large_image","twitter_misc":{"Escrito por":"admin","Est. tempo de leitura":"3 minutos"},"schema":{"@context":"https:\/\/schema.org","@graph":[{"@type":"Article","@id":"https:\/\/simusar.com.br\/wfe\/nova-estrutura-de-cobertura-na-saida-do-salao-do-simusar\/#article","isPartOf":{"@id":"https:\/\/simusar.com.br\/wfe\/nova-estrutura-de-cobertura-na-saida-do-salao-do-simusar\/"},"author":{"name":"admin","@id":"https:\/\/simusar.com.br\/wfe\/#\/schema\/person\/7bbff4b09265c81fe98c20bae4e03e83"},"headline":"Nova estrutura de cobertura na sa\u00edda do sal\u00e3o do SIMUSAR","datePublished":"2024-05-15T17:17:50+00:00","dateModified":"2024-05-15T17:18:19+00:00","mainEntityOfPage":{"@id":"https:\/\/simusar.com.br\/wfe\/nova-estrutura-de-cobertura-na-saida-do-salao-do-simusar\/"},"wordCount":54,"commentCount":0,"publisher":{"@id":"https:\/\/simusar.com.br\/wfe\/#organization"},"image":{"@id":"https:\/\/simusar.com.br\/wfe\/nova-estrutura-de-cobertura-na-saida-do-salao-do-simusar\/#primaryimage"},"thumbnailUrl":"https:\/\/simusar.com.br\/wfe\/wp-content\/uploads\/2024\/05\/IMG_20240507_143138-scaled.jpg","keywords":["santa rosa","simusar"],"articleSection":["Noticias"],"inLanguage":"pt-BR","potentialAction":[{"@type":"CommentAction","name":"Comment","target":["https:\/\/simusar.com.br\/wfe\/nova-estrutura-de-cobertura-na-saida-do-salao-do-simusar\/#respond"]}]},{"@type":"WebPage","@id":"https:\/\/simusar.com.br\/wfe\/nova-estrutura-de-cobertura-na-saida-do-salao-do-simusar\/","url":"https:\/\/simusar.com.br\/wfe\/nova-estrutura-de-cobertura-na-saida-do-salao-do-simusar\/","name":"Nova estrutura de cobertura na sa\u00edda do sal\u00e3o do SIMUSAR - SIMUSAR","isPartOf":{"@id":"https:\/\/simusar.com.br\/wfe\/#website"},"primaryImageOfPage":{"@id":"https:\/\/simusar.com.br\/wfe\/nova-estrutura-de-cobertura-na-saida-do-salao-do-simusar\/#primaryimage"},"image":{"@id":"https:\/\/simusar.com.br\/wfe\/nova-estrutura-de-cobertura-na-saida-do-salao-do-simusar\/#primaryimage"},"thumbnailUrl":"https:\/\/simusar.com.br\/wfe\/wp-content\/uploads\/2024\/05\/IMG_20240507_143138-scaled.jpg","datePublished":"2024-05-15T17:17:50+00:00","dateModified":"2024-05-15T17:18:19+00:00","breadcrumb":{"@id":"https:\/\/simusar.com.br\/wfe\/nova-estrutura-de-cobertura-na-saida-do-salao-do-simusar\/#breadcrumb"},"inLanguage":"pt-BR","potentialAction":[{"@type":"ReadAction","target":["https:\/\/simusar.com.br\/wfe\/nova-estrutura-de-cobertura-na-saida-do-salao-do-simusar\/"]}]},{"@type":"ImageObject","inLanguage":"pt-BR","@id":"https:\/\/simusar.com.br\/wfe\/nova-estrutura-de-cobertura-na-saida-do-salao-do-simusar\/#primaryimage","url":"https:\/\/simusar.com.br\/wfe\/wp-content\/uploads\/2024\/05\/IMG_20240507_143138-scaled.jpg","contentUrl":"https:\/\/simusar.com.br\/wfe\/wp-content\/uploads\/2024\/05\/IMG_20240507_143138-scaled.jpg","width":2560,"height":1439},{"@type":"BreadcrumbList","@id":"https:\/\/simusar.com.br\/wfe\/nova-estrutura-de-cobertura-na-saida-do-salao-do-simusar\/#breadcrumb","itemListElement":[{"@type":"ListItem","position":1,"name":"In\u00edcio","item":"https:\/\/simusar.com.br\/wfe\/"},{"@type":"ListItem","position":2,"name":"Nova estrutura de cobertura na sa\u00edda do sal\u00e3o do SIMUSAR"}]},{"@type":"WebSite","@id":"https:\/\/simusar.com.br\/wfe\/#website","url":"https:\/\/simusar.com.br\/wfe\/","name":"SIMUSAR","description":"Sindicatos dos Servidores Municipais de Santa Rosa","publisher":{"@id":"https:\/\/simusar.com.br\/wfe\/#organization"},"potentialAction":[{"@type":"SearchAction","target":{"@type":"EntryPoint","urlTemplate":"https:\/\/simusar.com.br\/wfe\/?s={search_term_string}"},"query-input":{"@type":"PropertyValueSpecification","valueRequired":true,"valueName":"search_term_string"}}],"inLanguage":"pt-BR"},{"@type":"Organization","@id":"https:\/\/simusar.com.br\/wfe\/#organization","name":"SIMUSAR","url":"https:\/\/simusar.com.br\/wfe\/","logo":{"@type":"ImageObject","inLanguage":"pt-BR","@id":"https:\/\/simusar.com.br\/wfe\/#\/schema\/logo\/image\/","url":"https:\/\/simusar.com.br\/wfe\/wp-content\/uploads\/2022\/05\/logo-perfil.png","contentUrl":"https:\/\/simusar.com.br\/wfe\/wp-content\/uploads\/2022\/05\/logo-perfil.png","width":1080,"height":1080,"caption":"SIMUSAR"},"image":{"@id":"https:\/\/simusar.com.br\/wfe\/#\/schema\/logo\/image\/"},"sameAs":["https:\/\/www.facebook.com\/simusaroficial","https:\/\/www.instagram.com\/simusaroficial"]},{"@type":"Person","@id":"https:\/\/simusar.com.br\/wfe\/#\/schema\/person\/7bbff4b09265c81fe98c20bae4e03e83","name":"admin","sameAs":["http:\/\/simusar.com.br\/wfe"],"url":"https:\/\/simusar.com.br\/wfe\/author\/admin\/"}]}},"_links":{"self":[{"href":"https:\/\/simusar.com.br\/wfe\/wp-json\/wp\/v2\/posts\/2889","targetHints":{"allow":["GET"]}}],"collection":[{"href":"https:\/\/simusar.com.br\/wfe\/wp-json\/wp\/v2\/posts"}],"about":[{"href":"https:\/\/simusar.com.br\/wfe\/wp-json\/wp\/v2\/types\/post"}],"author":[{"embeddable":true,"href":"https:\/\/simusar.com.br\/wfe\/wp-json\/wp\/v2\/users\/1"}],"replies":[{"embeddable":true,"href":"https:\/\/simusar.com.br\/wfe\/wp-json\/wp\/v2\/comments?post=2889"}],"version-history":[{"count":1,"href":"https:\/\/simusar.com.br\/wfe\/wp-json\/wp\/v2\/posts\/2889\/revisions"}],"predecessor-version":[{"id":2899,"href":"https:\/\/simusar.com.br\/wfe\/wp-json\/wp\/v2\/posts\/2889\/revisions\/2899"}],"wp:featuredmedia":[{"embeddable":true,"href":"https:\/\/simusar.com.br\/wfe\/wp-json\/wp\/v2\/media\/2896"}],"wp:attachment":[{"href":"https:\/\/simusar.com.br\/wfe\/wp-json\/wp\/v2\/media?parent=2889"}],"wp:term":[{"taxonomy":"category","embeddable":true,"href":"https:\/\/simusar.com.br\/wfe\/wp-json\/wp\/v2\/categories?post=2889"},{"taxonomy":"post_tag","embeddable":true,"href":"https:\/\/simusar.com.br\/wfe\/wp-json\/wp\/v2\/tags?post=2889"}],"curies":[{"name":"wp","href":"https:\/\/api.w.org\/{rel}","templated":true}]}}