{"id":2989,"date":"2024-07-19T18:59:05","date_gmt":"2024-07-19T18:59:05","guid":{"rendered":"https:\/\/simusar.com.br\/wfe\/?p=2989"},"modified":"2024-07-19T18:59:05","modified_gmt":"2024-07-19T18:59:05","slug":"simusar-promove-dia-especial-para-aposentados","status":"publish","type":"post","link":"https:\/\/simusar.com.br\/wfe\/simusar-promove-dia-especial-para-aposentados\/","title":{"rendered":"SIMUSAR Promove Dia Especial para Aposentados"},"content":{"rendered":"\n<p>Na \u00faltima quarta-feira, dia 17 de julho de 2024, o Sindicato dos Servidores Municipais abriu suas portas para uma programa\u00e7\u00e3o especial dedicada aos servidores aposentados. O evento, realizado na sede do sindicato, reuniu um grupo de mulheres, servidoras do quadro de aposentados que aproveitaram a oportunidade para se confraternizar, cuidar da sa\u00fade e se divertir.<\/p>\n\n\n\n<p><strong>Com in\u00edcio \u00e0s 14h, teve uma recep\u00e7\u00e3o calorosa aos aposentados e seus familiares.<\/strong> O clima era de alegria e descontra\u00e7\u00e3o, com muitos sorrisos e abra\u00e7os. Em seguida, \u00e0s 14h30, a <strong>enfermeira Cl\u00e1udia Wizniewsky<\/strong> ministrou uma palestra informativa sobre <strong>doen\u00e7as respirat\u00f3rias<\/strong>, abordando temas como preven\u00e7\u00e3o, diagn\u00f3stico e tratamento. A palestra foi muito bem recebida pelas presentes, que puderam tirar suas d\u00favidas e aprender mais sobre como cuidar da sa\u00fade pulmonar.<\/p>\n\n\n\n<p>Ap\u00f3s a palestra, foi a vez de um delicioso <strong>lanche compartilhado<\/strong>, momento em que as aposentadas puderam se confraternizar e colocar o papo em dia. <\/p>\n\n\n\n<p>Na sequ\u00eancia da programa\u00e7\u00e3o, \u00e0s 15h30, foi a vez de <strong>cuidar da sa\u00fade f\u00edsica com exerc\u00edcios respirat\u00f3rios e alongamento corporal<\/strong>. As atividades, foram especialmente elaboradas para a terceira idade, com foco na melhora da respira\u00e7\u00e3o, flexibilidade e for\u00e7a muscular. As participantes se envolveram com entusiasmo nas atividades e se sentiram revigoradas.<\/p>\n\n\n\n<p>Para finalizar o dia com chave de ouro, \u00e0s 16h, foi realizado um <strong>sorteio de brindes<\/strong>. Diversos itens foram sorteados entre as presentes.<\/p>\n\n\n\n<p>O <strong>Sindicato dos Servidores Municipais<\/strong> agradece a todas as participantes do evento e ressalta o seu compromisso em promover a\u00e7\u00f5es que contribuam para o bem-estar e a qualidade de vida dessa importante categoria. <br><br>Toda a semana, sempre nas quintas-feiras acontece, aulas de atividade f\u00edsica para quem busca cuidar da sa\u00fade e se manter em forma.<\/p>\n\n\n\n<p><\/p>\n\n\n\n<figure class=\"wp-block-gallery has-nested-images columns-4 is-cropped wp-block-gallery-1 is-layout-flex wp-block-gallery-is-layout-flex\">\n<figure class=\"wp-block-image size-large\"><img loading=\"lazy\" decoding=\"async\" width=\"1024\" height=\"575\" data-id=\"2990\" src=\"https:\/\/simusar.com.br\/wfe\/wp-content\/uploads\/2024\/07\/IMG_20240717_141258-1024x575.jpg\" alt=\"\" class=\"wp-image-2990\" srcset=\"https:\/\/simusar.com.br\/wfe\/wp-content\/uploads\/2024\/07\/IMG_20240717_141258-1024x575.jpg 1024w, https:\/\/simusar.com.br\/wfe\/wp-content\/uploads\/2024\/07\/IMG_20240717_141258-300x169.jpg 300w, https:\/\/simusar.com.br\/wfe\/wp-content\/uploads\/2024\/07\/IMG_20240717_141258-768x432.jpg 768w, https:\/\/simusar.com.br\/wfe\/wp-content\/uploads\/2024\/07\/IMG_20240717_141258-1536x863.jpg 1536w, https:\/\/simusar.com.br\/wfe\/wp-content\/uploads\/2024\/07\/IMG_20240717_141258-2048x1151.jpg 2048w\" sizes=\"auto, (max-width: 1024px) 100vw, 1024px\" \/><\/figure>\n\n\n\n<figure class=\"wp-block-image size-large\"><img loading=\"lazy\" decoding=\"async\" width=\"1024\" height=\"576\" data-id=\"2996\" src=\"https:\/\/simusar.com.br\/wfe\/wp-content\/uploads\/2024\/07\/IMG_20240717_144350-1024x576.jpg\" alt=\"\" class=\"wp-image-2996\" srcset=\"https:\/\/simusar.com.br\/wfe\/wp-content\/uploads\/2024\/07\/IMG_20240717_144350-1024x576.jpg 1024w, https:\/\/simusar.com.br\/wfe\/wp-content\/uploads\/2024\/07\/IMG_20240717_144350-300x169.jpg 300w, https:\/\/simusar.com.br\/wfe\/wp-content\/uploads\/2024\/07\/IMG_20240717_144350-768x432.jpg 768w, https:\/\/simusar.com.br\/wfe\/wp-content\/uploads\/2024\/07\/IMG_20240717_144350-1536x864.jpg 1536w, https:\/\/simusar.com.br\/wfe\/wp-content\/uploads\/2024\/07\/IMG_20240717_144350-2048x1152.jpg 2048w\" sizes=\"auto, (max-width: 1024px) 100vw, 1024px\" \/><\/figure>\n\n\n\n<figure class=\"wp-block-image size-large\"><img loading=\"lazy\" decoding=\"async\" width=\"576\" height=\"1024\" data-id=\"2994\" src=\"https:\/\/simusar.com.br\/wfe\/wp-content\/uploads\/2024\/07\/IMG_20240717_144405-576x1024.jpg\" alt=\"\" class=\"wp-image-2994\" srcset=\"https:\/\/simusar.com.br\/wfe\/wp-content\/uploads\/2024\/07\/IMG_20240717_144405-576x1024.jpg 576w, https:\/\/simusar.com.br\/wfe\/wp-content\/uploads\/2024\/07\/IMG_20240717_144405-169x300.jpg 169w, https:\/\/simusar.com.br\/wfe\/wp-content\/uploads\/2024\/07\/IMG_20240717_144405-768x1365.jpg 768w, https:\/\/simusar.com.br\/wfe\/wp-content\/uploads\/2024\/07\/IMG_20240717_144405-864x1536.jpg 864w, https:\/\/simusar.com.br\/wfe\/wp-content\/uploads\/2024\/07\/IMG_20240717_144405-1152x2048.jpg 1152w, https:\/\/simusar.com.br\/wfe\/wp-content\/uploads\/2024\/07\/IMG_20240717_144405-scaled.jpg 1440w\" sizes=\"auto, (max-width: 576px) 100vw, 576px\" \/><\/figure>\n\n\n\n<figure class=\"wp-block-image size-large\"><img loading=\"lazy\" decoding=\"async\" width=\"1024\" height=\"576\" data-id=\"2991\" src=\"https:\/\/simusar.com.br\/wfe\/wp-content\/uploads\/2024\/07\/IMG_20240717_144422-1024x576.jpg\" alt=\"\" class=\"wp-image-2991\" srcset=\"https:\/\/simusar.com.br\/wfe\/wp-content\/uploads\/2024\/07\/IMG_20240717_144422-1024x576.jpg 1024w, https:\/\/simusar.com.br\/wfe\/wp-content\/uploads\/2024\/07\/IMG_20240717_144422-300x169.jpg 300w, https:\/\/simusar.com.br\/wfe\/wp-content\/uploads\/2024\/07\/IMG_20240717_144422-768x432.jpg 768w, https:\/\/simusar.com.br\/wfe\/wp-content\/uploads\/2024\/07\/IMG_20240717_144422-1536x864.jpg 1536w, https:\/\/simusar.com.br\/wfe\/wp-content\/uploads\/2024\/07\/IMG_20240717_144422-2048x1152.jpg 2048w\" sizes=\"auto, (max-width: 1024px) 100vw, 1024px\" \/><\/figure>\n\n\n\n<figure class=\"wp-block-image size-large\"><img loading=\"lazy\" decoding=\"async\" width=\"576\" height=\"1024\" data-id=\"2992\" src=\"https:\/\/simusar.com.br\/wfe\/wp-content\/uploads\/2024\/07\/IMG_20240717_144432-576x1024.jpg\" alt=\"\" class=\"wp-image-2992\" srcset=\"https:\/\/simusar.com.br\/wfe\/wp-content\/uploads\/2024\/07\/IMG_20240717_144432-576x1024.jpg 576w, https:\/\/simusar.com.br\/wfe\/wp-content\/uploads\/2024\/07\/IMG_20240717_144432-169x300.jpg 169w, https:\/\/simusar.com.br\/wfe\/wp-content\/uploads\/2024\/07\/IMG_20240717_144432-768x1365.jpg 768w, https:\/\/simusar.com.br\/wfe\/wp-content\/uploads\/2024\/07\/IMG_20240717_144432-864x1536.jpg 864w, https:\/\/simusar.com.br\/wfe\/wp-content\/uploads\/2024\/07\/IMG_20240717_144432-1152x2048.jpg 1152w, https:\/\/simusar.com.br\/wfe\/wp-content\/uploads\/2024\/07\/IMG_20240717_144432-scaled.jpg 1440w\" sizes=\"auto, (max-width: 576px) 100vw, 576px\" \/><\/figure>\n\n\n\n<figure class=\"wp-block-image size-large\"><img loading=\"lazy\" decoding=\"async\" width=\"575\" height=\"1024\" data-id=\"2998\" src=\"https:\/\/simusar.com.br\/wfe\/wp-content\/uploads\/2024\/07\/IMG_20240717_144450-575x1024.jpg\" alt=\"\" class=\"wp-image-2998\" srcset=\"https:\/\/simusar.com.br\/wfe\/wp-content\/uploads\/2024\/07\/IMG_20240717_144450-575x1024.jpg 575w, https:\/\/simusar.com.br\/wfe\/wp-content\/uploads\/2024\/07\/IMG_20240717_144450-169x300.jpg 169w, https:\/\/simusar.com.br\/wfe\/wp-content\/uploads\/2024\/07\/IMG_20240717_144450-768x1367.jpg 768w, https:\/\/simusar.com.br\/wfe\/wp-content\/uploads\/2024\/07\/IMG_20240717_144450-863x1536.jpg 863w, https:\/\/simusar.com.br\/wfe\/wp-content\/uploads\/2024\/07\/IMG_20240717_144450-1151x2048.jpg 1151w, https:\/\/simusar.com.br\/wfe\/wp-content\/uploads\/2024\/07\/IMG_20240717_144450-scaled.jpg 1439w\" sizes=\"auto, (max-width: 575px) 100vw, 575px\" \/><\/figure>\n\n\n\n<figure class=\"wp-block-image size-large\"><img loading=\"lazy\" decoding=\"async\" width=\"576\" height=\"1024\" data-id=\"2995\" src=\"https:\/\/simusar.com.br\/wfe\/wp-content\/uploads\/2024\/07\/IMG_20240717_144513-576x1024.jpg\" alt=\"\" class=\"wp-image-2995\" srcset=\"https:\/\/simusar.com.br\/wfe\/wp-content\/uploads\/2024\/07\/IMG_20240717_144513-576x1024.jpg 576w, https:\/\/simusar.com.br\/wfe\/wp-content\/uploads\/2024\/07\/IMG_20240717_144513-169x300.jpg 169w, https:\/\/simusar.com.br\/wfe\/wp-content\/uploads\/2024\/07\/IMG_20240717_144513-768x1365.jpg 768w, https:\/\/simusar.com.br\/wfe\/wp-content\/uploads\/2024\/07\/IMG_20240717_144513-864x1536.jpg 864w, https:\/\/simusar.com.br\/wfe\/wp-content\/uploads\/2024\/07\/IMG_20240717_144513-1152x2048.jpg 1152w, https:\/\/simusar.com.br\/wfe\/wp-content\/uploads\/2024\/07\/IMG_20240717_144513-scaled.jpg 1440w\" sizes=\"auto, (max-width: 576px) 100vw, 576px\" \/><\/figure>\n<\/figure>\n","protected":false},"excerpt":{"rendered":"<p>Na \u00faltima quarta-feira, dia 17 de julho de 2024, o Sindicato dos Servidores Municipais abriu suas portas para uma programa\u00e7\u00e3o especial dedicada aos servidores aposentados. O evento, realizado na sede do sindicato, reuniu um grupo de mulheres, servidoras do quadro de aposentados que aproveitaram a oportunidade para se confraternizar, cuidar da sa\u00fade e se divertir. [&hellip;]<\/p>\n","protected":false},"author":1,"featured_media":2999,"comment_status":"open","ping_status":"open","sticky":false,"template":"","format":"standard","meta":{"_eb_attr":"","footnotes":""},"categories":[4],"tags":[132,151,48,110,53],"class_list":["post-2989","post","type-post","status-publish","format-standard","has-post-thumbnail","hentry","category-noticias","tag-aposentados","tag-palestra","tag-santa-rosa","tag-saude","tag-simusar"],"yoast_head":"<!-- This site is optimized with the Yoast SEO plugin v26.2 - https:\/\/yoast.com\/wordpress\/plugins\/seo\/ -->\n<title>SIMUSAR Promove Dia Especial para Aposentados - SIMUSAR<\/title>\n<meta name=\"robots\" content=\"index, follow, max-snippet:-1, max-image-preview:large, max-video-preview:-1\" \/>\n<link rel=\"canonical\" href=\"https:\/\/simusar.com.br\/wfe\/simusar-promove-dia-especial-para-aposentados\/\" \/>\n<meta property=\"og:locale\" content=\"pt_BR\" \/>\n<meta property=\"og:type\" content=\"article\" \/>\n<meta property=\"og:title\" content=\"SIMUSAR Promove Dia Especial para Aposentados - SIMUSAR\" \/>\n<meta property=\"og:description\" content=\"Na \u00faltima quarta-feira, dia 17 de julho de 2024, o Sindicato dos Servidores Municipais abriu suas portas para uma programa\u00e7\u00e3o especial dedicada aos servidores aposentados. O evento, realizado na sede do sindicato, reuniu um grupo de mulheres, servidoras do quadro de aposentados que aproveitaram a oportunidade para se confraternizar, cuidar da sa\u00fade e se divertir. [&hellip;]\" \/>\n<meta property=\"og:url\" content=\"https:\/\/simusar.com.br\/wfe\/simusar-promove-dia-especial-para-aposentados\/\" \/>\n<meta property=\"og:site_name\" content=\"SIMUSAR\" \/>\n<meta property=\"article:publisher\" content=\"https:\/\/www.facebook.com\/simusaroficial\" \/>\n<meta property=\"article:published_time\" content=\"2024-07-19T18:59:05+00:00\" \/>\n<meta property=\"og:image\" content=\"http:\/\/simusar.com.br\/wfe\/wp-content\/uploads\/2024\/07\/posts2024-simusar-43.png\" \/>\n\t<meta property=\"og:image:width\" content=\"1080\" \/>\n\t<meta property=\"og:image:height\" content=\"1350\" \/>\n\t<meta property=\"og:image:type\" content=\"image\/png\" \/>\n<meta name=\"author\" content=\"admin\" \/>\n<meta name=\"twitter:card\" content=\"summary_large_image\" \/>\n<meta name=\"twitter:label1\" content=\"Escrito por\" \/>\n\t<meta name=\"twitter:data1\" content=\"admin\" \/>\n\t<meta name=\"twitter:label2\" content=\"Est. tempo de leitura\" \/>\n\t<meta name=\"twitter:data2\" content=\"4 minutos\" \/>\n<script type=\"application\/ld+json\" class=\"yoast-schema-graph\">{\"@context\":\"https:\/\/schema.org\",\"@graph\":[{\"@type\":\"Article\",\"@id\":\"https:\/\/simusar.com.br\/wfe\/simusar-promove-dia-especial-para-aposentados\/#article\",\"isPartOf\":{\"@id\":\"https:\/\/simusar.com.br\/wfe\/simusar-promove-dia-especial-para-aposentados\/\"},\"author\":{\"name\":\"admin\",\"@id\":\"https:\/\/simusar.com.br\/wfe\/#\/schema\/person\/7bbff4b09265c81fe98c20bae4e03e83\"},\"headline\":\"SIMUSAR Promove Dia Especial para Aposentados\",\"datePublished\":\"2024-07-19T18:59:05+00:00\",\"mainEntityOfPage\":{\"@id\":\"https:\/\/simusar.com.br\/wfe\/simusar-promove-dia-especial-para-aposentados\/\"},\"wordCount\":307,\"commentCount\":0,\"publisher\":{\"@id\":\"https:\/\/simusar.com.br\/wfe\/#organization\"},\"image\":{\"@id\":\"https:\/\/simusar.com.br\/wfe\/simusar-promove-dia-especial-para-aposentados\/#primaryimage\"},\"thumbnailUrl\":\"https:\/\/simusar.com.br\/wfe\/wp-content\/uploads\/2024\/07\/posts2024-simusar-43.png\",\"keywords\":[\"aposentados\",\"palestra\",\"santa rosa\",\"sa\u00fade\",\"simusar\"],\"articleSection\":[\"Noticias\"],\"inLanguage\":\"pt-BR\",\"potentialAction\":[{\"@type\":\"CommentAction\",\"name\":\"Comment\",\"target\":[\"https:\/\/simusar.com.br\/wfe\/simusar-promove-dia-especial-para-aposentados\/#respond\"]}]},{\"@type\":\"WebPage\",\"@id\":\"https:\/\/simusar.com.br\/wfe\/simusar-promove-dia-especial-para-aposentados\/\",\"url\":\"https:\/\/simusar.com.br\/wfe\/simusar-promove-dia-especial-para-aposentados\/\",\"name\":\"SIMUSAR Promove Dia Especial para Aposentados - SIMUSAR\",\"isPartOf\":{\"@id\":\"https:\/\/simusar.com.br\/wfe\/#website\"},\"primaryImageOfPage\":{\"@id\":\"https:\/\/simusar.com.br\/wfe\/simusar-promove-dia-especial-para-aposentados\/#primaryimage\"},\"image\":{\"@id\":\"https:\/\/simusar.com.br\/wfe\/simusar-promove-dia-especial-para-aposentados\/#primaryimage\"},\"thumbnailUrl\":\"https:\/\/simusar.com.br\/wfe\/wp-content\/uploads\/2024\/07\/posts2024-simusar-43.png\",\"datePublished\":\"2024-07-19T18:59:05+00:00\",\"breadcrumb\":{\"@id\":\"https:\/\/simusar.com.br\/wfe\/simusar-promove-dia-especial-para-aposentados\/#breadcrumb\"},\"inLanguage\":\"pt-BR\",\"potentialAction\":[{\"@type\":\"ReadAction\",\"target\":[\"https:\/\/simusar.com.br\/wfe\/simusar-promove-dia-especial-para-aposentados\/\"]}]},{\"@type\":\"ImageObject\",\"inLanguage\":\"pt-BR\",\"@id\":\"https:\/\/simusar.com.br\/wfe\/simusar-promove-dia-especial-para-aposentados\/#primaryimage\",\"url\":\"https:\/\/simusar.com.br\/wfe\/wp-content\/uploads\/2024\/07\/posts2024-simusar-43.png\",\"contentUrl\":\"https:\/\/simusar.com.br\/wfe\/wp-content\/uploads\/2024\/07\/posts2024-simusar-43.png\",\"width\":1080,\"height\":1350},{\"@type\":\"BreadcrumbList\",\"@id\":\"https:\/\/simusar.com.br\/wfe\/simusar-promove-dia-especial-para-aposentados\/#breadcrumb\",\"itemListElement\":[{\"@type\":\"ListItem\",\"position\":1,\"name\":\"In\u00edcio\",\"item\":\"https:\/\/simusar.com.br\/wfe\/\"},{\"@type\":\"ListItem\",\"position\":2,\"name\":\"SIMUSAR Promove Dia Especial para Aposentados\"}]},{\"@type\":\"WebSite\",\"@id\":\"https:\/\/simusar.com.br\/wfe\/#website\",\"url\":\"https:\/\/simusar.com.br\/wfe\/\",\"name\":\"SIMUSAR\",\"description\":\"Sindicatos dos Servidores Municipais de Santa Rosa\",\"publisher\":{\"@id\":\"https:\/\/simusar.com.br\/wfe\/#organization\"},\"potentialAction\":[{\"@type\":\"SearchAction\",\"target\":{\"@type\":\"EntryPoint\",\"urlTemplate\":\"https:\/\/simusar.com.br\/wfe\/?s={search_term_string}\"},\"query-input\":{\"@type\":\"PropertyValueSpecification\",\"valueRequired\":true,\"valueName\":\"search_term_string\"}}],\"inLanguage\":\"pt-BR\"},{\"@type\":\"Organization\",\"@id\":\"https:\/\/simusar.com.br\/wfe\/#organization\",\"name\":\"SIMUSAR\",\"url\":\"https:\/\/simusar.com.br\/wfe\/\",\"logo\":{\"@type\":\"ImageObject\",\"inLanguage\":\"pt-BR\",\"@id\":\"https:\/\/simusar.com.br\/wfe\/#\/schema\/logo\/image\/\",\"url\":\"https:\/\/simusar.com.br\/wfe\/wp-content\/uploads\/2022\/05\/logo-perfil.png\",\"contentUrl\":\"https:\/\/simusar.com.br\/wfe\/wp-content\/uploads\/2022\/05\/logo-perfil.png\",\"width\":1080,\"height\":1080,\"caption\":\"SIMUSAR\"},\"image\":{\"@id\":\"https:\/\/simusar.com.br\/wfe\/#\/schema\/logo\/image\/\"},\"sameAs\":[\"https:\/\/www.facebook.com\/simusaroficial\",\"https:\/\/www.instagram.com\/simusaroficial\"]},{\"@type\":\"Person\",\"@id\":\"https:\/\/simusar.com.br\/wfe\/#\/schema\/person\/7bbff4b09265c81fe98c20bae4e03e83\",\"name\":\"admin\",\"sameAs\":[\"http:\/\/simusar.com.br\/wfe\"],\"url\":\"https:\/\/simusar.com.br\/wfe\/author\/admin\/\"}]}<\/script>\n<!-- \/ Yoast SEO plugin. -->","yoast_head_json":{"title":"SIMUSAR Promove Dia Especial para Aposentados - SIMUSAR","robots":{"index":"index","follow":"follow","max-snippet":"max-snippet:-1","max-image-preview":"max-image-preview:large","max-video-preview":"max-video-preview:-1"},"canonical":"https:\/\/simusar.com.br\/wfe\/simusar-promove-dia-especial-para-aposentados\/","og_locale":"pt_BR","og_type":"article","og_title":"SIMUSAR Promove Dia Especial para Aposentados - SIMUSAR","og_description":"Na \u00faltima quarta-feira, dia 17 de julho de 2024, o Sindicato dos Servidores Municipais abriu suas portas para uma programa\u00e7\u00e3o especial dedicada aos servidores aposentados. O evento, realizado na sede do sindicato, reuniu um grupo de mulheres, servidoras do quadro de aposentados que aproveitaram a oportunidade para se confraternizar, cuidar da sa\u00fade e se divertir. [&hellip;]","og_url":"https:\/\/simusar.com.br\/wfe\/simusar-promove-dia-especial-para-aposentados\/","og_site_name":"SIMUSAR","article_publisher":"https:\/\/www.facebook.com\/simusaroficial","article_published_time":"2024-07-19T18:59:05+00:00","og_image":[{"width":1080,"height":1350,"url":"http:\/\/simusar.com.br\/wfe\/wp-content\/uploads\/2024\/07\/posts2024-simusar-43.png","type":"image\/png"}],"author":"admin","twitter_card":"summary_large_image","twitter_misc":{"Escrito por":"admin","Est. tempo de leitura":"4 minutos"},"schema":{"@context":"https:\/\/schema.org","@graph":[{"@type":"Article","@id":"https:\/\/simusar.com.br\/wfe\/simusar-promove-dia-especial-para-aposentados\/#article","isPartOf":{"@id":"https:\/\/simusar.com.br\/wfe\/simusar-promove-dia-especial-para-aposentados\/"},"author":{"name":"admin","@id":"https:\/\/simusar.com.br\/wfe\/#\/schema\/person\/7bbff4b09265c81fe98c20bae4e03e83"},"headline":"SIMUSAR Promove Dia Especial para Aposentados","datePublished":"2024-07-19T18:59:05+00:00","mainEntityOfPage":{"@id":"https:\/\/simusar.com.br\/wfe\/simusar-promove-dia-especial-para-aposentados\/"},"wordCount":307,"commentCount":0,"publisher":{"@id":"https:\/\/simusar.com.br\/wfe\/#organization"},"image":{"@id":"https:\/\/simusar.com.br\/wfe\/simusar-promove-dia-especial-para-aposentados\/#primaryimage"},"thumbnailUrl":"https:\/\/simusar.com.br\/wfe\/wp-content\/uploads\/2024\/07\/posts2024-simusar-43.png","keywords":["aposentados","palestra","santa rosa","sa\u00fade","simusar"],"articleSection":["Noticias"],"inLanguage":"pt-BR","potentialAction":[{"@type":"CommentAction","name":"Comment","target":["https:\/\/simusar.com.br\/wfe\/simusar-promove-dia-especial-para-aposentados\/#respond"]}]},{"@type":"WebPage","@id":"https:\/\/simusar.com.br\/wfe\/simusar-promove-dia-especial-para-aposentados\/","url":"https:\/\/simusar.com.br\/wfe\/simusar-promove-dia-especial-para-aposentados\/","name":"SIMUSAR Promove Dia Especial para Aposentados - SIMUSAR","isPartOf":{"@id":"https:\/\/simusar.com.br\/wfe\/#website"},"primaryImageOfPage":{"@id":"https:\/\/simusar.com.br\/wfe\/simusar-promove-dia-especial-para-aposentados\/#primaryimage"},"image":{"@id":"https:\/\/simusar.com.br\/wfe\/simusar-promove-dia-especial-para-aposentados\/#primaryimage"},"thumbnailUrl":"https:\/\/simusar.com.br\/wfe\/wp-content\/uploads\/2024\/07\/posts2024-simusar-43.png","datePublished":"2024-07-19T18:59:05+00:00","breadcrumb":{"@id":"https:\/\/simusar.com.br\/wfe\/simusar-promove-dia-especial-para-aposentados\/#breadcrumb"},"inLanguage":"pt-BR","potentialAction":[{"@type":"ReadAction","target":["https:\/\/simusar.com.br\/wfe\/simusar-promove-dia-especial-para-aposentados\/"]}]},{"@type":"ImageObject","inLanguage":"pt-BR","@id":"https:\/\/simusar.com.br\/wfe\/simusar-promove-dia-especial-para-aposentados\/#primaryimage","url":"https:\/\/simusar.com.br\/wfe\/wp-content\/uploads\/2024\/07\/posts2024-simusar-43.png","contentUrl":"https:\/\/simusar.com.br\/wfe\/wp-content\/uploads\/2024\/07\/posts2024-simusar-43.png","width":1080,"height":1350},{"@type":"BreadcrumbList","@id":"https:\/\/simusar.com.br\/wfe\/simusar-promove-dia-especial-para-aposentados\/#breadcrumb","itemListElement":[{"@type":"ListItem","position":1,"name":"In\u00edcio","item":"https:\/\/simusar.com.br\/wfe\/"},{"@type":"ListItem","position":2,"name":"SIMUSAR Promove Dia Especial para Aposentados"}]},{"@type":"WebSite","@id":"https:\/\/simusar.com.br\/wfe\/#website","url":"https:\/\/simusar.com.br\/wfe\/","name":"SIMUSAR","description":"Sindicatos dos Servidores Municipais de Santa Rosa","publisher":{"@id":"https:\/\/simusar.com.br\/wfe\/#organization"},"potentialAction":[{"@type":"SearchAction","target":{"@type":"EntryPoint","urlTemplate":"https:\/\/simusar.com.br\/wfe\/?s={search_term_string}"},"query-input":{"@type":"PropertyValueSpecification","valueRequired":true,"valueName":"search_term_string"}}],"inLanguage":"pt-BR"},{"@type":"Organization","@id":"https:\/\/simusar.com.br\/wfe\/#organization","name":"SIMUSAR","url":"https:\/\/simusar.com.br\/wfe\/","logo":{"@type":"ImageObject","inLanguage":"pt-BR","@id":"https:\/\/simusar.com.br\/wfe\/#\/schema\/logo\/image\/","url":"https:\/\/simusar.com.br\/wfe\/wp-content\/uploads\/2022\/05\/logo-perfil.png","contentUrl":"https:\/\/simusar.com.br\/wfe\/wp-content\/uploads\/2022\/05\/logo-perfil.png","width":1080,"height":1080,"caption":"SIMUSAR"},"image":{"@id":"https:\/\/simusar.com.br\/wfe\/#\/schema\/logo\/image\/"},"sameAs":["https:\/\/www.facebook.com\/simusaroficial","https:\/\/www.instagram.com\/simusaroficial"]},{"@type":"Person","@id":"https:\/\/simusar.com.br\/wfe\/#\/schema\/person\/7bbff4b09265c81fe98c20bae4e03e83","name":"admin","sameAs":["http:\/\/simusar.com.br\/wfe"],"url":"https:\/\/simusar.com.br\/wfe\/author\/admin\/"}]}},"_links":{"self":[{"href":"https:\/\/simusar.com.br\/wfe\/wp-json\/wp\/v2\/posts\/2989","targetHints":{"allow":["GET"]}}],"collection":[{"href":"https:\/\/simusar.com.br\/wfe\/wp-json\/wp\/v2\/posts"}],"about":[{"href":"https:\/\/simusar.com.br\/wfe\/wp-json\/wp\/v2\/types\/post"}],"author":[{"embeddable":true,"href":"https:\/\/simusar.com.br\/wfe\/wp-json\/wp\/v2\/users\/1"}],"replies":[{"embeddable":true,"href":"https:\/\/simusar.com.br\/wfe\/wp-json\/wp\/v2\/comments?post=2989"}],"version-history":[{"count":1,"href":"https:\/\/simusar.com.br\/wfe\/wp-json\/wp\/v2\/posts\/2989\/revisions"}],"predecessor-version":[{"id":3000,"href":"https:\/\/simusar.com.br\/wfe\/wp-json\/wp\/v2\/posts\/2989\/revisions\/3000"}],"wp:featuredmedia":[{"embeddable":true,"href":"https:\/\/simusar.com.br\/wfe\/wp-json\/wp\/v2\/media\/2999"}],"wp:attachment":[{"href":"https:\/\/simusar.com.br\/wfe\/wp-json\/wp\/v2\/media?parent=2989"}],"wp:term":[{"taxonomy":"category","embeddable":true,"href":"https:\/\/simusar.com.br\/wfe\/wp-json\/wp\/v2\/categories?post=2989"},{"taxonomy":"post_tag","embeddable":true,"href":"https:\/\/simusar.com.br\/wfe\/wp-json\/wp\/v2\/tags?post=2989"}],"curies":[{"name":"wp","href":"https:\/\/api.w.org\/{rel}","templated":true}]}}