{"id":3021,"date":"2024-08-08T10:41:09","date_gmt":"2024-08-08T10:41:09","guid":{"rendered":"https:\/\/simusar.com.br\/wfe\/?p=3021"},"modified":"2024-08-08T12:54:45","modified_gmt":"2024-08-08T12:54:45","slug":"santa-rosa-arrecadacao-cresce-mas-gastos-com-pessoal-e-salarios-de-professores-sao-um-enigma","status":"publish","type":"post","link":"https:\/\/simusar.com.br\/wfe\/santa-rosa-arrecadacao-cresce-mas-gastos-com-pessoal-e-salarios-de-professores-sao-um-enigma\/","title":{"rendered":"Santa Rosa: Arrecada\u00e7\u00e3o Cresce, Mas Gastos com Pessoal e Sal\u00e1rios de Professores S\u00e3o um Enigma"},"content":{"rendered":"\n<p>An\u00e1lise Cr\u00edtica: Arrecada\u00e7\u00e3o e Gastos com Pessoal em Santa Rosa<\/p>\n\n\n\n<p>O recente relat\u00f3rio do Tribunal de Contas do Estado do Rio Grande do Sul oferece uma vis\u00e3o detalhada sobre a arrecada\u00e7\u00e3o e os gastos com pessoal do munic\u00edpio de Santa Rosa, abrangendo os exerc\u00edcios de 2022, 2023 e o primeiro quadrimestre de 2024. Os dados revelam uma situa\u00e7\u00e3o financeira que, embora aparentemente positiva, esconde s\u00e9rios problemas na gest\u00e3o de recursos, especialmente no que tange ao pagamento do piso salarial dos professores e a defasagem salarial de outras categorias.<\/p>\n\n\n\n<h2 class=\"wp-block-heading has-text-align-center\">Arrecada\u00e7\u00e3o e Gastos com Pessoal<\/h2>\n\n\n\n<div class=\"wp-block-columns is-layout-flex wp-container-core-columns-is-layout-9d6595d7 wp-block-columns-is-layout-flex\">\n<div class=\"wp-block-column is-layout-flow wp-block-column-is-layout-flow\">\n<p><strong>2022:<\/strong><\/p>\n\n\n\n<p>&#8211; Receita Corrente L\u00edquida (RCL): R$ 387.921.051,18<\/p>\n\n\n\n<p>&#8211; Despesa com Pessoal no Executivo: R$ 161.567.600,38 (41,65% da RCL)<\/p>\n\n\n\n<p>&#8211; Despesa com Pessoal no Legislativo: R$ 4.578.700,79 (1,18% da RCL)<\/p>\n<\/div>\n\n\n\n<div class=\"wp-block-column is-layout-flow wp-block-column-is-layout-flow\">\n<p><strong>2023:<\/strong><\/p>\n\n\n\n<p>&#8211; RCL:R$ 434.261.379,12<\/p>\n\n\n\n<p>&#8211; Despesa com Pessoal no Executivo: R$ 216.674.736,86 (49,90% da RCL)<\/p>\n\n\n\n<p>&#8211; Despesa com Pessoal no Legislativo: R$ 4.798.080,25 (1,10% da RCL)<\/p>\n<\/div>\n\n\n\n<div class=\"wp-block-column is-layout-flow wp-block-column-is-layout-flow\">\n<p><strong>2024 (at\u00e9 o 1\u00ba quadrimestre):<\/strong><\/p>\n\n\n\n<p>&#8211; RCL: R$ 450.756.568,10<\/p>\n\n\n\n<p>&#8211; Despesa com Pessoal no Executivo: R$ 179.707.497,68 (39,87% da RCL)<\/p>\n\n\n\n<p>&#8211; Despesa com Pessoal no Legislativo: R$ 4.843.581,37 (1,07% da RCL)<\/p>\n<\/div>\n<\/div>\n\n\n\n<p><strong>O Paradoxo dos Gastos com Pessoal<\/strong><\/p>\n\n\n\n<p>Os n\u00fameros demonstram um aumento significativo na receita corrente l\u00edquida do munic\u00edpio entre 2022 e 2023, com uma correspondente eleva\u00e7\u00e3o nos gastos com pessoal. Em 2023, a despesa com pessoal do Executivo atingiu quase 50% da RCL, pr\u00f3ximo do limite prudencial estabelecido pela Lei de Responsabilidade Fiscal (LRF), que \u00e9 de 51,3%. Contudo, at\u00e9 o primeiro quadrimestre de 2024, observa-se uma grande redu\u00e7\u00e3o percentual nos gastos com pessoal.<\/p>\n\n\n\n<p>Apesar da eleva\u00e7\u00e3o na arrecada\u00e7\u00e3o e, proporcional redu\u00e7\u00e3o percentual nos gastos com pessoal, o munic\u00edpio de Santa Rosa n\u00e3o est\u00e1 cumprindo com o pagamento do piso salarial dos professores. Esta omiss\u00e3o \u00e9 inaceit\u00e1vel e revela uma gest\u00e3o financeira que, embora disponha de recursos, n\u00e3o prioriza a educa\u00e7\u00e3o e o bem-estar dos seus profissionais.<\/p>\n\n\n\n<p>Al\u00e9m disso, a situa\u00e7\u00e3o se agrava com a defasagem salarial das outras categorias de servidores p\u00fablicos. O relat\u00f3rio mostra que os gastos com pessoal est\u00e3o abaixo do limite toler\u00e1vel pela LRF, sugerindo que h\u00e1 margem para adequa\u00e7\u00f5es salariais sem comprometer a sa\u00fade fiscal do munic\u00edpio. No entanto, a administra\u00e7\u00e3o municipal opta por manter os sal\u00e1rios desatualizados, afetando negativamente a motiva\u00e7\u00e3o e a qualidade de vida dos servidores.<\/p>\n\n\n\n<p>A an\u00e1lise dos dados financeiros do munic\u00edpio de Santa Rosa exp\u00f5e uma contradi\u00e7\u00e3o inquietante. Embora a arrecada\u00e7\u00e3o e os gastos com pessoal estejam dentro dos limites legais e at\u00e9 confortavelmente abaixo do limite m\u00e1ximo, a administra\u00e7\u00e3o n\u00e3o cumpre com o pagamento do piso salarial dos professores e mant\u00e9m os sal\u00e1rios de outras categorias defasados.<\/p>\n\n\n\n<p>\u00c9 crucial que a gest\u00e3o municipal reveja suas prioridades e utilize os recursos dispon\u00edveis de maneira mais justa e eficiente. A valoriza\u00e7\u00e3o dos profissionais da educa\u00e7\u00e3o e dos demais servidores p\u00fablicos \u00e9 fundamental para garantir a qualidade dos servi\u00e7os oferecidos \u00e0 popula\u00e7\u00e3o e para promover um ambiente de trabalho digno e motivador.<\/p>\n\n\n\n<p>A administra\u00e7\u00e3o precisa demonstrar transpar\u00eancia e responsabilidade, n\u00e3o apenas no cumprimento das leis fiscais, mas tamb\u00e9m no tratamento justo e equitativo de seus funcion\u00e1rios. O n\u00e3o pagamento do piso dos professores, apesar dos recursos dispon\u00edveis, \u00e9 uma falha grave que precisa ser corrigida com urg\u00eancia.<\/p>\n","protected":false},"excerpt":{"rendered":"<p>An\u00e1lise Cr\u00edtica: Arrecada\u00e7\u00e3o e Gastos com Pessoal em Santa Rosa O recente relat\u00f3rio do Tribunal de Contas do Estado do Rio Grande do Sul oferece uma vis\u00e3o detalhada sobre a arrecada\u00e7\u00e3o e os gastos com pessoal do munic\u00edpio de Santa Rosa, abrangendo os exerc\u00edcios de 2022, 2023 e o primeiro quadrimestre de 2024. Os dados [&hellip;]<\/p>\n","protected":false},"author":1,"featured_media":3023,"comment_status":"open","ping_status":"open","sticky":false,"template":"","format":"standard","meta":{"_eb_attr":"","footnotes":""},"categories":[4],"tags":[82,123,152,48,53],"class_list":["post-3021","post","type-post","status-publish","format-standard","has-post-thumbnail","hentry","category-noticias","tag-municipio","tag-professores","tag-salarios","tag-santa-rosa","tag-simusar"],"yoast_head":"<!-- This site is optimized with the Yoast SEO plugin v26.2 - https:\/\/yoast.com\/wordpress\/plugins\/seo\/ -->\n<title>Santa Rosa: Arrecada\u00e7\u00e3o Cresce, Mas Gastos com Pessoal e Sal\u00e1rios de Professores S\u00e3o um Enigma - SIMUSAR<\/title>\n<meta name=\"robots\" content=\"index, follow, max-snippet:-1, max-image-preview:large, max-video-preview:-1\" \/>\n<link rel=\"canonical\" href=\"https:\/\/simusar.com.br\/wfe\/santa-rosa-arrecadacao-cresce-mas-gastos-com-pessoal-e-salarios-de-professores-sao-um-enigma\/\" \/>\n<meta property=\"og:locale\" content=\"pt_BR\" \/>\n<meta property=\"og:type\" content=\"article\" \/>\n<meta property=\"og:title\" content=\"Santa Rosa: Arrecada\u00e7\u00e3o Cresce, Mas Gastos com Pessoal e Sal\u00e1rios de Professores S\u00e3o um Enigma - SIMUSAR\" \/>\n<meta property=\"og:description\" content=\"An\u00e1lise Cr\u00edtica: Arrecada\u00e7\u00e3o e Gastos com Pessoal em Santa Rosa O recente relat\u00f3rio do Tribunal de Contas do Estado do Rio Grande do Sul oferece uma vis\u00e3o detalhada sobre a arrecada\u00e7\u00e3o e os gastos com pessoal do munic\u00edpio de Santa Rosa, abrangendo os exerc\u00edcios de 2022, 2023 e o primeiro quadrimestre de 2024. Os dados [&hellip;]\" \/>\n<meta property=\"og:url\" content=\"https:\/\/simusar.com.br\/wfe\/santa-rosa-arrecadacao-cresce-mas-gastos-com-pessoal-e-salarios-de-professores-sao-um-enigma\/\" \/>\n<meta property=\"og:site_name\" content=\"SIMUSAR\" \/>\n<meta property=\"article:publisher\" content=\"https:\/\/www.facebook.com\/simusaroficial\" \/>\n<meta property=\"article:published_time\" content=\"2024-08-08T10:41:09+00:00\" \/>\n<meta property=\"article:modified_time\" content=\"2024-08-08T12:54:45+00:00\" \/>\n<meta property=\"og:image\" content=\"http:\/\/simusar.com.br\/wfe\/wp-content\/uploads\/2024\/08\/posts2024-simusar-gastos.png\" \/>\n\t<meta property=\"og:image:width\" content=\"1080\" \/>\n\t<meta property=\"og:image:height\" content=\"1350\" \/>\n\t<meta property=\"og:image:type\" content=\"image\/png\" \/>\n<meta name=\"author\" content=\"admin\" \/>\n<meta name=\"twitter:card\" content=\"summary_large_image\" \/>\n<meta name=\"twitter:label1\" content=\"Escrito por\" \/>\n\t<meta name=\"twitter:data1\" content=\"admin\" \/>\n\t<meta name=\"twitter:label2\" content=\"Est. tempo de leitura\" \/>\n\t<meta name=\"twitter:data2\" content=\"4 minutos\" \/>\n<script type=\"application\/ld+json\" class=\"yoast-schema-graph\">{\"@context\":\"https:\/\/schema.org\",\"@graph\":[{\"@type\":\"Article\",\"@id\":\"https:\/\/simusar.com.br\/wfe\/santa-rosa-arrecadacao-cresce-mas-gastos-com-pessoal-e-salarios-de-professores-sao-um-enigma\/#article\",\"isPartOf\":{\"@id\":\"https:\/\/simusar.com.br\/wfe\/santa-rosa-arrecadacao-cresce-mas-gastos-com-pessoal-e-salarios-de-professores-sao-um-enigma\/\"},\"author\":{\"name\":\"admin\",\"@id\":\"https:\/\/simusar.com.br\/wfe\/#\/schema\/person\/7bbff4b09265c81fe98c20bae4e03e83\"},\"headline\":\"Santa Rosa: Arrecada\u00e7\u00e3o Cresce, Mas Gastos com Pessoal e Sal\u00e1rios de Professores S\u00e3o um Enigma\",\"datePublished\":\"2024-08-08T10:41:09+00:00\",\"dateModified\":\"2024-08-08T12:54:45+00:00\",\"mainEntityOfPage\":{\"@id\":\"https:\/\/simusar.com.br\/wfe\/santa-rosa-arrecadacao-cresce-mas-gastos-com-pessoal-e-salarios-de-professores-sao-um-enigma\/\"},\"wordCount\":576,\"commentCount\":0,\"publisher\":{\"@id\":\"https:\/\/simusar.com.br\/wfe\/#organization\"},\"image\":{\"@id\":\"https:\/\/simusar.com.br\/wfe\/santa-rosa-arrecadacao-cresce-mas-gastos-com-pessoal-e-salarios-de-professores-sao-um-enigma\/#primaryimage\"},\"thumbnailUrl\":\"https:\/\/simusar.com.br\/wfe\/wp-content\/uploads\/2024\/08\/posts2024-simusar-gastos.png\",\"keywords\":[\"munic\u00edpio\",\"professores\",\"salarios\",\"santa rosa\",\"simusar\"],\"articleSection\":[\"Noticias\"],\"inLanguage\":\"pt-BR\",\"potentialAction\":[{\"@type\":\"CommentAction\",\"name\":\"Comment\",\"target\":[\"https:\/\/simusar.com.br\/wfe\/santa-rosa-arrecadacao-cresce-mas-gastos-com-pessoal-e-salarios-de-professores-sao-um-enigma\/#respond\"]}]},{\"@type\":\"WebPage\",\"@id\":\"https:\/\/simusar.com.br\/wfe\/santa-rosa-arrecadacao-cresce-mas-gastos-com-pessoal-e-salarios-de-professores-sao-um-enigma\/\",\"url\":\"https:\/\/simusar.com.br\/wfe\/santa-rosa-arrecadacao-cresce-mas-gastos-com-pessoal-e-salarios-de-professores-sao-um-enigma\/\",\"name\":\"Santa Rosa: Arrecada\u00e7\u00e3o Cresce, Mas Gastos com Pessoal e Sal\u00e1rios de Professores S\u00e3o um Enigma - SIMUSAR\",\"isPartOf\":{\"@id\":\"https:\/\/simusar.com.br\/wfe\/#website\"},\"primaryImageOfPage\":{\"@id\":\"https:\/\/simusar.com.br\/wfe\/santa-rosa-arrecadacao-cresce-mas-gastos-com-pessoal-e-salarios-de-professores-sao-um-enigma\/#primaryimage\"},\"image\":{\"@id\":\"https:\/\/simusar.com.br\/wfe\/santa-rosa-arrecadacao-cresce-mas-gastos-com-pessoal-e-salarios-de-professores-sao-um-enigma\/#primaryimage\"},\"thumbnailUrl\":\"https:\/\/simusar.com.br\/wfe\/wp-content\/uploads\/2024\/08\/posts2024-simusar-gastos.png\",\"datePublished\":\"2024-08-08T10:41:09+00:00\",\"dateModified\":\"2024-08-08T12:54:45+00:00\",\"breadcrumb\":{\"@id\":\"https:\/\/simusar.com.br\/wfe\/santa-rosa-arrecadacao-cresce-mas-gastos-com-pessoal-e-salarios-de-professores-sao-um-enigma\/#breadcrumb\"},\"inLanguage\":\"pt-BR\",\"potentialAction\":[{\"@type\":\"ReadAction\",\"target\":[\"https:\/\/simusar.com.br\/wfe\/santa-rosa-arrecadacao-cresce-mas-gastos-com-pessoal-e-salarios-de-professores-sao-um-enigma\/\"]}]},{\"@type\":\"ImageObject\",\"inLanguage\":\"pt-BR\",\"@id\":\"https:\/\/simusar.com.br\/wfe\/santa-rosa-arrecadacao-cresce-mas-gastos-com-pessoal-e-salarios-de-professores-sao-um-enigma\/#primaryimage\",\"url\":\"https:\/\/simusar.com.br\/wfe\/wp-content\/uploads\/2024\/08\/posts2024-simusar-gastos.png\",\"contentUrl\":\"https:\/\/simusar.com.br\/wfe\/wp-content\/uploads\/2024\/08\/posts2024-simusar-gastos.png\",\"width\":1080,\"height\":1350},{\"@type\":\"BreadcrumbList\",\"@id\":\"https:\/\/simusar.com.br\/wfe\/santa-rosa-arrecadacao-cresce-mas-gastos-com-pessoal-e-salarios-de-professores-sao-um-enigma\/#breadcrumb\",\"itemListElement\":[{\"@type\":\"ListItem\",\"position\":1,\"name\":\"In\u00edcio\",\"item\":\"https:\/\/simusar.com.br\/wfe\/\"},{\"@type\":\"ListItem\",\"position\":2,\"name\":\"Santa Rosa: Arrecada\u00e7\u00e3o Cresce, Mas Gastos com Pessoal e Sal\u00e1rios de Professores S\u00e3o um Enigma\"}]},{\"@type\":\"WebSite\",\"@id\":\"https:\/\/simusar.com.br\/wfe\/#website\",\"url\":\"https:\/\/simusar.com.br\/wfe\/\",\"name\":\"SIMUSAR\",\"description\":\"Sindicatos dos Servidores Municipais de Santa Rosa\",\"publisher\":{\"@id\":\"https:\/\/simusar.com.br\/wfe\/#organization\"},\"potentialAction\":[{\"@type\":\"SearchAction\",\"target\":{\"@type\":\"EntryPoint\",\"urlTemplate\":\"https:\/\/simusar.com.br\/wfe\/?s={search_term_string}\"},\"query-input\":{\"@type\":\"PropertyValueSpecification\",\"valueRequired\":true,\"valueName\":\"search_term_string\"}}],\"inLanguage\":\"pt-BR\"},{\"@type\":\"Organization\",\"@id\":\"https:\/\/simusar.com.br\/wfe\/#organization\",\"name\":\"SIMUSAR\",\"url\":\"https:\/\/simusar.com.br\/wfe\/\",\"logo\":{\"@type\":\"ImageObject\",\"inLanguage\":\"pt-BR\",\"@id\":\"https:\/\/simusar.com.br\/wfe\/#\/schema\/logo\/image\/\",\"url\":\"https:\/\/simusar.com.br\/wfe\/wp-content\/uploads\/2022\/05\/logo-perfil.png\",\"contentUrl\":\"https:\/\/simusar.com.br\/wfe\/wp-content\/uploads\/2022\/05\/logo-perfil.png\",\"width\":1080,\"height\":1080,\"caption\":\"SIMUSAR\"},\"image\":{\"@id\":\"https:\/\/simusar.com.br\/wfe\/#\/schema\/logo\/image\/\"},\"sameAs\":[\"https:\/\/www.facebook.com\/simusaroficial\",\"https:\/\/www.instagram.com\/simusaroficial\"]},{\"@type\":\"Person\",\"@id\":\"https:\/\/simusar.com.br\/wfe\/#\/schema\/person\/7bbff4b09265c81fe98c20bae4e03e83\",\"name\":\"admin\",\"sameAs\":[\"http:\/\/simusar.com.br\/wfe\"],\"url\":\"https:\/\/simusar.com.br\/wfe\/author\/admin\/\"}]}<\/script>\n<!-- \/ Yoast SEO plugin. -->","yoast_head_json":{"title":"Santa Rosa: Arrecada\u00e7\u00e3o Cresce, Mas Gastos com Pessoal e Sal\u00e1rios de Professores S\u00e3o um Enigma - SIMUSAR","robots":{"index":"index","follow":"follow","max-snippet":"max-snippet:-1","max-image-preview":"max-image-preview:large","max-video-preview":"max-video-preview:-1"},"canonical":"https:\/\/simusar.com.br\/wfe\/santa-rosa-arrecadacao-cresce-mas-gastos-com-pessoal-e-salarios-de-professores-sao-um-enigma\/","og_locale":"pt_BR","og_type":"article","og_title":"Santa Rosa: Arrecada\u00e7\u00e3o Cresce, Mas Gastos com Pessoal e Sal\u00e1rios de Professores S\u00e3o um Enigma - SIMUSAR","og_description":"An\u00e1lise Cr\u00edtica: Arrecada\u00e7\u00e3o e Gastos com Pessoal em Santa Rosa O recente relat\u00f3rio do Tribunal de Contas do Estado do Rio Grande do Sul oferece uma vis\u00e3o detalhada sobre a arrecada\u00e7\u00e3o e os gastos com pessoal do munic\u00edpio de Santa Rosa, abrangendo os exerc\u00edcios de 2022, 2023 e o primeiro quadrimestre de 2024. Os dados [&hellip;]","og_url":"https:\/\/simusar.com.br\/wfe\/santa-rosa-arrecadacao-cresce-mas-gastos-com-pessoal-e-salarios-de-professores-sao-um-enigma\/","og_site_name":"SIMUSAR","article_publisher":"https:\/\/www.facebook.com\/simusaroficial","article_published_time":"2024-08-08T10:41:09+00:00","article_modified_time":"2024-08-08T12:54:45+00:00","og_image":[{"width":1080,"height":1350,"url":"http:\/\/simusar.com.br\/wfe\/wp-content\/uploads\/2024\/08\/posts2024-simusar-gastos.png","type":"image\/png"}],"author":"admin","twitter_card":"summary_large_image","twitter_misc":{"Escrito por":"admin","Est. tempo de leitura":"4 minutos"},"schema":{"@context":"https:\/\/schema.org","@graph":[{"@type":"Article","@id":"https:\/\/simusar.com.br\/wfe\/santa-rosa-arrecadacao-cresce-mas-gastos-com-pessoal-e-salarios-de-professores-sao-um-enigma\/#article","isPartOf":{"@id":"https:\/\/simusar.com.br\/wfe\/santa-rosa-arrecadacao-cresce-mas-gastos-com-pessoal-e-salarios-de-professores-sao-um-enigma\/"},"author":{"name":"admin","@id":"https:\/\/simusar.com.br\/wfe\/#\/schema\/person\/7bbff4b09265c81fe98c20bae4e03e83"},"headline":"Santa Rosa: Arrecada\u00e7\u00e3o Cresce, Mas Gastos com Pessoal e Sal\u00e1rios de Professores S\u00e3o um Enigma","datePublished":"2024-08-08T10:41:09+00:00","dateModified":"2024-08-08T12:54:45+00:00","mainEntityOfPage":{"@id":"https:\/\/simusar.com.br\/wfe\/santa-rosa-arrecadacao-cresce-mas-gastos-com-pessoal-e-salarios-de-professores-sao-um-enigma\/"},"wordCount":576,"commentCount":0,"publisher":{"@id":"https:\/\/simusar.com.br\/wfe\/#organization"},"image":{"@id":"https:\/\/simusar.com.br\/wfe\/santa-rosa-arrecadacao-cresce-mas-gastos-com-pessoal-e-salarios-de-professores-sao-um-enigma\/#primaryimage"},"thumbnailUrl":"https:\/\/simusar.com.br\/wfe\/wp-content\/uploads\/2024\/08\/posts2024-simusar-gastos.png","keywords":["munic\u00edpio","professores","salarios","santa rosa","simusar"],"articleSection":["Noticias"],"inLanguage":"pt-BR","potentialAction":[{"@type":"CommentAction","name":"Comment","target":["https:\/\/simusar.com.br\/wfe\/santa-rosa-arrecadacao-cresce-mas-gastos-com-pessoal-e-salarios-de-professores-sao-um-enigma\/#respond"]}]},{"@type":"WebPage","@id":"https:\/\/simusar.com.br\/wfe\/santa-rosa-arrecadacao-cresce-mas-gastos-com-pessoal-e-salarios-de-professores-sao-um-enigma\/","url":"https:\/\/simusar.com.br\/wfe\/santa-rosa-arrecadacao-cresce-mas-gastos-com-pessoal-e-salarios-de-professores-sao-um-enigma\/","name":"Santa Rosa: Arrecada\u00e7\u00e3o Cresce, Mas Gastos com Pessoal e Sal\u00e1rios de Professores S\u00e3o um Enigma - SIMUSAR","isPartOf":{"@id":"https:\/\/simusar.com.br\/wfe\/#website"},"primaryImageOfPage":{"@id":"https:\/\/simusar.com.br\/wfe\/santa-rosa-arrecadacao-cresce-mas-gastos-com-pessoal-e-salarios-de-professores-sao-um-enigma\/#primaryimage"},"image":{"@id":"https:\/\/simusar.com.br\/wfe\/santa-rosa-arrecadacao-cresce-mas-gastos-com-pessoal-e-salarios-de-professores-sao-um-enigma\/#primaryimage"},"thumbnailUrl":"https:\/\/simusar.com.br\/wfe\/wp-content\/uploads\/2024\/08\/posts2024-simusar-gastos.png","datePublished":"2024-08-08T10:41:09+00:00","dateModified":"2024-08-08T12:54:45+00:00","breadcrumb":{"@id":"https:\/\/simusar.com.br\/wfe\/santa-rosa-arrecadacao-cresce-mas-gastos-com-pessoal-e-salarios-de-professores-sao-um-enigma\/#breadcrumb"},"inLanguage":"pt-BR","potentialAction":[{"@type":"ReadAction","target":["https:\/\/simusar.com.br\/wfe\/santa-rosa-arrecadacao-cresce-mas-gastos-com-pessoal-e-salarios-de-professores-sao-um-enigma\/"]}]},{"@type":"ImageObject","inLanguage":"pt-BR","@id":"https:\/\/simusar.com.br\/wfe\/santa-rosa-arrecadacao-cresce-mas-gastos-com-pessoal-e-salarios-de-professores-sao-um-enigma\/#primaryimage","url":"https:\/\/simusar.com.br\/wfe\/wp-content\/uploads\/2024\/08\/posts2024-simusar-gastos.png","contentUrl":"https:\/\/simusar.com.br\/wfe\/wp-content\/uploads\/2024\/08\/posts2024-simusar-gastos.png","width":1080,"height":1350},{"@type":"BreadcrumbList","@id":"https:\/\/simusar.com.br\/wfe\/santa-rosa-arrecadacao-cresce-mas-gastos-com-pessoal-e-salarios-de-professores-sao-um-enigma\/#breadcrumb","itemListElement":[{"@type":"ListItem","position":1,"name":"In\u00edcio","item":"https:\/\/simusar.com.br\/wfe\/"},{"@type":"ListItem","position":2,"name":"Santa Rosa: Arrecada\u00e7\u00e3o Cresce, Mas Gastos com Pessoal e Sal\u00e1rios de Professores S\u00e3o um Enigma"}]},{"@type":"WebSite","@id":"https:\/\/simusar.com.br\/wfe\/#website","url":"https:\/\/simusar.com.br\/wfe\/","name":"SIMUSAR","description":"Sindicatos dos Servidores Municipais de Santa Rosa","publisher":{"@id":"https:\/\/simusar.com.br\/wfe\/#organization"},"potentialAction":[{"@type":"SearchAction","target":{"@type":"EntryPoint","urlTemplate":"https:\/\/simusar.com.br\/wfe\/?s={search_term_string}"},"query-input":{"@type":"PropertyValueSpecification","valueRequired":true,"valueName":"search_term_string"}}],"inLanguage":"pt-BR"},{"@type":"Organization","@id":"https:\/\/simusar.com.br\/wfe\/#organization","name":"SIMUSAR","url":"https:\/\/simusar.com.br\/wfe\/","logo":{"@type":"ImageObject","inLanguage":"pt-BR","@id":"https:\/\/simusar.com.br\/wfe\/#\/schema\/logo\/image\/","url":"https:\/\/simusar.com.br\/wfe\/wp-content\/uploads\/2022\/05\/logo-perfil.png","contentUrl":"https:\/\/simusar.com.br\/wfe\/wp-content\/uploads\/2022\/05\/logo-perfil.png","width":1080,"height":1080,"caption":"SIMUSAR"},"image":{"@id":"https:\/\/simusar.com.br\/wfe\/#\/schema\/logo\/image\/"},"sameAs":["https:\/\/www.facebook.com\/simusaroficial","https:\/\/www.instagram.com\/simusaroficial"]},{"@type":"Person","@id":"https:\/\/simusar.com.br\/wfe\/#\/schema\/person\/7bbff4b09265c81fe98c20bae4e03e83","name":"admin","sameAs":["http:\/\/simusar.com.br\/wfe"],"url":"https:\/\/simusar.com.br\/wfe\/author\/admin\/"}]}},"_links":{"self":[{"href":"https:\/\/simusar.com.br\/wfe\/wp-json\/wp\/v2\/posts\/3021","targetHints":{"allow":["GET"]}}],"collection":[{"href":"https:\/\/simusar.com.br\/wfe\/wp-json\/wp\/v2\/posts"}],"about":[{"href":"https:\/\/simusar.com.br\/wfe\/wp-json\/wp\/v2\/types\/post"}],"author":[{"embeddable":true,"href":"https:\/\/simusar.com.br\/wfe\/wp-json\/wp\/v2\/users\/1"}],"replies":[{"embeddable":true,"href":"https:\/\/simusar.com.br\/wfe\/wp-json\/wp\/v2\/comments?post=3021"}],"version-history":[{"count":1,"href":"https:\/\/simusar.com.br\/wfe\/wp-json\/wp\/v2\/posts\/3021\/revisions"}],"predecessor-version":[{"id":3022,"href":"https:\/\/simusar.com.br\/wfe\/wp-json\/wp\/v2\/posts\/3021\/revisions\/3022"}],"wp:featuredmedia":[{"embeddable":true,"href":"https:\/\/simusar.com.br\/wfe\/wp-json\/wp\/v2\/media\/3023"}],"wp:attachment":[{"href":"https:\/\/simusar.com.br\/wfe\/wp-json\/wp\/v2\/media?parent=3021"}],"wp:term":[{"taxonomy":"category","embeddable":true,"href":"https:\/\/simusar.com.br\/wfe\/wp-json\/wp\/v2\/categories?post=3021"},{"taxonomy":"post_tag","embeddable":true,"href":"https:\/\/simusar.com.br\/wfe\/wp-json\/wp\/v2\/tags?post=3021"}],"curies":[{"name":"wp","href":"https:\/\/api.w.org\/{rel}","templated":true}]}}