{"id":3024,"date":"2024-08-14T16:39:50","date_gmt":"2024-08-14T16:39:50","guid":{"rendered":"https:\/\/simusar.com.br\/wfe\/?p=3024"},"modified":"2024-08-14T16:41:12","modified_gmt":"2024-08-14T16:41:12","slug":"educacao-no-presidio-estadual-de-santa-rosa","status":"publish","type":"post","link":"https:\/\/simusar.com.br\/wfe\/educacao-no-presidio-estadual-de-santa-rosa\/","title":{"rendered":"Falta de Professores no Brasil Compromete Qualidade da Educa\u00e7\u00e3o"},"content":{"rendered":"\n<p>O d\u00e9ficit de professores no Brasil tem se revelado uma crise persistente que afeta diretamente a qualidade da educa\u00e7\u00e3o em todo o pa\u00eds. O problema, que atinge principalmente \u00e1reas espec\u00edficas e regi\u00f5es mais vulner\u00e1veis, est\u00e1 longe de ser resolvido e exige aten\u00e7\u00e3o urgente das autoridades.<\/p>\n\n\n\n<p>Em disciplinas como Matem\u00e1tica, F\u00edsica e Qu\u00edmica, a escassez de profissionais \u00e9 particularmente alarmante. Segundo dados do Instituto Nacional de Estudos e Pesquisas Educacionais An\u00edsio Teixeira (Inep), apenas 42% dos professores de F\u00edsica e 51% dos professores de Matem\u00e1tica possuem forma\u00e7\u00e3o adequada para lecionar essas disciplinas no Ensino M\u00e9dio.<\/p>\n\n\n\n<p>A desigualdade regional agrava ainda mais a situa\u00e7\u00e3o. No Norte e Nordeste do Brasil, bem como em zonas rurais, a falta de professores \u00e9 ainda mais cr\u00edtica. De acordo com o Censo Escolar de 2023, mais de 30% das escolas dessas regi\u00f5es n\u00e3o possuem professores em n\u00famero suficiente para todas as disciplinas. As dificuldades em atrair e manter profissionais nessas regi\u00f5es s\u00e3o enormes, principalmente devido \u00e0s condi\u00e7\u00f5es de trabalho desfavor\u00e1veis e \u00e0 infraestrutura inadequada das escolas. Essa disparidade regional perpetua um ciclo de desigualdade educacional, deixando milh\u00f5es de estudantes sem o suporte necess\u00e1rio para seu desenvolvimento acad\u00eamico.<\/p>\n\n\n\n<p>A baixa atratividade da profiss\u00e3o docente no Brasil \u00e9 outro fator preocupante. Sal\u00e1rios baixos, condi\u00e7\u00f5es de trabalho prec\u00e1rias e a falta de valoriza\u00e7\u00e3o profissional desestimulam muitos jovens a seguirem a carreira de professor. Segundo o levantamento da Organiza\u00e7\u00e3o para a Coopera\u00e7\u00e3o e Desenvolvimento Econ\u00f4mico (OCDE), os professores brasileiros ganham, em m\u00e9dia, 60% do que ganham profissionais com a mesma forma\u00e7\u00e3o em outras \u00e1reas.<\/p>\n\n\n\n<p>Al\u00e9m disso, a forma\u00e7\u00e3o inicial dos professo- res apresenta diversas falhas. Muitos cursos de licenciatura est\u00e3o desatualizados e desconectados da realidade das salas de aula, o que resulta em profissionais despreparados para os desafios do ensino atual. A falta de programas eficazes de forma\u00e7\u00e3o continuada tamb\u00e9m impede que os professores se atualizem e aprimorem suas pr\u00e1ticas pedag\u00f3gicas ao longo da carreira. Dados do Inep mostram que cerca de 70% dos professores do Ensino B\u00e1sico n\u00e3o participam de programas regulares de forma\u00e7\u00e3o continuada.<\/p>\n\n\n\n<p>O impacto dessa crise na qualidade da educa\u00e7\u00e3o \u00e9 devastador. A aus\u00eancia de professores qualificados compromete o aprendizado dos alunos, refletindo-se em altas taxas de evas\u00e3o escolar e baixo desempenho acad\u00eamico. Segundo o \u00cdndice de Desenvolvimento da Educa\u00e7\u00e3o B\u00e1sica (Ideb), apenas 9,1% dos alunos do Ensino M\u00e9dio atingem n\u00edveis adequados de profici\u00eancia em Matem\u00e1tica. Sem um ensino de qualidade, os estudantes t\u00eam menos chances de se prepararem adequadamente para o futuro, perpetuando um ciclo de desigualdade e limita\u00e7\u00f5es profissionais.<\/p>\n\n\n\n<p>\u00c9 imperativo que pol\u00edticas p\u00fablicas sejam implementadas para reverter esse cen\u00e1rio. Investir na valoriza\u00e7\u00e3o da carreira docente, melhorar a forma\u00e7\u00e3o inicial e continuada dos professores, e criar incentivos para atrair profissionais para as regi\u00f5es mais necessitadas s\u00e3o passos essenciais para garantir uma educa\u00e7\u00e3o de qualidade para todos os brasileiros.<\/p>\n\n\n\n<p>A educa\u00e7\u00e3o \u00e9 a base para o desenvolvimento de qualquer na\u00e7\u00e3o. Sem professores bem preparados e valorizados, o futuro do Brasil permanece compro- metido.<\/p>\n","protected":false},"excerpt":{"rendered":"<p>O d\u00e9ficit de professores no Brasil tem se revelado uma crise persistente que afeta diretamente a qualidade da educa\u00e7\u00e3o em todo o pa\u00eds. O problema, que atinge principalmente \u00e1reas espec\u00edficas e regi\u00f5es mais vulner\u00e1veis, est\u00e1 longe de ser resolvido e exige aten\u00e7\u00e3o urgente das autoridades. Em disciplinas como Matem\u00e1tica, F\u00edsica e Qu\u00edmica, a escassez de [&hellip;]<\/p>\n","protected":false},"author":1,"featured_media":3025,"comment_status":"open","ping_status":"open","sticky":false,"template":"","format":"standard","meta":{"_eb_attr":"","footnotes":""},"categories":[4],"tags":[153,82,123,48,53],"class_list":["post-3024","post","type-post","status-publish","format-standard","has-post-thumbnail","hentry","category-noticias","tag-aula","tag-municipio","tag-professores","tag-santa-rosa","tag-simusar"],"yoast_head":"<!-- This site is optimized with the Yoast SEO plugin v26.2 - https:\/\/yoast.com\/wordpress\/plugins\/seo\/ -->\n<title>Falta de Professores no Brasil Compromete Qualidade da Educa\u00e7\u00e3o - SIMUSAR<\/title>\n<meta name=\"robots\" content=\"index, follow, max-snippet:-1, max-image-preview:large, max-video-preview:-1\" \/>\n<link rel=\"canonical\" href=\"https:\/\/simusar.com.br\/wfe\/educacao-no-presidio-estadual-de-santa-rosa\/\" \/>\n<meta property=\"og:locale\" content=\"pt_BR\" \/>\n<meta property=\"og:type\" content=\"article\" \/>\n<meta property=\"og:title\" content=\"Falta de Professores no Brasil Compromete Qualidade da Educa\u00e7\u00e3o - SIMUSAR\" \/>\n<meta property=\"og:description\" content=\"O d\u00e9ficit de professores no Brasil tem se revelado uma crise persistente que afeta diretamente a qualidade da educa\u00e7\u00e3o em todo o pa\u00eds. O problema, que atinge principalmente \u00e1reas espec\u00edficas e regi\u00f5es mais vulner\u00e1veis, est\u00e1 longe de ser resolvido e exige aten\u00e7\u00e3o urgente das autoridades. Em disciplinas como Matem\u00e1tica, F\u00edsica e Qu\u00edmica, a escassez de [&hellip;]\" \/>\n<meta property=\"og:url\" content=\"https:\/\/simusar.com.br\/wfe\/educacao-no-presidio-estadual-de-santa-rosa\/\" \/>\n<meta property=\"og:site_name\" content=\"SIMUSAR\" \/>\n<meta property=\"article:publisher\" content=\"https:\/\/www.facebook.com\/simusaroficial\" \/>\n<meta property=\"article:published_time\" content=\"2024-08-14T16:39:50+00:00\" \/>\n<meta property=\"article:modified_time\" content=\"2024-08-14T16:41:12+00:00\" \/>\n<meta property=\"og:image\" content=\"http:\/\/simusar.com.br\/wfe\/wp-content\/uploads\/2024\/08\/Sala-de-aula-vazia.jpeg\" \/>\n\t<meta property=\"og:image:width\" content=\"900\" \/>\n\t<meta property=\"og:image:height\" content=\"600\" \/>\n\t<meta property=\"og:image:type\" content=\"image\/jpeg\" \/>\n<meta name=\"author\" content=\"admin\" \/>\n<meta name=\"twitter:card\" content=\"summary_large_image\" \/>\n<meta name=\"twitter:label1\" content=\"Escrito por\" \/>\n\t<meta name=\"twitter:data1\" content=\"admin\" \/>\n\t<meta name=\"twitter:label2\" content=\"Est. tempo de leitura\" \/>\n\t<meta name=\"twitter:data2\" content=\"3 minutos\" \/>\n<script type=\"application\/ld+json\" class=\"yoast-schema-graph\">{\"@context\":\"https:\/\/schema.org\",\"@graph\":[{\"@type\":\"Article\",\"@id\":\"https:\/\/simusar.com.br\/wfe\/educacao-no-presidio-estadual-de-santa-rosa\/#article\",\"isPartOf\":{\"@id\":\"https:\/\/simusar.com.br\/wfe\/educacao-no-presidio-estadual-de-santa-rosa\/\"},\"author\":{\"name\":\"admin\",\"@id\":\"https:\/\/simusar.com.br\/wfe\/#\/schema\/person\/7bbff4b09265c81fe98c20bae4e03e83\"},\"headline\":\"Falta de Professores no Brasil Compromete Qualidade da Educa\u00e7\u00e3o\",\"datePublished\":\"2024-08-14T16:39:50+00:00\",\"dateModified\":\"2024-08-14T16:41:12+00:00\",\"mainEntityOfPage\":{\"@id\":\"https:\/\/simusar.com.br\/wfe\/educacao-no-presidio-estadual-de-santa-rosa\/\"},\"wordCount\":553,\"commentCount\":0,\"publisher\":{\"@id\":\"https:\/\/simusar.com.br\/wfe\/#organization\"},\"image\":{\"@id\":\"https:\/\/simusar.com.br\/wfe\/educacao-no-presidio-estadual-de-santa-rosa\/#primaryimage\"},\"thumbnailUrl\":\"https:\/\/simusar.com.br\/wfe\/wp-content\/uploads\/2024\/08\/Sala-de-aula-vazia.jpeg\",\"keywords\":[\"aula\",\"munic\u00edpio\",\"professores\",\"santa rosa\",\"simusar\"],\"articleSection\":[\"Noticias\"],\"inLanguage\":\"pt-BR\",\"potentialAction\":[{\"@type\":\"CommentAction\",\"name\":\"Comment\",\"target\":[\"https:\/\/simusar.com.br\/wfe\/educacao-no-presidio-estadual-de-santa-rosa\/#respond\"]}]},{\"@type\":\"WebPage\",\"@id\":\"https:\/\/simusar.com.br\/wfe\/educacao-no-presidio-estadual-de-santa-rosa\/\",\"url\":\"https:\/\/simusar.com.br\/wfe\/educacao-no-presidio-estadual-de-santa-rosa\/\",\"name\":\"Falta de Professores no Brasil Compromete Qualidade da Educa\u00e7\u00e3o - SIMUSAR\",\"isPartOf\":{\"@id\":\"https:\/\/simusar.com.br\/wfe\/#website\"},\"primaryImageOfPage\":{\"@id\":\"https:\/\/simusar.com.br\/wfe\/educacao-no-presidio-estadual-de-santa-rosa\/#primaryimage\"},\"image\":{\"@id\":\"https:\/\/simusar.com.br\/wfe\/educacao-no-presidio-estadual-de-santa-rosa\/#primaryimage\"},\"thumbnailUrl\":\"https:\/\/simusar.com.br\/wfe\/wp-content\/uploads\/2024\/08\/Sala-de-aula-vazia.jpeg\",\"datePublished\":\"2024-08-14T16:39:50+00:00\",\"dateModified\":\"2024-08-14T16:41:12+00:00\",\"breadcrumb\":{\"@id\":\"https:\/\/simusar.com.br\/wfe\/educacao-no-presidio-estadual-de-santa-rosa\/#breadcrumb\"},\"inLanguage\":\"pt-BR\",\"potentialAction\":[{\"@type\":\"ReadAction\",\"target\":[\"https:\/\/simusar.com.br\/wfe\/educacao-no-presidio-estadual-de-santa-rosa\/\"]}]},{\"@type\":\"ImageObject\",\"inLanguage\":\"pt-BR\",\"@id\":\"https:\/\/simusar.com.br\/wfe\/educacao-no-presidio-estadual-de-santa-rosa\/#primaryimage\",\"url\":\"https:\/\/simusar.com.br\/wfe\/wp-content\/uploads\/2024\/08\/Sala-de-aula-vazia.jpeg\",\"contentUrl\":\"https:\/\/simusar.com.br\/wfe\/wp-content\/uploads\/2024\/08\/Sala-de-aula-vazia.jpeg\",\"width\":900,\"height\":600},{\"@type\":\"BreadcrumbList\",\"@id\":\"https:\/\/simusar.com.br\/wfe\/educacao-no-presidio-estadual-de-santa-rosa\/#breadcrumb\",\"itemListElement\":[{\"@type\":\"ListItem\",\"position\":1,\"name\":\"In\u00edcio\",\"item\":\"https:\/\/simusar.com.br\/wfe\/\"},{\"@type\":\"ListItem\",\"position\":2,\"name\":\"Falta de Professores no Brasil Compromete Qualidade da Educa\u00e7\u00e3o\"}]},{\"@type\":\"WebSite\",\"@id\":\"https:\/\/simusar.com.br\/wfe\/#website\",\"url\":\"https:\/\/simusar.com.br\/wfe\/\",\"name\":\"SIMUSAR\",\"description\":\"Sindicatos dos Servidores Municipais de Santa Rosa\",\"publisher\":{\"@id\":\"https:\/\/simusar.com.br\/wfe\/#organization\"},\"potentialAction\":[{\"@type\":\"SearchAction\",\"target\":{\"@type\":\"EntryPoint\",\"urlTemplate\":\"https:\/\/simusar.com.br\/wfe\/?s={search_term_string}\"},\"query-input\":{\"@type\":\"PropertyValueSpecification\",\"valueRequired\":true,\"valueName\":\"search_term_string\"}}],\"inLanguage\":\"pt-BR\"},{\"@type\":\"Organization\",\"@id\":\"https:\/\/simusar.com.br\/wfe\/#organization\",\"name\":\"SIMUSAR\",\"url\":\"https:\/\/simusar.com.br\/wfe\/\",\"logo\":{\"@type\":\"ImageObject\",\"inLanguage\":\"pt-BR\",\"@id\":\"https:\/\/simusar.com.br\/wfe\/#\/schema\/logo\/image\/\",\"url\":\"https:\/\/simusar.com.br\/wfe\/wp-content\/uploads\/2022\/05\/logo-perfil.png\",\"contentUrl\":\"https:\/\/simusar.com.br\/wfe\/wp-content\/uploads\/2022\/05\/logo-perfil.png\",\"width\":1080,\"height\":1080,\"caption\":\"SIMUSAR\"},\"image\":{\"@id\":\"https:\/\/simusar.com.br\/wfe\/#\/schema\/logo\/image\/\"},\"sameAs\":[\"https:\/\/www.facebook.com\/simusaroficial\",\"https:\/\/www.instagram.com\/simusaroficial\"]},{\"@type\":\"Person\",\"@id\":\"https:\/\/simusar.com.br\/wfe\/#\/schema\/person\/7bbff4b09265c81fe98c20bae4e03e83\",\"name\":\"admin\",\"sameAs\":[\"http:\/\/simusar.com.br\/wfe\"],\"url\":\"https:\/\/simusar.com.br\/wfe\/author\/admin\/\"}]}<\/script>\n<!-- \/ Yoast SEO plugin. -->","yoast_head_json":{"title":"Falta de Professores no Brasil Compromete Qualidade da Educa\u00e7\u00e3o - SIMUSAR","robots":{"index":"index","follow":"follow","max-snippet":"max-snippet:-1","max-image-preview":"max-image-preview:large","max-video-preview":"max-video-preview:-1"},"canonical":"https:\/\/simusar.com.br\/wfe\/educacao-no-presidio-estadual-de-santa-rosa\/","og_locale":"pt_BR","og_type":"article","og_title":"Falta de Professores no Brasil Compromete Qualidade da Educa\u00e7\u00e3o - SIMUSAR","og_description":"O d\u00e9ficit de professores no Brasil tem se revelado uma crise persistente que afeta diretamente a qualidade da educa\u00e7\u00e3o em todo o pa\u00eds. O problema, que atinge principalmente \u00e1reas espec\u00edficas e regi\u00f5es mais vulner\u00e1veis, est\u00e1 longe de ser resolvido e exige aten\u00e7\u00e3o urgente das autoridades. Em disciplinas como Matem\u00e1tica, F\u00edsica e Qu\u00edmica, a escassez de [&hellip;]","og_url":"https:\/\/simusar.com.br\/wfe\/educacao-no-presidio-estadual-de-santa-rosa\/","og_site_name":"SIMUSAR","article_publisher":"https:\/\/www.facebook.com\/simusaroficial","article_published_time":"2024-08-14T16:39:50+00:00","article_modified_time":"2024-08-14T16:41:12+00:00","og_image":[{"width":900,"height":600,"url":"http:\/\/simusar.com.br\/wfe\/wp-content\/uploads\/2024\/08\/Sala-de-aula-vazia.jpeg","type":"image\/jpeg"}],"author":"admin","twitter_card":"summary_large_image","twitter_misc":{"Escrito por":"admin","Est. tempo de leitura":"3 minutos"},"schema":{"@context":"https:\/\/schema.org","@graph":[{"@type":"Article","@id":"https:\/\/simusar.com.br\/wfe\/educacao-no-presidio-estadual-de-santa-rosa\/#article","isPartOf":{"@id":"https:\/\/simusar.com.br\/wfe\/educacao-no-presidio-estadual-de-santa-rosa\/"},"author":{"name":"admin","@id":"https:\/\/simusar.com.br\/wfe\/#\/schema\/person\/7bbff4b09265c81fe98c20bae4e03e83"},"headline":"Falta de Professores no Brasil Compromete Qualidade da Educa\u00e7\u00e3o","datePublished":"2024-08-14T16:39:50+00:00","dateModified":"2024-08-14T16:41:12+00:00","mainEntityOfPage":{"@id":"https:\/\/simusar.com.br\/wfe\/educacao-no-presidio-estadual-de-santa-rosa\/"},"wordCount":553,"commentCount":0,"publisher":{"@id":"https:\/\/simusar.com.br\/wfe\/#organization"},"image":{"@id":"https:\/\/simusar.com.br\/wfe\/educacao-no-presidio-estadual-de-santa-rosa\/#primaryimage"},"thumbnailUrl":"https:\/\/simusar.com.br\/wfe\/wp-content\/uploads\/2024\/08\/Sala-de-aula-vazia.jpeg","keywords":["aula","munic\u00edpio","professores","santa rosa","simusar"],"articleSection":["Noticias"],"inLanguage":"pt-BR","potentialAction":[{"@type":"CommentAction","name":"Comment","target":["https:\/\/simusar.com.br\/wfe\/educacao-no-presidio-estadual-de-santa-rosa\/#respond"]}]},{"@type":"WebPage","@id":"https:\/\/simusar.com.br\/wfe\/educacao-no-presidio-estadual-de-santa-rosa\/","url":"https:\/\/simusar.com.br\/wfe\/educacao-no-presidio-estadual-de-santa-rosa\/","name":"Falta de Professores no Brasil Compromete Qualidade da Educa\u00e7\u00e3o - SIMUSAR","isPartOf":{"@id":"https:\/\/simusar.com.br\/wfe\/#website"},"primaryImageOfPage":{"@id":"https:\/\/simusar.com.br\/wfe\/educacao-no-presidio-estadual-de-santa-rosa\/#primaryimage"},"image":{"@id":"https:\/\/simusar.com.br\/wfe\/educacao-no-presidio-estadual-de-santa-rosa\/#primaryimage"},"thumbnailUrl":"https:\/\/simusar.com.br\/wfe\/wp-content\/uploads\/2024\/08\/Sala-de-aula-vazia.jpeg","datePublished":"2024-08-14T16:39:50+00:00","dateModified":"2024-08-14T16:41:12+00:00","breadcrumb":{"@id":"https:\/\/simusar.com.br\/wfe\/educacao-no-presidio-estadual-de-santa-rosa\/#breadcrumb"},"inLanguage":"pt-BR","potentialAction":[{"@type":"ReadAction","target":["https:\/\/simusar.com.br\/wfe\/educacao-no-presidio-estadual-de-santa-rosa\/"]}]},{"@type":"ImageObject","inLanguage":"pt-BR","@id":"https:\/\/simusar.com.br\/wfe\/educacao-no-presidio-estadual-de-santa-rosa\/#primaryimage","url":"https:\/\/simusar.com.br\/wfe\/wp-content\/uploads\/2024\/08\/Sala-de-aula-vazia.jpeg","contentUrl":"https:\/\/simusar.com.br\/wfe\/wp-content\/uploads\/2024\/08\/Sala-de-aula-vazia.jpeg","width":900,"height":600},{"@type":"BreadcrumbList","@id":"https:\/\/simusar.com.br\/wfe\/educacao-no-presidio-estadual-de-santa-rosa\/#breadcrumb","itemListElement":[{"@type":"ListItem","position":1,"name":"In\u00edcio","item":"https:\/\/simusar.com.br\/wfe\/"},{"@type":"ListItem","position":2,"name":"Falta de Professores no Brasil Compromete Qualidade da Educa\u00e7\u00e3o"}]},{"@type":"WebSite","@id":"https:\/\/simusar.com.br\/wfe\/#website","url":"https:\/\/simusar.com.br\/wfe\/","name":"SIMUSAR","description":"Sindicatos dos Servidores Municipais de Santa Rosa","publisher":{"@id":"https:\/\/simusar.com.br\/wfe\/#organization"},"potentialAction":[{"@type":"SearchAction","target":{"@type":"EntryPoint","urlTemplate":"https:\/\/simusar.com.br\/wfe\/?s={search_term_string}"},"query-input":{"@type":"PropertyValueSpecification","valueRequired":true,"valueName":"search_term_string"}}],"inLanguage":"pt-BR"},{"@type":"Organization","@id":"https:\/\/simusar.com.br\/wfe\/#organization","name":"SIMUSAR","url":"https:\/\/simusar.com.br\/wfe\/","logo":{"@type":"ImageObject","inLanguage":"pt-BR","@id":"https:\/\/simusar.com.br\/wfe\/#\/schema\/logo\/image\/","url":"https:\/\/simusar.com.br\/wfe\/wp-content\/uploads\/2022\/05\/logo-perfil.png","contentUrl":"https:\/\/simusar.com.br\/wfe\/wp-content\/uploads\/2022\/05\/logo-perfil.png","width":1080,"height":1080,"caption":"SIMUSAR"},"image":{"@id":"https:\/\/simusar.com.br\/wfe\/#\/schema\/logo\/image\/"},"sameAs":["https:\/\/www.facebook.com\/simusaroficial","https:\/\/www.instagram.com\/simusaroficial"]},{"@type":"Person","@id":"https:\/\/simusar.com.br\/wfe\/#\/schema\/person\/7bbff4b09265c81fe98c20bae4e03e83","name":"admin","sameAs":["http:\/\/simusar.com.br\/wfe"],"url":"https:\/\/simusar.com.br\/wfe\/author\/admin\/"}]}},"_links":{"self":[{"href":"https:\/\/simusar.com.br\/wfe\/wp-json\/wp\/v2\/posts\/3024","targetHints":{"allow":["GET"]}}],"collection":[{"href":"https:\/\/simusar.com.br\/wfe\/wp-json\/wp\/v2\/posts"}],"about":[{"href":"https:\/\/simusar.com.br\/wfe\/wp-json\/wp\/v2\/types\/post"}],"author":[{"embeddable":true,"href":"https:\/\/simusar.com.br\/wfe\/wp-json\/wp\/v2\/users\/1"}],"replies":[{"embeddable":true,"href":"https:\/\/simusar.com.br\/wfe\/wp-json\/wp\/v2\/comments?post=3024"}],"version-history":[{"count":2,"href":"https:\/\/simusar.com.br\/wfe\/wp-json\/wp\/v2\/posts\/3024\/revisions"}],"predecessor-version":[{"id":3027,"href":"https:\/\/simusar.com.br\/wfe\/wp-json\/wp\/v2\/posts\/3024\/revisions\/3027"}],"wp:featuredmedia":[{"embeddable":true,"href":"https:\/\/simusar.com.br\/wfe\/wp-json\/wp\/v2\/media\/3025"}],"wp:attachment":[{"href":"https:\/\/simusar.com.br\/wfe\/wp-json\/wp\/v2\/media?parent=3024"}],"wp:term":[{"taxonomy":"category","embeddable":true,"href":"https:\/\/simusar.com.br\/wfe\/wp-json\/wp\/v2\/categories?post=3024"},{"taxonomy":"post_tag","embeddable":true,"href":"https:\/\/simusar.com.br\/wfe\/wp-json\/wp\/v2\/tags?post=3024"}],"curies":[{"name":"wp","href":"https:\/\/api.w.org\/{rel}","templated":true}]}}