{"id":3035,"date":"2024-08-15T17:39:35","date_gmt":"2024-08-15T17:39:35","guid":{"rendered":"https:\/\/simusar.com.br\/wfe\/?p=3035"},"modified":"2024-08-15T17:40:48","modified_gmt":"2024-08-15T17:40:48","slug":"santa-rosa-tem-queda-no-ideb","status":"publish","type":"post","link":"https:\/\/simusar.com.br\/wfe\/santa-rosa-tem-queda-no-ideb\/","title":{"rendered":"Santa Rosa tem queda no IDEB"},"content":{"rendered":"<div class=\"wp-block-image\">\n<figure class=\"alignright size-full is-resized\"><img loading=\"lazy\" decoding=\"async\" width=\"972\" height=\"592\" src=\"http:\/\/simusar.com.br\/wfe\/wp-content\/uploads\/2024\/08\/emf-pedrosperoni.png\" alt=\"\" class=\"wp-image-3037\" style=\"width:468px;height:auto\" srcset=\"https:\/\/simusar.com.br\/wfe\/wp-content\/uploads\/2024\/08\/emf-pedrosperoni.png 972w, https:\/\/simusar.com.br\/wfe\/wp-content\/uploads\/2024\/08\/emf-pedrosperoni-300x183.png 300w, https:\/\/simusar.com.br\/wfe\/wp-content\/uploads\/2024\/08\/emf-pedrosperoni-768x468.png 768w\" sizes=\"auto, (max-width: 972px) 100vw, 972px\" \/><\/figure>\n<\/div>\n\n\n<p>O desempenho da rede municipal de ensino de Santa Rosa no \u00cdndice de Desenvolvimento da Educa\u00e7\u00e3o B\u00e1sica (IDEB) de 2023 apresentou uma estabilidade nos anos iniciais do Ensino Fundamental, com a nota de 6,0, mantendo-se no mesmo patamar observado em 2021. No entanto, os anos finais registraram uma leve queda, com a nota de 4,7, refletindo um desempenho abaixo das metas estabelecidas.<\/p>\n\n\n\n<p>Desde 2017, o munic\u00edpio vinha mostrando uma tend\u00eancia de crescimento nos anos iniciais, atingindo um pico de 6,1 em 2021, conforme mostra o gr\u00e1fico. Esse avan\u00e7o foi resultado de investimentos em capacita\u00e7\u00e3o docente e melhoria no material did\u00e1tico. Entretanto, em 2023, o progresso parece ter estagnado, exigindo novas estrat\u00e9gias para que a cidade possa retomar o crescimento e superar as metas futuras.<\/p>\n\n\n\n<p>J\u00e1 nos anos finais, o hist\u00f3rico \u00e9 de desafios cont\u00ednuos. Ap\u00f3s um leve crescimento entre 2017 e 2019, a cidade tem enfrentado dificuldades para melhorar a profici\u00eancia dos alunos, especialmente em Matem\u00e1tica e Portugu\u00eas. A oscila\u00e7\u00e3o nos resultados destaca a necessidade de a\u00e7\u00f5es mais incisivas, como o refor\u00e7o escolar e a implementa\u00e7\u00e3o de programas voltados para o aumento da motiva\u00e7\u00e3o e do engajamento dos alunos.<\/p>\n\n\n\n<p>O presidente do Sindicato dos Servidores Municipais de Santa Rosa (SIMUSAR), Prof. Jonas Fusiger, criticou duramente as a\u00e7\u00f5es do governo municipal, relacionando-as diretamente \u00e0 queda de desempenho nos anos finais do Ensino Fundamental. Segundo o presidente, a n\u00e3o implementa\u00e7\u00e3o do piso salarial dos professores, o desrespeito aos servidores das escolas, a terceiriza\u00e7\u00e3o dos servi\u00e7os escolares, e a retirada da elei\u00e7\u00e3o de diretores e do prontopagamento contribu\u00edram para um ambiente de trabalho desmotivador.<\/p>\n\n\n<div class=\"wp-block-image\">\n<figure class=\"alignleft size-full is-resized\"><img loading=\"lazy\" decoding=\"async\" width=\"322\" height=\"423\" src=\"https:\/\/simusar.com.br\/wfe\/wp-content\/uploads\/2024\/08\/jonas-prsidente.png\" alt=\"\" class=\"wp-image-3038\" style=\"width:262px;height:auto\" srcset=\"https:\/\/simusar.com.br\/wfe\/wp-content\/uploads\/2024\/08\/jonas-prsidente.png 322w, https:\/\/simusar.com.br\/wfe\/wp-content\/uploads\/2024\/08\/jonas-prsidente-228x300.png 228w\" sizes=\"auto, (max-width: 322px) 100vw, 322px\" \/><\/figure>\n<\/div>\n\n\n<blockquote class=\"wp-block-quote is-layout-flow wp-block-quote-is-layout-flow\">\n<p><em>&#8220;A desvaloriza\u00e7\u00e3o dos professores e demais servidores afeta diretamente a qualidade do ensino. Quando o governo municipal se recusa a pagar o piso salarial, ignora os direitos dos servidores e ainda retira a autonomia das escolas ao acabar com a elei\u00e7\u00e3o de diretores, ele est\u00e1 minando a base da educa\u00e7\u00e3o&#8221;<\/em>, afirmou o presidente.<\/p>\n<\/blockquote>\n\n\n\n<p>Segundo ele, a terceiriza\u00e7\u00e3o dos servi\u00e7os escolares tamb\u00e9m \u00e9 uma preocupa\u00e7\u00e3o, pois pode comprometer a continuidade e a qualidade do atendimento aos alunos. <em>&#8220;Estamos vendo uma precariza\u00e7\u00e3o das condi\u00e7\u00f5es de trabalho que, inevitavelmente, reflete no desempenho dos estudantes&#8221;<\/em>, completou.<\/p>\n\n\n\n<p><strong>Perspectivas para o futuro<\/strong><\/p>\n\n\n\n<p>O foco agora est\u00e1 em aprimorar as pr\u00e1ticas pedag\u00f3gicas, fortalecer o apoio aos professores e garantir que todos os alunos tenham acesso \u00e0s ferramentas necess\u00e1rias para seu desenvolvimento acad\u00eamico. A administra\u00e7\u00e3o municipal est\u00e1 otimista de que, com as devidas interven\u00e7\u00f5es, o pr\u00f3ximo resultado do IDEB ser\u00e1 mais positivo.<\/p>\n\n\n\n<p>O gr\u00e1fico apresentado abaixo ilustra os resultados do IDEB de Santa Rosa ao longo dos \u00faltimos ciclos:<\/p>\n\n\n\n<figure class=\"wp-block-image size-full\"><img loading=\"lazy\" decoding=\"async\" width=\"963\" height=\"577\" src=\"https:\/\/simusar.com.br\/wfe\/wp-content\/uploads\/2024\/08\/grafico-ideb.png\" alt=\"\" class=\"wp-image-3036\" srcset=\"https:\/\/simusar.com.br\/wfe\/wp-content\/uploads\/2024\/08\/grafico-ideb.png 963w, https:\/\/simusar.com.br\/wfe\/wp-content\/uploads\/2024\/08\/grafico-ideb-300x180.png 300w, https:\/\/simusar.com.br\/wfe\/wp-content\/uploads\/2024\/08\/grafico-ideb-768x460.png 768w\" sizes=\"auto, (max-width: 963px) 100vw, 963px\" \/><\/figure>\n\n\n\n<p>O desafio de Santa Rosa \u00e9 grande, necessita um comprometimento das autoridades educacionais com a educa\u00e7\u00e3o e o envolvimento da comunidade escolar para que a cidade alcance melhores resultados nos pr\u00f3ximos anos. As metas est\u00e3o tra\u00e7adas, e o trabalho para cumpri-las j\u00e1 come\u00e7ou, mas a an\u00e1lise do SIMUSAR deixa claro que sem uma valoriza\u00e7\u00e3o real dos profissionais da educa\u00e7\u00e3o, os avan\u00e7os podem ser limitados.<\/p>\n","protected":false},"excerpt":{"rendered":"<p>O desempenho da rede municipal de ensino de Santa Rosa no \u00cdndice de Desenvolvimento da Educa\u00e7\u00e3o B\u00e1sica (IDEB) de 2023 apresentou uma estabilidade nos anos iniciais do Ensino Fundamental, com a nota de 6,0, mantendo-se no mesmo patamar observado em 2021. No entanto, os anos finais registraram uma leve queda, com a nota de 4,7, [&hellip;]<\/p>\n","protected":false},"author":1,"featured_media":3037,"comment_status":"open","ping_status":"open","sticky":false,"template":"","format":"standard","meta":{"_eb_attr":"","footnotes":""},"categories":[4],"tags":[157,82,123,48,53],"class_list":["post-3035","post","type-post","status-publish","format-standard","has-post-thumbnail","hentry","category-noticias","tag-ideb","tag-municipio","tag-professores","tag-santa-rosa","tag-simusar"],"yoast_head":"<!-- This site is optimized with the Yoast SEO plugin v26.2 - https:\/\/yoast.com\/wordpress\/plugins\/seo\/ -->\n<title>Santa Rosa tem queda no IDEB - SIMUSAR<\/title>\n<meta name=\"robots\" content=\"index, follow, max-snippet:-1, max-image-preview:large, max-video-preview:-1\" \/>\n<link rel=\"canonical\" href=\"https:\/\/simusar.com.br\/wfe\/santa-rosa-tem-queda-no-ideb\/\" \/>\n<meta property=\"og:locale\" content=\"pt_BR\" \/>\n<meta property=\"og:type\" content=\"article\" \/>\n<meta property=\"og:title\" content=\"Santa Rosa tem queda no IDEB - SIMUSAR\" \/>\n<meta property=\"og:description\" content=\"O desempenho da rede municipal de ensino de Santa Rosa no \u00cdndice de Desenvolvimento da Educa\u00e7\u00e3o B\u00e1sica (IDEB) de 2023 apresentou uma estabilidade nos anos iniciais do Ensino Fundamental, com a nota de 6,0, mantendo-se no mesmo patamar observado em 2021. No entanto, os anos finais registraram uma leve queda, com a nota de 4,7, [&hellip;]\" \/>\n<meta property=\"og:url\" content=\"https:\/\/simusar.com.br\/wfe\/santa-rosa-tem-queda-no-ideb\/\" \/>\n<meta property=\"og:site_name\" content=\"SIMUSAR\" \/>\n<meta property=\"article:publisher\" content=\"https:\/\/www.facebook.com\/simusaroficial\" \/>\n<meta property=\"article:published_time\" content=\"2024-08-15T17:39:35+00:00\" \/>\n<meta property=\"article:modified_time\" content=\"2024-08-15T17:40:48+00:00\" \/>\n<meta property=\"og:image\" content=\"https:\/\/simusar.com.br\/wfe\/wp-content\/uploads\/2024\/08\/emf-pedrosperoni.png\" \/>\n\t<meta property=\"og:image:width\" content=\"972\" \/>\n\t<meta property=\"og:image:height\" content=\"592\" \/>\n\t<meta property=\"og:image:type\" content=\"image\/png\" \/>\n<meta name=\"author\" content=\"admin\" \/>\n<meta name=\"twitter:card\" content=\"summary_large_image\" \/>\n<meta name=\"twitter:label1\" content=\"Escrito por\" \/>\n\t<meta name=\"twitter:data1\" content=\"admin\" \/>\n\t<meta name=\"twitter:label2\" content=\"Est. tempo de leitura\" \/>\n\t<meta name=\"twitter:data2\" content=\"4 minutos\" \/>\n<script type=\"application\/ld+json\" class=\"yoast-schema-graph\">{\"@context\":\"https:\/\/schema.org\",\"@graph\":[{\"@type\":\"Article\",\"@id\":\"https:\/\/simusar.com.br\/wfe\/santa-rosa-tem-queda-no-ideb\/#article\",\"isPartOf\":{\"@id\":\"https:\/\/simusar.com.br\/wfe\/santa-rosa-tem-queda-no-ideb\/\"},\"author\":{\"name\":\"admin\",\"@id\":\"https:\/\/simusar.com.br\/wfe\/#\/schema\/person\/7bbff4b09265c81fe98c20bae4e03e83\"},\"headline\":\"Santa Rosa tem queda no IDEB\",\"datePublished\":\"2024-08-15T17:39:35+00:00\",\"dateModified\":\"2024-08-15T17:40:48+00:00\",\"mainEntityOfPage\":{\"@id\":\"https:\/\/simusar.com.br\/wfe\/santa-rosa-tem-queda-no-ideb\/\"},\"wordCount\":531,\"commentCount\":0,\"publisher\":{\"@id\":\"https:\/\/simusar.com.br\/wfe\/#organization\"},\"image\":{\"@id\":\"https:\/\/simusar.com.br\/wfe\/santa-rosa-tem-queda-no-ideb\/#primaryimage\"},\"thumbnailUrl\":\"https:\/\/simusar.com.br\/wfe\/wp-content\/uploads\/2024\/08\/emf-pedrosperoni.png\",\"keywords\":[\"IDEB\",\"munic\u00edpio\",\"professores\",\"santa rosa\",\"simusar\"],\"articleSection\":[\"Noticias\"],\"inLanguage\":\"pt-BR\",\"potentialAction\":[{\"@type\":\"CommentAction\",\"name\":\"Comment\",\"target\":[\"https:\/\/simusar.com.br\/wfe\/santa-rosa-tem-queda-no-ideb\/#respond\"]}]},{\"@type\":\"WebPage\",\"@id\":\"https:\/\/simusar.com.br\/wfe\/santa-rosa-tem-queda-no-ideb\/\",\"url\":\"https:\/\/simusar.com.br\/wfe\/santa-rosa-tem-queda-no-ideb\/\",\"name\":\"Santa Rosa tem queda no IDEB - SIMUSAR\",\"isPartOf\":{\"@id\":\"https:\/\/simusar.com.br\/wfe\/#website\"},\"primaryImageOfPage\":{\"@id\":\"https:\/\/simusar.com.br\/wfe\/santa-rosa-tem-queda-no-ideb\/#primaryimage\"},\"image\":{\"@id\":\"https:\/\/simusar.com.br\/wfe\/santa-rosa-tem-queda-no-ideb\/#primaryimage\"},\"thumbnailUrl\":\"https:\/\/simusar.com.br\/wfe\/wp-content\/uploads\/2024\/08\/emf-pedrosperoni.png\",\"datePublished\":\"2024-08-15T17:39:35+00:00\",\"dateModified\":\"2024-08-15T17:40:48+00:00\",\"breadcrumb\":{\"@id\":\"https:\/\/simusar.com.br\/wfe\/santa-rosa-tem-queda-no-ideb\/#breadcrumb\"},\"inLanguage\":\"pt-BR\",\"potentialAction\":[{\"@type\":\"ReadAction\",\"target\":[\"https:\/\/simusar.com.br\/wfe\/santa-rosa-tem-queda-no-ideb\/\"]}]},{\"@type\":\"ImageObject\",\"inLanguage\":\"pt-BR\",\"@id\":\"https:\/\/simusar.com.br\/wfe\/santa-rosa-tem-queda-no-ideb\/#primaryimage\",\"url\":\"https:\/\/simusar.com.br\/wfe\/wp-content\/uploads\/2024\/08\/emf-pedrosperoni.png\",\"contentUrl\":\"https:\/\/simusar.com.br\/wfe\/wp-content\/uploads\/2024\/08\/emf-pedrosperoni.png\",\"width\":972,\"height\":592},{\"@type\":\"BreadcrumbList\",\"@id\":\"https:\/\/simusar.com.br\/wfe\/santa-rosa-tem-queda-no-ideb\/#breadcrumb\",\"itemListElement\":[{\"@type\":\"ListItem\",\"position\":1,\"name\":\"In\u00edcio\",\"item\":\"https:\/\/simusar.com.br\/wfe\/\"},{\"@type\":\"ListItem\",\"position\":2,\"name\":\"Santa Rosa tem queda no IDEB\"}]},{\"@type\":\"WebSite\",\"@id\":\"https:\/\/simusar.com.br\/wfe\/#website\",\"url\":\"https:\/\/simusar.com.br\/wfe\/\",\"name\":\"SIMUSAR\",\"description\":\"Sindicatos dos Servidores Municipais de Santa Rosa\",\"publisher\":{\"@id\":\"https:\/\/simusar.com.br\/wfe\/#organization\"},\"potentialAction\":[{\"@type\":\"SearchAction\",\"target\":{\"@type\":\"EntryPoint\",\"urlTemplate\":\"https:\/\/simusar.com.br\/wfe\/?s={search_term_string}\"},\"query-input\":{\"@type\":\"PropertyValueSpecification\",\"valueRequired\":true,\"valueName\":\"search_term_string\"}}],\"inLanguage\":\"pt-BR\"},{\"@type\":\"Organization\",\"@id\":\"https:\/\/simusar.com.br\/wfe\/#organization\",\"name\":\"SIMUSAR\",\"url\":\"https:\/\/simusar.com.br\/wfe\/\",\"logo\":{\"@type\":\"ImageObject\",\"inLanguage\":\"pt-BR\",\"@id\":\"https:\/\/simusar.com.br\/wfe\/#\/schema\/logo\/image\/\",\"url\":\"https:\/\/simusar.com.br\/wfe\/wp-content\/uploads\/2022\/05\/logo-perfil.png\",\"contentUrl\":\"https:\/\/simusar.com.br\/wfe\/wp-content\/uploads\/2022\/05\/logo-perfil.png\",\"width\":1080,\"height\":1080,\"caption\":\"SIMUSAR\"},\"image\":{\"@id\":\"https:\/\/simusar.com.br\/wfe\/#\/schema\/logo\/image\/\"},\"sameAs\":[\"https:\/\/www.facebook.com\/simusaroficial\",\"https:\/\/www.instagram.com\/simusaroficial\"]},{\"@type\":\"Person\",\"@id\":\"https:\/\/simusar.com.br\/wfe\/#\/schema\/person\/7bbff4b09265c81fe98c20bae4e03e83\",\"name\":\"admin\",\"sameAs\":[\"http:\/\/simusar.com.br\/wfe\"],\"url\":\"https:\/\/simusar.com.br\/wfe\/author\/admin\/\"}]}<\/script>\n<!-- \/ Yoast SEO plugin. -->","yoast_head_json":{"title":"Santa Rosa tem queda no IDEB - SIMUSAR","robots":{"index":"index","follow":"follow","max-snippet":"max-snippet:-1","max-image-preview":"max-image-preview:large","max-video-preview":"max-video-preview:-1"},"canonical":"https:\/\/simusar.com.br\/wfe\/santa-rosa-tem-queda-no-ideb\/","og_locale":"pt_BR","og_type":"article","og_title":"Santa Rosa tem queda no IDEB - SIMUSAR","og_description":"O desempenho da rede municipal de ensino de Santa Rosa no \u00cdndice de Desenvolvimento da Educa\u00e7\u00e3o B\u00e1sica (IDEB) de 2023 apresentou uma estabilidade nos anos iniciais do Ensino Fundamental, com a nota de 6,0, mantendo-se no mesmo patamar observado em 2021. No entanto, os anos finais registraram uma leve queda, com a nota de 4,7, [&hellip;]","og_url":"https:\/\/simusar.com.br\/wfe\/santa-rosa-tem-queda-no-ideb\/","og_site_name":"SIMUSAR","article_publisher":"https:\/\/www.facebook.com\/simusaroficial","article_published_time":"2024-08-15T17:39:35+00:00","article_modified_time":"2024-08-15T17:40:48+00:00","og_image":[{"width":972,"height":592,"url":"https:\/\/simusar.com.br\/wfe\/wp-content\/uploads\/2024\/08\/emf-pedrosperoni.png","type":"image\/png"}],"author":"admin","twitter_card":"summary_large_image","twitter_misc":{"Escrito por":"admin","Est. tempo de leitura":"4 minutos"},"schema":{"@context":"https:\/\/schema.org","@graph":[{"@type":"Article","@id":"https:\/\/simusar.com.br\/wfe\/santa-rosa-tem-queda-no-ideb\/#article","isPartOf":{"@id":"https:\/\/simusar.com.br\/wfe\/santa-rosa-tem-queda-no-ideb\/"},"author":{"name":"admin","@id":"https:\/\/simusar.com.br\/wfe\/#\/schema\/person\/7bbff4b09265c81fe98c20bae4e03e83"},"headline":"Santa Rosa tem queda no IDEB","datePublished":"2024-08-15T17:39:35+00:00","dateModified":"2024-08-15T17:40:48+00:00","mainEntityOfPage":{"@id":"https:\/\/simusar.com.br\/wfe\/santa-rosa-tem-queda-no-ideb\/"},"wordCount":531,"commentCount":0,"publisher":{"@id":"https:\/\/simusar.com.br\/wfe\/#organization"},"image":{"@id":"https:\/\/simusar.com.br\/wfe\/santa-rosa-tem-queda-no-ideb\/#primaryimage"},"thumbnailUrl":"https:\/\/simusar.com.br\/wfe\/wp-content\/uploads\/2024\/08\/emf-pedrosperoni.png","keywords":["IDEB","munic\u00edpio","professores","santa rosa","simusar"],"articleSection":["Noticias"],"inLanguage":"pt-BR","potentialAction":[{"@type":"CommentAction","name":"Comment","target":["https:\/\/simusar.com.br\/wfe\/santa-rosa-tem-queda-no-ideb\/#respond"]}]},{"@type":"WebPage","@id":"https:\/\/simusar.com.br\/wfe\/santa-rosa-tem-queda-no-ideb\/","url":"https:\/\/simusar.com.br\/wfe\/santa-rosa-tem-queda-no-ideb\/","name":"Santa Rosa tem queda no IDEB - SIMUSAR","isPartOf":{"@id":"https:\/\/simusar.com.br\/wfe\/#website"},"primaryImageOfPage":{"@id":"https:\/\/simusar.com.br\/wfe\/santa-rosa-tem-queda-no-ideb\/#primaryimage"},"image":{"@id":"https:\/\/simusar.com.br\/wfe\/santa-rosa-tem-queda-no-ideb\/#primaryimage"},"thumbnailUrl":"https:\/\/simusar.com.br\/wfe\/wp-content\/uploads\/2024\/08\/emf-pedrosperoni.png","datePublished":"2024-08-15T17:39:35+00:00","dateModified":"2024-08-15T17:40:48+00:00","breadcrumb":{"@id":"https:\/\/simusar.com.br\/wfe\/santa-rosa-tem-queda-no-ideb\/#breadcrumb"},"inLanguage":"pt-BR","potentialAction":[{"@type":"ReadAction","target":["https:\/\/simusar.com.br\/wfe\/santa-rosa-tem-queda-no-ideb\/"]}]},{"@type":"ImageObject","inLanguage":"pt-BR","@id":"https:\/\/simusar.com.br\/wfe\/santa-rosa-tem-queda-no-ideb\/#primaryimage","url":"https:\/\/simusar.com.br\/wfe\/wp-content\/uploads\/2024\/08\/emf-pedrosperoni.png","contentUrl":"https:\/\/simusar.com.br\/wfe\/wp-content\/uploads\/2024\/08\/emf-pedrosperoni.png","width":972,"height":592},{"@type":"BreadcrumbList","@id":"https:\/\/simusar.com.br\/wfe\/santa-rosa-tem-queda-no-ideb\/#breadcrumb","itemListElement":[{"@type":"ListItem","position":1,"name":"In\u00edcio","item":"https:\/\/simusar.com.br\/wfe\/"},{"@type":"ListItem","position":2,"name":"Santa Rosa tem queda no IDEB"}]},{"@type":"WebSite","@id":"https:\/\/simusar.com.br\/wfe\/#website","url":"https:\/\/simusar.com.br\/wfe\/","name":"SIMUSAR","description":"Sindicatos dos Servidores Municipais de Santa Rosa","publisher":{"@id":"https:\/\/simusar.com.br\/wfe\/#organization"},"potentialAction":[{"@type":"SearchAction","target":{"@type":"EntryPoint","urlTemplate":"https:\/\/simusar.com.br\/wfe\/?s={search_term_string}"},"query-input":{"@type":"PropertyValueSpecification","valueRequired":true,"valueName":"search_term_string"}}],"inLanguage":"pt-BR"},{"@type":"Organization","@id":"https:\/\/simusar.com.br\/wfe\/#organization","name":"SIMUSAR","url":"https:\/\/simusar.com.br\/wfe\/","logo":{"@type":"ImageObject","inLanguage":"pt-BR","@id":"https:\/\/simusar.com.br\/wfe\/#\/schema\/logo\/image\/","url":"https:\/\/simusar.com.br\/wfe\/wp-content\/uploads\/2022\/05\/logo-perfil.png","contentUrl":"https:\/\/simusar.com.br\/wfe\/wp-content\/uploads\/2022\/05\/logo-perfil.png","width":1080,"height":1080,"caption":"SIMUSAR"},"image":{"@id":"https:\/\/simusar.com.br\/wfe\/#\/schema\/logo\/image\/"},"sameAs":["https:\/\/www.facebook.com\/simusaroficial","https:\/\/www.instagram.com\/simusaroficial"]},{"@type":"Person","@id":"https:\/\/simusar.com.br\/wfe\/#\/schema\/person\/7bbff4b09265c81fe98c20bae4e03e83","name":"admin","sameAs":["http:\/\/simusar.com.br\/wfe"],"url":"https:\/\/simusar.com.br\/wfe\/author\/admin\/"}]}},"_links":{"self":[{"href":"https:\/\/simusar.com.br\/wfe\/wp-json\/wp\/v2\/posts\/3035","targetHints":{"allow":["GET"]}}],"collection":[{"href":"https:\/\/simusar.com.br\/wfe\/wp-json\/wp\/v2\/posts"}],"about":[{"href":"https:\/\/simusar.com.br\/wfe\/wp-json\/wp\/v2\/types\/post"}],"author":[{"embeddable":true,"href":"https:\/\/simusar.com.br\/wfe\/wp-json\/wp\/v2\/users\/1"}],"replies":[{"embeddable":true,"href":"https:\/\/simusar.com.br\/wfe\/wp-json\/wp\/v2\/comments?post=3035"}],"version-history":[{"count":2,"href":"https:\/\/simusar.com.br\/wfe\/wp-json\/wp\/v2\/posts\/3035\/revisions"}],"predecessor-version":[{"id":3040,"href":"https:\/\/simusar.com.br\/wfe\/wp-json\/wp\/v2\/posts\/3035\/revisions\/3040"}],"wp:featuredmedia":[{"embeddable":true,"href":"https:\/\/simusar.com.br\/wfe\/wp-json\/wp\/v2\/media\/3037"}],"wp:attachment":[{"href":"https:\/\/simusar.com.br\/wfe\/wp-json\/wp\/v2\/media?parent=3035"}],"wp:term":[{"taxonomy":"category","embeddable":true,"href":"https:\/\/simusar.com.br\/wfe\/wp-json\/wp\/v2\/categories?post=3035"},{"taxonomy":"post_tag","embeddable":true,"href":"https:\/\/simusar.com.br\/wfe\/wp-json\/wp\/v2\/tags?post=3035"}],"curies":[{"name":"wp","href":"https:\/\/api.w.org\/{rel}","templated":true}]}}