{"id":3085,"date":"2024-09-27T14:07:21","date_gmt":"2024-09-27T14:07:21","guid":{"rendered":"https:\/\/simusar.com.br\/wfe\/?p=3085"},"modified":"2024-09-27T14:08:43","modified_gmt":"2024-09-27T14:08:43","slug":"quarto-debate-entre-candidatos-a-prefeitura-de-santa-rosa-acontece-sem-presenca-do-atual-prefeito-candidato-a-reeleicao","status":"publish","type":"post","link":"https:\/\/simusar.com.br\/wfe\/quarto-debate-entre-candidatos-a-prefeitura-de-santa-rosa-acontece-sem-presenca-do-atual-prefeito-candidato-a-reeleicao\/","title":{"rendered":"Quarto Debate entre Candidatos \u00e0 Prefeitura de Santa Rosa Acontece sem Presen\u00e7a do Atual Prefeito, Candidato \u00e0 Reelei\u00e7\u00e3o."},"content":{"rendered":"\n<p>O CTG Sep\u00e9 Tiaraj\u00fa foi palco ontem, do quarto debate entre os candidatos \u00e0 Prefeitura de Santa Rosa, promovido pelo SIMUSAR, Sindicato dos Servidores Municipais de Santa Rosa. Dos tr\u00eas candidatos convidados, apenas dois compareceram: o Dr. Benedetti e Orlando Desconsi. O atual prefeito e tamb\u00e9m candidato \u00e0 reelei\u00e7\u00e3o, Anderson Mantei, n\u00e3o compareceu ao evento.<\/p>\n\n\n\n<figure class=\"wp-block-gallery has-nested-images columns-6 is-cropped wp-block-gallery-1 is-layout-flex wp-block-gallery-is-layout-flex\">\n<figure data-wp-context=\"{&quot;imageId&quot;:&quot;69f3e9188eb0f&quot;}\" data-wp-interactive=\"core\/image\" data-wp-key=\"69f3e9188eb0f\" class=\"wp-block-image size-large wp-lightbox-container\"><img loading=\"lazy\" decoding=\"async\" width=\"1024\" height=\"768\" data-wp-class--hide=\"state.isContentHidden\" data-wp-class--show=\"state.isContentVisible\" data-wp-init=\"callbacks.setButtonStyles\" data-wp-on--click=\"actions.showLightbox\" data-wp-on--load=\"callbacks.setButtonStyles\" data-wp-on-window--resize=\"callbacks.setButtonStyles\" data-id=\"3091\" src=\"https:\/\/simusar.com.br\/wfe\/wp-content\/uploads\/2024\/09\/IMG_20240926_205218-1024x768.jpg\" alt=\"\" class=\"wp-image-3091\" srcset=\"https:\/\/simusar.com.br\/wfe\/wp-content\/uploads\/2024\/09\/IMG_20240926_205218-1024x768.jpg 1024w, https:\/\/simusar.com.br\/wfe\/wp-content\/uploads\/2024\/09\/IMG_20240926_205218-300x225.jpg 300w, https:\/\/simusar.com.br\/wfe\/wp-content\/uploads\/2024\/09\/IMG_20240926_205218-768x576.jpg 768w, https:\/\/simusar.com.br\/wfe\/wp-content\/uploads\/2024\/09\/IMG_20240926_205218-1536x1152.jpg 1536w, https:\/\/simusar.com.br\/wfe\/wp-content\/uploads\/2024\/09\/IMG_20240926_205218-2048x1536.jpg 2048w\" sizes=\"auto, (max-width: 1024px) 100vw, 1024px\" \/><button\n\t\t\tclass=\"lightbox-trigger\"\n\t\t\ttype=\"button\"\n\t\t\taria-haspopup=\"dialog\"\n\t\t\taria-label=\"Ampliar\"\n\t\t\tdata-wp-init=\"callbacks.initTriggerButton\"\n\t\t\tdata-wp-on--click=\"actions.showLightbox\"\n\t\t\tdata-wp-style--right=\"state.imageButtonRight\"\n\t\t\tdata-wp-style--top=\"state.imageButtonTop\"\n\t\t>\n\t\t\t<svg xmlns=\"http:\/\/www.w3.org\/2000\/svg\" width=\"12\" height=\"12\" fill=\"none\" viewBox=\"0 0 12 12\">\n\t\t\t\t<path fill=\"#fff\" d=\"M2 0a2 2 0 0 0-2 2v2h1.5V2a.5.5 0 0 1 .5-.5h2V0H2Zm2 10.5H2a.5.5 0 0 1-.5-.5V8H0v2a2 2 0 0 0 2 2h2v-1.5ZM8 12v-1.5h2a.5.5 0 0 0 .5-.5V8H12v2a2 2 0 0 1-2 2H8Zm2-12a2 2 0 0 1 2 2v2h-1.5V2a.5.5 0 0 0-.5-.5H8V0h2Z\" \/>\n\t\t\t<\/svg>\n\t\t<\/button><\/figure>\n\n\n\n<figure data-wp-context=\"{&quot;imageId&quot;:&quot;69f3e9188ed55&quot;}\" data-wp-interactive=\"core\/image\" data-wp-key=\"69f3e9188ed55\" class=\"wp-block-image size-large wp-lightbox-container\"><img loading=\"lazy\" decoding=\"async\" width=\"1024\" height=\"768\" data-wp-class--hide=\"state.isContentHidden\" data-wp-class--show=\"state.isContentVisible\" data-wp-init=\"callbacks.setButtonStyles\" data-wp-on--click=\"actions.showLightbox\" data-wp-on--load=\"callbacks.setButtonStyles\" data-wp-on-window--resize=\"callbacks.setButtonStyles\" data-id=\"3089\" src=\"https:\/\/simusar.com.br\/wfe\/wp-content\/uploads\/2024\/09\/IMG_20240926_193606-1024x768.jpg\" alt=\"\" class=\"wp-image-3089\" srcset=\"https:\/\/simusar.com.br\/wfe\/wp-content\/uploads\/2024\/09\/IMG_20240926_193606-1024x768.jpg 1024w, https:\/\/simusar.com.br\/wfe\/wp-content\/uploads\/2024\/09\/IMG_20240926_193606-300x225.jpg 300w, https:\/\/simusar.com.br\/wfe\/wp-content\/uploads\/2024\/09\/IMG_20240926_193606-768x576.jpg 768w, https:\/\/simusar.com.br\/wfe\/wp-content\/uploads\/2024\/09\/IMG_20240926_193606-1536x1152.jpg 1536w, https:\/\/simusar.com.br\/wfe\/wp-content\/uploads\/2024\/09\/IMG_20240926_193606-2048x1536.jpg 2048w\" sizes=\"auto, (max-width: 1024px) 100vw, 1024px\" \/><button\n\t\t\tclass=\"lightbox-trigger\"\n\t\t\ttype=\"button\"\n\t\t\taria-haspopup=\"dialog\"\n\t\t\taria-label=\"Ampliar\"\n\t\t\tdata-wp-init=\"callbacks.initTriggerButton\"\n\t\t\tdata-wp-on--click=\"actions.showLightbox\"\n\t\t\tdata-wp-style--right=\"state.imageButtonRight\"\n\t\t\tdata-wp-style--top=\"state.imageButtonTop\"\n\t\t>\n\t\t\t<svg xmlns=\"http:\/\/www.w3.org\/2000\/svg\" width=\"12\" height=\"12\" fill=\"none\" viewBox=\"0 0 12 12\">\n\t\t\t\t<path fill=\"#fff\" d=\"M2 0a2 2 0 0 0-2 2v2h1.5V2a.5.5 0 0 1 .5-.5h2V0H2Zm2 10.5H2a.5.5 0 0 1-.5-.5V8H0v2a2 2 0 0 0 2 2h2v-1.5ZM8 12v-1.5h2a.5.5 0 0 0 .5-.5V8H12v2a2 2 0 0 1-2 2H8Zm2-12a2 2 0 0 1 2 2v2h-1.5V2a.5.5 0 0 0-.5-.5H8V0h2Z\" \/>\n\t\t\t<\/svg>\n\t\t<\/button><\/figure>\n\n\n\n<figure data-wp-context=\"{&quot;imageId&quot;:&quot;69f3e9188eefc&quot;}\" data-wp-interactive=\"core\/image\" data-wp-key=\"69f3e9188eefc\" class=\"wp-block-image size-large wp-lightbox-container\"><img loading=\"lazy\" decoding=\"async\" width=\"1024\" height=\"768\" data-wp-class--hide=\"state.isContentHidden\" data-wp-class--show=\"state.isContentVisible\" data-wp-init=\"callbacks.setButtonStyles\" data-wp-on--click=\"actions.showLightbox\" data-wp-on--load=\"callbacks.setButtonStyles\" data-wp-on-window--resize=\"callbacks.setButtonStyles\" data-id=\"3087\" src=\"https:\/\/simusar.com.br\/wfe\/wp-content\/uploads\/2024\/09\/IMG_20240926_193543-1024x768.jpg\" alt=\"\" class=\"wp-image-3087\" srcset=\"https:\/\/simusar.com.br\/wfe\/wp-content\/uploads\/2024\/09\/IMG_20240926_193543-1024x768.jpg 1024w, https:\/\/simusar.com.br\/wfe\/wp-content\/uploads\/2024\/09\/IMG_20240926_193543-300x225.jpg 300w, https:\/\/simusar.com.br\/wfe\/wp-content\/uploads\/2024\/09\/IMG_20240926_193543-768x576.jpg 768w, https:\/\/simusar.com.br\/wfe\/wp-content\/uploads\/2024\/09\/IMG_20240926_193543-1536x1152.jpg 1536w, https:\/\/simusar.com.br\/wfe\/wp-content\/uploads\/2024\/09\/IMG_20240926_193543-2048x1536.jpg 2048w\" sizes=\"auto, (max-width: 1024px) 100vw, 1024px\" \/><button\n\t\t\tclass=\"lightbox-trigger\"\n\t\t\ttype=\"button\"\n\t\t\taria-haspopup=\"dialog\"\n\t\t\taria-label=\"Ampliar\"\n\t\t\tdata-wp-init=\"callbacks.initTriggerButton\"\n\t\t\tdata-wp-on--click=\"actions.showLightbox\"\n\t\t\tdata-wp-style--right=\"state.imageButtonRight\"\n\t\t\tdata-wp-style--top=\"state.imageButtonTop\"\n\t\t>\n\t\t\t<svg xmlns=\"http:\/\/www.w3.org\/2000\/svg\" width=\"12\" height=\"12\" fill=\"none\" viewBox=\"0 0 12 12\">\n\t\t\t\t<path fill=\"#fff\" d=\"M2 0a2 2 0 0 0-2 2v2h1.5V2a.5.5 0 0 1 .5-.5h2V0H2Zm2 10.5H2a.5.5 0 0 1-.5-.5V8H0v2a2 2 0 0 0 2 2h2v-1.5ZM8 12v-1.5h2a.5.5 0 0 0 .5-.5V8H12v2a2 2 0 0 1-2 2H8Zm2-12a2 2 0 0 1 2 2v2h-1.5V2a.5.5 0 0 0-.5-.5H8V0h2Z\" \/>\n\t\t\t<\/svg>\n\t\t<\/button><\/figure>\n\n\n\n<figure data-wp-context=\"{&quot;imageId&quot;:&quot;69f3e9188f0dd&quot;}\" data-wp-interactive=\"core\/image\" data-wp-key=\"69f3e9188f0dd\" class=\"wp-block-image size-large wp-lightbox-container\"><img loading=\"lazy\" decoding=\"async\" width=\"1024\" height=\"768\" data-wp-class--hide=\"state.isContentHidden\" data-wp-class--show=\"state.isContentVisible\" data-wp-init=\"callbacks.setButtonStyles\" data-wp-on--click=\"actions.showLightbox\" data-wp-on--load=\"callbacks.setButtonStyles\" data-wp-on-window--resize=\"callbacks.setButtonStyles\" data-id=\"3090\" src=\"https:\/\/simusar.com.br\/wfe\/wp-content\/uploads\/2024\/09\/IMG_20240926_193808-1024x768.jpg\" alt=\"\" class=\"wp-image-3090\" srcset=\"https:\/\/simusar.com.br\/wfe\/wp-content\/uploads\/2024\/09\/IMG_20240926_193808-1024x768.jpg 1024w, https:\/\/simusar.com.br\/wfe\/wp-content\/uploads\/2024\/09\/IMG_20240926_193808-300x225.jpg 300w, https:\/\/simusar.com.br\/wfe\/wp-content\/uploads\/2024\/09\/IMG_20240926_193808-768x576.jpg 768w, https:\/\/simusar.com.br\/wfe\/wp-content\/uploads\/2024\/09\/IMG_20240926_193808-1536x1152.jpg 1536w, https:\/\/simusar.com.br\/wfe\/wp-content\/uploads\/2024\/09\/IMG_20240926_193808-2048x1536.jpg 2048w\" sizes=\"auto, (max-width: 1024px) 100vw, 1024px\" \/><button\n\t\t\tclass=\"lightbox-trigger\"\n\t\t\ttype=\"button\"\n\t\t\taria-haspopup=\"dialog\"\n\t\t\taria-label=\"Ampliar\"\n\t\t\tdata-wp-init=\"callbacks.initTriggerButton\"\n\t\t\tdata-wp-on--click=\"actions.showLightbox\"\n\t\t\tdata-wp-style--right=\"state.imageButtonRight\"\n\t\t\tdata-wp-style--top=\"state.imageButtonTop\"\n\t\t>\n\t\t\t<svg xmlns=\"http:\/\/www.w3.org\/2000\/svg\" width=\"12\" height=\"12\" fill=\"none\" viewBox=\"0 0 12 12\">\n\t\t\t\t<path fill=\"#fff\" d=\"M2 0a2 2 0 0 0-2 2v2h1.5V2a.5.5 0 0 1 .5-.5h2V0H2Zm2 10.5H2a.5.5 0 0 1-.5-.5V8H0v2a2 2 0 0 0 2 2h2v-1.5ZM8 12v-1.5h2a.5.5 0 0 0 .5-.5V8H12v2a2 2 0 0 1-2 2H8Zm2-12a2 2 0 0 1 2 2v2h-1.5V2a.5.5 0 0 0-.5-.5H8V0h2Z\" \/>\n\t\t\t<\/svg>\n\t\t<\/button><\/figure>\n\n\n\n<figure data-wp-context=\"{&quot;imageId&quot;:&quot;69f3e9188f270&quot;}\" data-wp-interactive=\"core\/image\" data-wp-key=\"69f3e9188f270\" class=\"wp-block-image size-large wp-lightbox-container\"><img loading=\"lazy\" decoding=\"async\" width=\"768\" height=\"1024\" data-wp-class--hide=\"state.isContentHidden\" data-wp-class--show=\"state.isContentVisible\" data-wp-init=\"callbacks.setButtonStyles\" data-wp-on--click=\"actions.showLightbox\" data-wp-on--load=\"callbacks.setButtonStyles\" data-wp-on-window--resize=\"callbacks.setButtonStyles\" data-id=\"3092\" src=\"https:\/\/simusar.com.br\/wfe\/wp-content\/uploads\/2024\/09\/IMG_20240926_201422-768x1024.jpg\" alt=\"\" class=\"wp-image-3092\" srcset=\"https:\/\/simusar.com.br\/wfe\/wp-content\/uploads\/2024\/09\/IMG_20240926_201422-768x1024.jpg 768w, https:\/\/simusar.com.br\/wfe\/wp-content\/uploads\/2024\/09\/IMG_20240926_201422-225x300.jpg 225w, https:\/\/simusar.com.br\/wfe\/wp-content\/uploads\/2024\/09\/IMG_20240926_201422-1152x1536.jpg 1152w, https:\/\/simusar.com.br\/wfe\/wp-content\/uploads\/2024\/09\/IMG_20240926_201422-1536x2048.jpg 1536w, https:\/\/simusar.com.br\/wfe\/wp-content\/uploads\/2024\/09\/IMG_20240926_201422-scaled.jpg 1920w\" sizes=\"auto, (max-width: 768px) 100vw, 768px\" \/><button\n\t\t\tclass=\"lightbox-trigger\"\n\t\t\ttype=\"button\"\n\t\t\taria-haspopup=\"dialog\"\n\t\t\taria-label=\"Ampliar\"\n\t\t\tdata-wp-init=\"callbacks.initTriggerButton\"\n\t\t\tdata-wp-on--click=\"actions.showLightbox\"\n\t\t\tdata-wp-style--right=\"state.imageButtonRight\"\n\t\t\tdata-wp-style--top=\"state.imageButtonTop\"\n\t\t>\n\t\t\t<svg xmlns=\"http:\/\/www.w3.org\/2000\/svg\" width=\"12\" height=\"12\" fill=\"none\" viewBox=\"0 0 12 12\">\n\t\t\t\t<path fill=\"#fff\" d=\"M2 0a2 2 0 0 0-2 2v2h1.5V2a.5.5 0 0 1 .5-.5h2V0H2Zm2 10.5H2a.5.5 0 0 1-.5-.5V8H0v2a2 2 0 0 0 2 2h2v-1.5ZM8 12v-1.5h2a.5.5 0 0 0 .5-.5V8H12v2a2 2 0 0 1-2 2H8Zm2-12a2 2 0 0 1 2 2v2h-1.5V2a.5.5 0 0 0-.5-.5H8V0h2Z\" \/>\n\t\t\t<\/svg>\n\t\t<\/button><\/figure>\n\n\n\n<figure data-wp-context=\"{&quot;imageId&quot;:&quot;69f3e9188f414&quot;}\" data-wp-interactive=\"core\/image\" data-wp-key=\"69f3e9188f414\" class=\"wp-block-image size-large wp-lightbox-container\"><img loading=\"lazy\" decoding=\"async\" width=\"768\" height=\"1024\" data-wp-class--hide=\"state.isContentHidden\" data-wp-class--show=\"state.isContentVisible\" data-wp-init=\"callbacks.setButtonStyles\" data-wp-on--click=\"actions.showLightbox\" data-wp-on--load=\"callbacks.setButtonStyles\" data-wp-on-window--resize=\"callbacks.setButtonStyles\" data-id=\"3086\" src=\"https:\/\/simusar.com.br\/wfe\/wp-content\/uploads\/2024\/09\/IMG_20240926_191517-768x1024.jpg\" alt=\"\" class=\"wp-image-3086\" srcset=\"https:\/\/simusar.com.br\/wfe\/wp-content\/uploads\/2024\/09\/IMG_20240926_191517-768x1024.jpg 768w, https:\/\/simusar.com.br\/wfe\/wp-content\/uploads\/2024\/09\/IMG_20240926_191517-225x300.jpg 225w, https:\/\/simusar.com.br\/wfe\/wp-content\/uploads\/2024\/09\/IMG_20240926_191517-1152x1536.jpg 1152w, https:\/\/simusar.com.br\/wfe\/wp-content\/uploads\/2024\/09\/IMG_20240926_191517-1536x2048.jpg 1536w, https:\/\/simusar.com.br\/wfe\/wp-content\/uploads\/2024\/09\/IMG_20240926_191517-scaled.jpg 1920w\" sizes=\"auto, (max-width: 768px) 100vw, 768px\" \/><button\n\t\t\tclass=\"lightbox-trigger\"\n\t\t\ttype=\"button\"\n\t\t\taria-haspopup=\"dialog\"\n\t\t\taria-label=\"Ampliar\"\n\t\t\tdata-wp-init=\"callbacks.initTriggerButton\"\n\t\t\tdata-wp-on--click=\"actions.showLightbox\"\n\t\t\tdata-wp-style--right=\"state.imageButtonRight\"\n\t\t\tdata-wp-style--top=\"state.imageButtonTop\"\n\t\t>\n\t\t\t<svg xmlns=\"http:\/\/www.w3.org\/2000\/svg\" width=\"12\" height=\"12\" fill=\"none\" viewBox=\"0 0 12 12\">\n\t\t\t\t<path fill=\"#fff\" d=\"M2 0a2 2 0 0 0-2 2v2h1.5V2a.5.5 0 0 1 .5-.5h2V0H2Zm2 10.5H2a.5.5 0 0 1-.5-.5V8H0v2a2 2 0 0 0 2 2h2v-1.5ZM8 12v-1.5h2a.5.5 0 0 0 .5-.5V8H12v2a2 2 0 0 1-2 2H8Zm2-12a2 2 0 0 1 2 2v2h-1.5V2a.5.5 0 0 0-.5-.5H8V0h2Z\" \/>\n\t\t\t<\/svg>\n\t\t<\/button><\/figure>\n<\/figure>\n\n\n\n<p>O debate contou com a participa\u00e7\u00e3o expressiva de servidores p\u00fablicos municipais, vereadores, deputados estaduais e presidentes de outros sindicatos. A aus\u00eancia do atual prefeito gerou indigna\u00e7\u00e3o tanto entre os candidatos presentes quanto entre os servidores, que sentiram-se desrespeitados, considerando que Anderson Mantei parecia n\u00e3o dar a devida import\u00e2ncia ao funcionalismo p\u00fablico.<\/p>\n\n\n\n<p>O evento foi transmitido ao vivo pelo canal oficial do sindicato, e aqueles que n\u00e3o puderam acompanhar presencialmente podem assistir ao debate na \u00edntegra no nosso <a href=\"https:\/\/www.youtube.com\/watch?v=7a3Th2HVfTg\">canal do YouTube.<\/a><\/p>\n\n\n\n<p>Antes do debate, foi disponibilizado um formul\u00e1rio online, que foi divulgado nos grupos e nas nossas redes sociais, para que os servidores enviassem perguntas e questionamentos. Mais de 100 perguntas foram recebidas, e uma equipe do sindicato selecionou e organizou os temas mais relevantes, focados em melhorias para o servi\u00e7o p\u00fablico. Os candidatos presentes responderam \u00e0s demandas e apresentaram suas propostas espec\u00edficas para a categoria.<\/p>\n\n\n\n<p>Este debate, marcado por um ambiente de respeito e tranquilidade, refor\u00e7a o compromisso dos candidatos com a transpar\u00eancia e o di\u00e1logo com os servidores municipais, apesar da aus\u00eancia de um dos concorrentes.<\/p>\n\n\n\n<figure class=\"wp-block-embed is-type-video is-provider-youtube wp-block-embed-youtube wp-embed-aspect-16-9 wp-has-aspect-ratio\"><div class=\"wp-block-embed__wrapper\">\n<iframe loading=\"lazy\" title=\"ELEI\u00c7\u00d5ES 2024 - DEBATE PRESENCIAL SANTA ROSA\/RS\" width=\"500\" height=\"281\" src=\"https:\/\/www.youtube.com\/embed\/7a3Th2HVfTg?feature=oembed\" frameborder=\"0\" allow=\"accelerometer; autoplay; clipboard-write; encrypted-media; gyroscope; picture-in-picture; web-share\" referrerpolicy=\"strict-origin-when-cross-origin\" allowfullscreen><\/iframe>\n<\/div><\/figure>\n","protected":false},"excerpt":{"rendered":"<p>O CTG Sep\u00e9 Tiaraj\u00fa foi palco ontem, do quarto debate entre os candidatos \u00e0 Prefeitura de Santa Rosa, promovido pelo SIMUSAR, Sindicato dos Servidores Municipais de Santa Rosa. Dos tr\u00eas candidatos convidados, apenas dois compareceram: o Dr. Benedetti e Orlando Desconsi. O atual prefeito e tamb\u00e9m candidato \u00e0 reelei\u00e7\u00e3o, Anderson Mantei, n\u00e3o compareceu ao evento. [&hellip;]<\/p>\n","protected":false},"author":1,"featured_media":3089,"comment_status":"closed","ping_status":"closed","sticky":false,"template":"","format":"standard","meta":{"_eb_attr":"","footnotes":""},"categories":[4],"tags":[163,140,82,48,53],"class_list":["post-3085","post","type-post","status-publish","format-standard","has-post-thumbnail","hentry","category-noticias","tag-debate","tag-eleicoes","tag-municipio","tag-santa-rosa","tag-simusar"],"yoast_head":"<!-- This site is optimized with the Yoast SEO plugin v26.2 - https:\/\/yoast.com\/wordpress\/plugins\/seo\/ -->\n<title>Quarto Debate entre Candidatos \u00e0 Prefeitura de Santa Rosa Acontece sem Presen\u00e7a do Atual Prefeito, Candidato \u00e0 Reelei\u00e7\u00e3o. - SIMUSAR<\/title>\n<meta name=\"robots\" content=\"index, follow, max-snippet:-1, max-image-preview:large, max-video-preview:-1\" \/>\n<link rel=\"canonical\" href=\"https:\/\/simusar.com.br\/wfe\/quarto-debate-entre-candidatos-a-prefeitura-de-santa-rosa-acontece-sem-presenca-do-atual-prefeito-candidato-a-reeleicao\/\" \/>\n<meta property=\"og:locale\" content=\"pt_BR\" \/>\n<meta property=\"og:type\" content=\"article\" \/>\n<meta property=\"og:title\" content=\"Quarto Debate entre Candidatos \u00e0 Prefeitura de Santa Rosa Acontece sem Presen\u00e7a do Atual Prefeito, Candidato \u00e0 Reelei\u00e7\u00e3o. - SIMUSAR\" \/>\n<meta property=\"og:description\" content=\"O CTG Sep\u00e9 Tiaraj\u00fa foi palco ontem, do quarto debate entre os candidatos \u00e0 Prefeitura de Santa Rosa, promovido pelo SIMUSAR, Sindicato dos Servidores Municipais de Santa Rosa. Dos tr\u00eas candidatos convidados, apenas dois compareceram: o Dr. Benedetti e Orlando Desconsi. O atual prefeito e tamb\u00e9m candidato \u00e0 reelei\u00e7\u00e3o, Anderson Mantei, n\u00e3o compareceu ao evento. [&hellip;]\" \/>\n<meta property=\"og:url\" content=\"https:\/\/simusar.com.br\/wfe\/quarto-debate-entre-candidatos-a-prefeitura-de-santa-rosa-acontece-sem-presenca-do-atual-prefeito-candidato-a-reeleicao\/\" \/>\n<meta property=\"og:site_name\" content=\"SIMUSAR\" \/>\n<meta property=\"article:publisher\" content=\"https:\/\/www.facebook.com\/simusaroficial\" \/>\n<meta property=\"article:published_time\" content=\"2024-09-27T14:07:21+00:00\" \/>\n<meta property=\"article:modified_time\" content=\"2024-09-27T14:08:43+00:00\" \/>\n<meta property=\"og:image\" content=\"https:\/\/simusar.com.br\/wfe\/wp-content\/uploads\/2024\/09\/IMG_20240926_193606-scaled.jpg\" \/>\n\t<meta property=\"og:image:width\" content=\"2560\" \/>\n\t<meta property=\"og:image:height\" content=\"1920\" \/>\n\t<meta property=\"og:image:type\" content=\"image\/jpeg\" \/>\n<meta name=\"author\" content=\"admin\" \/>\n<meta name=\"twitter:card\" content=\"summary_large_image\" \/>\n<meta name=\"twitter:label1\" content=\"Escrito por\" \/>\n\t<meta name=\"twitter:data1\" content=\"admin\" \/>\n\t<meta name=\"twitter:label2\" content=\"Est. tempo de leitura\" \/>\n\t<meta name=\"twitter:data2\" content=\"3 minutos\" \/>\n<script type=\"application\/ld+json\" class=\"yoast-schema-graph\">{\"@context\":\"https:\/\/schema.org\",\"@graph\":[{\"@type\":\"Article\",\"@id\":\"https:\/\/simusar.com.br\/wfe\/quarto-debate-entre-candidatos-a-prefeitura-de-santa-rosa-acontece-sem-presenca-do-atual-prefeito-candidato-a-reeleicao\/#article\",\"isPartOf\":{\"@id\":\"https:\/\/simusar.com.br\/wfe\/quarto-debate-entre-candidatos-a-prefeitura-de-santa-rosa-acontece-sem-presenca-do-atual-prefeito-candidato-a-reeleicao\/\"},\"author\":{\"name\":\"admin\",\"@id\":\"https:\/\/simusar.com.br\/wfe\/#\/schema\/person\/7bbff4b09265c81fe98c20bae4e03e83\"},\"headline\":\"Quarto Debate entre Candidatos \u00e0 Prefeitura de Santa Rosa Acontece sem Presen\u00e7a do Atual Prefeito, Candidato \u00e0 Reelei\u00e7\u00e3o.\",\"datePublished\":\"2024-09-27T14:07:21+00:00\",\"dateModified\":\"2024-09-27T14:08:43+00:00\",\"mainEntityOfPage\":{\"@id\":\"https:\/\/simusar.com.br\/wfe\/quarto-debate-entre-candidatos-a-prefeitura-de-santa-rosa-acontece-sem-presenca-do-atual-prefeito-candidato-a-reeleicao\/\"},\"wordCount\":276,\"publisher\":{\"@id\":\"https:\/\/simusar.com.br\/wfe\/#organization\"},\"image\":{\"@id\":\"https:\/\/simusar.com.br\/wfe\/quarto-debate-entre-candidatos-a-prefeitura-de-santa-rosa-acontece-sem-presenca-do-atual-prefeito-candidato-a-reeleicao\/#primaryimage\"},\"thumbnailUrl\":\"https:\/\/simusar.com.br\/wfe\/wp-content\/uploads\/2024\/09\/IMG_20240926_193606-scaled.jpg\",\"keywords\":[\"debate\",\"elei\u00e7\u00f5es\",\"munic\u00edpio\",\"santa rosa\",\"simusar\"],\"articleSection\":[\"Noticias\"],\"inLanguage\":\"pt-BR\"},{\"@type\":\"WebPage\",\"@id\":\"https:\/\/simusar.com.br\/wfe\/quarto-debate-entre-candidatos-a-prefeitura-de-santa-rosa-acontece-sem-presenca-do-atual-prefeito-candidato-a-reeleicao\/\",\"url\":\"https:\/\/simusar.com.br\/wfe\/quarto-debate-entre-candidatos-a-prefeitura-de-santa-rosa-acontece-sem-presenca-do-atual-prefeito-candidato-a-reeleicao\/\",\"name\":\"Quarto Debate entre Candidatos \u00e0 Prefeitura de Santa Rosa Acontece sem Presen\u00e7a do Atual Prefeito, Candidato \u00e0 Reelei\u00e7\u00e3o. - SIMUSAR\",\"isPartOf\":{\"@id\":\"https:\/\/simusar.com.br\/wfe\/#website\"},\"primaryImageOfPage\":{\"@id\":\"https:\/\/simusar.com.br\/wfe\/quarto-debate-entre-candidatos-a-prefeitura-de-santa-rosa-acontece-sem-presenca-do-atual-prefeito-candidato-a-reeleicao\/#primaryimage\"},\"image\":{\"@id\":\"https:\/\/simusar.com.br\/wfe\/quarto-debate-entre-candidatos-a-prefeitura-de-santa-rosa-acontece-sem-presenca-do-atual-prefeito-candidato-a-reeleicao\/#primaryimage\"},\"thumbnailUrl\":\"https:\/\/simusar.com.br\/wfe\/wp-content\/uploads\/2024\/09\/IMG_20240926_193606-scaled.jpg\",\"datePublished\":\"2024-09-27T14:07:21+00:00\",\"dateModified\":\"2024-09-27T14:08:43+00:00\",\"breadcrumb\":{\"@id\":\"https:\/\/simusar.com.br\/wfe\/quarto-debate-entre-candidatos-a-prefeitura-de-santa-rosa-acontece-sem-presenca-do-atual-prefeito-candidato-a-reeleicao\/#breadcrumb\"},\"inLanguage\":\"pt-BR\",\"potentialAction\":[{\"@type\":\"ReadAction\",\"target\":[\"https:\/\/simusar.com.br\/wfe\/quarto-debate-entre-candidatos-a-prefeitura-de-santa-rosa-acontece-sem-presenca-do-atual-prefeito-candidato-a-reeleicao\/\"]}]},{\"@type\":\"ImageObject\",\"inLanguage\":\"pt-BR\",\"@id\":\"https:\/\/simusar.com.br\/wfe\/quarto-debate-entre-candidatos-a-prefeitura-de-santa-rosa-acontece-sem-presenca-do-atual-prefeito-candidato-a-reeleicao\/#primaryimage\",\"url\":\"https:\/\/simusar.com.br\/wfe\/wp-content\/uploads\/2024\/09\/IMG_20240926_193606-scaled.jpg\",\"contentUrl\":\"https:\/\/simusar.com.br\/wfe\/wp-content\/uploads\/2024\/09\/IMG_20240926_193606-scaled.jpg\",\"width\":2560,\"height\":1920,\"caption\":\"Exif_JPEG_420\"},{\"@type\":\"BreadcrumbList\",\"@id\":\"https:\/\/simusar.com.br\/wfe\/quarto-debate-entre-candidatos-a-prefeitura-de-santa-rosa-acontece-sem-presenca-do-atual-prefeito-candidato-a-reeleicao\/#breadcrumb\",\"itemListElement\":[{\"@type\":\"ListItem\",\"position\":1,\"name\":\"In\u00edcio\",\"item\":\"https:\/\/simusar.com.br\/wfe\/\"},{\"@type\":\"ListItem\",\"position\":2,\"name\":\"Quarto Debate entre Candidatos \u00e0 Prefeitura de Santa Rosa Acontece sem Presen\u00e7a do Atual Prefeito, Candidato \u00e0 Reelei\u00e7\u00e3o.\"}]},{\"@type\":\"WebSite\",\"@id\":\"https:\/\/simusar.com.br\/wfe\/#website\",\"url\":\"https:\/\/simusar.com.br\/wfe\/\",\"name\":\"SIMUSAR\",\"description\":\"Sindicatos dos Servidores Municipais de Santa Rosa\",\"publisher\":{\"@id\":\"https:\/\/simusar.com.br\/wfe\/#organization\"},\"potentialAction\":[{\"@type\":\"SearchAction\",\"target\":{\"@type\":\"EntryPoint\",\"urlTemplate\":\"https:\/\/simusar.com.br\/wfe\/?s={search_term_string}\"},\"query-input\":{\"@type\":\"PropertyValueSpecification\",\"valueRequired\":true,\"valueName\":\"search_term_string\"}}],\"inLanguage\":\"pt-BR\"},{\"@type\":\"Organization\",\"@id\":\"https:\/\/simusar.com.br\/wfe\/#organization\",\"name\":\"SIMUSAR\",\"url\":\"https:\/\/simusar.com.br\/wfe\/\",\"logo\":{\"@type\":\"ImageObject\",\"inLanguage\":\"pt-BR\",\"@id\":\"https:\/\/simusar.com.br\/wfe\/#\/schema\/logo\/image\/\",\"url\":\"https:\/\/simusar.com.br\/wfe\/wp-content\/uploads\/2022\/05\/logo-perfil.png\",\"contentUrl\":\"https:\/\/simusar.com.br\/wfe\/wp-content\/uploads\/2022\/05\/logo-perfil.png\",\"width\":1080,\"height\":1080,\"caption\":\"SIMUSAR\"},\"image\":{\"@id\":\"https:\/\/simusar.com.br\/wfe\/#\/schema\/logo\/image\/\"},\"sameAs\":[\"https:\/\/www.facebook.com\/simusaroficial\",\"https:\/\/www.instagram.com\/simusaroficial\"]},{\"@type\":\"Person\",\"@id\":\"https:\/\/simusar.com.br\/wfe\/#\/schema\/person\/7bbff4b09265c81fe98c20bae4e03e83\",\"name\":\"admin\",\"sameAs\":[\"http:\/\/simusar.com.br\/wfe\"],\"url\":\"https:\/\/simusar.com.br\/wfe\/author\/admin\/\"}]}<\/script>\n<!-- \/ Yoast SEO plugin. -->","yoast_head_json":{"title":"Quarto Debate entre Candidatos \u00e0 Prefeitura de Santa Rosa Acontece sem Presen\u00e7a do Atual Prefeito, Candidato \u00e0 Reelei\u00e7\u00e3o. - SIMUSAR","robots":{"index":"index","follow":"follow","max-snippet":"max-snippet:-1","max-image-preview":"max-image-preview:large","max-video-preview":"max-video-preview:-1"},"canonical":"https:\/\/simusar.com.br\/wfe\/quarto-debate-entre-candidatos-a-prefeitura-de-santa-rosa-acontece-sem-presenca-do-atual-prefeito-candidato-a-reeleicao\/","og_locale":"pt_BR","og_type":"article","og_title":"Quarto Debate entre Candidatos \u00e0 Prefeitura de Santa Rosa Acontece sem Presen\u00e7a do Atual Prefeito, Candidato \u00e0 Reelei\u00e7\u00e3o. - SIMUSAR","og_description":"O CTG Sep\u00e9 Tiaraj\u00fa foi palco ontem, do quarto debate entre os candidatos \u00e0 Prefeitura de Santa Rosa, promovido pelo SIMUSAR, Sindicato dos Servidores Municipais de Santa Rosa. Dos tr\u00eas candidatos convidados, apenas dois compareceram: o Dr. Benedetti e Orlando Desconsi. O atual prefeito e tamb\u00e9m candidato \u00e0 reelei\u00e7\u00e3o, Anderson Mantei, n\u00e3o compareceu ao evento. [&hellip;]","og_url":"https:\/\/simusar.com.br\/wfe\/quarto-debate-entre-candidatos-a-prefeitura-de-santa-rosa-acontece-sem-presenca-do-atual-prefeito-candidato-a-reeleicao\/","og_site_name":"SIMUSAR","article_publisher":"https:\/\/www.facebook.com\/simusaroficial","article_published_time":"2024-09-27T14:07:21+00:00","article_modified_time":"2024-09-27T14:08:43+00:00","og_image":[{"width":2560,"height":1920,"url":"https:\/\/simusar.com.br\/wfe\/wp-content\/uploads\/2024\/09\/IMG_20240926_193606-scaled.jpg","type":"image\/jpeg"}],"author":"admin","twitter_card":"summary_large_image","twitter_misc":{"Escrito por":"admin","Est. tempo de leitura":"3 minutos"},"schema":{"@context":"https:\/\/schema.org","@graph":[{"@type":"Article","@id":"https:\/\/simusar.com.br\/wfe\/quarto-debate-entre-candidatos-a-prefeitura-de-santa-rosa-acontece-sem-presenca-do-atual-prefeito-candidato-a-reeleicao\/#article","isPartOf":{"@id":"https:\/\/simusar.com.br\/wfe\/quarto-debate-entre-candidatos-a-prefeitura-de-santa-rosa-acontece-sem-presenca-do-atual-prefeito-candidato-a-reeleicao\/"},"author":{"name":"admin","@id":"https:\/\/simusar.com.br\/wfe\/#\/schema\/person\/7bbff4b09265c81fe98c20bae4e03e83"},"headline":"Quarto Debate entre Candidatos \u00e0 Prefeitura de Santa Rosa Acontece sem Presen\u00e7a do Atual Prefeito, Candidato \u00e0 Reelei\u00e7\u00e3o.","datePublished":"2024-09-27T14:07:21+00:00","dateModified":"2024-09-27T14:08:43+00:00","mainEntityOfPage":{"@id":"https:\/\/simusar.com.br\/wfe\/quarto-debate-entre-candidatos-a-prefeitura-de-santa-rosa-acontece-sem-presenca-do-atual-prefeito-candidato-a-reeleicao\/"},"wordCount":276,"publisher":{"@id":"https:\/\/simusar.com.br\/wfe\/#organization"},"image":{"@id":"https:\/\/simusar.com.br\/wfe\/quarto-debate-entre-candidatos-a-prefeitura-de-santa-rosa-acontece-sem-presenca-do-atual-prefeito-candidato-a-reeleicao\/#primaryimage"},"thumbnailUrl":"https:\/\/simusar.com.br\/wfe\/wp-content\/uploads\/2024\/09\/IMG_20240926_193606-scaled.jpg","keywords":["debate","elei\u00e7\u00f5es","munic\u00edpio","santa rosa","simusar"],"articleSection":["Noticias"],"inLanguage":"pt-BR"},{"@type":"WebPage","@id":"https:\/\/simusar.com.br\/wfe\/quarto-debate-entre-candidatos-a-prefeitura-de-santa-rosa-acontece-sem-presenca-do-atual-prefeito-candidato-a-reeleicao\/","url":"https:\/\/simusar.com.br\/wfe\/quarto-debate-entre-candidatos-a-prefeitura-de-santa-rosa-acontece-sem-presenca-do-atual-prefeito-candidato-a-reeleicao\/","name":"Quarto Debate entre Candidatos \u00e0 Prefeitura de Santa Rosa Acontece sem Presen\u00e7a do Atual Prefeito, Candidato \u00e0 Reelei\u00e7\u00e3o. - SIMUSAR","isPartOf":{"@id":"https:\/\/simusar.com.br\/wfe\/#website"},"primaryImageOfPage":{"@id":"https:\/\/simusar.com.br\/wfe\/quarto-debate-entre-candidatos-a-prefeitura-de-santa-rosa-acontece-sem-presenca-do-atual-prefeito-candidato-a-reeleicao\/#primaryimage"},"image":{"@id":"https:\/\/simusar.com.br\/wfe\/quarto-debate-entre-candidatos-a-prefeitura-de-santa-rosa-acontece-sem-presenca-do-atual-prefeito-candidato-a-reeleicao\/#primaryimage"},"thumbnailUrl":"https:\/\/simusar.com.br\/wfe\/wp-content\/uploads\/2024\/09\/IMG_20240926_193606-scaled.jpg","datePublished":"2024-09-27T14:07:21+00:00","dateModified":"2024-09-27T14:08:43+00:00","breadcrumb":{"@id":"https:\/\/simusar.com.br\/wfe\/quarto-debate-entre-candidatos-a-prefeitura-de-santa-rosa-acontece-sem-presenca-do-atual-prefeito-candidato-a-reeleicao\/#breadcrumb"},"inLanguage":"pt-BR","potentialAction":[{"@type":"ReadAction","target":["https:\/\/simusar.com.br\/wfe\/quarto-debate-entre-candidatos-a-prefeitura-de-santa-rosa-acontece-sem-presenca-do-atual-prefeito-candidato-a-reeleicao\/"]}]},{"@type":"ImageObject","inLanguage":"pt-BR","@id":"https:\/\/simusar.com.br\/wfe\/quarto-debate-entre-candidatos-a-prefeitura-de-santa-rosa-acontece-sem-presenca-do-atual-prefeito-candidato-a-reeleicao\/#primaryimage","url":"https:\/\/simusar.com.br\/wfe\/wp-content\/uploads\/2024\/09\/IMG_20240926_193606-scaled.jpg","contentUrl":"https:\/\/simusar.com.br\/wfe\/wp-content\/uploads\/2024\/09\/IMG_20240926_193606-scaled.jpg","width":2560,"height":1920,"caption":"Exif_JPEG_420"},{"@type":"BreadcrumbList","@id":"https:\/\/simusar.com.br\/wfe\/quarto-debate-entre-candidatos-a-prefeitura-de-santa-rosa-acontece-sem-presenca-do-atual-prefeito-candidato-a-reeleicao\/#breadcrumb","itemListElement":[{"@type":"ListItem","position":1,"name":"In\u00edcio","item":"https:\/\/simusar.com.br\/wfe\/"},{"@type":"ListItem","position":2,"name":"Quarto Debate entre Candidatos \u00e0 Prefeitura de Santa Rosa Acontece sem Presen\u00e7a do Atual Prefeito, Candidato \u00e0 Reelei\u00e7\u00e3o."}]},{"@type":"WebSite","@id":"https:\/\/simusar.com.br\/wfe\/#website","url":"https:\/\/simusar.com.br\/wfe\/","name":"SIMUSAR","description":"Sindicatos dos Servidores Municipais de Santa Rosa","publisher":{"@id":"https:\/\/simusar.com.br\/wfe\/#organization"},"potentialAction":[{"@type":"SearchAction","target":{"@type":"EntryPoint","urlTemplate":"https:\/\/simusar.com.br\/wfe\/?s={search_term_string}"},"query-input":{"@type":"PropertyValueSpecification","valueRequired":true,"valueName":"search_term_string"}}],"inLanguage":"pt-BR"},{"@type":"Organization","@id":"https:\/\/simusar.com.br\/wfe\/#organization","name":"SIMUSAR","url":"https:\/\/simusar.com.br\/wfe\/","logo":{"@type":"ImageObject","inLanguage":"pt-BR","@id":"https:\/\/simusar.com.br\/wfe\/#\/schema\/logo\/image\/","url":"https:\/\/simusar.com.br\/wfe\/wp-content\/uploads\/2022\/05\/logo-perfil.png","contentUrl":"https:\/\/simusar.com.br\/wfe\/wp-content\/uploads\/2022\/05\/logo-perfil.png","width":1080,"height":1080,"caption":"SIMUSAR"},"image":{"@id":"https:\/\/simusar.com.br\/wfe\/#\/schema\/logo\/image\/"},"sameAs":["https:\/\/www.facebook.com\/simusaroficial","https:\/\/www.instagram.com\/simusaroficial"]},{"@type":"Person","@id":"https:\/\/simusar.com.br\/wfe\/#\/schema\/person\/7bbff4b09265c81fe98c20bae4e03e83","name":"admin","sameAs":["http:\/\/simusar.com.br\/wfe"],"url":"https:\/\/simusar.com.br\/wfe\/author\/admin\/"}]}},"_links":{"self":[{"href":"https:\/\/simusar.com.br\/wfe\/wp-json\/wp\/v2\/posts\/3085","targetHints":{"allow":["GET"]}}],"collection":[{"href":"https:\/\/simusar.com.br\/wfe\/wp-json\/wp\/v2\/posts"}],"about":[{"href":"https:\/\/simusar.com.br\/wfe\/wp-json\/wp\/v2\/types\/post"}],"author":[{"embeddable":true,"href":"https:\/\/simusar.com.br\/wfe\/wp-json\/wp\/v2\/users\/1"}],"replies":[{"embeddable":true,"href":"https:\/\/simusar.com.br\/wfe\/wp-json\/wp\/v2\/comments?post=3085"}],"version-history":[{"count":2,"href":"https:\/\/simusar.com.br\/wfe\/wp-json\/wp\/v2\/posts\/3085\/revisions"}],"predecessor-version":[{"id":3096,"href":"https:\/\/simusar.com.br\/wfe\/wp-json\/wp\/v2\/posts\/3085\/revisions\/3096"}],"wp:featuredmedia":[{"embeddable":true,"href":"https:\/\/simusar.com.br\/wfe\/wp-json\/wp\/v2\/media\/3089"}],"wp:attachment":[{"href":"https:\/\/simusar.com.br\/wfe\/wp-json\/wp\/v2\/media?parent=3085"}],"wp:term":[{"taxonomy":"category","embeddable":true,"href":"https:\/\/simusar.com.br\/wfe\/wp-json\/wp\/v2\/categories?post=3085"},{"taxonomy":"post_tag","embeddable":true,"href":"https:\/\/simusar.com.br\/wfe\/wp-json\/wp\/v2\/tags?post=3085"}],"curies":[{"name":"wp","href":"https:\/\/api.w.org\/{rel}","templated":true}]}}