{"id":3097,"date":"2024-10-02T14:09:29","date_gmt":"2024-10-02T14:09:29","guid":{"rendered":"https:\/\/simusar.com.br\/wfe\/?p=3097"},"modified":"2024-10-02T14:14:59","modified_gmt":"2024-10-02T14:14:59","slug":"nota-de-repudio","status":"publish","type":"post","link":"https:\/\/simusar.com.br\/wfe\/nota-de-repudio\/","title":{"rendered":"Nota de Rep\u00fadio"},"content":{"rendered":"\n<div class=\"wp-block-file\"><a id=\"wp-block-file--media-f1d7a77b-adcd-4a0b-a609-25934cd967f8\" href=\"https:\/\/simusar.com.br\/wfe\/wp-content\/uploads\/2024\/10\/Nota-de-Repudio-2.pdf\"><strong>Nota de Rep\u00fadio<\/strong><\/a><a href=\"https:\/\/simusar.com.br\/wfe\/wp-content\/uploads\/2024\/10\/Nota-de-Repudio-2.pdf\" class=\"wp-block-file__button wp-element-button\" download aria-describedby=\"wp-block-file--media-f1d7a77b-adcd-4a0b-a609-25934cd967f8\">Baixar<\/a><\/div>\n\n\n\n<div style=\"height:35px\" aria-hidden=\"true\" class=\"wp-block-spacer\"><\/div>\n\n\n\n<p>O Sindicato dos Servidores Municipais de Santa Rosa (Simusar) expressa, com<br>profunda indigna\u00e7\u00e3o, seu rep\u00fadio \u00e0 postura desrespeitosa e anti\u00e9tica de um meio de<br>comunica\u00e7\u00e3o local, que, de forma leviana, desmereceu o esfor\u00e7o coletivo de nossa<br>entidade na organiza\u00e7\u00e3o e transmiss\u00e3o do debate entre os candidatos a prefeito. A<br>infundada acusa\u00e7\u00e3o de uso de \u201cwebcam\u201d \u00e9 uma tentativa clara de minimizar o trabalho<br>s\u00e9rio e profissional realizado, uma vez que foram utilizados equipamentos de alta<br>qualidade, e todos os envolvidos \u2013 desde a equipe t\u00e9cnica at\u00e9 os profissionais de<br>locu\u00e7\u00e3o, filmagem enfim todos os envolvidos \u2013 desempenharam suas fun\u00e7\u00f5es com a<br>compet\u00eancia que o evento demandava.<br>O Simusar, que representa aproximadamente 2 mil servidores e seus in\u00fameros<br>dependentes, tem uma longa hist\u00f3ria de contribui\u00e7\u00e3o para o desenvolvimento de Santa<br>Rosa, muito antes do surgimento deste ve\u00edculo de comunica\u00e7\u00e3o. Ao macular a imagem<br>dos profissionais envolvidos no evento, o referido meio de comunica\u00e7\u00e3o demonstrou<br>n\u00e3o apenas falta de respeito com o trabalho alheio, mas tamb\u00e9m uma arrog\u00e2ncia que<br>em nada contribui para o fortalecimento da nossa democracia.<br>O que n\u00e3o aceitamos, no entanto, \u00e9 que uma m\u00eddia, independentemente de sua<br>auto intitula\u00e7\u00e3o como &#8220;grande&#8221;, desqualifique o trabalho de entidades que, assim como<br>o Simusar, se esfor\u00e7am para contribuir com o processo democr\u00e1tico e o desenvolvimento<br>da sociedade. Ao inv\u00e9s de menosprezar, acreditamos que o verdadeiro papel de<br>qualquer ve\u00edculo de comunica\u00e7\u00e3o deveria ser o de construir pontes para o crescimento<br>conjunto, sempre em prol do bem social.<br>Repudiamos veementemente a postura soberba e desrespeitosa dos dirigentes<br>deste ve\u00edculo de comunica\u00e7\u00e3o. Consideramos inaceit\u00e1vel que, em pleno exerc\u00edcio da<br>cidadania, um \u00f3rg\u00e3o de imprensa se utilize de sua plataforma para desqualificar o<br>trabalho de entidades que, como o Simusar, h\u00e1 anos lutam pelo bem comum e pela<br>defesa dos servidores p\u00fablicos e da sociedade como um todo. \u00c9 lament\u00e1vel que, ao inv\u00e9s<br>de contribuir para o crescimento conjunto, certos indiv\u00edduos prefiram o caminho da<br>desinforma\u00e7\u00e3o e do menosprezo.<br>Nosso desprezo pela forma arrogante e prepotente com que essas pessoas agem<br>\u00e9 completo. N\u00e3o aceitaremos que qualquer entidade, grande ou pequena, tente ofuscar<br>o valor do trabalho do Simusar e sua hist\u00f3ria, de seus profissionais e de Servidores<br>P\u00fablicos. Seguiremos firmes em nossa miss\u00e3o de fortalecer a democracia e servir a<br>sociedade de Santa Rosa com \u00e9tica, seriedade e respeito.<br><br>Jonas A. Fusiger<br>Presidente<\/p>\n","protected":false},"excerpt":{"rendered":"<p>O Sindicato dos Servidores Municipais de Santa Rosa (Simusar) expressa, comprofunda indigna\u00e7\u00e3o, seu rep\u00fadio \u00e0 postura desrespeitosa e anti\u00e9tica de um meio decomunica\u00e7\u00e3o local, que, de forma leviana, desmereceu o esfor\u00e7o coletivo de nossaentidade na organiza\u00e7\u00e3o e transmiss\u00e3o do debate entre os candidatos a prefeito. Ainfundada acusa\u00e7\u00e3o de uso de \u201cwebcam\u201d \u00e9 uma tentativa clara [&hellip;]<\/p>\n","protected":false},"author":1,"featured_media":3098,"comment_status":"closed","ping_status":"closed","sticky":false,"template":"","format":"standard","meta":{"_eb_attr":"","footnotes":""},"categories":[4],"tags":[82,48,53],"class_list":["post-3097","post","type-post","status-publish","format-standard","has-post-thumbnail","hentry","category-noticias","tag-municipio","tag-santa-rosa","tag-simusar"],"yoast_head":"<!-- This site is optimized with the Yoast SEO plugin v26.2 - https:\/\/yoast.com\/wordpress\/plugins\/seo\/ -->\n<title>Nota de Rep\u00fadio - SIMUSAR<\/title>\n<meta name=\"robots\" content=\"index, follow, max-snippet:-1, max-image-preview:large, max-video-preview:-1\" \/>\n<link rel=\"canonical\" href=\"https:\/\/simusar.com.br\/wfe\/nota-de-repudio\/\" \/>\n<meta property=\"og:locale\" content=\"pt_BR\" \/>\n<meta property=\"og:type\" content=\"article\" \/>\n<meta property=\"og:title\" content=\"Nota de Rep\u00fadio - SIMUSAR\" \/>\n<meta property=\"og:description\" content=\"O Sindicato dos Servidores Municipais de Santa Rosa (Simusar) expressa, comprofunda indigna\u00e7\u00e3o, seu rep\u00fadio \u00e0 postura desrespeitosa e anti\u00e9tica de um meio decomunica\u00e7\u00e3o local, que, de forma leviana, desmereceu o esfor\u00e7o coletivo de nossaentidade na organiza\u00e7\u00e3o e transmiss\u00e3o do debate entre os candidatos a prefeito. Ainfundada acusa\u00e7\u00e3o de uso de \u201cwebcam\u201d \u00e9 uma tentativa clara [&hellip;]\" \/>\n<meta property=\"og:url\" content=\"https:\/\/simusar.com.br\/wfe\/nota-de-repudio\/\" \/>\n<meta property=\"og:site_name\" content=\"SIMUSAR\" \/>\n<meta property=\"article:publisher\" content=\"https:\/\/www.facebook.com\/simusaroficial\" \/>\n<meta property=\"article:published_time\" content=\"2024-10-02T14:09:29+00:00\" \/>\n<meta property=\"article:modified_time\" content=\"2024-10-02T14:14:59+00:00\" \/>\n<meta property=\"og:image\" content=\"http:\/\/simusar.com.br\/wfe\/wp-content\/uploads\/2024\/10\/REPUDIO-SITE.png\" \/>\n\t<meta property=\"og:image:width\" content=\"496\" \/>\n\t<meta property=\"og:image:height\" content=\"593\" \/>\n\t<meta property=\"og:image:type\" content=\"image\/png\" \/>\n<meta name=\"author\" content=\"admin\" \/>\n<meta name=\"twitter:card\" content=\"summary_large_image\" \/>\n<meta name=\"twitter:label1\" content=\"Escrito por\" \/>\n\t<meta name=\"twitter:data1\" content=\"admin\" \/>\n\t<meta name=\"twitter:label2\" content=\"Est. tempo de leitura\" \/>\n\t<meta name=\"twitter:data2\" content=\"3 minutos\" \/>\n<script type=\"application\/ld+json\" class=\"yoast-schema-graph\">{\"@context\":\"https:\/\/schema.org\",\"@graph\":[{\"@type\":\"Article\",\"@id\":\"https:\/\/simusar.com.br\/wfe\/nota-de-repudio\/#article\",\"isPartOf\":{\"@id\":\"https:\/\/simusar.com.br\/wfe\/nota-de-repudio\/\"},\"author\":{\"name\":\"admin\",\"@id\":\"https:\/\/simusar.com.br\/wfe\/#\/schema\/person\/7bbff4b09265c81fe98c20bae4e03e83\"},\"headline\":\"Nota de Rep\u00fadio\",\"datePublished\":\"2024-10-02T14:09:29+00:00\",\"dateModified\":\"2024-10-02T14:14:59+00:00\",\"mainEntityOfPage\":{\"@id\":\"https:\/\/simusar.com.br\/wfe\/nota-de-repudio\/\"},\"wordCount\":407,\"publisher\":{\"@id\":\"https:\/\/simusar.com.br\/wfe\/#organization\"},\"image\":{\"@id\":\"https:\/\/simusar.com.br\/wfe\/nota-de-repudio\/#primaryimage\"},\"thumbnailUrl\":\"https:\/\/simusar.com.br\/wfe\/wp-content\/uploads\/2024\/10\/REPUDIO-SITE.png\",\"keywords\":[\"munic\u00edpio\",\"santa rosa\",\"simusar\"],\"articleSection\":[\"Noticias\"],\"inLanguage\":\"pt-BR\"},{\"@type\":\"WebPage\",\"@id\":\"https:\/\/simusar.com.br\/wfe\/nota-de-repudio\/\",\"url\":\"https:\/\/simusar.com.br\/wfe\/nota-de-repudio\/\",\"name\":\"Nota de Rep\u00fadio - SIMUSAR\",\"isPartOf\":{\"@id\":\"https:\/\/simusar.com.br\/wfe\/#website\"},\"primaryImageOfPage\":{\"@id\":\"https:\/\/simusar.com.br\/wfe\/nota-de-repudio\/#primaryimage\"},\"image\":{\"@id\":\"https:\/\/simusar.com.br\/wfe\/nota-de-repudio\/#primaryimage\"},\"thumbnailUrl\":\"https:\/\/simusar.com.br\/wfe\/wp-content\/uploads\/2024\/10\/REPUDIO-SITE.png\",\"datePublished\":\"2024-10-02T14:09:29+00:00\",\"dateModified\":\"2024-10-02T14:14:59+00:00\",\"breadcrumb\":{\"@id\":\"https:\/\/simusar.com.br\/wfe\/nota-de-repudio\/#breadcrumb\"},\"inLanguage\":\"pt-BR\",\"potentialAction\":[{\"@type\":\"ReadAction\",\"target\":[\"https:\/\/simusar.com.br\/wfe\/nota-de-repudio\/\"]}]},{\"@type\":\"ImageObject\",\"inLanguage\":\"pt-BR\",\"@id\":\"https:\/\/simusar.com.br\/wfe\/nota-de-repudio\/#primaryimage\",\"url\":\"https:\/\/simusar.com.br\/wfe\/wp-content\/uploads\/2024\/10\/REPUDIO-SITE.png\",\"contentUrl\":\"https:\/\/simusar.com.br\/wfe\/wp-content\/uploads\/2024\/10\/REPUDIO-SITE.png\",\"width\":496,\"height\":593},{\"@type\":\"BreadcrumbList\",\"@id\":\"https:\/\/simusar.com.br\/wfe\/nota-de-repudio\/#breadcrumb\",\"itemListElement\":[{\"@type\":\"ListItem\",\"position\":1,\"name\":\"In\u00edcio\",\"item\":\"https:\/\/simusar.com.br\/wfe\/\"},{\"@type\":\"ListItem\",\"position\":2,\"name\":\"Nota de Rep\u00fadio\"}]},{\"@type\":\"WebSite\",\"@id\":\"https:\/\/simusar.com.br\/wfe\/#website\",\"url\":\"https:\/\/simusar.com.br\/wfe\/\",\"name\":\"SIMUSAR\",\"description\":\"Sindicatos dos Servidores Municipais de Santa Rosa\",\"publisher\":{\"@id\":\"https:\/\/simusar.com.br\/wfe\/#organization\"},\"potentialAction\":[{\"@type\":\"SearchAction\",\"target\":{\"@type\":\"EntryPoint\",\"urlTemplate\":\"https:\/\/simusar.com.br\/wfe\/?s={search_term_string}\"},\"query-input\":{\"@type\":\"PropertyValueSpecification\",\"valueRequired\":true,\"valueName\":\"search_term_string\"}}],\"inLanguage\":\"pt-BR\"},{\"@type\":\"Organization\",\"@id\":\"https:\/\/simusar.com.br\/wfe\/#organization\",\"name\":\"SIMUSAR\",\"url\":\"https:\/\/simusar.com.br\/wfe\/\",\"logo\":{\"@type\":\"ImageObject\",\"inLanguage\":\"pt-BR\",\"@id\":\"https:\/\/simusar.com.br\/wfe\/#\/schema\/logo\/image\/\",\"url\":\"https:\/\/simusar.com.br\/wfe\/wp-content\/uploads\/2022\/05\/logo-perfil.png\",\"contentUrl\":\"https:\/\/simusar.com.br\/wfe\/wp-content\/uploads\/2022\/05\/logo-perfil.png\",\"width\":1080,\"height\":1080,\"caption\":\"SIMUSAR\"},\"image\":{\"@id\":\"https:\/\/simusar.com.br\/wfe\/#\/schema\/logo\/image\/\"},\"sameAs\":[\"https:\/\/www.facebook.com\/simusaroficial\",\"https:\/\/www.instagram.com\/simusaroficial\"]},{\"@type\":\"Person\",\"@id\":\"https:\/\/simusar.com.br\/wfe\/#\/schema\/person\/7bbff4b09265c81fe98c20bae4e03e83\",\"name\":\"admin\",\"sameAs\":[\"http:\/\/simusar.com.br\/wfe\"],\"url\":\"https:\/\/simusar.com.br\/wfe\/author\/admin\/\"}]}<\/script>\n<!-- \/ Yoast SEO plugin. -->","yoast_head_json":{"title":"Nota de Rep\u00fadio - SIMUSAR","robots":{"index":"index","follow":"follow","max-snippet":"max-snippet:-1","max-image-preview":"max-image-preview:large","max-video-preview":"max-video-preview:-1"},"canonical":"https:\/\/simusar.com.br\/wfe\/nota-de-repudio\/","og_locale":"pt_BR","og_type":"article","og_title":"Nota de Rep\u00fadio - SIMUSAR","og_description":"O Sindicato dos Servidores Municipais de Santa Rosa (Simusar) expressa, comprofunda indigna\u00e7\u00e3o, seu rep\u00fadio \u00e0 postura desrespeitosa e anti\u00e9tica de um meio decomunica\u00e7\u00e3o local, que, de forma leviana, desmereceu o esfor\u00e7o coletivo de nossaentidade na organiza\u00e7\u00e3o e transmiss\u00e3o do debate entre os candidatos a prefeito. Ainfundada acusa\u00e7\u00e3o de uso de \u201cwebcam\u201d \u00e9 uma tentativa clara [&hellip;]","og_url":"https:\/\/simusar.com.br\/wfe\/nota-de-repudio\/","og_site_name":"SIMUSAR","article_publisher":"https:\/\/www.facebook.com\/simusaroficial","article_published_time":"2024-10-02T14:09:29+00:00","article_modified_time":"2024-10-02T14:14:59+00:00","og_image":[{"width":496,"height":593,"url":"http:\/\/simusar.com.br\/wfe\/wp-content\/uploads\/2024\/10\/REPUDIO-SITE.png","type":"image\/png"}],"author":"admin","twitter_card":"summary_large_image","twitter_misc":{"Escrito por":"admin","Est. tempo de leitura":"3 minutos"},"schema":{"@context":"https:\/\/schema.org","@graph":[{"@type":"Article","@id":"https:\/\/simusar.com.br\/wfe\/nota-de-repudio\/#article","isPartOf":{"@id":"https:\/\/simusar.com.br\/wfe\/nota-de-repudio\/"},"author":{"name":"admin","@id":"https:\/\/simusar.com.br\/wfe\/#\/schema\/person\/7bbff4b09265c81fe98c20bae4e03e83"},"headline":"Nota de Rep\u00fadio","datePublished":"2024-10-02T14:09:29+00:00","dateModified":"2024-10-02T14:14:59+00:00","mainEntityOfPage":{"@id":"https:\/\/simusar.com.br\/wfe\/nota-de-repudio\/"},"wordCount":407,"publisher":{"@id":"https:\/\/simusar.com.br\/wfe\/#organization"},"image":{"@id":"https:\/\/simusar.com.br\/wfe\/nota-de-repudio\/#primaryimage"},"thumbnailUrl":"https:\/\/simusar.com.br\/wfe\/wp-content\/uploads\/2024\/10\/REPUDIO-SITE.png","keywords":["munic\u00edpio","santa rosa","simusar"],"articleSection":["Noticias"],"inLanguage":"pt-BR"},{"@type":"WebPage","@id":"https:\/\/simusar.com.br\/wfe\/nota-de-repudio\/","url":"https:\/\/simusar.com.br\/wfe\/nota-de-repudio\/","name":"Nota de Rep\u00fadio - SIMUSAR","isPartOf":{"@id":"https:\/\/simusar.com.br\/wfe\/#website"},"primaryImageOfPage":{"@id":"https:\/\/simusar.com.br\/wfe\/nota-de-repudio\/#primaryimage"},"image":{"@id":"https:\/\/simusar.com.br\/wfe\/nota-de-repudio\/#primaryimage"},"thumbnailUrl":"https:\/\/simusar.com.br\/wfe\/wp-content\/uploads\/2024\/10\/REPUDIO-SITE.png","datePublished":"2024-10-02T14:09:29+00:00","dateModified":"2024-10-02T14:14:59+00:00","breadcrumb":{"@id":"https:\/\/simusar.com.br\/wfe\/nota-de-repudio\/#breadcrumb"},"inLanguage":"pt-BR","potentialAction":[{"@type":"ReadAction","target":["https:\/\/simusar.com.br\/wfe\/nota-de-repudio\/"]}]},{"@type":"ImageObject","inLanguage":"pt-BR","@id":"https:\/\/simusar.com.br\/wfe\/nota-de-repudio\/#primaryimage","url":"https:\/\/simusar.com.br\/wfe\/wp-content\/uploads\/2024\/10\/REPUDIO-SITE.png","contentUrl":"https:\/\/simusar.com.br\/wfe\/wp-content\/uploads\/2024\/10\/REPUDIO-SITE.png","width":496,"height":593},{"@type":"BreadcrumbList","@id":"https:\/\/simusar.com.br\/wfe\/nota-de-repudio\/#breadcrumb","itemListElement":[{"@type":"ListItem","position":1,"name":"In\u00edcio","item":"https:\/\/simusar.com.br\/wfe\/"},{"@type":"ListItem","position":2,"name":"Nota de Rep\u00fadio"}]},{"@type":"WebSite","@id":"https:\/\/simusar.com.br\/wfe\/#website","url":"https:\/\/simusar.com.br\/wfe\/","name":"SIMUSAR","description":"Sindicatos dos Servidores Municipais de Santa Rosa","publisher":{"@id":"https:\/\/simusar.com.br\/wfe\/#organization"},"potentialAction":[{"@type":"SearchAction","target":{"@type":"EntryPoint","urlTemplate":"https:\/\/simusar.com.br\/wfe\/?s={search_term_string}"},"query-input":{"@type":"PropertyValueSpecification","valueRequired":true,"valueName":"search_term_string"}}],"inLanguage":"pt-BR"},{"@type":"Organization","@id":"https:\/\/simusar.com.br\/wfe\/#organization","name":"SIMUSAR","url":"https:\/\/simusar.com.br\/wfe\/","logo":{"@type":"ImageObject","inLanguage":"pt-BR","@id":"https:\/\/simusar.com.br\/wfe\/#\/schema\/logo\/image\/","url":"https:\/\/simusar.com.br\/wfe\/wp-content\/uploads\/2022\/05\/logo-perfil.png","contentUrl":"https:\/\/simusar.com.br\/wfe\/wp-content\/uploads\/2022\/05\/logo-perfil.png","width":1080,"height":1080,"caption":"SIMUSAR"},"image":{"@id":"https:\/\/simusar.com.br\/wfe\/#\/schema\/logo\/image\/"},"sameAs":["https:\/\/www.facebook.com\/simusaroficial","https:\/\/www.instagram.com\/simusaroficial"]},{"@type":"Person","@id":"https:\/\/simusar.com.br\/wfe\/#\/schema\/person\/7bbff4b09265c81fe98c20bae4e03e83","name":"admin","sameAs":["http:\/\/simusar.com.br\/wfe"],"url":"https:\/\/simusar.com.br\/wfe\/author\/admin\/"}]}},"_links":{"self":[{"href":"https:\/\/simusar.com.br\/wfe\/wp-json\/wp\/v2\/posts\/3097","targetHints":{"allow":["GET"]}}],"collection":[{"href":"https:\/\/simusar.com.br\/wfe\/wp-json\/wp\/v2\/posts"}],"about":[{"href":"https:\/\/simusar.com.br\/wfe\/wp-json\/wp\/v2\/types\/post"}],"author":[{"embeddable":true,"href":"https:\/\/simusar.com.br\/wfe\/wp-json\/wp\/v2\/users\/1"}],"replies":[{"embeddable":true,"href":"https:\/\/simusar.com.br\/wfe\/wp-json\/wp\/v2\/comments?post=3097"}],"version-history":[{"count":3,"href":"https:\/\/simusar.com.br\/wfe\/wp-json\/wp\/v2\/posts\/3097\/revisions"}],"predecessor-version":[{"id":3102,"href":"https:\/\/simusar.com.br\/wfe\/wp-json\/wp\/v2\/posts\/3097\/revisions\/3102"}],"wp:featuredmedia":[{"embeddable":true,"href":"https:\/\/simusar.com.br\/wfe\/wp-json\/wp\/v2\/media\/3098"}],"wp:attachment":[{"href":"https:\/\/simusar.com.br\/wfe\/wp-json\/wp\/v2\/media?parent=3097"}],"wp:term":[{"taxonomy":"category","embeddable":true,"href":"https:\/\/simusar.com.br\/wfe\/wp-json\/wp\/v2\/categories?post=3097"},{"taxonomy":"post_tag","embeddable":true,"href":"https:\/\/simusar.com.br\/wfe\/wp-json\/wp\/v2\/tags?post=3097"}],"curies":[{"name":"wp","href":"https:\/\/api.w.org\/{rel}","templated":true}]}}