{"id":3129,"date":"2024-10-22T19:45:03","date_gmt":"2024-10-22T19:45:03","guid":{"rendered":"https:\/\/simusar.com.br\/wfe\/?p=3129"},"modified":"2024-10-22T19:59:43","modified_gmt":"2024-10-22T19:59:43","slug":"notaderepudio","status":"publish","type":"post","link":"https:\/\/simusar.com.br\/wfe\/notaderepudio\/","title":{"rendered":"NOTA DE REP\u00daDIO"},"content":{"rendered":"<div class=\"wp-block-image\">\n<figure class=\"alignleft size-large is-resized\"><img loading=\"lazy\" decoding=\"async\" width=\"819\" height=\"1024\" src=\"http:\/\/simusar.com.br\/wfe\/wp-content\/uploads\/2024\/10\/posts2024-simusar-62-819x1024.png\" alt=\"\" class=\"wp-image-3132\" style=\"width:331px;height:auto\" srcset=\"https:\/\/simusar.com.br\/wfe\/wp-content\/uploads\/2024\/10\/posts2024-simusar-62-819x1024.png 819w, https:\/\/simusar.com.br\/wfe\/wp-content\/uploads\/2024\/10\/posts2024-simusar-62-240x300.png 240w, https:\/\/simusar.com.br\/wfe\/wp-content\/uploads\/2024\/10\/posts2024-simusar-62-768x960.png 768w, https:\/\/simusar.com.br\/wfe\/wp-content\/uploads\/2024\/10\/posts2024-simusar-62.png 1080w\" sizes=\"auto, (max-width: 819px) 100vw, 819px\" \/><\/figure>\n<\/div>\n\n\n<p>O Sindicato dos Servidores Municipais de Santa Rosa (SIMUSAR) vem a p\u00fablico manifestar seu mais veemente rep\u00fadio ao ato autorit\u00e1rio e desrespeitoso da Administra\u00e7\u00e3o Municipal, que arbitrariamente retirou o feriado do dia 1\u00ba de novembro, previamente<\/p>\n\n\n\n<p>anunciado e constante no calend\u00e1rio escolar, como uma extens\u00e3o ao feriado do Dia do Servidor P\u00fablico (28 de outubro) e ao Dia do Professor (15 de outubro). Esta decis\u00e3o desvaloriza e desrespeita a categoria dos servidores p\u00fablicos, em especial os profissionais da educa\u00e7\u00e3o.<\/p>\n\n\n\n<p>O Dia do Professor \u00e9 institu\u00eddo como feriado por decreto federal, e toda a comunidade escolar \u2014 professores, pais, alunos e demais funcion\u00e1rios \u2014 havia se organizado de acordo com o calend\u00e1rio oficial, que foi constru\u00eddo em conjunto com as institui\u00e7\u00f5es educacionais e validado previamente. A s\u00fabita decis\u00e3o da Administra\u00e7\u00e3o, al\u00e9m de ignorar esse esfor\u00e7o coletivo, desrespeita gravemente as escolas, os servidores da educa\u00e7\u00e3o e os demais servidores p\u00fablicos do munic\u00edpio.<\/p>\n\n\n\n<p>O SIMUSAR, como defensor incans\u00e1vel dos servidores e da qualidade dos servi\u00e7os p\u00fablicos, sempre esteve aberto ao di\u00e1logo e disposto a colaborar com o que for necess\u00e1rio para o bem da comunidade. Contudo, em momento algum fomos informados ou procurados para discutir essa decis\u00e3o arbitr\u00e1ria. Mesmo diante dessa atitude unilateral e autorit\u00e1ria, o SIMUSAR assegura que far\u00e1 tudo o que estiver ao alcance, dentro da legalidade, para garantir que a autonomia da educa\u00e7\u00e3o seja respeitada e que os servidores p\u00fablicos, em todas as reparti\u00e7\u00f5es, sejam tratados com o respeito que merecem.<\/p>\n\n\n\n<p>Este ato da Administra\u00e7\u00e3o, al\u00e9m de ser um claro desrespeito com os servidores, compromete diretamente as fam\u00edlias que se organizaram para o feriado estendido. Essa postura antidemocr\u00e1tica n\u00e3o ser\u00e1 tolerada. A administra\u00e7\u00e3o precisa assumir a responsabilidade por suas decis\u00f5es, que afetam a vida de milhares de pessoas que contribuem diariamente para o funcionamento da nossa cidade.<\/p>\n\n\n\n<p>Exigimos respeito e considera\u00e7\u00e3o aos servidores municipais e reiteramos nosso compromisso em continuar lutando pela valoriza\u00e7\u00e3o de todos aqueles que dedicam sua vida ao servi\u00e7o p\u00fablico.<\/p>\n\n\n\n<p>Santa Rosa, 22 de outubro de 2024<\/p>\n\n\n\n<p><\/p>\n\n\n\n<p>SINDICATO DOS SERVIDORES MUNICIPAIS DE SANTA ROSA<\/p>\n","protected":false},"excerpt":{"rendered":"<p>O Sindicato dos Servidores Municipais de Santa Rosa (SIMUSAR) vem a p\u00fablico manifestar seu mais veemente rep\u00fadio ao ato autorit\u00e1rio e desrespeitoso da Administra\u00e7\u00e3o Municipal, que arbitrariamente retirou o feriado do dia 1\u00ba de novembro, previamente anunciado e constante no calend\u00e1rio escolar, como uma extens\u00e3o ao feriado do Dia do Servidor P\u00fablico (28 de outubro) [&hellip;]<\/p>\n","protected":false},"author":1,"featured_media":3132,"comment_status":"closed","ping_status":"closed","sticky":false,"template":"","format":"standard","meta":{"_eb_attr":"","footnotes":""},"categories":[4],"tags":[166,82,123,165,48,53],"class_list":["post-3129","post","type-post","status-publish","format-standard","has-post-thumbnail","hentry","category-noticias","tag-feriado","tag-municipio","tag-professores","tag-repudio","tag-santa-rosa","tag-simusar"],"yoast_head":"<!-- This site is optimized with the Yoast SEO plugin v26.2 - https:\/\/yoast.com\/wordpress\/plugins\/seo\/ -->\n<title>NOTA DE REP\u00daDIO - SIMUSAR<\/title>\n<meta name=\"robots\" content=\"index, follow, max-snippet:-1, max-image-preview:large, max-video-preview:-1\" \/>\n<link rel=\"canonical\" href=\"https:\/\/simusar.com.br\/wfe\/notaderepudio\/\" \/>\n<meta property=\"og:locale\" content=\"pt_BR\" \/>\n<meta property=\"og:type\" content=\"article\" \/>\n<meta property=\"og:title\" content=\"NOTA DE REP\u00daDIO - SIMUSAR\" \/>\n<meta property=\"og:description\" content=\"O Sindicato dos Servidores Municipais de Santa Rosa (SIMUSAR) vem a p\u00fablico manifestar seu mais veemente rep\u00fadio ao ato autorit\u00e1rio e desrespeitoso da Administra\u00e7\u00e3o Municipal, que arbitrariamente retirou o feriado do dia 1\u00ba de novembro, previamente anunciado e constante no calend\u00e1rio escolar, como uma extens\u00e3o ao feriado do Dia do Servidor P\u00fablico (28 de outubro) [&hellip;]\" \/>\n<meta property=\"og:url\" content=\"https:\/\/simusar.com.br\/wfe\/notaderepudio\/\" \/>\n<meta property=\"og:site_name\" content=\"SIMUSAR\" \/>\n<meta property=\"article:publisher\" content=\"https:\/\/www.facebook.com\/simusaroficial\" \/>\n<meta property=\"article:published_time\" content=\"2024-10-22T19:45:03+00:00\" \/>\n<meta property=\"article:modified_time\" content=\"2024-10-22T19:59:43+00:00\" \/>\n<meta property=\"og:image\" content=\"http:\/\/simusar.com.br\/wfe\/wp-content\/uploads\/2024\/10\/posts2024-simusar-62.png\" \/>\n\t<meta property=\"og:image:width\" content=\"1080\" \/>\n\t<meta property=\"og:image:height\" content=\"1350\" \/>\n\t<meta property=\"og:image:type\" content=\"image\/png\" \/>\n<meta name=\"author\" content=\"admin\" \/>\n<meta name=\"twitter:card\" content=\"summary_large_image\" \/>\n<meta name=\"twitter:label1\" content=\"Escrito por\" \/>\n\t<meta name=\"twitter:data1\" content=\"admin\" \/>\n\t<meta name=\"twitter:label2\" content=\"Est. tempo de leitura\" \/>\n\t<meta name=\"twitter:data2\" content=\"3 minutos\" \/>\n<script type=\"application\/ld+json\" class=\"yoast-schema-graph\">{\"@context\":\"https:\/\/schema.org\",\"@graph\":[{\"@type\":\"Article\",\"@id\":\"https:\/\/simusar.com.br\/wfe\/notaderepudio\/#article\",\"isPartOf\":{\"@id\":\"https:\/\/simusar.com.br\/wfe\/notaderepudio\/\"},\"author\":{\"name\":\"admin\",\"@id\":\"https:\/\/simusar.com.br\/wfe\/#\/schema\/person\/7bbff4b09265c81fe98c20bae4e03e83\"},\"headline\":\"NOTA DE REP\u00daDIO\",\"datePublished\":\"2024-10-22T19:45:03+00:00\",\"dateModified\":\"2024-10-22T19:59:43+00:00\",\"mainEntityOfPage\":{\"@id\":\"https:\/\/simusar.com.br\/wfe\/notaderepudio\/\"},\"wordCount\":378,\"publisher\":{\"@id\":\"https:\/\/simusar.com.br\/wfe\/#organization\"},\"image\":{\"@id\":\"https:\/\/simusar.com.br\/wfe\/notaderepudio\/#primaryimage\"},\"thumbnailUrl\":\"https:\/\/simusar.com.br\/wfe\/wp-content\/uploads\/2024\/10\/posts2024-simusar-62.png\",\"keywords\":[\"feriado\",\"munic\u00edpio\",\"professores\",\"repudio\",\"santa rosa\",\"simusar\"],\"articleSection\":[\"Noticias\"],\"inLanguage\":\"pt-BR\"},{\"@type\":\"WebPage\",\"@id\":\"https:\/\/simusar.com.br\/wfe\/notaderepudio\/\",\"url\":\"https:\/\/simusar.com.br\/wfe\/notaderepudio\/\",\"name\":\"NOTA DE REP\u00daDIO - SIMUSAR\",\"isPartOf\":{\"@id\":\"https:\/\/simusar.com.br\/wfe\/#website\"},\"primaryImageOfPage\":{\"@id\":\"https:\/\/simusar.com.br\/wfe\/notaderepudio\/#primaryimage\"},\"image\":{\"@id\":\"https:\/\/simusar.com.br\/wfe\/notaderepudio\/#primaryimage\"},\"thumbnailUrl\":\"https:\/\/simusar.com.br\/wfe\/wp-content\/uploads\/2024\/10\/posts2024-simusar-62.png\",\"datePublished\":\"2024-10-22T19:45:03+00:00\",\"dateModified\":\"2024-10-22T19:59:43+00:00\",\"breadcrumb\":{\"@id\":\"https:\/\/simusar.com.br\/wfe\/notaderepudio\/#breadcrumb\"},\"inLanguage\":\"pt-BR\",\"potentialAction\":[{\"@type\":\"ReadAction\",\"target\":[\"https:\/\/simusar.com.br\/wfe\/notaderepudio\/\"]}]},{\"@type\":\"ImageObject\",\"inLanguage\":\"pt-BR\",\"@id\":\"https:\/\/simusar.com.br\/wfe\/notaderepudio\/#primaryimage\",\"url\":\"https:\/\/simusar.com.br\/wfe\/wp-content\/uploads\/2024\/10\/posts2024-simusar-62.png\",\"contentUrl\":\"https:\/\/simusar.com.br\/wfe\/wp-content\/uploads\/2024\/10\/posts2024-simusar-62.png\",\"width\":1080,\"height\":1350},{\"@type\":\"BreadcrumbList\",\"@id\":\"https:\/\/simusar.com.br\/wfe\/notaderepudio\/#breadcrumb\",\"itemListElement\":[{\"@type\":\"ListItem\",\"position\":1,\"name\":\"In\u00edcio\",\"item\":\"https:\/\/simusar.com.br\/wfe\/\"},{\"@type\":\"ListItem\",\"position\":2,\"name\":\"NOTA DE REP\u00daDIO\"}]},{\"@type\":\"WebSite\",\"@id\":\"https:\/\/simusar.com.br\/wfe\/#website\",\"url\":\"https:\/\/simusar.com.br\/wfe\/\",\"name\":\"SIMUSAR\",\"description\":\"Sindicatos dos Servidores Municipais de Santa Rosa\",\"publisher\":{\"@id\":\"https:\/\/simusar.com.br\/wfe\/#organization\"},\"potentialAction\":[{\"@type\":\"SearchAction\",\"target\":{\"@type\":\"EntryPoint\",\"urlTemplate\":\"https:\/\/simusar.com.br\/wfe\/?s={search_term_string}\"},\"query-input\":{\"@type\":\"PropertyValueSpecification\",\"valueRequired\":true,\"valueName\":\"search_term_string\"}}],\"inLanguage\":\"pt-BR\"},{\"@type\":\"Organization\",\"@id\":\"https:\/\/simusar.com.br\/wfe\/#organization\",\"name\":\"SIMUSAR\",\"url\":\"https:\/\/simusar.com.br\/wfe\/\",\"logo\":{\"@type\":\"ImageObject\",\"inLanguage\":\"pt-BR\",\"@id\":\"https:\/\/simusar.com.br\/wfe\/#\/schema\/logo\/image\/\",\"url\":\"https:\/\/simusar.com.br\/wfe\/wp-content\/uploads\/2022\/05\/logo-perfil.png\",\"contentUrl\":\"https:\/\/simusar.com.br\/wfe\/wp-content\/uploads\/2022\/05\/logo-perfil.png\",\"width\":1080,\"height\":1080,\"caption\":\"SIMUSAR\"},\"image\":{\"@id\":\"https:\/\/simusar.com.br\/wfe\/#\/schema\/logo\/image\/\"},\"sameAs\":[\"https:\/\/www.facebook.com\/simusaroficial\",\"https:\/\/www.instagram.com\/simusaroficial\"]},{\"@type\":\"Person\",\"@id\":\"https:\/\/simusar.com.br\/wfe\/#\/schema\/person\/7bbff4b09265c81fe98c20bae4e03e83\",\"name\":\"admin\",\"sameAs\":[\"http:\/\/simusar.com.br\/wfe\"],\"url\":\"https:\/\/simusar.com.br\/wfe\/author\/admin\/\"}]}<\/script>\n<!-- \/ Yoast SEO plugin. -->","yoast_head_json":{"title":"NOTA DE REP\u00daDIO - SIMUSAR","robots":{"index":"index","follow":"follow","max-snippet":"max-snippet:-1","max-image-preview":"max-image-preview:large","max-video-preview":"max-video-preview:-1"},"canonical":"https:\/\/simusar.com.br\/wfe\/notaderepudio\/","og_locale":"pt_BR","og_type":"article","og_title":"NOTA DE REP\u00daDIO - SIMUSAR","og_description":"O Sindicato dos Servidores Municipais de Santa Rosa (SIMUSAR) vem a p\u00fablico manifestar seu mais veemente rep\u00fadio ao ato autorit\u00e1rio e desrespeitoso da Administra\u00e7\u00e3o Municipal, que arbitrariamente retirou o feriado do dia 1\u00ba de novembro, previamente anunciado e constante no calend\u00e1rio escolar, como uma extens\u00e3o ao feriado do Dia do Servidor P\u00fablico (28 de outubro) [&hellip;]","og_url":"https:\/\/simusar.com.br\/wfe\/notaderepudio\/","og_site_name":"SIMUSAR","article_publisher":"https:\/\/www.facebook.com\/simusaroficial","article_published_time":"2024-10-22T19:45:03+00:00","article_modified_time":"2024-10-22T19:59:43+00:00","og_image":[{"width":1080,"height":1350,"url":"http:\/\/simusar.com.br\/wfe\/wp-content\/uploads\/2024\/10\/posts2024-simusar-62.png","type":"image\/png"}],"author":"admin","twitter_card":"summary_large_image","twitter_misc":{"Escrito por":"admin","Est. tempo de leitura":"3 minutos"},"schema":{"@context":"https:\/\/schema.org","@graph":[{"@type":"Article","@id":"https:\/\/simusar.com.br\/wfe\/notaderepudio\/#article","isPartOf":{"@id":"https:\/\/simusar.com.br\/wfe\/notaderepudio\/"},"author":{"name":"admin","@id":"https:\/\/simusar.com.br\/wfe\/#\/schema\/person\/7bbff4b09265c81fe98c20bae4e03e83"},"headline":"NOTA DE REP\u00daDIO","datePublished":"2024-10-22T19:45:03+00:00","dateModified":"2024-10-22T19:59:43+00:00","mainEntityOfPage":{"@id":"https:\/\/simusar.com.br\/wfe\/notaderepudio\/"},"wordCount":378,"publisher":{"@id":"https:\/\/simusar.com.br\/wfe\/#organization"},"image":{"@id":"https:\/\/simusar.com.br\/wfe\/notaderepudio\/#primaryimage"},"thumbnailUrl":"https:\/\/simusar.com.br\/wfe\/wp-content\/uploads\/2024\/10\/posts2024-simusar-62.png","keywords":["feriado","munic\u00edpio","professores","repudio","santa rosa","simusar"],"articleSection":["Noticias"],"inLanguage":"pt-BR"},{"@type":"WebPage","@id":"https:\/\/simusar.com.br\/wfe\/notaderepudio\/","url":"https:\/\/simusar.com.br\/wfe\/notaderepudio\/","name":"NOTA DE REP\u00daDIO - SIMUSAR","isPartOf":{"@id":"https:\/\/simusar.com.br\/wfe\/#website"},"primaryImageOfPage":{"@id":"https:\/\/simusar.com.br\/wfe\/notaderepudio\/#primaryimage"},"image":{"@id":"https:\/\/simusar.com.br\/wfe\/notaderepudio\/#primaryimage"},"thumbnailUrl":"https:\/\/simusar.com.br\/wfe\/wp-content\/uploads\/2024\/10\/posts2024-simusar-62.png","datePublished":"2024-10-22T19:45:03+00:00","dateModified":"2024-10-22T19:59:43+00:00","breadcrumb":{"@id":"https:\/\/simusar.com.br\/wfe\/notaderepudio\/#breadcrumb"},"inLanguage":"pt-BR","potentialAction":[{"@type":"ReadAction","target":["https:\/\/simusar.com.br\/wfe\/notaderepudio\/"]}]},{"@type":"ImageObject","inLanguage":"pt-BR","@id":"https:\/\/simusar.com.br\/wfe\/notaderepudio\/#primaryimage","url":"https:\/\/simusar.com.br\/wfe\/wp-content\/uploads\/2024\/10\/posts2024-simusar-62.png","contentUrl":"https:\/\/simusar.com.br\/wfe\/wp-content\/uploads\/2024\/10\/posts2024-simusar-62.png","width":1080,"height":1350},{"@type":"BreadcrumbList","@id":"https:\/\/simusar.com.br\/wfe\/notaderepudio\/#breadcrumb","itemListElement":[{"@type":"ListItem","position":1,"name":"In\u00edcio","item":"https:\/\/simusar.com.br\/wfe\/"},{"@type":"ListItem","position":2,"name":"NOTA DE REP\u00daDIO"}]},{"@type":"WebSite","@id":"https:\/\/simusar.com.br\/wfe\/#website","url":"https:\/\/simusar.com.br\/wfe\/","name":"SIMUSAR","description":"Sindicatos dos Servidores Municipais de Santa Rosa","publisher":{"@id":"https:\/\/simusar.com.br\/wfe\/#organization"},"potentialAction":[{"@type":"SearchAction","target":{"@type":"EntryPoint","urlTemplate":"https:\/\/simusar.com.br\/wfe\/?s={search_term_string}"},"query-input":{"@type":"PropertyValueSpecification","valueRequired":true,"valueName":"search_term_string"}}],"inLanguage":"pt-BR"},{"@type":"Organization","@id":"https:\/\/simusar.com.br\/wfe\/#organization","name":"SIMUSAR","url":"https:\/\/simusar.com.br\/wfe\/","logo":{"@type":"ImageObject","inLanguage":"pt-BR","@id":"https:\/\/simusar.com.br\/wfe\/#\/schema\/logo\/image\/","url":"https:\/\/simusar.com.br\/wfe\/wp-content\/uploads\/2022\/05\/logo-perfil.png","contentUrl":"https:\/\/simusar.com.br\/wfe\/wp-content\/uploads\/2022\/05\/logo-perfil.png","width":1080,"height":1080,"caption":"SIMUSAR"},"image":{"@id":"https:\/\/simusar.com.br\/wfe\/#\/schema\/logo\/image\/"},"sameAs":["https:\/\/www.facebook.com\/simusaroficial","https:\/\/www.instagram.com\/simusaroficial"]},{"@type":"Person","@id":"https:\/\/simusar.com.br\/wfe\/#\/schema\/person\/7bbff4b09265c81fe98c20bae4e03e83","name":"admin","sameAs":["http:\/\/simusar.com.br\/wfe"],"url":"https:\/\/simusar.com.br\/wfe\/author\/admin\/"}]}},"_links":{"self":[{"href":"https:\/\/simusar.com.br\/wfe\/wp-json\/wp\/v2\/posts\/3129","targetHints":{"allow":["GET"]}}],"collection":[{"href":"https:\/\/simusar.com.br\/wfe\/wp-json\/wp\/v2\/posts"}],"about":[{"href":"https:\/\/simusar.com.br\/wfe\/wp-json\/wp\/v2\/types\/post"}],"author":[{"embeddable":true,"href":"https:\/\/simusar.com.br\/wfe\/wp-json\/wp\/v2\/users\/1"}],"replies":[{"embeddable":true,"href":"https:\/\/simusar.com.br\/wfe\/wp-json\/wp\/v2\/comments?post=3129"}],"version-history":[{"count":2,"href":"https:\/\/simusar.com.br\/wfe\/wp-json\/wp\/v2\/posts\/3129\/revisions"}],"predecessor-version":[{"id":3133,"href":"https:\/\/simusar.com.br\/wfe\/wp-json\/wp\/v2\/posts\/3129\/revisions\/3133"}],"wp:featuredmedia":[{"embeddable":true,"href":"https:\/\/simusar.com.br\/wfe\/wp-json\/wp\/v2\/media\/3132"}],"wp:attachment":[{"href":"https:\/\/simusar.com.br\/wfe\/wp-json\/wp\/v2\/media?parent=3129"}],"wp:term":[{"taxonomy":"category","embeddable":true,"href":"https:\/\/simusar.com.br\/wfe\/wp-json\/wp\/v2\/categories?post=3129"},{"taxonomy":"post_tag","embeddable":true,"href":"https:\/\/simusar.com.br\/wfe\/wp-json\/wp\/v2\/tags?post=3129"}],"curies":[{"name":"wp","href":"https:\/\/api.w.org\/{rel}","templated":true}]}}