{"id":3138,"date":"2024-11-06T13:07:57","date_gmt":"2024-11-06T13:07:57","guid":{"rendered":"https:\/\/simusar.com.br\/wfe\/?p=3138"},"modified":"2024-11-06T13:15:58","modified_gmt":"2024-11-06T13:15:58","slug":"sindicato-questiona-aquisicao-de-200-litros-de-leite-para-gabinete-do-prefeito-anderson-mantei","status":"publish","type":"post","link":"https:\/\/simusar.com.br\/wfe\/sindicato-questiona-aquisicao-de-200-litros-de-leite-para-gabinete-do-prefeito-anderson-mantei\/","title":{"rendered":"Sindicato Questiona Aquisi\u00e7\u00e3o de 200 Litros de Leite para Gabinete do Prefeito Anderson Mantei"},"content":{"rendered":"<div class=\"wp-block-image\">\n<figure class=\"alignleft size-large is-resized\"><img loading=\"lazy\" decoding=\"async\" width=\"1024\" height=\"1024\" src=\"http:\/\/simusar.com.br\/wfe\/wp-content\/uploads\/2024\/11\/LEITE-GABIENTE-SALA-1024x1024.png\" alt=\"\" class=\"wp-image-3139\" style=\"width:331px;height:auto\" srcset=\"https:\/\/simusar.com.br\/wfe\/wp-content\/uploads\/2024\/11\/LEITE-GABIENTE-SALA-1024x1024.png 1024w, https:\/\/simusar.com.br\/wfe\/wp-content\/uploads\/2024\/11\/LEITE-GABIENTE-SALA-300x300.png 300w, https:\/\/simusar.com.br\/wfe\/wp-content\/uploads\/2024\/11\/LEITE-GABIENTE-SALA-150x150.png 150w, https:\/\/simusar.com.br\/wfe\/wp-content\/uploads\/2024\/11\/LEITE-GABIENTE-SALA-768x768.png 768w, https:\/\/simusar.com.br\/wfe\/wp-content\/uploads\/2024\/11\/LEITE-GABIENTE-SALA.png 1080w\" sizes=\"auto, (max-width: 1024px) 100vw, 1024px\" \/><\/figure>\n<\/div>\n\n\n<p>O Sindicato dos Servidores P\u00fablicos Municipais de Santa Rosa questiona a recente ades\u00e3o de compra de leite para o gabinete do prefeito Anderson Mantei. A aquisi\u00e7\u00e3o, formalizada atrav\u00e9s do Extrato do Contrato n\u00ba 62\/2024 &#8211; Aditivo 1, prev\u00ea at\u00e9 200 litros de leite longa vida integral para uso exclusivo do gabinete, conforme o processo administrativo 19499\/2023, seguindo os termos da Ata de Registro de Pre\u00e7o n\u00ba 65\/2023.<br><br>O presidente do Sindicato dos Servidores P\u00fablicos, Jonas A. Fusiger, manifestou indigna\u00e7\u00e3o e apontou que, enquanto a administra\u00e7\u00e3o p\u00fablica autoriza uma grande quantidade de leite para o gabinete do prefeito, professores e funcion\u00e1rios das escolas municipais s\u00e3o proibidos de consumir alimentos oriundo dos recursos p\u00fablicos nas unidades de ensino. Segundo Fusiger, essa disparidade de tratamento revela uma injusti\u00e7a e gera indigna\u00e7\u00e3o entre os educadores e demais servidores.<\/p>\n\n\n\n<blockquote class=\"wp-block-quote is-layout-flow wp-block-quote-is-layout-flow\">\n<p>\u201c<em><strong>A situa\u00e7\u00e3o \u00e9 lament\u00e1vel. Enquanto nossos professores e servidores se esfor\u00e7am diariamente, muitas vezes sem o m\u00ednimo de estrutura e apoio, o gabinete do prefeito recebe privil\u00e9gios com recursos p\u00fablicos. A comunidade santarosense precisa saber desses fatos e refletir sobre como os recursos est\u00e3o sendo aplicados\u201d, <\/strong><\/em>declarou o presidente Jonas.<\/p>\n<\/blockquote>\n\n\n\n<p>A aquisi\u00e7\u00e3o, assinada em 5 de novembro de 2024, ser\u00e1 v\u00e1lida at\u00e9 o final do ano. O contrato \u00e9 regido pela Lei Federal n\u00ba 8.666\/93, que regula licita\u00e7\u00f5es e contratos na administra\u00e7\u00e3o p\u00fablica.<\/p>\n","protected":false},"excerpt":{"rendered":"<p>O Sindicato dos Servidores P\u00fablicos Municipais de Santa Rosa questiona a recente ades\u00e3o de compra de leite para o gabinete do prefeito Anderson Mantei. A aquisi\u00e7\u00e3o, formalizada atrav\u00e9s do Extrato do Contrato n\u00ba 62\/2024 &#8211; Aditivo 1, prev\u00ea at\u00e9 200 litros de leite longa vida integral para uso exclusivo do gabinete, conforme o processo administrativo [&hellip;]<\/p>\n","protected":false},"author":1,"featured_media":3139,"comment_status":"closed","ping_status":"closed","sticky":false,"template":"","format":"standard","meta":{"_eb_attr":"","footnotes":""},"categories":[4],"tags":[168,82,169,123,48,53,170],"class_list":["post-3138","post","type-post","status-publish","format-standard","has-post-thumbnail","hentry","category-noticias","tag-leite","tag-municipio","tag-prefeito","tag-professores","tag-santa-rosa","tag-simusar","tag-sindicato"],"yoast_head":"<!-- This site is optimized with the Yoast SEO plugin v26.2 - https:\/\/yoast.com\/wordpress\/plugins\/seo\/ -->\n<title>Sindicato Questiona Aquisi\u00e7\u00e3o de 200 Litros de Leite para Gabinete do Prefeito Anderson Mantei - SIMUSAR<\/title>\n<meta name=\"robots\" content=\"index, follow, max-snippet:-1, max-image-preview:large, max-video-preview:-1\" \/>\n<link rel=\"canonical\" href=\"https:\/\/simusar.com.br\/wfe\/sindicato-questiona-aquisicao-de-200-litros-de-leite-para-gabinete-do-prefeito-anderson-mantei\/\" \/>\n<meta property=\"og:locale\" content=\"pt_BR\" \/>\n<meta property=\"og:type\" content=\"article\" \/>\n<meta property=\"og:title\" content=\"Sindicato Questiona Aquisi\u00e7\u00e3o de 200 Litros de Leite para Gabinete do Prefeito Anderson Mantei - SIMUSAR\" \/>\n<meta property=\"og:description\" content=\"O Sindicato dos Servidores P\u00fablicos Municipais de Santa Rosa questiona a recente ades\u00e3o de compra de leite para o gabinete do prefeito Anderson Mantei. A aquisi\u00e7\u00e3o, formalizada atrav\u00e9s do Extrato do Contrato n\u00ba 62\/2024 &#8211; Aditivo 1, prev\u00ea at\u00e9 200 litros de leite longa vida integral para uso exclusivo do gabinete, conforme o processo administrativo [&hellip;]\" \/>\n<meta property=\"og:url\" content=\"https:\/\/simusar.com.br\/wfe\/sindicato-questiona-aquisicao-de-200-litros-de-leite-para-gabinete-do-prefeito-anderson-mantei\/\" \/>\n<meta property=\"og:site_name\" content=\"SIMUSAR\" \/>\n<meta property=\"article:publisher\" content=\"https:\/\/www.facebook.com\/simusaroficial\" \/>\n<meta property=\"article:published_time\" content=\"2024-11-06T13:07:57+00:00\" \/>\n<meta property=\"article:modified_time\" content=\"2024-11-06T13:15:58+00:00\" \/>\n<meta property=\"og:image\" content=\"http:\/\/simusar.com.br\/wfe\/wp-content\/uploads\/2024\/11\/LEITE-GABIENTE-SALA.png\" \/>\n\t<meta property=\"og:image:width\" content=\"1080\" \/>\n\t<meta property=\"og:image:height\" content=\"1080\" \/>\n\t<meta property=\"og:image:type\" content=\"image\/png\" \/>\n<meta name=\"author\" content=\"admin\" \/>\n<meta name=\"twitter:card\" content=\"summary_large_image\" \/>\n<meta name=\"twitter:label1\" content=\"Escrito por\" \/>\n\t<meta name=\"twitter:data1\" content=\"admin\" \/>\n\t<meta name=\"twitter:label2\" content=\"Est. tempo de leitura\" \/>\n\t<meta name=\"twitter:data2\" content=\"2 minutos\" \/>\n<script type=\"application\/ld+json\" class=\"yoast-schema-graph\">{\"@context\":\"https:\/\/schema.org\",\"@graph\":[{\"@type\":\"Article\",\"@id\":\"https:\/\/simusar.com.br\/wfe\/sindicato-questiona-aquisicao-de-200-litros-de-leite-para-gabinete-do-prefeito-anderson-mantei\/#article\",\"isPartOf\":{\"@id\":\"https:\/\/simusar.com.br\/wfe\/sindicato-questiona-aquisicao-de-200-litros-de-leite-para-gabinete-do-prefeito-anderson-mantei\/\"},\"author\":{\"name\":\"admin\",\"@id\":\"https:\/\/simusar.com.br\/wfe\/#\/schema\/person\/7bbff4b09265c81fe98c20bae4e03e83\"},\"headline\":\"Sindicato Questiona Aquisi\u00e7\u00e3o de 200 Litros de Leite para Gabinete do Prefeito Anderson Mantei\",\"datePublished\":\"2024-11-06T13:07:57+00:00\",\"dateModified\":\"2024-11-06T13:15:58+00:00\",\"mainEntityOfPage\":{\"@id\":\"https:\/\/simusar.com.br\/wfe\/sindicato-questiona-aquisicao-de-200-litros-de-leite-para-gabinete-do-prefeito-anderson-mantei\/\"},\"wordCount\":247,\"publisher\":{\"@id\":\"https:\/\/simusar.com.br\/wfe\/#organization\"},\"image\":{\"@id\":\"https:\/\/simusar.com.br\/wfe\/sindicato-questiona-aquisicao-de-200-litros-de-leite-para-gabinete-do-prefeito-anderson-mantei\/#primaryimage\"},\"thumbnailUrl\":\"https:\/\/simusar.com.br\/wfe\/wp-content\/uploads\/2024\/11\/LEITE-GABIENTE-SALA.png\",\"keywords\":[\"Leite\",\"munic\u00edpio\",\"Prefeito\",\"professores\",\"santa rosa\",\"simusar\",\"sindicato\"],\"articleSection\":[\"Noticias\"],\"inLanguage\":\"pt-BR\"},{\"@type\":\"WebPage\",\"@id\":\"https:\/\/simusar.com.br\/wfe\/sindicato-questiona-aquisicao-de-200-litros-de-leite-para-gabinete-do-prefeito-anderson-mantei\/\",\"url\":\"https:\/\/simusar.com.br\/wfe\/sindicato-questiona-aquisicao-de-200-litros-de-leite-para-gabinete-do-prefeito-anderson-mantei\/\",\"name\":\"Sindicato Questiona Aquisi\u00e7\u00e3o de 200 Litros de Leite para Gabinete do Prefeito Anderson Mantei - SIMUSAR\",\"isPartOf\":{\"@id\":\"https:\/\/simusar.com.br\/wfe\/#website\"},\"primaryImageOfPage\":{\"@id\":\"https:\/\/simusar.com.br\/wfe\/sindicato-questiona-aquisicao-de-200-litros-de-leite-para-gabinete-do-prefeito-anderson-mantei\/#primaryimage\"},\"image\":{\"@id\":\"https:\/\/simusar.com.br\/wfe\/sindicato-questiona-aquisicao-de-200-litros-de-leite-para-gabinete-do-prefeito-anderson-mantei\/#primaryimage\"},\"thumbnailUrl\":\"https:\/\/simusar.com.br\/wfe\/wp-content\/uploads\/2024\/11\/LEITE-GABIENTE-SALA.png\",\"datePublished\":\"2024-11-06T13:07:57+00:00\",\"dateModified\":\"2024-11-06T13:15:58+00:00\",\"breadcrumb\":{\"@id\":\"https:\/\/simusar.com.br\/wfe\/sindicato-questiona-aquisicao-de-200-litros-de-leite-para-gabinete-do-prefeito-anderson-mantei\/#breadcrumb\"},\"inLanguage\":\"pt-BR\",\"potentialAction\":[{\"@type\":\"ReadAction\",\"target\":[\"https:\/\/simusar.com.br\/wfe\/sindicato-questiona-aquisicao-de-200-litros-de-leite-para-gabinete-do-prefeito-anderson-mantei\/\"]}]},{\"@type\":\"ImageObject\",\"inLanguage\":\"pt-BR\",\"@id\":\"https:\/\/simusar.com.br\/wfe\/sindicato-questiona-aquisicao-de-200-litros-de-leite-para-gabinete-do-prefeito-anderson-mantei\/#primaryimage\",\"url\":\"https:\/\/simusar.com.br\/wfe\/wp-content\/uploads\/2024\/11\/LEITE-GABIENTE-SALA.png\",\"contentUrl\":\"https:\/\/simusar.com.br\/wfe\/wp-content\/uploads\/2024\/11\/LEITE-GABIENTE-SALA.png\",\"width\":1080,\"height\":1080},{\"@type\":\"BreadcrumbList\",\"@id\":\"https:\/\/simusar.com.br\/wfe\/sindicato-questiona-aquisicao-de-200-litros-de-leite-para-gabinete-do-prefeito-anderson-mantei\/#breadcrumb\",\"itemListElement\":[{\"@type\":\"ListItem\",\"position\":1,\"name\":\"In\u00edcio\",\"item\":\"https:\/\/simusar.com.br\/wfe\/\"},{\"@type\":\"ListItem\",\"position\":2,\"name\":\"Sindicato Questiona Aquisi\u00e7\u00e3o de 200 Litros de Leite para Gabinete do Prefeito Anderson Mantei\"}]},{\"@type\":\"WebSite\",\"@id\":\"https:\/\/simusar.com.br\/wfe\/#website\",\"url\":\"https:\/\/simusar.com.br\/wfe\/\",\"name\":\"SIMUSAR\",\"description\":\"Sindicatos dos Servidores Municipais de Santa Rosa\",\"publisher\":{\"@id\":\"https:\/\/simusar.com.br\/wfe\/#organization\"},\"potentialAction\":[{\"@type\":\"SearchAction\",\"target\":{\"@type\":\"EntryPoint\",\"urlTemplate\":\"https:\/\/simusar.com.br\/wfe\/?s={search_term_string}\"},\"query-input\":{\"@type\":\"PropertyValueSpecification\",\"valueRequired\":true,\"valueName\":\"search_term_string\"}}],\"inLanguage\":\"pt-BR\"},{\"@type\":\"Organization\",\"@id\":\"https:\/\/simusar.com.br\/wfe\/#organization\",\"name\":\"SIMUSAR\",\"url\":\"https:\/\/simusar.com.br\/wfe\/\",\"logo\":{\"@type\":\"ImageObject\",\"inLanguage\":\"pt-BR\",\"@id\":\"https:\/\/simusar.com.br\/wfe\/#\/schema\/logo\/image\/\",\"url\":\"https:\/\/simusar.com.br\/wfe\/wp-content\/uploads\/2022\/05\/logo-perfil.png\",\"contentUrl\":\"https:\/\/simusar.com.br\/wfe\/wp-content\/uploads\/2022\/05\/logo-perfil.png\",\"width\":1080,\"height\":1080,\"caption\":\"SIMUSAR\"},\"image\":{\"@id\":\"https:\/\/simusar.com.br\/wfe\/#\/schema\/logo\/image\/\"},\"sameAs\":[\"https:\/\/www.facebook.com\/simusaroficial\",\"https:\/\/www.instagram.com\/simusaroficial\"]},{\"@type\":\"Person\",\"@id\":\"https:\/\/simusar.com.br\/wfe\/#\/schema\/person\/7bbff4b09265c81fe98c20bae4e03e83\",\"name\":\"admin\",\"sameAs\":[\"http:\/\/simusar.com.br\/wfe\"],\"url\":\"https:\/\/simusar.com.br\/wfe\/author\/admin\/\"}]}<\/script>\n<!-- \/ Yoast SEO plugin. -->","yoast_head_json":{"title":"Sindicato Questiona Aquisi\u00e7\u00e3o de 200 Litros de Leite para Gabinete do Prefeito Anderson Mantei - SIMUSAR","robots":{"index":"index","follow":"follow","max-snippet":"max-snippet:-1","max-image-preview":"max-image-preview:large","max-video-preview":"max-video-preview:-1"},"canonical":"https:\/\/simusar.com.br\/wfe\/sindicato-questiona-aquisicao-de-200-litros-de-leite-para-gabinete-do-prefeito-anderson-mantei\/","og_locale":"pt_BR","og_type":"article","og_title":"Sindicato Questiona Aquisi\u00e7\u00e3o de 200 Litros de Leite para Gabinete do Prefeito Anderson Mantei - SIMUSAR","og_description":"O Sindicato dos Servidores P\u00fablicos Municipais de Santa Rosa questiona a recente ades\u00e3o de compra de leite para o gabinete do prefeito Anderson Mantei. A aquisi\u00e7\u00e3o, formalizada atrav\u00e9s do Extrato do Contrato n\u00ba 62\/2024 &#8211; Aditivo 1, prev\u00ea at\u00e9 200 litros de leite longa vida integral para uso exclusivo do gabinete, conforme o processo administrativo [&hellip;]","og_url":"https:\/\/simusar.com.br\/wfe\/sindicato-questiona-aquisicao-de-200-litros-de-leite-para-gabinete-do-prefeito-anderson-mantei\/","og_site_name":"SIMUSAR","article_publisher":"https:\/\/www.facebook.com\/simusaroficial","article_published_time":"2024-11-06T13:07:57+00:00","article_modified_time":"2024-11-06T13:15:58+00:00","og_image":[{"width":1080,"height":1080,"url":"http:\/\/simusar.com.br\/wfe\/wp-content\/uploads\/2024\/11\/LEITE-GABIENTE-SALA.png","type":"image\/png"}],"author":"admin","twitter_card":"summary_large_image","twitter_misc":{"Escrito por":"admin","Est. tempo de leitura":"2 minutos"},"schema":{"@context":"https:\/\/schema.org","@graph":[{"@type":"Article","@id":"https:\/\/simusar.com.br\/wfe\/sindicato-questiona-aquisicao-de-200-litros-de-leite-para-gabinete-do-prefeito-anderson-mantei\/#article","isPartOf":{"@id":"https:\/\/simusar.com.br\/wfe\/sindicato-questiona-aquisicao-de-200-litros-de-leite-para-gabinete-do-prefeito-anderson-mantei\/"},"author":{"name":"admin","@id":"https:\/\/simusar.com.br\/wfe\/#\/schema\/person\/7bbff4b09265c81fe98c20bae4e03e83"},"headline":"Sindicato Questiona Aquisi\u00e7\u00e3o de 200 Litros de Leite para Gabinete do Prefeito Anderson Mantei","datePublished":"2024-11-06T13:07:57+00:00","dateModified":"2024-11-06T13:15:58+00:00","mainEntityOfPage":{"@id":"https:\/\/simusar.com.br\/wfe\/sindicato-questiona-aquisicao-de-200-litros-de-leite-para-gabinete-do-prefeito-anderson-mantei\/"},"wordCount":247,"publisher":{"@id":"https:\/\/simusar.com.br\/wfe\/#organization"},"image":{"@id":"https:\/\/simusar.com.br\/wfe\/sindicato-questiona-aquisicao-de-200-litros-de-leite-para-gabinete-do-prefeito-anderson-mantei\/#primaryimage"},"thumbnailUrl":"https:\/\/simusar.com.br\/wfe\/wp-content\/uploads\/2024\/11\/LEITE-GABIENTE-SALA.png","keywords":["Leite","munic\u00edpio","Prefeito","professores","santa rosa","simusar","sindicato"],"articleSection":["Noticias"],"inLanguage":"pt-BR"},{"@type":"WebPage","@id":"https:\/\/simusar.com.br\/wfe\/sindicato-questiona-aquisicao-de-200-litros-de-leite-para-gabinete-do-prefeito-anderson-mantei\/","url":"https:\/\/simusar.com.br\/wfe\/sindicato-questiona-aquisicao-de-200-litros-de-leite-para-gabinete-do-prefeito-anderson-mantei\/","name":"Sindicato Questiona Aquisi\u00e7\u00e3o de 200 Litros de Leite para Gabinete do Prefeito Anderson Mantei - SIMUSAR","isPartOf":{"@id":"https:\/\/simusar.com.br\/wfe\/#website"},"primaryImageOfPage":{"@id":"https:\/\/simusar.com.br\/wfe\/sindicato-questiona-aquisicao-de-200-litros-de-leite-para-gabinete-do-prefeito-anderson-mantei\/#primaryimage"},"image":{"@id":"https:\/\/simusar.com.br\/wfe\/sindicato-questiona-aquisicao-de-200-litros-de-leite-para-gabinete-do-prefeito-anderson-mantei\/#primaryimage"},"thumbnailUrl":"https:\/\/simusar.com.br\/wfe\/wp-content\/uploads\/2024\/11\/LEITE-GABIENTE-SALA.png","datePublished":"2024-11-06T13:07:57+00:00","dateModified":"2024-11-06T13:15:58+00:00","breadcrumb":{"@id":"https:\/\/simusar.com.br\/wfe\/sindicato-questiona-aquisicao-de-200-litros-de-leite-para-gabinete-do-prefeito-anderson-mantei\/#breadcrumb"},"inLanguage":"pt-BR","potentialAction":[{"@type":"ReadAction","target":["https:\/\/simusar.com.br\/wfe\/sindicato-questiona-aquisicao-de-200-litros-de-leite-para-gabinete-do-prefeito-anderson-mantei\/"]}]},{"@type":"ImageObject","inLanguage":"pt-BR","@id":"https:\/\/simusar.com.br\/wfe\/sindicato-questiona-aquisicao-de-200-litros-de-leite-para-gabinete-do-prefeito-anderson-mantei\/#primaryimage","url":"https:\/\/simusar.com.br\/wfe\/wp-content\/uploads\/2024\/11\/LEITE-GABIENTE-SALA.png","contentUrl":"https:\/\/simusar.com.br\/wfe\/wp-content\/uploads\/2024\/11\/LEITE-GABIENTE-SALA.png","width":1080,"height":1080},{"@type":"BreadcrumbList","@id":"https:\/\/simusar.com.br\/wfe\/sindicato-questiona-aquisicao-de-200-litros-de-leite-para-gabinete-do-prefeito-anderson-mantei\/#breadcrumb","itemListElement":[{"@type":"ListItem","position":1,"name":"In\u00edcio","item":"https:\/\/simusar.com.br\/wfe\/"},{"@type":"ListItem","position":2,"name":"Sindicato Questiona Aquisi\u00e7\u00e3o de 200 Litros de Leite para Gabinete do Prefeito Anderson Mantei"}]},{"@type":"WebSite","@id":"https:\/\/simusar.com.br\/wfe\/#website","url":"https:\/\/simusar.com.br\/wfe\/","name":"SIMUSAR","description":"Sindicatos dos Servidores Municipais de Santa Rosa","publisher":{"@id":"https:\/\/simusar.com.br\/wfe\/#organization"},"potentialAction":[{"@type":"SearchAction","target":{"@type":"EntryPoint","urlTemplate":"https:\/\/simusar.com.br\/wfe\/?s={search_term_string}"},"query-input":{"@type":"PropertyValueSpecification","valueRequired":true,"valueName":"search_term_string"}}],"inLanguage":"pt-BR"},{"@type":"Organization","@id":"https:\/\/simusar.com.br\/wfe\/#organization","name":"SIMUSAR","url":"https:\/\/simusar.com.br\/wfe\/","logo":{"@type":"ImageObject","inLanguage":"pt-BR","@id":"https:\/\/simusar.com.br\/wfe\/#\/schema\/logo\/image\/","url":"https:\/\/simusar.com.br\/wfe\/wp-content\/uploads\/2022\/05\/logo-perfil.png","contentUrl":"https:\/\/simusar.com.br\/wfe\/wp-content\/uploads\/2022\/05\/logo-perfil.png","width":1080,"height":1080,"caption":"SIMUSAR"},"image":{"@id":"https:\/\/simusar.com.br\/wfe\/#\/schema\/logo\/image\/"},"sameAs":["https:\/\/www.facebook.com\/simusaroficial","https:\/\/www.instagram.com\/simusaroficial"]},{"@type":"Person","@id":"https:\/\/simusar.com.br\/wfe\/#\/schema\/person\/7bbff4b09265c81fe98c20bae4e03e83","name":"admin","sameAs":["http:\/\/simusar.com.br\/wfe"],"url":"https:\/\/simusar.com.br\/wfe\/author\/admin\/"}]}},"_links":{"self":[{"href":"https:\/\/simusar.com.br\/wfe\/wp-json\/wp\/v2\/posts\/3138","targetHints":{"allow":["GET"]}}],"collection":[{"href":"https:\/\/simusar.com.br\/wfe\/wp-json\/wp\/v2\/posts"}],"about":[{"href":"https:\/\/simusar.com.br\/wfe\/wp-json\/wp\/v2\/types\/post"}],"author":[{"embeddable":true,"href":"https:\/\/simusar.com.br\/wfe\/wp-json\/wp\/v2\/users\/1"}],"replies":[{"embeddable":true,"href":"https:\/\/simusar.com.br\/wfe\/wp-json\/wp\/v2\/comments?post=3138"}],"version-history":[{"count":3,"href":"https:\/\/simusar.com.br\/wfe\/wp-json\/wp\/v2\/posts\/3138\/revisions"}],"predecessor-version":[{"id":3142,"href":"https:\/\/simusar.com.br\/wfe\/wp-json\/wp\/v2\/posts\/3138\/revisions\/3142"}],"wp:featuredmedia":[{"embeddable":true,"href":"https:\/\/simusar.com.br\/wfe\/wp-json\/wp\/v2\/media\/3139"}],"wp:attachment":[{"href":"https:\/\/simusar.com.br\/wfe\/wp-json\/wp\/v2\/media?parent=3138"}],"wp:term":[{"taxonomy":"category","embeddable":true,"href":"https:\/\/simusar.com.br\/wfe\/wp-json\/wp\/v2\/categories?post=3138"},{"taxonomy":"post_tag","embeddable":true,"href":"https:\/\/simusar.com.br\/wfe\/wp-json\/wp\/v2\/tags?post=3138"}],"curies":[{"name":"wp","href":"https:\/\/api.w.org\/{rel}","templated":true}]}}