{"id":3261,"date":"2025-01-14T14:01:21","date_gmt":"2025-01-14T14:01:21","guid":{"rendered":"https:\/\/simusar.com.br\/wfe\/?p=3261"},"modified":"2025-01-14T14:02:19","modified_gmt":"2025-01-14T14:02:19","slug":"edital-no-01-2025-convocacao-para-assembleia-geral-extraordinaria","status":"publish","type":"post","link":"https:\/\/simusar.com.br\/wfe\/edital-no-01-2025-convocacao-para-assembleia-geral-extraordinaria\/","title":{"rendered":"EDITAL N\u00ba 01\/2025 \u2013 CONVOCA\u00c7\u00c3O PARA ASSEMBLEIA GERAL EXTRAORDIN\u00c1RIA"},"content":{"rendered":"\n<div class=\"wp-block-file aligncenter has-background\" style=\"background-color:#ebebeb\"><a id=\"wp-block-file--media-44435918-3343-4043-82cb-d273ca047fe2\" href=\"https:\/\/simusar.com.br\/wfe\/wp-content\/uploads\/2025\/01\/edital-01.25.pdf\"><strong>Edital 01-25<\/strong><\/a><a href=\"https:\/\/simusar.com.br\/wfe\/wp-content\/uploads\/2025\/01\/edital-01.25.pdf\" class=\"wp-block-file__button wp-element-button\" download aria-describedby=\"wp-block-file--media-44435918-3343-4043-82cb-d273ca047fe2\">Baixar<\/a><\/div>\n\n\n\n<p>A Diretoria do Sindicato dos Servidores Municipais de Santa Rosa (SIMUSAR) informa que, em conformidade com o Estatuto da Entidade, ser\u00e1 realizada uma Assembleia Geral Extraordin\u00e1ria no dia <strong>15 de janeiro de 2025 (quarta-feira)<\/strong>.<\/p>\n\n\n\n<p><strong>Hor\u00e1rios:<\/strong><\/p>\n\n\n\n<ul class=\"wp-block-list\">\n<li><strong>18h15<\/strong> \u2013 com a maioria dos associados.<\/li>\n\n\n\n<li><strong>18h30<\/strong> \u2013 com qualquer n\u00famero de associados.<\/li>\n<\/ul>\n\n\n\n<p><strong>Local:<\/strong><br>Sede do SIMUSAR \u2013 Avenida Am\u00e9rica, 849, Centro, Santa Rosa \u2013 RS.<\/p>\n\n\n\n<p><strong>Pauta:<\/strong><\/p>\n\n\n\n<ol class=\"wp-block-list\">\n<li>Avisos gerais;<\/li>\n\n\n\n<li>Aprecia\u00e7\u00e3o da proposta encaminhada pela UNIMED;<\/li>\n\n\n\n<li>Aprecia\u00e7\u00e3o da proposta encaminhada pelo prefeito.<\/li>\n<\/ol>\n\n\n\n<p>Contamos com a presen\u00e7a de todos para discutirmos quest\u00f5es importantes para nossa categoria!<\/p>\n\n\n\n<p>Santa Rosa, 13 de janeiro de 2025.<br><strong>Diretoria do SIMUSAR<\/strong><\/p>\n","protected":false},"excerpt":{"rendered":"<p>A Diretoria do Sindicato dos Servidores Municipais de Santa Rosa (SIMUSAR) informa que, em conformidade com o Estatuto da Entidade, ser\u00e1 realizada uma Assembleia Geral Extraordin\u00e1ria no dia 15 de janeiro de 2025 (quarta-feira). Hor\u00e1rios: Local:Sede do SIMUSAR \u2013 Avenida Am\u00e9rica, 849, Centro, Santa Rosa \u2013 RS. Pauta: Contamos com a presen\u00e7a de todos para [&hellip;]<\/p>\n","protected":false},"author":1,"featured_media":3262,"comment_status":"closed","ping_status":"closed","sticky":false,"template":"","format":"standard","meta":{"_eb_attr":"","footnotes":""},"categories":[4],"tags":[65,48,53],"class_list":["post-3261","post","type-post","status-publish","format-standard","has-post-thumbnail","hentry","category-noticias","tag-assembleia","tag-santa-rosa","tag-simusar"],"yoast_head":"<!-- This site is optimized with the Yoast SEO plugin v26.2 - https:\/\/yoast.com\/wordpress\/plugins\/seo\/ -->\n<title>EDITAL N\u00ba 01\/2025 \u2013 CONVOCA\u00c7\u00c3O PARA ASSEMBLEIA GERAL EXTRAORDIN\u00c1RIA - SIMUSAR<\/title>\n<meta name=\"robots\" content=\"index, follow, max-snippet:-1, max-image-preview:large, max-video-preview:-1\" \/>\n<link rel=\"canonical\" href=\"https:\/\/simusar.com.br\/wfe\/edital-no-01-2025-convocacao-para-assembleia-geral-extraordinaria\/\" \/>\n<meta property=\"og:locale\" content=\"pt_BR\" \/>\n<meta property=\"og:type\" content=\"article\" \/>\n<meta property=\"og:title\" content=\"EDITAL N\u00ba 01\/2025 \u2013 CONVOCA\u00c7\u00c3O PARA ASSEMBLEIA GERAL EXTRAORDIN\u00c1RIA - SIMUSAR\" \/>\n<meta property=\"og:description\" content=\"A Diretoria do Sindicato dos Servidores Municipais de Santa Rosa (SIMUSAR) informa que, em conformidade com o Estatuto da Entidade, ser\u00e1 realizada uma Assembleia Geral Extraordin\u00e1ria no dia 15 de janeiro de 2025 (quarta-feira). Hor\u00e1rios: Local:Sede do SIMUSAR \u2013 Avenida Am\u00e9rica, 849, Centro, Santa Rosa \u2013 RS. Pauta: Contamos com a presen\u00e7a de todos para [&hellip;]\" \/>\n<meta property=\"og:url\" content=\"https:\/\/simusar.com.br\/wfe\/edital-no-01-2025-convocacao-para-assembleia-geral-extraordinaria\/\" \/>\n<meta property=\"og:site_name\" content=\"SIMUSAR\" \/>\n<meta property=\"article:publisher\" content=\"https:\/\/www.facebook.com\/simusaroficial\" \/>\n<meta property=\"article:published_time\" content=\"2025-01-14T14:01:21+00:00\" \/>\n<meta property=\"article:modified_time\" content=\"2025-01-14T14:02:19+00:00\" \/>\n<meta property=\"og:image\" content=\"http:\/\/simusar.com.br\/wfe\/wp-content\/uploads\/2025\/01\/2025-simusar-assembleia.png\" \/>\n\t<meta property=\"og:image:width\" content=\"1080\" \/>\n\t<meta property=\"og:image:height\" content=\"1350\" \/>\n\t<meta property=\"og:image:type\" content=\"image\/png\" \/>\n<meta name=\"author\" content=\"admin\" \/>\n<meta name=\"twitter:card\" content=\"summary_large_image\" \/>\n<meta name=\"twitter:label1\" content=\"Escrito por\" \/>\n\t<meta name=\"twitter:data1\" content=\"admin\" \/>\n\t<meta name=\"twitter:label2\" content=\"Est. tempo de leitura\" \/>\n\t<meta name=\"twitter:data2\" content=\"1 minuto\" \/>\n<script type=\"application\/ld+json\" class=\"yoast-schema-graph\">{\"@context\":\"https:\/\/schema.org\",\"@graph\":[{\"@type\":\"Article\",\"@id\":\"https:\/\/simusar.com.br\/wfe\/edital-no-01-2025-convocacao-para-assembleia-geral-extraordinaria\/#article\",\"isPartOf\":{\"@id\":\"https:\/\/simusar.com.br\/wfe\/edital-no-01-2025-convocacao-para-assembleia-geral-extraordinaria\/\"},\"author\":{\"name\":\"admin\",\"@id\":\"https:\/\/simusar.com.br\/wfe\/#\/schema\/person\/7bbff4b09265c81fe98c20bae4e03e83\"},\"headline\":\"EDITAL N\u00ba 01\/2025 \u2013 CONVOCA\u00c7\u00c3O PARA ASSEMBLEIA GERAL EXTRAORDIN\u00c1RIA\",\"datePublished\":\"2025-01-14T14:01:21+00:00\",\"dateModified\":\"2025-01-14T14:02:19+00:00\",\"mainEntityOfPage\":{\"@id\":\"https:\/\/simusar.com.br\/wfe\/edital-no-01-2025-convocacao-para-assembleia-geral-extraordinaria\/\"},\"wordCount\":111,\"publisher\":{\"@id\":\"https:\/\/simusar.com.br\/wfe\/#organization\"},\"image\":{\"@id\":\"https:\/\/simusar.com.br\/wfe\/edital-no-01-2025-convocacao-para-assembleia-geral-extraordinaria\/#primaryimage\"},\"thumbnailUrl\":\"https:\/\/simusar.com.br\/wfe\/wp-content\/uploads\/2025\/01\/2025-simusar-assembleia.png\",\"keywords\":[\"assembleia\",\"santa rosa\",\"simusar\"],\"articleSection\":[\"Noticias\"],\"inLanguage\":\"pt-BR\"},{\"@type\":\"WebPage\",\"@id\":\"https:\/\/simusar.com.br\/wfe\/edital-no-01-2025-convocacao-para-assembleia-geral-extraordinaria\/\",\"url\":\"https:\/\/simusar.com.br\/wfe\/edital-no-01-2025-convocacao-para-assembleia-geral-extraordinaria\/\",\"name\":\"EDITAL N\u00ba 01\/2025 \u2013 CONVOCA\u00c7\u00c3O PARA ASSEMBLEIA GERAL EXTRAORDIN\u00c1RIA - SIMUSAR\",\"isPartOf\":{\"@id\":\"https:\/\/simusar.com.br\/wfe\/#website\"},\"primaryImageOfPage\":{\"@id\":\"https:\/\/simusar.com.br\/wfe\/edital-no-01-2025-convocacao-para-assembleia-geral-extraordinaria\/#primaryimage\"},\"image\":{\"@id\":\"https:\/\/simusar.com.br\/wfe\/edital-no-01-2025-convocacao-para-assembleia-geral-extraordinaria\/#primaryimage\"},\"thumbnailUrl\":\"https:\/\/simusar.com.br\/wfe\/wp-content\/uploads\/2025\/01\/2025-simusar-assembleia.png\",\"datePublished\":\"2025-01-14T14:01:21+00:00\",\"dateModified\":\"2025-01-14T14:02:19+00:00\",\"breadcrumb\":{\"@id\":\"https:\/\/simusar.com.br\/wfe\/edital-no-01-2025-convocacao-para-assembleia-geral-extraordinaria\/#breadcrumb\"},\"inLanguage\":\"pt-BR\",\"potentialAction\":[{\"@type\":\"ReadAction\",\"target\":[\"https:\/\/simusar.com.br\/wfe\/edital-no-01-2025-convocacao-para-assembleia-geral-extraordinaria\/\"]}]},{\"@type\":\"ImageObject\",\"inLanguage\":\"pt-BR\",\"@id\":\"https:\/\/simusar.com.br\/wfe\/edital-no-01-2025-convocacao-para-assembleia-geral-extraordinaria\/#primaryimage\",\"url\":\"https:\/\/simusar.com.br\/wfe\/wp-content\/uploads\/2025\/01\/2025-simusar-assembleia.png\",\"contentUrl\":\"https:\/\/simusar.com.br\/wfe\/wp-content\/uploads\/2025\/01\/2025-simusar-assembleia.png\",\"width\":1080,\"height\":1350},{\"@type\":\"BreadcrumbList\",\"@id\":\"https:\/\/simusar.com.br\/wfe\/edital-no-01-2025-convocacao-para-assembleia-geral-extraordinaria\/#breadcrumb\",\"itemListElement\":[{\"@type\":\"ListItem\",\"position\":1,\"name\":\"In\u00edcio\",\"item\":\"https:\/\/simusar.com.br\/wfe\/\"},{\"@type\":\"ListItem\",\"position\":2,\"name\":\"EDITAL N\u00ba 01\/2025 \u2013 CONVOCA\u00c7\u00c3O PARA ASSEMBLEIA GERAL EXTRAORDIN\u00c1RIA\"}]},{\"@type\":\"WebSite\",\"@id\":\"https:\/\/simusar.com.br\/wfe\/#website\",\"url\":\"https:\/\/simusar.com.br\/wfe\/\",\"name\":\"SIMUSAR\",\"description\":\"Sindicatos dos Servidores Municipais de Santa Rosa\",\"publisher\":{\"@id\":\"https:\/\/simusar.com.br\/wfe\/#organization\"},\"potentialAction\":[{\"@type\":\"SearchAction\",\"target\":{\"@type\":\"EntryPoint\",\"urlTemplate\":\"https:\/\/simusar.com.br\/wfe\/?s={search_term_string}\"},\"query-input\":{\"@type\":\"PropertyValueSpecification\",\"valueRequired\":true,\"valueName\":\"search_term_string\"}}],\"inLanguage\":\"pt-BR\"},{\"@type\":\"Organization\",\"@id\":\"https:\/\/simusar.com.br\/wfe\/#organization\",\"name\":\"SIMUSAR\",\"url\":\"https:\/\/simusar.com.br\/wfe\/\",\"logo\":{\"@type\":\"ImageObject\",\"inLanguage\":\"pt-BR\",\"@id\":\"https:\/\/simusar.com.br\/wfe\/#\/schema\/logo\/image\/\",\"url\":\"https:\/\/simusar.com.br\/wfe\/wp-content\/uploads\/2022\/05\/logo-perfil.png\",\"contentUrl\":\"https:\/\/simusar.com.br\/wfe\/wp-content\/uploads\/2022\/05\/logo-perfil.png\",\"width\":1080,\"height\":1080,\"caption\":\"SIMUSAR\"},\"image\":{\"@id\":\"https:\/\/simusar.com.br\/wfe\/#\/schema\/logo\/image\/\"},\"sameAs\":[\"https:\/\/www.facebook.com\/simusaroficial\",\"https:\/\/www.instagram.com\/simusaroficial\"]},{\"@type\":\"Person\",\"@id\":\"https:\/\/simusar.com.br\/wfe\/#\/schema\/person\/7bbff4b09265c81fe98c20bae4e03e83\",\"name\":\"admin\",\"sameAs\":[\"http:\/\/simusar.com.br\/wfe\"],\"url\":\"https:\/\/simusar.com.br\/wfe\/author\/admin\/\"}]}<\/script>\n<!-- \/ Yoast SEO plugin. -->","yoast_head_json":{"title":"EDITAL N\u00ba 01\/2025 \u2013 CONVOCA\u00c7\u00c3O PARA ASSEMBLEIA GERAL EXTRAORDIN\u00c1RIA - SIMUSAR","robots":{"index":"index","follow":"follow","max-snippet":"max-snippet:-1","max-image-preview":"max-image-preview:large","max-video-preview":"max-video-preview:-1"},"canonical":"https:\/\/simusar.com.br\/wfe\/edital-no-01-2025-convocacao-para-assembleia-geral-extraordinaria\/","og_locale":"pt_BR","og_type":"article","og_title":"EDITAL N\u00ba 01\/2025 \u2013 CONVOCA\u00c7\u00c3O PARA ASSEMBLEIA GERAL EXTRAORDIN\u00c1RIA - SIMUSAR","og_description":"A Diretoria do Sindicato dos Servidores Municipais de Santa Rosa (SIMUSAR) informa que, em conformidade com o Estatuto da Entidade, ser\u00e1 realizada uma Assembleia Geral Extraordin\u00e1ria no dia 15 de janeiro de 2025 (quarta-feira). Hor\u00e1rios: Local:Sede do SIMUSAR \u2013 Avenida Am\u00e9rica, 849, Centro, Santa Rosa \u2013 RS. Pauta: Contamos com a presen\u00e7a de todos para [&hellip;]","og_url":"https:\/\/simusar.com.br\/wfe\/edital-no-01-2025-convocacao-para-assembleia-geral-extraordinaria\/","og_site_name":"SIMUSAR","article_publisher":"https:\/\/www.facebook.com\/simusaroficial","article_published_time":"2025-01-14T14:01:21+00:00","article_modified_time":"2025-01-14T14:02:19+00:00","og_image":[{"width":1080,"height":1350,"url":"http:\/\/simusar.com.br\/wfe\/wp-content\/uploads\/2025\/01\/2025-simusar-assembleia.png","type":"image\/png"}],"author":"admin","twitter_card":"summary_large_image","twitter_misc":{"Escrito por":"admin","Est. tempo de leitura":"1 minuto"},"schema":{"@context":"https:\/\/schema.org","@graph":[{"@type":"Article","@id":"https:\/\/simusar.com.br\/wfe\/edital-no-01-2025-convocacao-para-assembleia-geral-extraordinaria\/#article","isPartOf":{"@id":"https:\/\/simusar.com.br\/wfe\/edital-no-01-2025-convocacao-para-assembleia-geral-extraordinaria\/"},"author":{"name":"admin","@id":"https:\/\/simusar.com.br\/wfe\/#\/schema\/person\/7bbff4b09265c81fe98c20bae4e03e83"},"headline":"EDITAL N\u00ba 01\/2025 \u2013 CONVOCA\u00c7\u00c3O PARA ASSEMBLEIA GERAL EXTRAORDIN\u00c1RIA","datePublished":"2025-01-14T14:01:21+00:00","dateModified":"2025-01-14T14:02:19+00:00","mainEntityOfPage":{"@id":"https:\/\/simusar.com.br\/wfe\/edital-no-01-2025-convocacao-para-assembleia-geral-extraordinaria\/"},"wordCount":111,"publisher":{"@id":"https:\/\/simusar.com.br\/wfe\/#organization"},"image":{"@id":"https:\/\/simusar.com.br\/wfe\/edital-no-01-2025-convocacao-para-assembleia-geral-extraordinaria\/#primaryimage"},"thumbnailUrl":"https:\/\/simusar.com.br\/wfe\/wp-content\/uploads\/2025\/01\/2025-simusar-assembleia.png","keywords":["assembleia","santa rosa","simusar"],"articleSection":["Noticias"],"inLanguage":"pt-BR"},{"@type":"WebPage","@id":"https:\/\/simusar.com.br\/wfe\/edital-no-01-2025-convocacao-para-assembleia-geral-extraordinaria\/","url":"https:\/\/simusar.com.br\/wfe\/edital-no-01-2025-convocacao-para-assembleia-geral-extraordinaria\/","name":"EDITAL N\u00ba 01\/2025 \u2013 CONVOCA\u00c7\u00c3O PARA ASSEMBLEIA GERAL EXTRAORDIN\u00c1RIA - SIMUSAR","isPartOf":{"@id":"https:\/\/simusar.com.br\/wfe\/#website"},"primaryImageOfPage":{"@id":"https:\/\/simusar.com.br\/wfe\/edital-no-01-2025-convocacao-para-assembleia-geral-extraordinaria\/#primaryimage"},"image":{"@id":"https:\/\/simusar.com.br\/wfe\/edital-no-01-2025-convocacao-para-assembleia-geral-extraordinaria\/#primaryimage"},"thumbnailUrl":"https:\/\/simusar.com.br\/wfe\/wp-content\/uploads\/2025\/01\/2025-simusar-assembleia.png","datePublished":"2025-01-14T14:01:21+00:00","dateModified":"2025-01-14T14:02:19+00:00","breadcrumb":{"@id":"https:\/\/simusar.com.br\/wfe\/edital-no-01-2025-convocacao-para-assembleia-geral-extraordinaria\/#breadcrumb"},"inLanguage":"pt-BR","potentialAction":[{"@type":"ReadAction","target":["https:\/\/simusar.com.br\/wfe\/edital-no-01-2025-convocacao-para-assembleia-geral-extraordinaria\/"]}]},{"@type":"ImageObject","inLanguage":"pt-BR","@id":"https:\/\/simusar.com.br\/wfe\/edital-no-01-2025-convocacao-para-assembleia-geral-extraordinaria\/#primaryimage","url":"https:\/\/simusar.com.br\/wfe\/wp-content\/uploads\/2025\/01\/2025-simusar-assembleia.png","contentUrl":"https:\/\/simusar.com.br\/wfe\/wp-content\/uploads\/2025\/01\/2025-simusar-assembleia.png","width":1080,"height":1350},{"@type":"BreadcrumbList","@id":"https:\/\/simusar.com.br\/wfe\/edital-no-01-2025-convocacao-para-assembleia-geral-extraordinaria\/#breadcrumb","itemListElement":[{"@type":"ListItem","position":1,"name":"In\u00edcio","item":"https:\/\/simusar.com.br\/wfe\/"},{"@type":"ListItem","position":2,"name":"EDITAL N\u00ba 01\/2025 \u2013 CONVOCA\u00c7\u00c3O PARA ASSEMBLEIA GERAL EXTRAORDIN\u00c1RIA"}]},{"@type":"WebSite","@id":"https:\/\/simusar.com.br\/wfe\/#website","url":"https:\/\/simusar.com.br\/wfe\/","name":"SIMUSAR","description":"Sindicatos dos Servidores Municipais de Santa Rosa","publisher":{"@id":"https:\/\/simusar.com.br\/wfe\/#organization"},"potentialAction":[{"@type":"SearchAction","target":{"@type":"EntryPoint","urlTemplate":"https:\/\/simusar.com.br\/wfe\/?s={search_term_string}"},"query-input":{"@type":"PropertyValueSpecification","valueRequired":true,"valueName":"search_term_string"}}],"inLanguage":"pt-BR"},{"@type":"Organization","@id":"https:\/\/simusar.com.br\/wfe\/#organization","name":"SIMUSAR","url":"https:\/\/simusar.com.br\/wfe\/","logo":{"@type":"ImageObject","inLanguage":"pt-BR","@id":"https:\/\/simusar.com.br\/wfe\/#\/schema\/logo\/image\/","url":"https:\/\/simusar.com.br\/wfe\/wp-content\/uploads\/2022\/05\/logo-perfil.png","contentUrl":"https:\/\/simusar.com.br\/wfe\/wp-content\/uploads\/2022\/05\/logo-perfil.png","width":1080,"height":1080,"caption":"SIMUSAR"},"image":{"@id":"https:\/\/simusar.com.br\/wfe\/#\/schema\/logo\/image\/"},"sameAs":["https:\/\/www.facebook.com\/simusaroficial","https:\/\/www.instagram.com\/simusaroficial"]},{"@type":"Person","@id":"https:\/\/simusar.com.br\/wfe\/#\/schema\/person\/7bbff4b09265c81fe98c20bae4e03e83","name":"admin","sameAs":["http:\/\/simusar.com.br\/wfe"],"url":"https:\/\/simusar.com.br\/wfe\/author\/admin\/"}]}},"_links":{"self":[{"href":"https:\/\/simusar.com.br\/wfe\/wp-json\/wp\/v2\/posts\/3261","targetHints":{"allow":["GET"]}}],"collection":[{"href":"https:\/\/simusar.com.br\/wfe\/wp-json\/wp\/v2\/posts"}],"about":[{"href":"https:\/\/simusar.com.br\/wfe\/wp-json\/wp\/v2\/types\/post"}],"author":[{"embeddable":true,"href":"https:\/\/simusar.com.br\/wfe\/wp-json\/wp\/v2\/users\/1"}],"replies":[{"embeddable":true,"href":"https:\/\/simusar.com.br\/wfe\/wp-json\/wp\/v2\/comments?post=3261"}],"version-history":[{"count":2,"href":"https:\/\/simusar.com.br\/wfe\/wp-json\/wp\/v2\/posts\/3261\/revisions"}],"predecessor-version":[{"id":3265,"href":"https:\/\/simusar.com.br\/wfe\/wp-json\/wp\/v2\/posts\/3261\/revisions\/3265"}],"wp:featuredmedia":[{"embeddable":true,"href":"https:\/\/simusar.com.br\/wfe\/wp-json\/wp\/v2\/media\/3262"}],"wp:attachment":[{"href":"https:\/\/simusar.com.br\/wfe\/wp-json\/wp\/v2\/media?parent=3261"}],"wp:term":[{"taxonomy":"category","embeddable":true,"href":"https:\/\/simusar.com.br\/wfe\/wp-json\/wp\/v2\/categories?post=3261"},{"taxonomy":"post_tag","embeddable":true,"href":"https:\/\/simusar.com.br\/wfe\/wp-json\/wp\/v2\/tags?post=3261"}],"curies":[{"name":"wp","href":"https:\/\/api.w.org\/{rel}","templated":true}]}}