{"id":3271,"date":"2025-01-16T17:29:18","date_gmt":"2025-01-16T17:29:18","guid":{"rendered":"https:\/\/simusar.com.br\/wfe\/?p=3271"},"modified":"2025-01-16T17:35:11","modified_gmt":"2025-01-16T17:35:11","slug":"unidos-na-luta-perspectivas-e-desafios-do-simusar-para-2025","status":"publish","type":"post","link":"https:\/\/simusar.com.br\/wfe\/unidos-na-luta-perspectivas-e-desafios-do-simusar-para-2025\/","title":{"rendered":"Unidos na Luta: Perspectivas e Desafios do SIMUSAR para 2025"},"content":{"rendered":"<div class=\"wp-block-image is-style-default\">\n<figure class=\"alignleft size-full is-resized\"><img loading=\"lazy\" decoding=\"async\" width=\"848\" height=\"477\" src=\"http:\/\/simusar.com.br\/wfe\/wp-content\/uploads\/2025\/01\/uniao-luta-simusar.jpg\" alt=\"\" class=\"wp-image-3272\" style=\"width:300px;height:auto\" srcset=\"https:\/\/simusar.com.br\/wfe\/wp-content\/uploads\/2025\/01\/uniao-luta-simusar.jpg 848w, https:\/\/simusar.com.br\/wfe\/wp-content\/uploads\/2025\/01\/uniao-luta-simusar-300x169.jpg 300w, https:\/\/simusar.com.br\/wfe\/wp-content\/uploads\/2025\/01\/uniao-luta-simusar-768x432.jpg 768w\" sizes=\"auto, (max-width: 848px) 100vw, 848px\" \/><figcaption class=\"wp-element-caption\">Screenshot<\/figcaption><\/figure>\n<\/div>\n\n\n<p>O ano de 2025 apresenta-se como um per\u00edodo de desafios e oportunidades para os servidores municipais e para o SIMUSAR, que segue comprometido com a defesa dos direitos da categoria e a valoriza\u00e7\u00e3o do servi\u00e7o p\u00fablico. Neste cen\u00e1rio de constantes mudan\u00e7as pol\u00edticas, econ\u00f4micas e sociais, torna-se essencial fortalecer a uni\u00e3o entre os trabalhadores, ampliar as estrat\u00e9gias de luta e inovar nas a\u00e7\u00f5es que promovam melhorias na qualidade de vida e no ambiente de trabalho dos servidores.<\/p>\n\n\n\n<p>Com base nos princ\u00edpios de justi\u00e7a, transpar\u00eancia e compromisso coletivo, o SIMUSAR reafirma sua miss\u00e3o de atuar como um agente transformador, promovendo a conscientiza\u00e7\u00e3o, o di\u00e1logo e a mobiliza\u00e7\u00e3o. Para isso, o sindicato apresenta uma s\u00e9rie de perspectivas que orientam as a\u00e7\u00f5es para o pr\u00f3ximo ano, englobando desde a luta por direitos j\u00e1 conquistados at\u00e9 a amplia\u00e7\u00e3o de benef\u00edcios e a promo\u00e7\u00e3o de iniciativas que integrem e valorizem a categoria.<\/p>\n\n\n\n<p>Essa proposta visa n\u00e3o apenas reagir aos desafios impostos pelo cen\u00e1rio atual, mas tamb\u00e9m antecipar solu\u00e7\u00f5es e construir um ambiente mais justo, solid\u00e1rio e eficiente para todos os servidores municipais.<\/p>\n\n\n\n<p>1. Resist\u00eancia contra reformas prejudiciais: Mobilizar a categoria e a sociedade para combater propostas de reformas que possam reduzir direitos dos servidores p\u00fablicos.<\/p>\n\n\n\n<p>2. Forma\u00e7\u00e3o sindical e jur\u00eddica: Oferecer cursos, palestras e materiais educativos para capacitar servidores sobre seus direitos trabalhistas e sindicais.<\/p>\n\n\n\n<p>3. Fortalecimento das parcerias comerciais: Ampliar acordos e conv\u00eanios que melhorem o poder de compra dos servidores, incluindo benef\u00edcios em sa\u00fade, educa\u00e7\u00e3o e lazer.<\/p>\n\n\n\n<p>4. Defesa do piso do magist\u00e9rio: Lutar pela aplica\u00e7\u00e3o efetiva das legisla\u00e7\u00f5es que garantem o piso salarial para os profissionais da educa\u00e7\u00e3o.<\/p>\n\n\n\n<p>5. Integra\u00e7\u00e3o esportiva: Desenvolver projetos de integra\u00e7\u00e3o esportiva entre servidores, em parceria com a Secretaria de Esportes, promovendo sa\u00fade e bem-estar.<\/p>\n\n\n\n<p>6. Combate ao ass\u00e9dio moral: Implementar campanhas de conscientiza\u00e7\u00e3o e suporte jur\u00eddico para combater o ass\u00e9dio moral no ambiente de trabalho.<\/p>\n\n\n\n<p>7. Apoio \u00e0 sa\u00fade mental: Propor programas de apoio psicol\u00f3gico para servidores, enfrentando os desafios do ambiente profissional e a sobrecarga emocional.<\/p>\n\n\n\n<p>8. Transpar\u00eancia na gest\u00e3o p\u00fablica: Exigir maior transpar\u00eancia na administra\u00e7\u00e3o municipal, especialmente em rela\u00e7\u00e3o ao uso de recursos p\u00fablicos e impactos nos servidores.<\/p>\n\n\n\n<p>9. Condi\u00e7\u00f5es dignas de trabalho: Cobrar investimentos em infraestrutura e recursos que garantam seguran\u00e7a e qualidade no ambiente laboral.<\/p>\n\n\n\n<p>10. Fortalecimento da comunica\u00e7\u00e3o sindical: Manter canais din\u00e2micos e acess\u00edveis para informar e engajar os servidores sobre as lutas do sindicato.<\/p>\n\n\n\n<p>&nbsp;&nbsp;&nbsp;&nbsp;&nbsp;&nbsp;&nbsp;&nbsp;&nbsp;&nbsp;&nbsp;&nbsp;&nbsp;&nbsp; Diante dos desafios e metas estabelecidos para 2025, o SIMUSAR refor\u00e7a seu compromisso em atuar com firmeza e determina\u00e7\u00e3o na defesa dos direitos dos servidores municipais. No entanto, a for\u00e7a de qualquer sindicato reside na uni\u00e3o e na participa\u00e7\u00e3o ativa de seus membros. Cada conquista alcan\u00e7ada depende do esfor\u00e7o coletivo e da mobiliza\u00e7\u00e3o de toda a categoria.<\/p>\n\n\n\n<p>&nbsp;&nbsp;&nbsp;&nbsp;&nbsp;&nbsp;&nbsp;&nbsp;&nbsp;&nbsp;&nbsp;&nbsp;&nbsp;&nbsp; Com essa mensagem, refor\u00e7amos o chamado para que todos os servidores participem ativamente das a\u00e7\u00f5es do sindicato, fortalecendo a luta coletiva e garantindo que, juntos, possamos enfrentar os desafios e construir um futuro mais digno e valorizado para todos.<\/p>\n","protected":false},"excerpt":{"rendered":"<p>O ano de 2025 apresenta-se como um per\u00edodo de desafios e oportunidades para os servidores municipais e para o SIMUSAR, que segue comprometido com a defesa dos direitos da categoria e a valoriza\u00e7\u00e3o do servi\u00e7o p\u00fablico. Neste cen\u00e1rio de constantes mudan\u00e7as pol\u00edticas, econ\u00f4micas e sociais, torna-se essencial fortalecer a uni\u00e3o entre os trabalhadores, ampliar as [&hellip;]<\/p>\n","protected":false},"author":1,"featured_media":3272,"comment_status":"closed","ping_status":"closed","sticky":false,"template":"","format":"standard","meta":{"_eb_attr":"","footnotes":""},"categories":[76,4],"tags":[176,175,48,177],"class_list":["post-3271","post","type-post","status-publish","format-standard","has-post-thumbnail","hentry","category-artigos","category-noticias","tag-defesa","tag-perspectivas","tag-santa-rosa","tag-sindicais"],"yoast_head":"<!-- This site is optimized with the Yoast SEO plugin v26.2 - https:\/\/yoast.com\/wordpress\/plugins\/seo\/ -->\n<title>Unidos na Luta: Perspectivas e Desafios do SIMUSAR para 2025 - SIMUSAR<\/title>\n<meta name=\"robots\" content=\"index, follow, max-snippet:-1, max-image-preview:large, max-video-preview:-1\" \/>\n<link rel=\"canonical\" href=\"https:\/\/simusar.com.br\/wfe\/unidos-na-luta-perspectivas-e-desafios-do-simusar-para-2025\/\" \/>\n<meta property=\"og:locale\" content=\"pt_BR\" \/>\n<meta property=\"og:type\" content=\"article\" \/>\n<meta property=\"og:title\" content=\"Unidos na Luta: Perspectivas e Desafios do SIMUSAR para 2025 - SIMUSAR\" \/>\n<meta property=\"og:description\" content=\"O ano de 2025 apresenta-se como um per\u00edodo de desafios e oportunidades para os servidores municipais e para o SIMUSAR, que segue comprometido com a defesa dos direitos da categoria e a valoriza\u00e7\u00e3o do servi\u00e7o p\u00fablico. Neste cen\u00e1rio de constantes mudan\u00e7as pol\u00edticas, econ\u00f4micas e sociais, torna-se essencial fortalecer a uni\u00e3o entre os trabalhadores, ampliar as [&hellip;]\" \/>\n<meta property=\"og:url\" content=\"https:\/\/simusar.com.br\/wfe\/unidos-na-luta-perspectivas-e-desafios-do-simusar-para-2025\/\" \/>\n<meta property=\"og:site_name\" content=\"SIMUSAR\" \/>\n<meta property=\"article:publisher\" content=\"https:\/\/www.facebook.com\/simusaroficial\" \/>\n<meta property=\"article:published_time\" content=\"2025-01-16T17:29:18+00:00\" \/>\n<meta property=\"article:modified_time\" content=\"2025-01-16T17:35:11+00:00\" \/>\n<meta property=\"og:image\" content=\"http:\/\/simusar.com.br\/wfe\/wp-content\/uploads\/2025\/01\/uniao-luta-simusar.jpg\" \/>\n\t<meta property=\"og:image:width\" content=\"848\" \/>\n\t<meta property=\"og:image:height\" content=\"477\" \/>\n\t<meta property=\"og:image:type\" content=\"image\/jpeg\" \/>\n<meta name=\"author\" content=\"admin\" \/>\n<meta name=\"twitter:card\" content=\"summary_large_image\" \/>\n<meta name=\"twitter:label1\" content=\"Escrito por\" \/>\n\t<meta name=\"twitter:data1\" content=\"admin\" \/>\n\t<meta name=\"twitter:label2\" content=\"Est. tempo de leitura\" \/>\n\t<meta name=\"twitter:data2\" content=\"4 minutos\" \/>\n<script type=\"application\/ld+json\" class=\"yoast-schema-graph\">{\"@context\":\"https:\/\/schema.org\",\"@graph\":[{\"@type\":\"Article\",\"@id\":\"https:\/\/simusar.com.br\/wfe\/unidos-na-luta-perspectivas-e-desafios-do-simusar-para-2025\/#article\",\"isPartOf\":{\"@id\":\"https:\/\/simusar.com.br\/wfe\/unidos-na-luta-perspectivas-e-desafios-do-simusar-para-2025\/\"},\"author\":{\"name\":\"admin\",\"@id\":\"https:\/\/simusar.com.br\/wfe\/#\/schema\/person\/7bbff4b09265c81fe98c20bae4e03e83\"},\"headline\":\"Unidos na Luta: Perspectivas e Desafios do SIMUSAR para 2025\",\"datePublished\":\"2025-01-16T17:29:18+00:00\",\"dateModified\":\"2025-01-16T17:35:11+00:00\",\"mainEntityOfPage\":{\"@id\":\"https:\/\/simusar.com.br\/wfe\/unidos-na-luta-perspectivas-e-desafios-do-simusar-para-2025\/\"},\"wordCount\":585,\"publisher\":{\"@id\":\"https:\/\/simusar.com.br\/wfe\/#organization\"},\"image\":{\"@id\":\"https:\/\/simusar.com.br\/wfe\/unidos-na-luta-perspectivas-e-desafios-do-simusar-para-2025\/#primaryimage\"},\"thumbnailUrl\":\"https:\/\/simusar.com.br\/wfe\/wp-content\/uploads\/2025\/01\/uniao-luta-simusar.jpg\",\"keywords\":[\"defesa\",\"perspectivas\",\"santa rosa\",\"sindicais\"],\"articleSection\":[\"Artigos\",\"Noticias\"],\"inLanguage\":\"pt-BR\"},{\"@type\":\"WebPage\",\"@id\":\"https:\/\/simusar.com.br\/wfe\/unidos-na-luta-perspectivas-e-desafios-do-simusar-para-2025\/\",\"url\":\"https:\/\/simusar.com.br\/wfe\/unidos-na-luta-perspectivas-e-desafios-do-simusar-para-2025\/\",\"name\":\"Unidos na Luta: Perspectivas e Desafios do SIMUSAR para 2025 - SIMUSAR\",\"isPartOf\":{\"@id\":\"https:\/\/simusar.com.br\/wfe\/#website\"},\"primaryImageOfPage\":{\"@id\":\"https:\/\/simusar.com.br\/wfe\/unidos-na-luta-perspectivas-e-desafios-do-simusar-para-2025\/#primaryimage\"},\"image\":{\"@id\":\"https:\/\/simusar.com.br\/wfe\/unidos-na-luta-perspectivas-e-desafios-do-simusar-para-2025\/#primaryimage\"},\"thumbnailUrl\":\"https:\/\/simusar.com.br\/wfe\/wp-content\/uploads\/2025\/01\/uniao-luta-simusar.jpg\",\"datePublished\":\"2025-01-16T17:29:18+00:00\",\"dateModified\":\"2025-01-16T17:35:11+00:00\",\"breadcrumb\":{\"@id\":\"https:\/\/simusar.com.br\/wfe\/unidos-na-luta-perspectivas-e-desafios-do-simusar-para-2025\/#breadcrumb\"},\"inLanguage\":\"pt-BR\",\"potentialAction\":[{\"@type\":\"ReadAction\",\"target\":[\"https:\/\/simusar.com.br\/wfe\/unidos-na-luta-perspectivas-e-desafios-do-simusar-para-2025\/\"]}]},{\"@type\":\"ImageObject\",\"inLanguage\":\"pt-BR\",\"@id\":\"https:\/\/simusar.com.br\/wfe\/unidos-na-luta-perspectivas-e-desafios-do-simusar-para-2025\/#primaryimage\",\"url\":\"https:\/\/simusar.com.br\/wfe\/wp-content\/uploads\/2025\/01\/uniao-luta-simusar.jpg\",\"contentUrl\":\"https:\/\/simusar.com.br\/wfe\/wp-content\/uploads\/2025\/01\/uniao-luta-simusar.jpg\",\"width\":848,\"height\":477,\"caption\":\"Screenshot\"},{\"@type\":\"BreadcrumbList\",\"@id\":\"https:\/\/simusar.com.br\/wfe\/unidos-na-luta-perspectivas-e-desafios-do-simusar-para-2025\/#breadcrumb\",\"itemListElement\":[{\"@type\":\"ListItem\",\"position\":1,\"name\":\"In\u00edcio\",\"item\":\"https:\/\/simusar.com.br\/wfe\/\"},{\"@type\":\"ListItem\",\"position\":2,\"name\":\"Unidos na Luta: Perspectivas e Desafios do SIMUSAR para 2025\"}]},{\"@type\":\"WebSite\",\"@id\":\"https:\/\/simusar.com.br\/wfe\/#website\",\"url\":\"https:\/\/simusar.com.br\/wfe\/\",\"name\":\"SIMUSAR\",\"description\":\"Sindicatos dos Servidores Municipais de Santa Rosa\",\"publisher\":{\"@id\":\"https:\/\/simusar.com.br\/wfe\/#organization\"},\"potentialAction\":[{\"@type\":\"SearchAction\",\"target\":{\"@type\":\"EntryPoint\",\"urlTemplate\":\"https:\/\/simusar.com.br\/wfe\/?s={search_term_string}\"},\"query-input\":{\"@type\":\"PropertyValueSpecification\",\"valueRequired\":true,\"valueName\":\"search_term_string\"}}],\"inLanguage\":\"pt-BR\"},{\"@type\":\"Organization\",\"@id\":\"https:\/\/simusar.com.br\/wfe\/#organization\",\"name\":\"SIMUSAR\",\"url\":\"https:\/\/simusar.com.br\/wfe\/\",\"logo\":{\"@type\":\"ImageObject\",\"inLanguage\":\"pt-BR\",\"@id\":\"https:\/\/simusar.com.br\/wfe\/#\/schema\/logo\/image\/\",\"url\":\"https:\/\/simusar.com.br\/wfe\/wp-content\/uploads\/2022\/05\/logo-perfil.png\",\"contentUrl\":\"https:\/\/simusar.com.br\/wfe\/wp-content\/uploads\/2022\/05\/logo-perfil.png\",\"width\":1080,\"height\":1080,\"caption\":\"SIMUSAR\"},\"image\":{\"@id\":\"https:\/\/simusar.com.br\/wfe\/#\/schema\/logo\/image\/\"},\"sameAs\":[\"https:\/\/www.facebook.com\/simusaroficial\",\"https:\/\/www.instagram.com\/simusaroficial\"]},{\"@type\":\"Person\",\"@id\":\"https:\/\/simusar.com.br\/wfe\/#\/schema\/person\/7bbff4b09265c81fe98c20bae4e03e83\",\"name\":\"admin\",\"sameAs\":[\"http:\/\/simusar.com.br\/wfe\"],\"url\":\"https:\/\/simusar.com.br\/wfe\/author\/admin\/\"}]}<\/script>\n<!-- \/ Yoast SEO plugin. -->","yoast_head_json":{"title":"Unidos na Luta: Perspectivas e Desafios do SIMUSAR para 2025 - SIMUSAR","robots":{"index":"index","follow":"follow","max-snippet":"max-snippet:-1","max-image-preview":"max-image-preview:large","max-video-preview":"max-video-preview:-1"},"canonical":"https:\/\/simusar.com.br\/wfe\/unidos-na-luta-perspectivas-e-desafios-do-simusar-para-2025\/","og_locale":"pt_BR","og_type":"article","og_title":"Unidos na Luta: Perspectivas e Desafios do SIMUSAR para 2025 - SIMUSAR","og_description":"O ano de 2025 apresenta-se como um per\u00edodo de desafios e oportunidades para os servidores municipais e para o SIMUSAR, que segue comprometido com a defesa dos direitos da categoria e a valoriza\u00e7\u00e3o do servi\u00e7o p\u00fablico. Neste cen\u00e1rio de constantes mudan\u00e7as pol\u00edticas, econ\u00f4micas e sociais, torna-se essencial fortalecer a uni\u00e3o entre os trabalhadores, ampliar as [&hellip;]","og_url":"https:\/\/simusar.com.br\/wfe\/unidos-na-luta-perspectivas-e-desafios-do-simusar-para-2025\/","og_site_name":"SIMUSAR","article_publisher":"https:\/\/www.facebook.com\/simusaroficial","article_published_time":"2025-01-16T17:29:18+00:00","article_modified_time":"2025-01-16T17:35:11+00:00","og_image":[{"width":848,"height":477,"url":"http:\/\/simusar.com.br\/wfe\/wp-content\/uploads\/2025\/01\/uniao-luta-simusar.jpg","type":"image\/jpeg"}],"author":"admin","twitter_card":"summary_large_image","twitter_misc":{"Escrito por":"admin","Est. tempo de leitura":"4 minutos"},"schema":{"@context":"https:\/\/schema.org","@graph":[{"@type":"Article","@id":"https:\/\/simusar.com.br\/wfe\/unidos-na-luta-perspectivas-e-desafios-do-simusar-para-2025\/#article","isPartOf":{"@id":"https:\/\/simusar.com.br\/wfe\/unidos-na-luta-perspectivas-e-desafios-do-simusar-para-2025\/"},"author":{"name":"admin","@id":"https:\/\/simusar.com.br\/wfe\/#\/schema\/person\/7bbff4b09265c81fe98c20bae4e03e83"},"headline":"Unidos na Luta: Perspectivas e Desafios do SIMUSAR para 2025","datePublished":"2025-01-16T17:29:18+00:00","dateModified":"2025-01-16T17:35:11+00:00","mainEntityOfPage":{"@id":"https:\/\/simusar.com.br\/wfe\/unidos-na-luta-perspectivas-e-desafios-do-simusar-para-2025\/"},"wordCount":585,"publisher":{"@id":"https:\/\/simusar.com.br\/wfe\/#organization"},"image":{"@id":"https:\/\/simusar.com.br\/wfe\/unidos-na-luta-perspectivas-e-desafios-do-simusar-para-2025\/#primaryimage"},"thumbnailUrl":"https:\/\/simusar.com.br\/wfe\/wp-content\/uploads\/2025\/01\/uniao-luta-simusar.jpg","keywords":["defesa","perspectivas","santa rosa","sindicais"],"articleSection":["Artigos","Noticias"],"inLanguage":"pt-BR"},{"@type":"WebPage","@id":"https:\/\/simusar.com.br\/wfe\/unidos-na-luta-perspectivas-e-desafios-do-simusar-para-2025\/","url":"https:\/\/simusar.com.br\/wfe\/unidos-na-luta-perspectivas-e-desafios-do-simusar-para-2025\/","name":"Unidos na Luta: Perspectivas e Desafios do SIMUSAR para 2025 - SIMUSAR","isPartOf":{"@id":"https:\/\/simusar.com.br\/wfe\/#website"},"primaryImageOfPage":{"@id":"https:\/\/simusar.com.br\/wfe\/unidos-na-luta-perspectivas-e-desafios-do-simusar-para-2025\/#primaryimage"},"image":{"@id":"https:\/\/simusar.com.br\/wfe\/unidos-na-luta-perspectivas-e-desafios-do-simusar-para-2025\/#primaryimage"},"thumbnailUrl":"https:\/\/simusar.com.br\/wfe\/wp-content\/uploads\/2025\/01\/uniao-luta-simusar.jpg","datePublished":"2025-01-16T17:29:18+00:00","dateModified":"2025-01-16T17:35:11+00:00","breadcrumb":{"@id":"https:\/\/simusar.com.br\/wfe\/unidos-na-luta-perspectivas-e-desafios-do-simusar-para-2025\/#breadcrumb"},"inLanguage":"pt-BR","potentialAction":[{"@type":"ReadAction","target":["https:\/\/simusar.com.br\/wfe\/unidos-na-luta-perspectivas-e-desafios-do-simusar-para-2025\/"]}]},{"@type":"ImageObject","inLanguage":"pt-BR","@id":"https:\/\/simusar.com.br\/wfe\/unidos-na-luta-perspectivas-e-desafios-do-simusar-para-2025\/#primaryimage","url":"https:\/\/simusar.com.br\/wfe\/wp-content\/uploads\/2025\/01\/uniao-luta-simusar.jpg","contentUrl":"https:\/\/simusar.com.br\/wfe\/wp-content\/uploads\/2025\/01\/uniao-luta-simusar.jpg","width":848,"height":477,"caption":"Screenshot"},{"@type":"BreadcrumbList","@id":"https:\/\/simusar.com.br\/wfe\/unidos-na-luta-perspectivas-e-desafios-do-simusar-para-2025\/#breadcrumb","itemListElement":[{"@type":"ListItem","position":1,"name":"In\u00edcio","item":"https:\/\/simusar.com.br\/wfe\/"},{"@type":"ListItem","position":2,"name":"Unidos na Luta: Perspectivas e Desafios do SIMUSAR para 2025"}]},{"@type":"WebSite","@id":"https:\/\/simusar.com.br\/wfe\/#website","url":"https:\/\/simusar.com.br\/wfe\/","name":"SIMUSAR","description":"Sindicatos dos Servidores Municipais de Santa Rosa","publisher":{"@id":"https:\/\/simusar.com.br\/wfe\/#organization"},"potentialAction":[{"@type":"SearchAction","target":{"@type":"EntryPoint","urlTemplate":"https:\/\/simusar.com.br\/wfe\/?s={search_term_string}"},"query-input":{"@type":"PropertyValueSpecification","valueRequired":true,"valueName":"search_term_string"}}],"inLanguage":"pt-BR"},{"@type":"Organization","@id":"https:\/\/simusar.com.br\/wfe\/#organization","name":"SIMUSAR","url":"https:\/\/simusar.com.br\/wfe\/","logo":{"@type":"ImageObject","inLanguage":"pt-BR","@id":"https:\/\/simusar.com.br\/wfe\/#\/schema\/logo\/image\/","url":"https:\/\/simusar.com.br\/wfe\/wp-content\/uploads\/2022\/05\/logo-perfil.png","contentUrl":"https:\/\/simusar.com.br\/wfe\/wp-content\/uploads\/2022\/05\/logo-perfil.png","width":1080,"height":1080,"caption":"SIMUSAR"},"image":{"@id":"https:\/\/simusar.com.br\/wfe\/#\/schema\/logo\/image\/"},"sameAs":["https:\/\/www.facebook.com\/simusaroficial","https:\/\/www.instagram.com\/simusaroficial"]},{"@type":"Person","@id":"https:\/\/simusar.com.br\/wfe\/#\/schema\/person\/7bbff4b09265c81fe98c20bae4e03e83","name":"admin","sameAs":["http:\/\/simusar.com.br\/wfe"],"url":"https:\/\/simusar.com.br\/wfe\/author\/admin\/"}]}},"_links":{"self":[{"href":"https:\/\/simusar.com.br\/wfe\/wp-json\/wp\/v2\/posts\/3271","targetHints":{"allow":["GET"]}}],"collection":[{"href":"https:\/\/simusar.com.br\/wfe\/wp-json\/wp\/v2\/posts"}],"about":[{"href":"https:\/\/simusar.com.br\/wfe\/wp-json\/wp\/v2\/types\/post"}],"author":[{"embeddable":true,"href":"https:\/\/simusar.com.br\/wfe\/wp-json\/wp\/v2\/users\/1"}],"replies":[{"embeddable":true,"href":"https:\/\/simusar.com.br\/wfe\/wp-json\/wp\/v2\/comments?post=3271"}],"version-history":[{"count":3,"href":"https:\/\/simusar.com.br\/wfe\/wp-json\/wp\/v2\/posts\/3271\/revisions"}],"predecessor-version":[{"id":3277,"href":"https:\/\/simusar.com.br\/wfe\/wp-json\/wp\/v2\/posts\/3271\/revisions\/3277"}],"wp:featuredmedia":[{"embeddable":true,"href":"https:\/\/simusar.com.br\/wfe\/wp-json\/wp\/v2\/media\/3272"}],"wp:attachment":[{"href":"https:\/\/simusar.com.br\/wfe\/wp-json\/wp\/v2\/media?parent=3271"}],"wp:term":[{"taxonomy":"category","embeddable":true,"href":"https:\/\/simusar.com.br\/wfe\/wp-json\/wp\/v2\/categories?post=3271"},{"taxonomy":"post_tag","embeddable":true,"href":"https:\/\/simusar.com.br\/wfe\/wp-json\/wp\/v2\/tags?post=3271"}],"curies":[{"name":"wp","href":"https:\/\/api.w.org\/{rel}","templated":true}]}}