{"id":3282,"date":"2025-01-17T10:15:19","date_gmt":"2025-01-17T10:15:19","guid":{"rendered":"https:\/\/simusar.com.br\/wfe\/?p=3282"},"modified":"2025-01-17T10:16:24","modified_gmt":"2025-01-17T10:16:24","slug":"assembleia-geral-dos-servidores-municipais-avancos-e-novos-caminhos-para-2025","status":"publish","type":"post","link":"https:\/\/simusar.com.br\/wfe\/assembleia-geral-dos-servidores-municipais-avancos-e-novos-caminhos-para-2025\/","title":{"rendered":"Assembleia Geral dos Servidores Municipais: Avan\u00e7os e Novos Caminhos para 2025"},"content":{"rendered":"<div class=\"wp-block-image\">\n<figure class=\"alignleft size-large is-resized\"><img loading=\"lazy\" decoding=\"async\" width=\"1024\" height=\"460\" src=\"http:\/\/simusar.com.br\/wfe\/wp-content\/uploads\/2025\/01\/asembleia-simusar-01-25-1024x460.jpeg\" alt=\"\" class=\"wp-image-3283\" style=\"width:460px;height:auto\" srcset=\"https:\/\/simusar.com.br\/wfe\/wp-content\/uploads\/2025\/01\/asembleia-simusar-01-25-1024x460.jpeg 1024w, https:\/\/simusar.com.br\/wfe\/wp-content\/uploads\/2025\/01\/asembleia-simusar-01-25-300x135.jpeg 300w, https:\/\/simusar.com.br\/wfe\/wp-content\/uploads\/2025\/01\/asembleia-simusar-01-25-768x345.jpeg 768w, https:\/\/simusar.com.br\/wfe\/wp-content\/uploads\/2025\/01\/asembleia-simusar-01-25-1536x690.jpeg 1536w, https:\/\/simusar.com.br\/wfe\/wp-content\/uploads\/2025\/01\/asembleia-simusar-01-25.jpeg 1600w\" sizes=\"auto, (max-width: 1024px) 100vw, 1024px\" \/><\/figure>\n<\/div>\n\n\n<p>Na noite do dia 15\/01, realizamos a Assembleia Geral Extraordin\u00e1ria dos Servidores Municipais, um momento crucial para debater e aprovar medidas essenciais para o fortalecimento e a valoriza\u00e7\u00e3o da nossa categoria. Entre as pautas discutidas, destacamos avan\u00e7os importantes que impactar\u00e3o diretamente a vida dos servidores ao longo de 2025.<\/p>\n\n\n\n<h3 class=\"wp-block-heading\">Pautas Aprovadas:<\/h3>\n\n\n\n<p><strong>1. Reajuste Salarial<\/strong> Foi reafirmada a necessidade de garantir o reajuste do INPC + 1%, com um adicional de mais 1% no m\u00eas de maio, considerando a defasagem acumulada devido \u00e0 Lei Complementar 173\/2020. Essa medida visa reduzir a vulnerabilidade financeira dos servidores, especialmente daqueles com os menores padr\u00f5es salariais.<\/p>\n\n\n\n<p><strong>2. Vale-Alimenta\u00e7\u00e3o<\/strong> Al\u00e9m do reajuste de R$ 60,00 proposto pelo prefeito para janeiro, foi sugerido um incremento adicional de R$ 40,00 em agosto, totalizando R$ 700,00 no vale-alimenta\u00e7\u00e3o. Essa proposta demonstra a flexibilidade dos servidores em busca de uma solu\u00e7\u00e3o vi\u00e1vel para todas as partes, ajustando a meta inicial de R$ 800,00.<\/p>\n\n\n\n<p><strong>3. Novo Canal de Comunica\u00e7\u00e3o<\/strong> Aprovamos a cria\u00e7\u00e3o do &#8220;Minuto do Servidor&#8221;, um espa\u00e7o na r\u00e1dio Noroeste com 1 minuto e 30 segundos de dura\u00e7\u00e3o, que ser\u00e1 transmitido de segunda a sexta-feira, \u00e0s 11h30. Este programa tem como objetivo informar e conscientizar a comunidade sobre as atividades, conquistas e desafios enfrentados pelos servidores p\u00fablicos municipais.<\/p>\n\n\n\n<p><strong>4. Negocia\u00e7\u00f5es com a UNIMED<\/strong> Sobre a proposta da UNIMED, foi deliberada a forma\u00e7\u00e3o de uma comiss\u00e3o composta pelas servidoras Beatriz, Carmen e Rosane. Essa equipe ter\u00e1 a miss\u00e3o de negociar condi\u00e7\u00f5es mais favor\u00e1veis para os servidores, garantindo um servi\u00e7o de sa\u00fade acess\u00edvel e de qualidade.<\/p>\n\n\n\n<p>Refor\u00e7amos nossa disposi\u00e7\u00e3o para o di\u00e1logo com o Executivo e o Legislativo, pois acreditamos que a uni\u00e3o de esfor\u00e7os \u00e9 fundamental para atender \u00e0s necessidades da nossa classe e, ao mesmo tempo, fortalecer o servi\u00e7o p\u00fablico.<\/p>\n\n\n\n<p>Acompanhe nossas redes sociais e fique por dentro das pr\u00f3ximas a\u00e7\u00f5es!<\/p>\n\n\n\n<figure class=\"wp-block-gallery has-nested-images columns-7 is-cropped wp-block-gallery-1 is-layout-flex wp-block-gallery-is-layout-flex\">\n<figure class=\"wp-block-image size-large\"><a href=\"http:\/\/simusar.com.br\/wfe\/wp-content\/uploads\/2025\/01\/asembleia-simusar-01-25-5-e1737108907884.jpeg\"><img loading=\"lazy\" decoding=\"async\" width=\"460\" height=\"1024\" data-id=\"3284\" src=\"http:\/\/simusar.com.br\/wfe\/wp-content\/uploads\/2025\/01\/asembleia-simusar-01-25-5-460x1024.jpeg\" alt=\"\" class=\"wp-image-3284\"\/><\/a><\/figure>\n\n\n\n<figure class=\"wp-block-image size-large\"><a href=\"https:\/\/simusar.com.br\/wfe\/wp-content\/uploads\/2025\/01\/asembleia-simusar-01-25-3.jpeg\"><img loading=\"lazy\" decoding=\"async\" width=\"460\" height=\"1024\" data-id=\"3289\" src=\"https:\/\/simusar.com.br\/wfe\/wp-content\/uploads\/2025\/01\/asembleia-simusar-01-25-3-460x1024.jpeg\" alt=\"\" class=\"wp-image-3289\"\/><\/a><\/figure>\n\n\n\n<figure class=\"wp-block-image size-large\"><a href=\"https:\/\/simusar.com.br\/wfe\/wp-content\/uploads\/2025\/01\/asembleia-simusar-01-25-4.jpeg\"><img loading=\"lazy\" decoding=\"async\" width=\"460\" height=\"1024\" data-id=\"3286\" src=\"https:\/\/simusar.com.br\/wfe\/wp-content\/uploads\/2025\/01\/asembleia-simusar-01-25-4-460x1024.jpeg\" alt=\"\" class=\"wp-image-3286\"\/><\/a><\/figure>\n\n\n\n<figure class=\"wp-block-image size-large\"><a href=\"https:\/\/simusar.com.br\/wfe\/wp-content\/uploads\/2025\/01\/asembleia-simusar-01-25-5.jpeg\"><img loading=\"lazy\" decoding=\"async\" width=\"460\" height=\"1024\" data-id=\"3284\" src=\"https:\/\/simusar.com.br\/wfe\/wp-content\/uploads\/2025\/01\/asembleia-simusar-01-25-5-460x1024.jpeg\" alt=\"\" class=\"wp-image-3284\"\/><\/a><\/figure>\n\n\n\n<figure class=\"wp-block-image size-large\"><a href=\"https:\/\/simusar.com.br\/wfe\/wp-content\/uploads\/2025\/01\/asembleia-simusar-01-25-6.jpeg\"><img loading=\"lazy\" decoding=\"async\" width=\"460\" height=\"1024\" data-id=\"3285\" src=\"https:\/\/simusar.com.br\/wfe\/wp-content\/uploads\/2025\/01\/asembleia-simusar-01-25-6-460x1024.jpeg\" alt=\"\" class=\"wp-image-3285\"\/><\/a><\/figure>\n\n\n\n<figure class=\"wp-block-image size-large\"><a href=\"https:\/\/simusar.com.br\/wfe\/wp-content\/uploads\/2025\/01\/asembleia-simusar-01-25-7.jpeg\"><img loading=\"lazy\" decoding=\"async\" width=\"1024\" height=\"460\" data-id=\"3288\" src=\"https:\/\/simusar.com.br\/wfe\/wp-content\/uploads\/2025\/01\/asembleia-simusar-01-25-7-1024x460.jpeg\" alt=\"\" class=\"wp-image-3288\" srcset=\"https:\/\/simusar.com.br\/wfe\/wp-content\/uploads\/2025\/01\/asembleia-simusar-01-25-7-1024x460.jpeg 1024w, https:\/\/simusar.com.br\/wfe\/wp-content\/uploads\/2025\/01\/asembleia-simusar-01-25-7-300x135.jpeg 300w, https:\/\/simusar.com.br\/wfe\/wp-content\/uploads\/2025\/01\/asembleia-simusar-01-25-7-768x345.jpeg 768w, https:\/\/simusar.com.br\/wfe\/wp-content\/uploads\/2025\/01\/asembleia-simusar-01-25-7-1536x690.jpeg 1536w, https:\/\/simusar.com.br\/wfe\/wp-content\/uploads\/2025\/01\/asembleia-simusar-01-25-7.jpeg 1600w\" sizes=\"auto, (max-width: 1024px) 100vw, 1024px\" \/><\/a><\/figure>\n\n\n\n<figure class=\"wp-block-image size-large\"><a href=\"https:\/\/simusar.com.br\/wfe\/wp-content\/uploads\/2025\/01\/asembleia-simusar-01-25-8.jpeg\"><img loading=\"lazy\" decoding=\"async\" width=\"460\" height=\"1024\" data-id=\"3290\" src=\"https:\/\/simusar.com.br\/wfe\/wp-content\/uploads\/2025\/01\/asembleia-simusar-01-25-8-460x1024.jpeg\" alt=\"\" class=\"wp-image-3290\"\/><\/a><\/figure>\n<\/figure>\n\n\n\n<p><\/p>\n","protected":false},"excerpt":{"rendered":"<p>Na noite do dia 15\/01, realizamos a Assembleia Geral Extraordin\u00e1ria dos Servidores Municipais, um momento crucial para debater e aprovar medidas essenciais para o fortalecimento e a valoriza\u00e7\u00e3o da nossa categoria. Entre as pautas discutidas, destacamos avan\u00e7os importantes que impactar\u00e3o diretamente a vida dos servidores ao longo de 2025. Pautas Aprovadas: 1. Reajuste Salarial Foi [&hellip;]<\/p>\n","protected":false},"author":1,"featured_media":3283,"comment_status":"closed","ping_status":"closed","sticky":false,"template":"","format":"standard","meta":{"_eb_attr":"","footnotes":""},"categories":[4],"tags":[178,65,179,122,124,48,53,85,125,89],"class_list":["post-3282","post","type-post","status-publish","format-standard","has-post-thumbnail","hentry","category-noticias","tag-alimentacao","tag-assembleia","tag-inpc","tag-reajuste","tag-salario","tag-santa-rosa","tag-simusar","tag-sindical","tag-unimed","tag-vale"],"yoast_head":"<!-- This site is optimized with the Yoast SEO plugin v26.2 - https:\/\/yoast.com\/wordpress\/plugins\/seo\/ -->\n<title>Assembleia Geral dos Servidores Municipais: Avan\u00e7os e Novos Caminhos para 2025 - SIMUSAR<\/title>\n<meta name=\"robots\" content=\"index, follow, max-snippet:-1, max-image-preview:large, max-video-preview:-1\" \/>\n<link rel=\"canonical\" href=\"https:\/\/simusar.com.br\/wfe\/assembleia-geral-dos-servidores-municipais-avancos-e-novos-caminhos-para-2025\/\" \/>\n<meta property=\"og:locale\" content=\"pt_BR\" \/>\n<meta property=\"og:type\" content=\"article\" \/>\n<meta property=\"og:title\" content=\"Assembleia Geral dos Servidores Municipais: Avan\u00e7os e Novos Caminhos para 2025 - SIMUSAR\" \/>\n<meta property=\"og:description\" content=\"Na noite do dia 15\/01, realizamos a Assembleia Geral Extraordin\u00e1ria dos Servidores Municipais, um momento crucial para debater e aprovar medidas essenciais para o fortalecimento e a valoriza\u00e7\u00e3o da nossa categoria. Entre as pautas discutidas, destacamos avan\u00e7os importantes que impactar\u00e3o diretamente a vida dos servidores ao longo de 2025. Pautas Aprovadas: 1. Reajuste Salarial Foi [&hellip;]\" \/>\n<meta property=\"og:url\" content=\"https:\/\/simusar.com.br\/wfe\/assembleia-geral-dos-servidores-municipais-avancos-e-novos-caminhos-para-2025\/\" \/>\n<meta property=\"og:site_name\" content=\"SIMUSAR\" \/>\n<meta property=\"article:publisher\" content=\"https:\/\/www.facebook.com\/simusaroficial\" \/>\n<meta property=\"article:published_time\" content=\"2025-01-17T10:15:19+00:00\" \/>\n<meta property=\"article:modified_time\" content=\"2025-01-17T10:16:24+00:00\" \/>\n<meta property=\"og:image\" content=\"http:\/\/simusar.com.br\/wfe\/wp-content\/uploads\/2025\/01\/asembleia-simusar-01-25.jpeg\" \/>\n\t<meta property=\"og:image:width\" content=\"1600\" \/>\n\t<meta property=\"og:image:height\" content=\"719\" \/>\n\t<meta property=\"og:image:type\" content=\"image\/jpeg\" \/>\n<meta name=\"author\" content=\"admin\" \/>\n<meta name=\"twitter:card\" content=\"summary_large_image\" \/>\n<meta name=\"twitter:label1\" content=\"Escrito por\" \/>\n\t<meta name=\"twitter:data1\" content=\"admin\" \/>\n\t<meta name=\"twitter:label2\" content=\"Est. tempo de leitura\" \/>\n\t<meta name=\"twitter:data2\" content=\"4 minutos\" \/>\n<script type=\"application\/ld+json\" class=\"yoast-schema-graph\">{\"@context\":\"https:\/\/schema.org\",\"@graph\":[{\"@type\":\"Article\",\"@id\":\"https:\/\/simusar.com.br\/wfe\/assembleia-geral-dos-servidores-municipais-avancos-e-novos-caminhos-para-2025\/#article\",\"isPartOf\":{\"@id\":\"https:\/\/simusar.com.br\/wfe\/assembleia-geral-dos-servidores-municipais-avancos-e-novos-caminhos-para-2025\/\"},\"author\":{\"name\":\"admin\",\"@id\":\"https:\/\/simusar.com.br\/wfe\/#\/schema\/person\/7bbff4b09265c81fe98c20bae4e03e83\"},\"headline\":\"Assembleia Geral dos Servidores Municipais: Avan\u00e7os e Novos Caminhos para 2025\",\"datePublished\":\"2025-01-17T10:15:19+00:00\",\"dateModified\":\"2025-01-17T10:16:24+00:00\",\"mainEntityOfPage\":{\"@id\":\"https:\/\/simusar.com.br\/wfe\/assembleia-geral-dos-servidores-municipais-avancos-e-novos-caminhos-para-2025\/\"},\"wordCount\":329,\"publisher\":{\"@id\":\"https:\/\/simusar.com.br\/wfe\/#organization\"},\"image\":{\"@id\":\"https:\/\/simusar.com.br\/wfe\/assembleia-geral-dos-servidores-municipais-avancos-e-novos-caminhos-para-2025\/#primaryimage\"},\"thumbnailUrl\":\"https:\/\/simusar.com.br\/wfe\/wp-content\/uploads\/2025\/01\/asembleia-simusar-01-25.jpeg\",\"keywords\":[\"alimenta\u00e7\u00e3o\",\"assembleia\",\"INPC\",\"reajuste\",\"salario\",\"santa rosa\",\"simusar\",\"sindical\",\"unimed\",\"vale\"],\"articleSection\":[\"Noticias\"],\"inLanguage\":\"pt-BR\"},{\"@type\":\"WebPage\",\"@id\":\"https:\/\/simusar.com.br\/wfe\/assembleia-geral-dos-servidores-municipais-avancos-e-novos-caminhos-para-2025\/\",\"url\":\"https:\/\/simusar.com.br\/wfe\/assembleia-geral-dos-servidores-municipais-avancos-e-novos-caminhos-para-2025\/\",\"name\":\"Assembleia Geral dos Servidores Municipais: Avan\u00e7os e Novos Caminhos para 2025 - SIMUSAR\",\"isPartOf\":{\"@id\":\"https:\/\/simusar.com.br\/wfe\/#website\"},\"primaryImageOfPage\":{\"@id\":\"https:\/\/simusar.com.br\/wfe\/assembleia-geral-dos-servidores-municipais-avancos-e-novos-caminhos-para-2025\/#primaryimage\"},\"image\":{\"@id\":\"https:\/\/simusar.com.br\/wfe\/assembleia-geral-dos-servidores-municipais-avancos-e-novos-caminhos-para-2025\/#primaryimage\"},\"thumbnailUrl\":\"https:\/\/simusar.com.br\/wfe\/wp-content\/uploads\/2025\/01\/asembleia-simusar-01-25.jpeg\",\"datePublished\":\"2025-01-17T10:15:19+00:00\",\"dateModified\":\"2025-01-17T10:16:24+00:00\",\"breadcrumb\":{\"@id\":\"https:\/\/simusar.com.br\/wfe\/assembleia-geral-dos-servidores-municipais-avancos-e-novos-caminhos-para-2025\/#breadcrumb\"},\"inLanguage\":\"pt-BR\",\"potentialAction\":[{\"@type\":\"ReadAction\",\"target\":[\"https:\/\/simusar.com.br\/wfe\/assembleia-geral-dos-servidores-municipais-avancos-e-novos-caminhos-para-2025\/\"]}]},{\"@type\":\"ImageObject\",\"inLanguage\":\"pt-BR\",\"@id\":\"https:\/\/simusar.com.br\/wfe\/assembleia-geral-dos-servidores-municipais-avancos-e-novos-caminhos-para-2025\/#primaryimage\",\"url\":\"https:\/\/simusar.com.br\/wfe\/wp-content\/uploads\/2025\/01\/asembleia-simusar-01-25.jpeg\",\"contentUrl\":\"https:\/\/simusar.com.br\/wfe\/wp-content\/uploads\/2025\/01\/asembleia-simusar-01-25.jpeg\",\"width\":1600,\"height\":719},{\"@type\":\"BreadcrumbList\",\"@id\":\"https:\/\/simusar.com.br\/wfe\/assembleia-geral-dos-servidores-municipais-avancos-e-novos-caminhos-para-2025\/#breadcrumb\",\"itemListElement\":[{\"@type\":\"ListItem\",\"position\":1,\"name\":\"In\u00edcio\",\"item\":\"https:\/\/simusar.com.br\/wfe\/\"},{\"@type\":\"ListItem\",\"position\":2,\"name\":\"Assembleia Geral dos Servidores Municipais: Avan\u00e7os e Novos Caminhos para 2025\"}]},{\"@type\":\"WebSite\",\"@id\":\"https:\/\/simusar.com.br\/wfe\/#website\",\"url\":\"https:\/\/simusar.com.br\/wfe\/\",\"name\":\"SIMUSAR\",\"description\":\"Sindicatos dos Servidores Municipais de Santa Rosa\",\"publisher\":{\"@id\":\"https:\/\/simusar.com.br\/wfe\/#organization\"},\"potentialAction\":[{\"@type\":\"SearchAction\",\"target\":{\"@type\":\"EntryPoint\",\"urlTemplate\":\"https:\/\/simusar.com.br\/wfe\/?s={search_term_string}\"},\"query-input\":{\"@type\":\"PropertyValueSpecification\",\"valueRequired\":true,\"valueName\":\"search_term_string\"}}],\"inLanguage\":\"pt-BR\"},{\"@type\":\"Organization\",\"@id\":\"https:\/\/simusar.com.br\/wfe\/#organization\",\"name\":\"SIMUSAR\",\"url\":\"https:\/\/simusar.com.br\/wfe\/\",\"logo\":{\"@type\":\"ImageObject\",\"inLanguage\":\"pt-BR\",\"@id\":\"https:\/\/simusar.com.br\/wfe\/#\/schema\/logo\/image\/\",\"url\":\"https:\/\/simusar.com.br\/wfe\/wp-content\/uploads\/2022\/05\/logo-perfil.png\",\"contentUrl\":\"https:\/\/simusar.com.br\/wfe\/wp-content\/uploads\/2022\/05\/logo-perfil.png\",\"width\":1080,\"height\":1080,\"caption\":\"SIMUSAR\"},\"image\":{\"@id\":\"https:\/\/simusar.com.br\/wfe\/#\/schema\/logo\/image\/\"},\"sameAs\":[\"https:\/\/www.facebook.com\/simusaroficial\",\"https:\/\/www.instagram.com\/simusaroficial\"]},{\"@type\":\"Person\",\"@id\":\"https:\/\/simusar.com.br\/wfe\/#\/schema\/person\/7bbff4b09265c81fe98c20bae4e03e83\",\"name\":\"admin\",\"sameAs\":[\"http:\/\/simusar.com.br\/wfe\"],\"url\":\"https:\/\/simusar.com.br\/wfe\/author\/admin\/\"}]}<\/script>\n<!-- \/ Yoast SEO plugin. -->","yoast_head_json":{"title":"Assembleia Geral dos Servidores Municipais: Avan\u00e7os e Novos Caminhos para 2025 - SIMUSAR","robots":{"index":"index","follow":"follow","max-snippet":"max-snippet:-1","max-image-preview":"max-image-preview:large","max-video-preview":"max-video-preview:-1"},"canonical":"https:\/\/simusar.com.br\/wfe\/assembleia-geral-dos-servidores-municipais-avancos-e-novos-caminhos-para-2025\/","og_locale":"pt_BR","og_type":"article","og_title":"Assembleia Geral dos Servidores Municipais: Avan\u00e7os e Novos Caminhos para 2025 - SIMUSAR","og_description":"Na noite do dia 15\/01, realizamos a Assembleia Geral Extraordin\u00e1ria dos Servidores Municipais, um momento crucial para debater e aprovar medidas essenciais para o fortalecimento e a valoriza\u00e7\u00e3o da nossa categoria. Entre as pautas discutidas, destacamos avan\u00e7os importantes que impactar\u00e3o diretamente a vida dos servidores ao longo de 2025. Pautas Aprovadas: 1. Reajuste Salarial Foi [&hellip;]","og_url":"https:\/\/simusar.com.br\/wfe\/assembleia-geral-dos-servidores-municipais-avancos-e-novos-caminhos-para-2025\/","og_site_name":"SIMUSAR","article_publisher":"https:\/\/www.facebook.com\/simusaroficial","article_published_time":"2025-01-17T10:15:19+00:00","article_modified_time":"2025-01-17T10:16:24+00:00","og_image":[{"width":1600,"height":719,"url":"http:\/\/simusar.com.br\/wfe\/wp-content\/uploads\/2025\/01\/asembleia-simusar-01-25.jpeg","type":"image\/jpeg"}],"author":"admin","twitter_card":"summary_large_image","twitter_misc":{"Escrito por":"admin","Est. tempo de leitura":"4 minutos"},"schema":{"@context":"https:\/\/schema.org","@graph":[{"@type":"Article","@id":"https:\/\/simusar.com.br\/wfe\/assembleia-geral-dos-servidores-municipais-avancos-e-novos-caminhos-para-2025\/#article","isPartOf":{"@id":"https:\/\/simusar.com.br\/wfe\/assembleia-geral-dos-servidores-municipais-avancos-e-novos-caminhos-para-2025\/"},"author":{"name":"admin","@id":"https:\/\/simusar.com.br\/wfe\/#\/schema\/person\/7bbff4b09265c81fe98c20bae4e03e83"},"headline":"Assembleia Geral dos Servidores Municipais: Avan\u00e7os e Novos Caminhos para 2025","datePublished":"2025-01-17T10:15:19+00:00","dateModified":"2025-01-17T10:16:24+00:00","mainEntityOfPage":{"@id":"https:\/\/simusar.com.br\/wfe\/assembleia-geral-dos-servidores-municipais-avancos-e-novos-caminhos-para-2025\/"},"wordCount":329,"publisher":{"@id":"https:\/\/simusar.com.br\/wfe\/#organization"},"image":{"@id":"https:\/\/simusar.com.br\/wfe\/assembleia-geral-dos-servidores-municipais-avancos-e-novos-caminhos-para-2025\/#primaryimage"},"thumbnailUrl":"https:\/\/simusar.com.br\/wfe\/wp-content\/uploads\/2025\/01\/asembleia-simusar-01-25.jpeg","keywords":["alimenta\u00e7\u00e3o","assembleia","INPC","reajuste","salario","santa rosa","simusar","sindical","unimed","vale"],"articleSection":["Noticias"],"inLanguage":"pt-BR"},{"@type":"WebPage","@id":"https:\/\/simusar.com.br\/wfe\/assembleia-geral-dos-servidores-municipais-avancos-e-novos-caminhos-para-2025\/","url":"https:\/\/simusar.com.br\/wfe\/assembleia-geral-dos-servidores-municipais-avancos-e-novos-caminhos-para-2025\/","name":"Assembleia Geral dos Servidores Municipais: Avan\u00e7os e Novos Caminhos para 2025 - SIMUSAR","isPartOf":{"@id":"https:\/\/simusar.com.br\/wfe\/#website"},"primaryImageOfPage":{"@id":"https:\/\/simusar.com.br\/wfe\/assembleia-geral-dos-servidores-municipais-avancos-e-novos-caminhos-para-2025\/#primaryimage"},"image":{"@id":"https:\/\/simusar.com.br\/wfe\/assembleia-geral-dos-servidores-municipais-avancos-e-novos-caminhos-para-2025\/#primaryimage"},"thumbnailUrl":"https:\/\/simusar.com.br\/wfe\/wp-content\/uploads\/2025\/01\/asembleia-simusar-01-25.jpeg","datePublished":"2025-01-17T10:15:19+00:00","dateModified":"2025-01-17T10:16:24+00:00","breadcrumb":{"@id":"https:\/\/simusar.com.br\/wfe\/assembleia-geral-dos-servidores-municipais-avancos-e-novos-caminhos-para-2025\/#breadcrumb"},"inLanguage":"pt-BR","potentialAction":[{"@type":"ReadAction","target":["https:\/\/simusar.com.br\/wfe\/assembleia-geral-dos-servidores-municipais-avancos-e-novos-caminhos-para-2025\/"]}]},{"@type":"ImageObject","inLanguage":"pt-BR","@id":"https:\/\/simusar.com.br\/wfe\/assembleia-geral-dos-servidores-municipais-avancos-e-novos-caminhos-para-2025\/#primaryimage","url":"https:\/\/simusar.com.br\/wfe\/wp-content\/uploads\/2025\/01\/asembleia-simusar-01-25.jpeg","contentUrl":"https:\/\/simusar.com.br\/wfe\/wp-content\/uploads\/2025\/01\/asembleia-simusar-01-25.jpeg","width":1600,"height":719},{"@type":"BreadcrumbList","@id":"https:\/\/simusar.com.br\/wfe\/assembleia-geral-dos-servidores-municipais-avancos-e-novos-caminhos-para-2025\/#breadcrumb","itemListElement":[{"@type":"ListItem","position":1,"name":"In\u00edcio","item":"https:\/\/simusar.com.br\/wfe\/"},{"@type":"ListItem","position":2,"name":"Assembleia Geral dos Servidores Municipais: Avan\u00e7os e Novos Caminhos para 2025"}]},{"@type":"WebSite","@id":"https:\/\/simusar.com.br\/wfe\/#website","url":"https:\/\/simusar.com.br\/wfe\/","name":"SIMUSAR","description":"Sindicatos dos Servidores Municipais de Santa Rosa","publisher":{"@id":"https:\/\/simusar.com.br\/wfe\/#organization"},"potentialAction":[{"@type":"SearchAction","target":{"@type":"EntryPoint","urlTemplate":"https:\/\/simusar.com.br\/wfe\/?s={search_term_string}"},"query-input":{"@type":"PropertyValueSpecification","valueRequired":true,"valueName":"search_term_string"}}],"inLanguage":"pt-BR"},{"@type":"Organization","@id":"https:\/\/simusar.com.br\/wfe\/#organization","name":"SIMUSAR","url":"https:\/\/simusar.com.br\/wfe\/","logo":{"@type":"ImageObject","inLanguage":"pt-BR","@id":"https:\/\/simusar.com.br\/wfe\/#\/schema\/logo\/image\/","url":"https:\/\/simusar.com.br\/wfe\/wp-content\/uploads\/2022\/05\/logo-perfil.png","contentUrl":"https:\/\/simusar.com.br\/wfe\/wp-content\/uploads\/2022\/05\/logo-perfil.png","width":1080,"height":1080,"caption":"SIMUSAR"},"image":{"@id":"https:\/\/simusar.com.br\/wfe\/#\/schema\/logo\/image\/"},"sameAs":["https:\/\/www.facebook.com\/simusaroficial","https:\/\/www.instagram.com\/simusaroficial"]},{"@type":"Person","@id":"https:\/\/simusar.com.br\/wfe\/#\/schema\/person\/7bbff4b09265c81fe98c20bae4e03e83","name":"admin","sameAs":["http:\/\/simusar.com.br\/wfe"],"url":"https:\/\/simusar.com.br\/wfe\/author\/admin\/"}]}},"_links":{"self":[{"href":"https:\/\/simusar.com.br\/wfe\/wp-json\/wp\/v2\/posts\/3282","targetHints":{"allow":["GET"]}}],"collection":[{"href":"https:\/\/simusar.com.br\/wfe\/wp-json\/wp\/v2\/posts"}],"about":[{"href":"https:\/\/simusar.com.br\/wfe\/wp-json\/wp\/v2\/types\/post"}],"author":[{"embeddable":true,"href":"https:\/\/simusar.com.br\/wfe\/wp-json\/wp\/v2\/users\/1"}],"replies":[{"embeddable":true,"href":"https:\/\/simusar.com.br\/wfe\/wp-json\/wp\/v2\/comments?post=3282"}],"version-history":[{"count":2,"href":"https:\/\/simusar.com.br\/wfe\/wp-json\/wp\/v2\/posts\/3282\/revisions"}],"predecessor-version":[{"id":3292,"href":"https:\/\/simusar.com.br\/wfe\/wp-json\/wp\/v2\/posts\/3282\/revisions\/3292"}],"wp:featuredmedia":[{"embeddable":true,"href":"https:\/\/simusar.com.br\/wfe\/wp-json\/wp\/v2\/media\/3283"}],"wp:attachment":[{"href":"https:\/\/simusar.com.br\/wfe\/wp-json\/wp\/v2\/media?parent=3282"}],"wp:term":[{"taxonomy":"category","embeddable":true,"href":"https:\/\/simusar.com.br\/wfe\/wp-json\/wp\/v2\/categories?post=3282"},{"taxonomy":"post_tag","embeddable":true,"href":"https:\/\/simusar.com.br\/wfe\/wp-json\/wp\/v2\/tags?post=3282"}],"curies":[{"name":"wp","href":"https:\/\/api.w.org\/{rel}","templated":true}]}}