{"id":3319,"date":"2025-02-11T12:29:29","date_gmt":"2025-02-11T12:29:29","guid":{"rendered":"https:\/\/simusar.com.br\/wfe\/?p=3319"},"modified":"2025-02-11T12:29:30","modified_gmt":"2025-02-11T12:29:30","slug":"simusar-em-acao-avancos-e-mobilizacao-dos-servidores","status":"publish","type":"post","link":"https:\/\/simusar.com.br\/wfe\/simusar-em-acao-avancos-e-mobilizacao-dos-servidores\/","title":{"rendered":"SIMUSAR em A\u00e7\u00e3o: Avan\u00e7os e Mobiliza\u00e7\u00e3o dos Servidores"},"content":{"rendered":"\n<p>Na \u00faltima edi\u00e7\u00e3o do programa <strong>SIMUSAR em A\u00e7\u00e3o<\/strong>, realizada no dia 7 de fevereiro, foram abordados temas essenciais para os servidores municipais de Santa Rosa. O professor Jonas, presidente do SIMUSAR, destacou a import\u00e2ncia de manter a categoria informada e engajada nas discuss\u00f5es que impactam diretamente suas condi\u00e7\u00f5es de trabalho.<\/p>\n\n\n\n<h3 class=\"wp-block-heading\"><strong>Redu\u00e7\u00e3o do Reajuste no Plano de Sa\u00fade<\/strong><\/h3>\n\n\n\n<p>Um dos principais temas discutidos foi a negocia\u00e7\u00e3o do reajuste do plano de sa\u00fade da Unimed. Inicialmente, a operadora prop\u00f4s um aumento de 22,5%. No entanto, ap\u00f3s uma intensa negocia\u00e7\u00e3o conduzida pela comiss\u00e3o dos servidores, o percentual foi reduzido para <strong>16%<\/strong>, sendo aprovado por unanimidade na \u00faltima assembleia. Comparado a outros grupos, que enfrentam aumentos entre 24% e 26%, este resultado representa uma conquista significativa para a categoria.<\/p>\n\n\n\n<h3 class=\"wp-block-heading\"><strong>Campanha de Valorizac\u00e3o dos Servidores na R\u00e1dio Noroeste<\/strong><\/h3>\n\n\n\n<p>Outro ponto de destaque foi a campanha promovida pelo SIMUSAR, veiculada diariamente \u00e0s 11h30 na R\u00e1dio Noroeste. A iniciativa busca mostrar \u00e0 comunidade a import\u00e2ncia do trabalho dos servidores p\u00fablicos, al\u00e9m de denunciar a falta de materiais, a escassez de profissionais e as condi\u00e7\u00f5es prec\u00e1rias em que muitos trabalhadores desempenham suas fun\u00e7\u00f5es. Os \u00e1udios tamb\u00e9m ser\u00e3o disponibilizados nos grupos de WhatsApp para ampla divulga\u00e7\u00e3o.<\/p>\n\n\n\n<h3 class=\"wp-block-heading\"><strong>Acompanhamento de Den\u00fancias pelo Minist\u00e9rio P\u00fablico do Trabalho<\/strong><\/h3>\n\n\n\n<p>Foram apresentados avan\u00e7os nas den\u00fancias feitas ao <strong>Minist\u00e9rio P\u00fablico do Trabalho (MPT)<\/strong> relacionadas \u00e0s condi\u00e7\u00f5es de trabalho e casos de ass\u00e9dio moral. O sindicato agora est\u00e1 na fase de indica\u00e7\u00e3o de testemunhas para fortalecer as investiga\u00e7\u00f5es. A participa\u00e7\u00e3o dos servidores \u00e9 essencial para garantir que os problemas sejam devidamente apurados e solucionados.<\/p>\n\n\n\n<h3 class=\"wp-block-heading\"><strong>Possibilidade de Mobiliza\u00e7\u00e3o e Paralisa\u00e7\u00e3o<\/strong><\/h3>\n\n\n\n<p>Diante da falta de respostas da administra\u00e7\u00e3o municipal e das condi\u00e7\u00f5es prec\u00e1rias enfrentadas pelos servidores, o SIMUSAR avalia a necessidade de medidas mais dr\u00e1sticas, como uma paralisa\u00e7\u00e3o tempor\u00e1ria para chamar a aten\u00e7\u00e3o do prefeito e da comunidade. O objetivo \u00e9 garantir melhorias reais e evitar a precariza\u00e7\u00e3o do servi\u00e7o p\u00fablico.<\/p>\n\n\n\n<h3 class=\"wp-block-heading\"><strong>Reuni\u00e3o da FEMERGS em Santa Rosa<\/strong><\/h3>\n\n\n\n<p>O programa tamb\u00e9m trouxe um balan\u00e7o da recente reuni\u00e3o da <strong>Federa\u00e7\u00e3o dos Municipais do Rio Grande do Sul (FEMER-RS)<\/strong>, realizada no SIMUSAR. A reuni\u00e3o contou com lideran\u00e7as sindicais de diversos munic\u00edpios, que discutiram desafios comuns, como o descumprimento do piso do magist\u00e9rio, ass\u00e9dios e o sucateamento do servi\u00e7o p\u00fablico. A presidente da FEMERGS-RS, Clarisse Mainardi, refor\u00e7ou a import\u00e2ncia da luta contra a terceiriza\u00e7\u00e3o e a precariza\u00e7\u00e3o do trabalho p\u00fablico.<\/p>\n\n\n\n<p>O <strong>SIMUSAR segue firme na defesa dos direitos dos servidores<\/strong> e convida toda a categoria a se manter informada e engajada. Para acompanhar as novidades e futuras mobiliza\u00e7\u00f5es, siga nossas redes sociais e participe dos grupos de comunica\u00e7\u00e3o do sindicato.<\/p>\n\n\n\n<figure class=\"wp-block-embed is-type-video is-provider-youtube wp-block-embed-youtube wp-embed-aspect-16-9 wp-has-aspect-ratio\"><div class=\"wp-block-embed__wrapper\">\n<iframe loading=\"lazy\" title=\"Simusar\" width=\"500\" height=\"281\" src=\"https:\/\/www.youtube.com\/embed\/sGDmvlbk42k?feature=oembed\" frameborder=\"0\" allow=\"accelerometer; autoplay; clipboard-write; encrypted-media; gyroscope; picture-in-picture; web-share\" referrerpolicy=\"strict-origin-when-cross-origin\" allowfullscreen><\/iframe>\n<\/div><\/figure>\n","protected":false},"excerpt":{"rendered":"<p>Na \u00faltima edi\u00e7\u00e3o do programa SIMUSAR em A\u00e7\u00e3o, realizada no dia 7 de fevereiro, foram abordados temas essenciais para os servidores municipais de Santa Rosa. O professor Jonas, presidente do SIMUSAR, destacou a import\u00e2ncia de manter a categoria informada e engajada nas discuss\u00f5es que impactam diretamente suas condi\u00e7\u00f5es de trabalho. Redu\u00e7\u00e3o do Reajuste no Plano [&hellip;]<\/p>\n","protected":false},"author":1,"featured_media":3320,"comment_status":"closed","ping_status":"closed","sticky":false,"template":"","format":"standard","meta":{"_eb_attr":"","footnotes":""},"categories":[4],"tags":[65,82,123,48,53,85,125],"class_list":["post-3319","post","type-post","status-publish","format-standard","has-post-thumbnail","hentry","category-noticias","tag-assembleia","tag-municipio","tag-professores","tag-santa-rosa","tag-simusar","tag-sindical","tag-unimed"],"yoast_head":"<!-- This site is optimized with the Yoast SEO plugin v26.2 - https:\/\/yoast.com\/wordpress\/plugins\/seo\/ -->\n<title>SIMUSAR em A\u00e7\u00e3o: Avan\u00e7os e Mobiliza\u00e7\u00e3o dos Servidores - SIMUSAR<\/title>\n<meta name=\"robots\" content=\"index, follow, max-snippet:-1, max-image-preview:large, max-video-preview:-1\" \/>\n<link rel=\"canonical\" href=\"https:\/\/simusar.com.br\/wfe\/simusar-em-acao-avancos-e-mobilizacao-dos-servidores\/\" \/>\n<meta property=\"og:locale\" content=\"pt_BR\" \/>\n<meta property=\"og:type\" content=\"article\" \/>\n<meta property=\"og:title\" content=\"SIMUSAR em A\u00e7\u00e3o: Avan\u00e7os e Mobiliza\u00e7\u00e3o dos Servidores - SIMUSAR\" \/>\n<meta property=\"og:description\" content=\"Na \u00faltima edi\u00e7\u00e3o do programa SIMUSAR em A\u00e7\u00e3o, realizada no dia 7 de fevereiro, foram abordados temas essenciais para os servidores municipais de Santa Rosa. O professor Jonas, presidente do SIMUSAR, destacou a import\u00e2ncia de manter a categoria informada e engajada nas discuss\u00f5es que impactam diretamente suas condi\u00e7\u00f5es de trabalho. Redu\u00e7\u00e3o do Reajuste no Plano [&hellip;]\" \/>\n<meta property=\"og:url\" content=\"https:\/\/simusar.com.br\/wfe\/simusar-em-acao-avancos-e-mobilizacao-dos-servidores\/\" \/>\n<meta property=\"og:site_name\" content=\"SIMUSAR\" \/>\n<meta property=\"article:publisher\" content=\"https:\/\/www.facebook.com\/simusaroficial\" \/>\n<meta property=\"article:published_time\" content=\"2025-02-11T12:29:29+00:00\" \/>\n<meta property=\"article:modified_time\" content=\"2025-02-11T12:29:30+00:00\" \/>\n<meta property=\"og:image\" content=\"http:\/\/simusar.com.br\/wfe\/wp-content\/uploads\/2025\/02\/simusar-acao-07-2-25.png\" \/>\n\t<meta property=\"og:image:width\" content=\"1159\" \/>\n\t<meta property=\"og:image:height\" content=\"664\" \/>\n\t<meta property=\"og:image:type\" content=\"image\/png\" \/>\n<meta name=\"author\" content=\"admin\" \/>\n<meta name=\"twitter:card\" content=\"summary_large_image\" \/>\n<meta name=\"twitter:label1\" content=\"Escrito por\" \/>\n\t<meta name=\"twitter:data1\" content=\"admin\" \/>\n\t<meta name=\"twitter:label2\" content=\"Est. tempo de leitura\" \/>\n\t<meta name=\"twitter:data2\" content=\"3 minutos\" \/>\n<script type=\"application\/ld+json\" class=\"yoast-schema-graph\">{\"@context\":\"https:\/\/schema.org\",\"@graph\":[{\"@type\":\"Article\",\"@id\":\"https:\/\/simusar.com.br\/wfe\/simusar-em-acao-avancos-e-mobilizacao-dos-servidores\/#article\",\"isPartOf\":{\"@id\":\"https:\/\/simusar.com.br\/wfe\/simusar-em-acao-avancos-e-mobilizacao-dos-servidores\/\"},\"author\":{\"name\":\"admin\",\"@id\":\"https:\/\/simusar.com.br\/wfe\/#\/schema\/person\/7bbff4b09265c81fe98c20bae4e03e83\"},\"headline\":\"SIMUSAR em A\u00e7\u00e3o: Avan\u00e7os e Mobiliza\u00e7\u00e3o dos Servidores\",\"datePublished\":\"2025-02-11T12:29:29+00:00\",\"dateModified\":\"2025-02-11T12:29:30+00:00\",\"mainEntityOfPage\":{\"@id\":\"https:\/\/simusar.com.br\/wfe\/simusar-em-acao-avancos-e-mobilizacao-dos-servidores\/\"},\"wordCount\":506,\"publisher\":{\"@id\":\"https:\/\/simusar.com.br\/wfe\/#organization\"},\"image\":{\"@id\":\"https:\/\/simusar.com.br\/wfe\/simusar-em-acao-avancos-e-mobilizacao-dos-servidores\/#primaryimage\"},\"thumbnailUrl\":\"https:\/\/simusar.com.br\/wfe\/wp-content\/uploads\/2025\/02\/simusar-acao-07-2-25.png\",\"keywords\":[\"assembleia\",\"munic\u00edpio\",\"professores\",\"santa rosa\",\"simusar\",\"sindical\",\"unimed\"],\"articleSection\":[\"Noticias\"],\"inLanguage\":\"pt-BR\"},{\"@type\":\"WebPage\",\"@id\":\"https:\/\/simusar.com.br\/wfe\/simusar-em-acao-avancos-e-mobilizacao-dos-servidores\/\",\"url\":\"https:\/\/simusar.com.br\/wfe\/simusar-em-acao-avancos-e-mobilizacao-dos-servidores\/\",\"name\":\"SIMUSAR em A\u00e7\u00e3o: Avan\u00e7os e Mobiliza\u00e7\u00e3o dos Servidores - SIMUSAR\",\"isPartOf\":{\"@id\":\"https:\/\/simusar.com.br\/wfe\/#website\"},\"primaryImageOfPage\":{\"@id\":\"https:\/\/simusar.com.br\/wfe\/simusar-em-acao-avancos-e-mobilizacao-dos-servidores\/#primaryimage\"},\"image\":{\"@id\":\"https:\/\/simusar.com.br\/wfe\/simusar-em-acao-avancos-e-mobilizacao-dos-servidores\/#primaryimage\"},\"thumbnailUrl\":\"https:\/\/simusar.com.br\/wfe\/wp-content\/uploads\/2025\/02\/simusar-acao-07-2-25.png\",\"datePublished\":\"2025-02-11T12:29:29+00:00\",\"dateModified\":\"2025-02-11T12:29:30+00:00\",\"breadcrumb\":{\"@id\":\"https:\/\/simusar.com.br\/wfe\/simusar-em-acao-avancos-e-mobilizacao-dos-servidores\/#breadcrumb\"},\"inLanguage\":\"pt-BR\",\"potentialAction\":[{\"@type\":\"ReadAction\",\"target\":[\"https:\/\/simusar.com.br\/wfe\/simusar-em-acao-avancos-e-mobilizacao-dos-servidores\/\"]}]},{\"@type\":\"ImageObject\",\"inLanguage\":\"pt-BR\",\"@id\":\"https:\/\/simusar.com.br\/wfe\/simusar-em-acao-avancos-e-mobilizacao-dos-servidores\/#primaryimage\",\"url\":\"https:\/\/simusar.com.br\/wfe\/wp-content\/uploads\/2025\/02\/simusar-acao-07-2-25.png\",\"contentUrl\":\"https:\/\/simusar.com.br\/wfe\/wp-content\/uploads\/2025\/02\/simusar-acao-07-2-25.png\",\"width\":1159,\"height\":664},{\"@type\":\"BreadcrumbList\",\"@id\":\"https:\/\/simusar.com.br\/wfe\/simusar-em-acao-avancos-e-mobilizacao-dos-servidores\/#breadcrumb\",\"itemListElement\":[{\"@type\":\"ListItem\",\"position\":1,\"name\":\"In\u00edcio\",\"item\":\"https:\/\/simusar.com.br\/wfe\/\"},{\"@type\":\"ListItem\",\"position\":2,\"name\":\"SIMUSAR em A\u00e7\u00e3o: Avan\u00e7os e Mobiliza\u00e7\u00e3o dos Servidores\"}]},{\"@type\":\"WebSite\",\"@id\":\"https:\/\/simusar.com.br\/wfe\/#website\",\"url\":\"https:\/\/simusar.com.br\/wfe\/\",\"name\":\"SIMUSAR\",\"description\":\"Sindicatos dos Servidores Municipais de Santa Rosa\",\"publisher\":{\"@id\":\"https:\/\/simusar.com.br\/wfe\/#organization\"},\"potentialAction\":[{\"@type\":\"SearchAction\",\"target\":{\"@type\":\"EntryPoint\",\"urlTemplate\":\"https:\/\/simusar.com.br\/wfe\/?s={search_term_string}\"},\"query-input\":{\"@type\":\"PropertyValueSpecification\",\"valueRequired\":true,\"valueName\":\"search_term_string\"}}],\"inLanguage\":\"pt-BR\"},{\"@type\":\"Organization\",\"@id\":\"https:\/\/simusar.com.br\/wfe\/#organization\",\"name\":\"SIMUSAR\",\"url\":\"https:\/\/simusar.com.br\/wfe\/\",\"logo\":{\"@type\":\"ImageObject\",\"inLanguage\":\"pt-BR\",\"@id\":\"https:\/\/simusar.com.br\/wfe\/#\/schema\/logo\/image\/\",\"url\":\"https:\/\/simusar.com.br\/wfe\/wp-content\/uploads\/2022\/05\/logo-perfil.png\",\"contentUrl\":\"https:\/\/simusar.com.br\/wfe\/wp-content\/uploads\/2022\/05\/logo-perfil.png\",\"width\":1080,\"height\":1080,\"caption\":\"SIMUSAR\"},\"image\":{\"@id\":\"https:\/\/simusar.com.br\/wfe\/#\/schema\/logo\/image\/\"},\"sameAs\":[\"https:\/\/www.facebook.com\/simusaroficial\",\"https:\/\/www.instagram.com\/simusaroficial\"]},{\"@type\":\"Person\",\"@id\":\"https:\/\/simusar.com.br\/wfe\/#\/schema\/person\/7bbff4b09265c81fe98c20bae4e03e83\",\"name\":\"admin\",\"sameAs\":[\"http:\/\/simusar.com.br\/wfe\"],\"url\":\"https:\/\/simusar.com.br\/wfe\/author\/admin\/\"}]}<\/script>\n<!-- \/ Yoast SEO plugin. -->","yoast_head_json":{"title":"SIMUSAR em A\u00e7\u00e3o: Avan\u00e7os e Mobiliza\u00e7\u00e3o dos Servidores - SIMUSAR","robots":{"index":"index","follow":"follow","max-snippet":"max-snippet:-1","max-image-preview":"max-image-preview:large","max-video-preview":"max-video-preview:-1"},"canonical":"https:\/\/simusar.com.br\/wfe\/simusar-em-acao-avancos-e-mobilizacao-dos-servidores\/","og_locale":"pt_BR","og_type":"article","og_title":"SIMUSAR em A\u00e7\u00e3o: Avan\u00e7os e Mobiliza\u00e7\u00e3o dos Servidores - SIMUSAR","og_description":"Na \u00faltima edi\u00e7\u00e3o do programa SIMUSAR em A\u00e7\u00e3o, realizada no dia 7 de fevereiro, foram abordados temas essenciais para os servidores municipais de Santa Rosa. O professor Jonas, presidente do SIMUSAR, destacou a import\u00e2ncia de manter a categoria informada e engajada nas discuss\u00f5es que impactam diretamente suas condi\u00e7\u00f5es de trabalho. Redu\u00e7\u00e3o do Reajuste no Plano [&hellip;]","og_url":"https:\/\/simusar.com.br\/wfe\/simusar-em-acao-avancos-e-mobilizacao-dos-servidores\/","og_site_name":"SIMUSAR","article_publisher":"https:\/\/www.facebook.com\/simusaroficial","article_published_time":"2025-02-11T12:29:29+00:00","article_modified_time":"2025-02-11T12:29:30+00:00","og_image":[{"width":1159,"height":664,"url":"http:\/\/simusar.com.br\/wfe\/wp-content\/uploads\/2025\/02\/simusar-acao-07-2-25.png","type":"image\/png"}],"author":"admin","twitter_card":"summary_large_image","twitter_misc":{"Escrito por":"admin","Est. tempo de leitura":"3 minutos"},"schema":{"@context":"https:\/\/schema.org","@graph":[{"@type":"Article","@id":"https:\/\/simusar.com.br\/wfe\/simusar-em-acao-avancos-e-mobilizacao-dos-servidores\/#article","isPartOf":{"@id":"https:\/\/simusar.com.br\/wfe\/simusar-em-acao-avancos-e-mobilizacao-dos-servidores\/"},"author":{"name":"admin","@id":"https:\/\/simusar.com.br\/wfe\/#\/schema\/person\/7bbff4b09265c81fe98c20bae4e03e83"},"headline":"SIMUSAR em A\u00e7\u00e3o: Avan\u00e7os e Mobiliza\u00e7\u00e3o dos Servidores","datePublished":"2025-02-11T12:29:29+00:00","dateModified":"2025-02-11T12:29:30+00:00","mainEntityOfPage":{"@id":"https:\/\/simusar.com.br\/wfe\/simusar-em-acao-avancos-e-mobilizacao-dos-servidores\/"},"wordCount":506,"publisher":{"@id":"https:\/\/simusar.com.br\/wfe\/#organization"},"image":{"@id":"https:\/\/simusar.com.br\/wfe\/simusar-em-acao-avancos-e-mobilizacao-dos-servidores\/#primaryimage"},"thumbnailUrl":"https:\/\/simusar.com.br\/wfe\/wp-content\/uploads\/2025\/02\/simusar-acao-07-2-25.png","keywords":["assembleia","munic\u00edpio","professores","santa rosa","simusar","sindical","unimed"],"articleSection":["Noticias"],"inLanguage":"pt-BR"},{"@type":"WebPage","@id":"https:\/\/simusar.com.br\/wfe\/simusar-em-acao-avancos-e-mobilizacao-dos-servidores\/","url":"https:\/\/simusar.com.br\/wfe\/simusar-em-acao-avancos-e-mobilizacao-dos-servidores\/","name":"SIMUSAR em A\u00e7\u00e3o: Avan\u00e7os e Mobiliza\u00e7\u00e3o dos Servidores - SIMUSAR","isPartOf":{"@id":"https:\/\/simusar.com.br\/wfe\/#website"},"primaryImageOfPage":{"@id":"https:\/\/simusar.com.br\/wfe\/simusar-em-acao-avancos-e-mobilizacao-dos-servidores\/#primaryimage"},"image":{"@id":"https:\/\/simusar.com.br\/wfe\/simusar-em-acao-avancos-e-mobilizacao-dos-servidores\/#primaryimage"},"thumbnailUrl":"https:\/\/simusar.com.br\/wfe\/wp-content\/uploads\/2025\/02\/simusar-acao-07-2-25.png","datePublished":"2025-02-11T12:29:29+00:00","dateModified":"2025-02-11T12:29:30+00:00","breadcrumb":{"@id":"https:\/\/simusar.com.br\/wfe\/simusar-em-acao-avancos-e-mobilizacao-dos-servidores\/#breadcrumb"},"inLanguage":"pt-BR","potentialAction":[{"@type":"ReadAction","target":["https:\/\/simusar.com.br\/wfe\/simusar-em-acao-avancos-e-mobilizacao-dos-servidores\/"]}]},{"@type":"ImageObject","inLanguage":"pt-BR","@id":"https:\/\/simusar.com.br\/wfe\/simusar-em-acao-avancos-e-mobilizacao-dos-servidores\/#primaryimage","url":"https:\/\/simusar.com.br\/wfe\/wp-content\/uploads\/2025\/02\/simusar-acao-07-2-25.png","contentUrl":"https:\/\/simusar.com.br\/wfe\/wp-content\/uploads\/2025\/02\/simusar-acao-07-2-25.png","width":1159,"height":664},{"@type":"BreadcrumbList","@id":"https:\/\/simusar.com.br\/wfe\/simusar-em-acao-avancos-e-mobilizacao-dos-servidores\/#breadcrumb","itemListElement":[{"@type":"ListItem","position":1,"name":"In\u00edcio","item":"https:\/\/simusar.com.br\/wfe\/"},{"@type":"ListItem","position":2,"name":"SIMUSAR em A\u00e7\u00e3o: Avan\u00e7os e Mobiliza\u00e7\u00e3o dos Servidores"}]},{"@type":"WebSite","@id":"https:\/\/simusar.com.br\/wfe\/#website","url":"https:\/\/simusar.com.br\/wfe\/","name":"SIMUSAR","description":"Sindicatos dos Servidores Municipais de Santa Rosa","publisher":{"@id":"https:\/\/simusar.com.br\/wfe\/#organization"},"potentialAction":[{"@type":"SearchAction","target":{"@type":"EntryPoint","urlTemplate":"https:\/\/simusar.com.br\/wfe\/?s={search_term_string}"},"query-input":{"@type":"PropertyValueSpecification","valueRequired":true,"valueName":"search_term_string"}}],"inLanguage":"pt-BR"},{"@type":"Organization","@id":"https:\/\/simusar.com.br\/wfe\/#organization","name":"SIMUSAR","url":"https:\/\/simusar.com.br\/wfe\/","logo":{"@type":"ImageObject","inLanguage":"pt-BR","@id":"https:\/\/simusar.com.br\/wfe\/#\/schema\/logo\/image\/","url":"https:\/\/simusar.com.br\/wfe\/wp-content\/uploads\/2022\/05\/logo-perfil.png","contentUrl":"https:\/\/simusar.com.br\/wfe\/wp-content\/uploads\/2022\/05\/logo-perfil.png","width":1080,"height":1080,"caption":"SIMUSAR"},"image":{"@id":"https:\/\/simusar.com.br\/wfe\/#\/schema\/logo\/image\/"},"sameAs":["https:\/\/www.facebook.com\/simusaroficial","https:\/\/www.instagram.com\/simusaroficial"]},{"@type":"Person","@id":"https:\/\/simusar.com.br\/wfe\/#\/schema\/person\/7bbff4b09265c81fe98c20bae4e03e83","name":"admin","sameAs":["http:\/\/simusar.com.br\/wfe"],"url":"https:\/\/simusar.com.br\/wfe\/author\/admin\/"}]}},"_links":{"self":[{"href":"https:\/\/simusar.com.br\/wfe\/wp-json\/wp\/v2\/posts\/3319","targetHints":{"allow":["GET"]}}],"collection":[{"href":"https:\/\/simusar.com.br\/wfe\/wp-json\/wp\/v2\/posts"}],"about":[{"href":"https:\/\/simusar.com.br\/wfe\/wp-json\/wp\/v2\/types\/post"}],"author":[{"embeddable":true,"href":"https:\/\/simusar.com.br\/wfe\/wp-json\/wp\/v2\/users\/1"}],"replies":[{"embeddable":true,"href":"https:\/\/simusar.com.br\/wfe\/wp-json\/wp\/v2\/comments?post=3319"}],"version-history":[{"count":1,"href":"https:\/\/simusar.com.br\/wfe\/wp-json\/wp\/v2\/posts\/3319\/revisions"}],"predecessor-version":[{"id":3321,"href":"https:\/\/simusar.com.br\/wfe\/wp-json\/wp\/v2\/posts\/3319\/revisions\/3321"}],"wp:featuredmedia":[{"embeddable":true,"href":"https:\/\/simusar.com.br\/wfe\/wp-json\/wp\/v2\/media\/3320"}],"wp:attachment":[{"href":"https:\/\/simusar.com.br\/wfe\/wp-json\/wp\/v2\/media?parent=3319"}],"wp:term":[{"taxonomy":"category","embeddable":true,"href":"https:\/\/simusar.com.br\/wfe\/wp-json\/wp\/v2\/categories?post=3319"},{"taxonomy":"post_tag","embeddable":true,"href":"https:\/\/simusar.com.br\/wfe\/wp-json\/wp\/v2\/tags?post=3319"}],"curies":[{"name":"wp","href":"https:\/\/api.w.org\/{rel}","templated":true}]}}