{"id":3351,"date":"2025-03-07T12:54:20","date_gmt":"2025-03-07T12:54:20","guid":{"rendered":"https:\/\/simusar.com.br\/wfe\/?p=3351"},"modified":"2025-03-07T12:56:22","modified_gmt":"2025-03-07T12:56:22","slug":"encontro-de-aposentadas-no-simusar-celebra-o-mes-da-mulher-com-reflexao-e-integracao","status":"publish","type":"post","link":"https:\/\/simusar.com.br\/wfe\/encontro-de-aposentadas-no-simusar-celebra-o-mes-da-mulher-com-reflexao-e-integracao\/","title":{"rendered":"Encontro de Aposentadas no SIMUSAR Celebra o M\u00eas da Mulher com Reflex\u00e3o e Integra\u00e7\u00e3o"},"content":{"rendered":"\n<p>Na tarde de ontem (06\/03\/2024), a sede do Sindicato dos Servidores Municipais (SIMUSAR) foi palco de um encontro especial dedicado \u00e0s aposentadas e aposentados em celebra\u00e7\u00e3o ao M\u00eas da Mulher. O evento reuniu participantes para momentos de reflex\u00e3o, aprendizado e integra\u00e7\u00e3o, com uma programa\u00e7\u00e3o diversificada.<\/p>\n\n\n\n<p>Uma das coordenadoras do Grupo de Aposentados e Pensionistas, Beatir Henrich Uhlmann, destacou a import\u00e2ncia do evento como um espa\u00e7o para que as mulheres pudessem se permitir uma pausa e refletir sobre o autocuidado. <em>&#8220;A palestrante Cristina Dutra trouxe essa reflex\u00e3o: muitas vezes queremos abra\u00e7ar o mundo, mas isso pode levar ao esgotamento e at\u00e9 mesmo a doen\u00e7as. Ent\u00e3o, \u00e9 essencial que as mulheres parem um pouco e pensem em si mesmas&#8221;<\/em>, ressaltou.<\/p>\n\n\n<div class=\"wp-block-image\">\n<figure class=\"alignleft size-large is-resized\"><a href=\"https:\/\/simusar.com.br\/wfe\/wp-content\/uploads\/2025\/03\/WhatsApp-Image-2025-03-07-at-09.50.59-2.jpeg\"><img loading=\"lazy\" decoding=\"async\" width=\"1024\" height=\"461\" src=\"https:\/\/simusar.com.br\/wfe\/wp-content\/uploads\/2025\/03\/WhatsApp-Image-2025-03-07-at-09.50.59-2-1024x461.jpeg\" alt=\"\" class=\"wp-image-3352\" style=\"width:509px;height:auto\" srcset=\"https:\/\/simusar.com.br\/wfe\/wp-content\/uploads\/2025\/03\/WhatsApp-Image-2025-03-07-at-09.50.59-2-1024x461.jpeg 1024w, https:\/\/simusar.com.br\/wfe\/wp-content\/uploads\/2025\/03\/WhatsApp-Image-2025-03-07-at-09.50.59-2-300x135.jpeg 300w, https:\/\/simusar.com.br\/wfe\/wp-content\/uploads\/2025\/03\/WhatsApp-Image-2025-03-07-at-09.50.59-2-768x346.jpeg 768w, https:\/\/simusar.com.br\/wfe\/wp-content\/uploads\/2025\/03\/WhatsApp-Image-2025-03-07-at-09.50.59-2-1536x692.jpeg 1536w, https:\/\/simusar.com.br\/wfe\/wp-content\/uploads\/2025\/03\/WhatsApp-Image-2025-03-07-at-09.50.59-2.jpeg 1600w\" sizes=\"auto, (max-width: 1024px) 100vw, 1024px\" \/><\/a><\/figure>\n<\/div>\n\n\n<p>A palestra &#8220;Mulher, o Centro de Tudo&#8221;, ministrada por Cristina Dutra, abriu o evento abordando a necessidade de equil\u00edbrio na rotina feminina e a import\u00e2ncia do autocuidado. A palestrante refor\u00e7ou que, quando a mulher est\u00e1 bem, isso impacta positivamente todos ao seu redor, sem que ela precise carregar sozinha todas as responsabilidades.<\/p>\n\n\n\n<p>Al\u00e9m disso, a proposta de um trabalho voltado \u00e0 cura interior, apresentada por Ana Joelma, trouxe uma perspectiva mais profunda sobre o acolhimento de dores e desafios acumulados ao longo da vida.<em> &#8220;Cada palestrante trouxe um olhar \u00fanico. Enquanto Cristina abordou o dia a dia e a necessidade de uma jornada mais leve, Ana Joelma prop\u00f4s um trabalho mais profundo de autoconhecimento e cura&#8221;<\/em>, explicou Beatir.<\/p>\n\n\n\n<p>Ap\u00f3s os momentos de reflex\u00e3o, os participantes desfrutaram de um lanche especial patrocinado pelo Sindicato, proporcionando integra\u00e7\u00e3o e troca de experi\u00eancias. O encerramento ficou por conta da professora Vanessa Dutra, que conduziu uma aula de dan\u00e7a voltada ao bem-estar e fortalecimento f\u00edsico e emocional das mulheres. <em>&#8220;Foi o \u00e1pice do evento. A dan\u00e7a, mesmo que de forma leve, fortalece tanto a parte ps\u00edquica quanto a f\u00edsica. Foi um momento essencial de cuidado e alegria&#8221;<\/em>, destacou Beatir.<\/p>\n\n\n\n<p>O encontro foi considerado um grande sucesso, promovendo um ambiente acolhedor e refor\u00e7ando a import\u00e2ncia do autocuidado e da uni\u00e3o entre as participantes. <em>&#8220;Foi uma tarde muito produtiva, mostrando que podemos e devemos buscar uma vida mais leve e integrada com todos&#8221;<\/em>, concluiu Beatir.<\/p>\n\n\n\n<p>O SIMUSAR reafirma seu compromisso com iniciativas que valorizam os aposentados e aposentadas, proporcionando espa\u00e7os para aprendizado, reflex\u00e3o e conviv\u00eancia saud\u00e1vel.<\/p>\n\n\n\n<figure class=\"wp-block-gallery has-nested-images columns-default is-cropped wp-block-gallery-1 is-layout-flex wp-block-gallery-is-layout-flex\">\n<figure class=\"wp-block-image size-large\"><a href=\"https:\/\/simusar.com.br\/wfe\/wp-content\/uploads\/2025\/03\/WhatsApp-Image-2025-03-07-at-09.50.59-1.jpeg\"><img loading=\"lazy\" decoding=\"async\" width=\"771\" height=\"1024\" data-id=\"3353\" src=\"https:\/\/simusar.com.br\/wfe\/wp-content\/uploads\/2025\/03\/WhatsApp-Image-2025-03-07-at-09.50.59-1-771x1024.jpeg\" alt=\"\" class=\"wp-image-3353\" srcset=\"https:\/\/simusar.com.br\/wfe\/wp-content\/uploads\/2025\/03\/WhatsApp-Image-2025-03-07-at-09.50.59-1-771x1024.jpeg 771w, https:\/\/simusar.com.br\/wfe\/wp-content\/uploads\/2025\/03\/WhatsApp-Image-2025-03-07-at-09.50.59-1-226x300.jpeg 226w, https:\/\/simusar.com.br\/wfe\/wp-content\/uploads\/2025\/03\/WhatsApp-Image-2025-03-07-at-09.50.59-1-768x1021.jpeg 768w, https:\/\/simusar.com.br\/wfe\/wp-content\/uploads\/2025\/03\/WhatsApp-Image-2025-03-07-at-09.50.59-1-1156x1536.jpeg 1156w, https:\/\/simusar.com.br\/wfe\/wp-content\/uploads\/2025\/03\/WhatsApp-Image-2025-03-07-at-09.50.59-1.jpeg 1204w\" sizes=\"auto, (max-width: 771px) 100vw, 771px\" \/><\/a><\/figure>\n\n\n\n<figure class=\"wp-block-image size-large\"><a href=\"https:\/\/simusar.com.br\/wfe\/wp-content\/uploads\/2025\/03\/WhatsApp-Image-2025-03-07-at-09.50.59-3.jpeg\"><img loading=\"lazy\" decoding=\"async\" width=\"1024\" height=\"576\" data-id=\"3354\" src=\"https:\/\/simusar.com.br\/wfe\/wp-content\/uploads\/2025\/03\/WhatsApp-Image-2025-03-07-at-09.50.59-3-1024x576.jpeg\" alt=\"\" class=\"wp-image-3354\" srcset=\"https:\/\/simusar.com.br\/wfe\/wp-content\/uploads\/2025\/03\/WhatsApp-Image-2025-03-07-at-09.50.59-3-1024x576.jpeg 1024w, https:\/\/simusar.com.br\/wfe\/wp-content\/uploads\/2025\/03\/WhatsApp-Image-2025-03-07-at-09.50.59-3-300x169.jpeg 300w, https:\/\/simusar.com.br\/wfe\/wp-content\/uploads\/2025\/03\/WhatsApp-Image-2025-03-07-at-09.50.59-3-768x432.jpeg 768w, https:\/\/simusar.com.br\/wfe\/wp-content\/uploads\/2025\/03\/WhatsApp-Image-2025-03-07-at-09.50.59-3-1536x864.jpeg 1536w, https:\/\/simusar.com.br\/wfe\/wp-content\/uploads\/2025\/03\/WhatsApp-Image-2025-03-07-at-09.50.59-3.jpeg 1599w\" sizes=\"auto, (max-width: 1024px) 100vw, 1024px\" \/><\/a><\/figure>\n\n\n\n<figure class=\"wp-block-image size-large\"><a href=\"https:\/\/simusar.com.br\/wfe\/wp-content\/uploads\/2025\/03\/WhatsApp-Image-2025-03-07-at-09.50.59.jpeg\"><img loading=\"lazy\" decoding=\"async\" width=\"576\" height=\"1024\" data-id=\"3357\" src=\"https:\/\/simusar.com.br\/wfe\/wp-content\/uploads\/2025\/03\/WhatsApp-Image-2025-03-07-at-09.50.59-576x1024.jpeg\" alt=\"\" class=\"wp-image-3357\" srcset=\"https:\/\/simusar.com.br\/wfe\/wp-content\/uploads\/2025\/03\/WhatsApp-Image-2025-03-07-at-09.50.59-576x1024.jpeg 576w, https:\/\/simusar.com.br\/wfe\/wp-content\/uploads\/2025\/03\/WhatsApp-Image-2025-03-07-at-09.50.59-169x300.jpeg 169w, https:\/\/simusar.com.br\/wfe\/wp-content\/uploads\/2025\/03\/WhatsApp-Image-2025-03-07-at-09.50.59-768x1366.jpeg 768w, https:\/\/simusar.com.br\/wfe\/wp-content\/uploads\/2025\/03\/WhatsApp-Image-2025-03-07-at-09.50.59-864x1536.jpeg 864w, https:\/\/simusar.com.br\/wfe\/wp-content\/uploads\/2025\/03\/WhatsApp-Image-2025-03-07-at-09.50.59.jpeg 899w\" sizes=\"auto, (max-width: 576px) 100vw, 576px\" \/><\/a><\/figure>\n\n\n\n<figure class=\"wp-block-image size-large\"><a href=\"https:\/\/simusar.com.br\/wfe\/wp-content\/uploads\/2025\/03\/WhatsApp-Image-2025-03-07-at-09.51.00-1.jpeg\"><img loading=\"lazy\" decoding=\"async\" width=\"912\" height=\"1024\" data-id=\"3356\" src=\"https:\/\/simusar.com.br\/wfe\/wp-content\/uploads\/2025\/03\/WhatsApp-Image-2025-03-07-at-09.51.00-1-912x1024.jpeg\" alt=\"\" class=\"wp-image-3356\" srcset=\"https:\/\/simusar.com.br\/wfe\/wp-content\/uploads\/2025\/03\/WhatsApp-Image-2025-03-07-at-09.51.00-1-912x1024.jpeg 912w, https:\/\/simusar.com.br\/wfe\/wp-content\/uploads\/2025\/03\/WhatsApp-Image-2025-03-07-at-09.51.00-1-267x300.jpeg 267w, https:\/\/simusar.com.br\/wfe\/wp-content\/uploads\/2025\/03\/WhatsApp-Image-2025-03-07-at-09.51.00-1-768x862.jpeg 768w, https:\/\/simusar.com.br\/wfe\/wp-content\/uploads\/2025\/03\/WhatsApp-Image-2025-03-07-at-09.51.00-1.jpeg 1140w\" sizes=\"auto, (max-width: 912px) 100vw, 912px\" \/><\/a><\/figure>\n\n\n\n<figure class=\"wp-block-image size-large\"><a href=\"https:\/\/simusar.com.br\/wfe\/wp-content\/uploads\/2025\/03\/WhatsApp-Image-2025-03-07-at-09.51.00.jpeg\"><img loading=\"lazy\" decoding=\"async\" width=\"1024\" height=\"548\" data-id=\"3355\" src=\"https:\/\/simusar.com.br\/wfe\/wp-content\/uploads\/2025\/03\/WhatsApp-Image-2025-03-07-at-09.51.00-1024x548.jpeg\" alt=\"\" class=\"wp-image-3355\" srcset=\"https:\/\/simusar.com.br\/wfe\/wp-content\/uploads\/2025\/03\/WhatsApp-Image-2025-03-07-at-09.51.00-1024x548.jpeg 1024w, https:\/\/simusar.com.br\/wfe\/wp-content\/uploads\/2025\/03\/WhatsApp-Image-2025-03-07-at-09.51.00-300x161.jpeg 300w, https:\/\/simusar.com.br\/wfe\/wp-content\/uploads\/2025\/03\/WhatsApp-Image-2025-03-07-at-09.51.00-768x411.jpeg 768w, https:\/\/simusar.com.br\/wfe\/wp-content\/uploads\/2025\/03\/WhatsApp-Image-2025-03-07-at-09.51.00.jpeg 1280w\" sizes=\"auto, (max-width: 1024px) 100vw, 1024px\" \/><\/a><\/figure>\n<\/figure>\n","protected":false},"excerpt":{"rendered":"<p>Na tarde de ontem (06\/03\/2024), a sede do Sindicato dos Servidores Municipais (SIMUSAR) foi palco de um encontro especial dedicado \u00e0s aposentadas e aposentados em celebra\u00e7\u00e3o ao M\u00eas da Mulher. O evento reuniu participantes para momentos de reflex\u00e3o, aprendizado e integra\u00e7\u00e3o, com uma programa\u00e7\u00e3o diversificada. Uma das coordenadoras do Grupo de Aposentados e Pensionistas, Beatir [&hellip;]<\/p>\n","protected":false},"author":1,"featured_media":3352,"comment_status":"closed","ping_status":"closed","sticky":false,"template":"","format":"standard","meta":{"_eb_attr":"","footnotes":""},"categories":[4],"tags":[185,186,48,110,53],"class_list":["post-3351","post","type-post","status-publish","format-standard","has-post-thumbnail","hentry","category-noticias","tag-encontro","tag-mulher","tag-santa-rosa","tag-saude","tag-simusar"],"yoast_head":"<!-- This site is optimized with the Yoast SEO plugin v26.2 - https:\/\/yoast.com\/wordpress\/plugins\/seo\/ -->\n<title>Encontro de Aposentadas no SIMUSAR Celebra o M\u00eas da Mulher com Reflex\u00e3o e Integra\u00e7\u00e3o - SIMUSAR<\/title>\n<meta name=\"robots\" content=\"index, follow, max-snippet:-1, max-image-preview:large, max-video-preview:-1\" \/>\n<link rel=\"canonical\" href=\"https:\/\/simusar.com.br\/wfe\/encontro-de-aposentadas-no-simusar-celebra-o-mes-da-mulher-com-reflexao-e-integracao\/\" \/>\n<meta property=\"og:locale\" content=\"pt_BR\" \/>\n<meta property=\"og:type\" content=\"article\" \/>\n<meta property=\"og:title\" content=\"Encontro de Aposentadas no SIMUSAR Celebra o M\u00eas da Mulher com Reflex\u00e3o e Integra\u00e7\u00e3o - SIMUSAR\" \/>\n<meta property=\"og:description\" content=\"Na tarde de ontem (06\/03\/2024), a sede do Sindicato dos Servidores Municipais (SIMUSAR) foi palco de um encontro especial dedicado \u00e0s aposentadas e aposentados em celebra\u00e7\u00e3o ao M\u00eas da Mulher. O evento reuniu participantes para momentos de reflex\u00e3o, aprendizado e integra\u00e7\u00e3o, com uma programa\u00e7\u00e3o diversificada. Uma das coordenadoras do Grupo de Aposentados e Pensionistas, Beatir [&hellip;]\" \/>\n<meta property=\"og:url\" content=\"https:\/\/simusar.com.br\/wfe\/encontro-de-aposentadas-no-simusar-celebra-o-mes-da-mulher-com-reflexao-e-integracao\/\" \/>\n<meta property=\"og:site_name\" content=\"SIMUSAR\" \/>\n<meta property=\"article:publisher\" content=\"https:\/\/www.facebook.com\/simusaroficial\" \/>\n<meta property=\"article:published_time\" content=\"2025-03-07T12:54:20+00:00\" \/>\n<meta property=\"article:modified_time\" content=\"2025-03-07T12:56:22+00:00\" \/>\n<meta property=\"og:image\" content=\"http:\/\/simusar.com.br\/wfe\/wp-content\/uploads\/2025\/03\/WhatsApp-Image-2025-03-07-at-09.50.59-2.jpeg\" \/>\n\t<meta property=\"og:image:width\" content=\"1600\" \/>\n\t<meta property=\"og:image:height\" content=\"721\" \/>\n\t<meta property=\"og:image:type\" content=\"image\/jpeg\" \/>\n<meta name=\"author\" content=\"admin\" \/>\n<meta name=\"twitter:card\" content=\"summary_large_image\" \/>\n<meta name=\"twitter:label1\" content=\"Escrito por\" \/>\n\t<meta name=\"twitter:data1\" content=\"admin\" \/>\n\t<meta name=\"twitter:label2\" content=\"Est. tempo de leitura\" \/>\n\t<meta name=\"twitter:data2\" content=\"4 minutos\" \/>\n<script type=\"application\/ld+json\" class=\"yoast-schema-graph\">{\"@context\":\"https:\/\/schema.org\",\"@graph\":[{\"@type\":\"Article\",\"@id\":\"https:\/\/simusar.com.br\/wfe\/encontro-de-aposentadas-no-simusar-celebra-o-mes-da-mulher-com-reflexao-e-integracao\/#article\",\"isPartOf\":{\"@id\":\"https:\/\/simusar.com.br\/wfe\/encontro-de-aposentadas-no-simusar-celebra-o-mes-da-mulher-com-reflexao-e-integracao\/\"},\"author\":{\"name\":\"admin\",\"@id\":\"https:\/\/simusar.com.br\/wfe\/#\/schema\/person\/7bbff4b09265c81fe98c20bae4e03e83\"},\"headline\":\"Encontro de Aposentadas no SIMUSAR Celebra o M\u00eas da Mulher com Reflex\u00e3o e Integra\u00e7\u00e3o\",\"datePublished\":\"2025-03-07T12:54:20+00:00\",\"dateModified\":\"2025-03-07T12:56:22+00:00\",\"mainEntityOfPage\":{\"@id\":\"https:\/\/simusar.com.br\/wfe\/encontro-de-aposentadas-no-simusar-celebra-o-mes-da-mulher-com-reflexao-e-integracao\/\"},\"wordCount\":423,\"publisher\":{\"@id\":\"https:\/\/simusar.com.br\/wfe\/#organization\"},\"image\":{\"@id\":\"https:\/\/simusar.com.br\/wfe\/encontro-de-aposentadas-no-simusar-celebra-o-mes-da-mulher-com-reflexao-e-integracao\/#primaryimage\"},\"thumbnailUrl\":\"https:\/\/simusar.com.br\/wfe\/wp-content\/uploads\/2025\/03\/WhatsApp-Image-2025-03-07-at-09.50.59-2.jpeg\",\"keywords\":[\"Encontro\",\"Mulher\",\"santa rosa\",\"sa\u00fade\",\"simusar\"],\"articleSection\":[\"Noticias\"],\"inLanguage\":\"pt-BR\"},{\"@type\":\"WebPage\",\"@id\":\"https:\/\/simusar.com.br\/wfe\/encontro-de-aposentadas-no-simusar-celebra-o-mes-da-mulher-com-reflexao-e-integracao\/\",\"url\":\"https:\/\/simusar.com.br\/wfe\/encontro-de-aposentadas-no-simusar-celebra-o-mes-da-mulher-com-reflexao-e-integracao\/\",\"name\":\"Encontro de Aposentadas no SIMUSAR Celebra o M\u00eas da Mulher com Reflex\u00e3o e Integra\u00e7\u00e3o - SIMUSAR\",\"isPartOf\":{\"@id\":\"https:\/\/simusar.com.br\/wfe\/#website\"},\"primaryImageOfPage\":{\"@id\":\"https:\/\/simusar.com.br\/wfe\/encontro-de-aposentadas-no-simusar-celebra-o-mes-da-mulher-com-reflexao-e-integracao\/#primaryimage\"},\"image\":{\"@id\":\"https:\/\/simusar.com.br\/wfe\/encontro-de-aposentadas-no-simusar-celebra-o-mes-da-mulher-com-reflexao-e-integracao\/#primaryimage\"},\"thumbnailUrl\":\"https:\/\/simusar.com.br\/wfe\/wp-content\/uploads\/2025\/03\/WhatsApp-Image-2025-03-07-at-09.50.59-2.jpeg\",\"datePublished\":\"2025-03-07T12:54:20+00:00\",\"dateModified\":\"2025-03-07T12:56:22+00:00\",\"breadcrumb\":{\"@id\":\"https:\/\/simusar.com.br\/wfe\/encontro-de-aposentadas-no-simusar-celebra-o-mes-da-mulher-com-reflexao-e-integracao\/#breadcrumb\"},\"inLanguage\":\"pt-BR\",\"potentialAction\":[{\"@type\":\"ReadAction\",\"target\":[\"https:\/\/simusar.com.br\/wfe\/encontro-de-aposentadas-no-simusar-celebra-o-mes-da-mulher-com-reflexao-e-integracao\/\"]}]},{\"@type\":\"ImageObject\",\"inLanguage\":\"pt-BR\",\"@id\":\"https:\/\/simusar.com.br\/wfe\/encontro-de-aposentadas-no-simusar-celebra-o-mes-da-mulher-com-reflexao-e-integracao\/#primaryimage\",\"url\":\"https:\/\/simusar.com.br\/wfe\/wp-content\/uploads\/2025\/03\/WhatsApp-Image-2025-03-07-at-09.50.59-2.jpeg\",\"contentUrl\":\"https:\/\/simusar.com.br\/wfe\/wp-content\/uploads\/2025\/03\/WhatsApp-Image-2025-03-07-at-09.50.59-2.jpeg\",\"width\":1600,\"height\":721},{\"@type\":\"BreadcrumbList\",\"@id\":\"https:\/\/simusar.com.br\/wfe\/encontro-de-aposentadas-no-simusar-celebra-o-mes-da-mulher-com-reflexao-e-integracao\/#breadcrumb\",\"itemListElement\":[{\"@type\":\"ListItem\",\"position\":1,\"name\":\"In\u00edcio\",\"item\":\"https:\/\/simusar.com.br\/wfe\/\"},{\"@type\":\"ListItem\",\"position\":2,\"name\":\"Encontro de Aposentadas no SIMUSAR Celebra o M\u00eas da Mulher com Reflex\u00e3o e Integra\u00e7\u00e3o\"}]},{\"@type\":\"WebSite\",\"@id\":\"https:\/\/simusar.com.br\/wfe\/#website\",\"url\":\"https:\/\/simusar.com.br\/wfe\/\",\"name\":\"SIMUSAR\",\"description\":\"Sindicatos dos Servidores Municipais de Santa Rosa\",\"publisher\":{\"@id\":\"https:\/\/simusar.com.br\/wfe\/#organization\"},\"potentialAction\":[{\"@type\":\"SearchAction\",\"target\":{\"@type\":\"EntryPoint\",\"urlTemplate\":\"https:\/\/simusar.com.br\/wfe\/?s={search_term_string}\"},\"query-input\":{\"@type\":\"PropertyValueSpecification\",\"valueRequired\":true,\"valueName\":\"search_term_string\"}}],\"inLanguage\":\"pt-BR\"},{\"@type\":\"Organization\",\"@id\":\"https:\/\/simusar.com.br\/wfe\/#organization\",\"name\":\"SIMUSAR\",\"url\":\"https:\/\/simusar.com.br\/wfe\/\",\"logo\":{\"@type\":\"ImageObject\",\"inLanguage\":\"pt-BR\",\"@id\":\"https:\/\/simusar.com.br\/wfe\/#\/schema\/logo\/image\/\",\"url\":\"https:\/\/simusar.com.br\/wfe\/wp-content\/uploads\/2022\/05\/logo-perfil.png\",\"contentUrl\":\"https:\/\/simusar.com.br\/wfe\/wp-content\/uploads\/2022\/05\/logo-perfil.png\",\"width\":1080,\"height\":1080,\"caption\":\"SIMUSAR\"},\"image\":{\"@id\":\"https:\/\/simusar.com.br\/wfe\/#\/schema\/logo\/image\/\"},\"sameAs\":[\"https:\/\/www.facebook.com\/simusaroficial\",\"https:\/\/www.instagram.com\/simusaroficial\"]},{\"@type\":\"Person\",\"@id\":\"https:\/\/simusar.com.br\/wfe\/#\/schema\/person\/7bbff4b09265c81fe98c20bae4e03e83\",\"name\":\"admin\",\"sameAs\":[\"http:\/\/simusar.com.br\/wfe\"],\"url\":\"https:\/\/simusar.com.br\/wfe\/author\/admin\/\"}]}<\/script>\n<!-- \/ Yoast SEO plugin. -->","yoast_head_json":{"title":"Encontro de Aposentadas no SIMUSAR Celebra o M\u00eas da Mulher com Reflex\u00e3o e Integra\u00e7\u00e3o - SIMUSAR","robots":{"index":"index","follow":"follow","max-snippet":"max-snippet:-1","max-image-preview":"max-image-preview:large","max-video-preview":"max-video-preview:-1"},"canonical":"https:\/\/simusar.com.br\/wfe\/encontro-de-aposentadas-no-simusar-celebra-o-mes-da-mulher-com-reflexao-e-integracao\/","og_locale":"pt_BR","og_type":"article","og_title":"Encontro de Aposentadas no SIMUSAR Celebra o M\u00eas da Mulher com Reflex\u00e3o e Integra\u00e7\u00e3o - SIMUSAR","og_description":"Na tarde de ontem (06\/03\/2024), a sede do Sindicato dos Servidores Municipais (SIMUSAR) foi palco de um encontro especial dedicado \u00e0s aposentadas e aposentados em celebra\u00e7\u00e3o ao M\u00eas da Mulher. O evento reuniu participantes para momentos de reflex\u00e3o, aprendizado e integra\u00e7\u00e3o, com uma programa\u00e7\u00e3o diversificada. Uma das coordenadoras do Grupo de Aposentados e Pensionistas, Beatir [&hellip;]","og_url":"https:\/\/simusar.com.br\/wfe\/encontro-de-aposentadas-no-simusar-celebra-o-mes-da-mulher-com-reflexao-e-integracao\/","og_site_name":"SIMUSAR","article_publisher":"https:\/\/www.facebook.com\/simusaroficial","article_published_time":"2025-03-07T12:54:20+00:00","article_modified_time":"2025-03-07T12:56:22+00:00","og_image":[{"width":1600,"height":721,"url":"http:\/\/simusar.com.br\/wfe\/wp-content\/uploads\/2025\/03\/WhatsApp-Image-2025-03-07-at-09.50.59-2.jpeg","type":"image\/jpeg"}],"author":"admin","twitter_card":"summary_large_image","twitter_misc":{"Escrito por":"admin","Est. tempo de leitura":"4 minutos"},"schema":{"@context":"https:\/\/schema.org","@graph":[{"@type":"Article","@id":"https:\/\/simusar.com.br\/wfe\/encontro-de-aposentadas-no-simusar-celebra-o-mes-da-mulher-com-reflexao-e-integracao\/#article","isPartOf":{"@id":"https:\/\/simusar.com.br\/wfe\/encontro-de-aposentadas-no-simusar-celebra-o-mes-da-mulher-com-reflexao-e-integracao\/"},"author":{"name":"admin","@id":"https:\/\/simusar.com.br\/wfe\/#\/schema\/person\/7bbff4b09265c81fe98c20bae4e03e83"},"headline":"Encontro de Aposentadas no SIMUSAR Celebra o M\u00eas da Mulher com Reflex\u00e3o e Integra\u00e7\u00e3o","datePublished":"2025-03-07T12:54:20+00:00","dateModified":"2025-03-07T12:56:22+00:00","mainEntityOfPage":{"@id":"https:\/\/simusar.com.br\/wfe\/encontro-de-aposentadas-no-simusar-celebra-o-mes-da-mulher-com-reflexao-e-integracao\/"},"wordCount":423,"publisher":{"@id":"https:\/\/simusar.com.br\/wfe\/#organization"},"image":{"@id":"https:\/\/simusar.com.br\/wfe\/encontro-de-aposentadas-no-simusar-celebra-o-mes-da-mulher-com-reflexao-e-integracao\/#primaryimage"},"thumbnailUrl":"https:\/\/simusar.com.br\/wfe\/wp-content\/uploads\/2025\/03\/WhatsApp-Image-2025-03-07-at-09.50.59-2.jpeg","keywords":["Encontro","Mulher","santa rosa","sa\u00fade","simusar"],"articleSection":["Noticias"],"inLanguage":"pt-BR"},{"@type":"WebPage","@id":"https:\/\/simusar.com.br\/wfe\/encontro-de-aposentadas-no-simusar-celebra-o-mes-da-mulher-com-reflexao-e-integracao\/","url":"https:\/\/simusar.com.br\/wfe\/encontro-de-aposentadas-no-simusar-celebra-o-mes-da-mulher-com-reflexao-e-integracao\/","name":"Encontro de Aposentadas no SIMUSAR Celebra o M\u00eas da Mulher com Reflex\u00e3o e Integra\u00e7\u00e3o - SIMUSAR","isPartOf":{"@id":"https:\/\/simusar.com.br\/wfe\/#website"},"primaryImageOfPage":{"@id":"https:\/\/simusar.com.br\/wfe\/encontro-de-aposentadas-no-simusar-celebra-o-mes-da-mulher-com-reflexao-e-integracao\/#primaryimage"},"image":{"@id":"https:\/\/simusar.com.br\/wfe\/encontro-de-aposentadas-no-simusar-celebra-o-mes-da-mulher-com-reflexao-e-integracao\/#primaryimage"},"thumbnailUrl":"https:\/\/simusar.com.br\/wfe\/wp-content\/uploads\/2025\/03\/WhatsApp-Image-2025-03-07-at-09.50.59-2.jpeg","datePublished":"2025-03-07T12:54:20+00:00","dateModified":"2025-03-07T12:56:22+00:00","breadcrumb":{"@id":"https:\/\/simusar.com.br\/wfe\/encontro-de-aposentadas-no-simusar-celebra-o-mes-da-mulher-com-reflexao-e-integracao\/#breadcrumb"},"inLanguage":"pt-BR","potentialAction":[{"@type":"ReadAction","target":["https:\/\/simusar.com.br\/wfe\/encontro-de-aposentadas-no-simusar-celebra-o-mes-da-mulher-com-reflexao-e-integracao\/"]}]},{"@type":"ImageObject","inLanguage":"pt-BR","@id":"https:\/\/simusar.com.br\/wfe\/encontro-de-aposentadas-no-simusar-celebra-o-mes-da-mulher-com-reflexao-e-integracao\/#primaryimage","url":"https:\/\/simusar.com.br\/wfe\/wp-content\/uploads\/2025\/03\/WhatsApp-Image-2025-03-07-at-09.50.59-2.jpeg","contentUrl":"https:\/\/simusar.com.br\/wfe\/wp-content\/uploads\/2025\/03\/WhatsApp-Image-2025-03-07-at-09.50.59-2.jpeg","width":1600,"height":721},{"@type":"BreadcrumbList","@id":"https:\/\/simusar.com.br\/wfe\/encontro-de-aposentadas-no-simusar-celebra-o-mes-da-mulher-com-reflexao-e-integracao\/#breadcrumb","itemListElement":[{"@type":"ListItem","position":1,"name":"In\u00edcio","item":"https:\/\/simusar.com.br\/wfe\/"},{"@type":"ListItem","position":2,"name":"Encontro de Aposentadas no SIMUSAR Celebra o M\u00eas da Mulher com Reflex\u00e3o e Integra\u00e7\u00e3o"}]},{"@type":"WebSite","@id":"https:\/\/simusar.com.br\/wfe\/#website","url":"https:\/\/simusar.com.br\/wfe\/","name":"SIMUSAR","description":"Sindicatos dos Servidores Municipais de Santa Rosa","publisher":{"@id":"https:\/\/simusar.com.br\/wfe\/#organization"},"potentialAction":[{"@type":"SearchAction","target":{"@type":"EntryPoint","urlTemplate":"https:\/\/simusar.com.br\/wfe\/?s={search_term_string}"},"query-input":{"@type":"PropertyValueSpecification","valueRequired":true,"valueName":"search_term_string"}}],"inLanguage":"pt-BR"},{"@type":"Organization","@id":"https:\/\/simusar.com.br\/wfe\/#organization","name":"SIMUSAR","url":"https:\/\/simusar.com.br\/wfe\/","logo":{"@type":"ImageObject","inLanguage":"pt-BR","@id":"https:\/\/simusar.com.br\/wfe\/#\/schema\/logo\/image\/","url":"https:\/\/simusar.com.br\/wfe\/wp-content\/uploads\/2022\/05\/logo-perfil.png","contentUrl":"https:\/\/simusar.com.br\/wfe\/wp-content\/uploads\/2022\/05\/logo-perfil.png","width":1080,"height":1080,"caption":"SIMUSAR"},"image":{"@id":"https:\/\/simusar.com.br\/wfe\/#\/schema\/logo\/image\/"},"sameAs":["https:\/\/www.facebook.com\/simusaroficial","https:\/\/www.instagram.com\/simusaroficial"]},{"@type":"Person","@id":"https:\/\/simusar.com.br\/wfe\/#\/schema\/person\/7bbff4b09265c81fe98c20bae4e03e83","name":"admin","sameAs":["http:\/\/simusar.com.br\/wfe"],"url":"https:\/\/simusar.com.br\/wfe\/author\/admin\/"}]}},"_links":{"self":[{"href":"https:\/\/simusar.com.br\/wfe\/wp-json\/wp\/v2\/posts\/3351","targetHints":{"allow":["GET"]}}],"collection":[{"href":"https:\/\/simusar.com.br\/wfe\/wp-json\/wp\/v2\/posts"}],"about":[{"href":"https:\/\/simusar.com.br\/wfe\/wp-json\/wp\/v2\/types\/post"}],"author":[{"embeddable":true,"href":"https:\/\/simusar.com.br\/wfe\/wp-json\/wp\/v2\/users\/1"}],"replies":[{"embeddable":true,"href":"https:\/\/simusar.com.br\/wfe\/wp-json\/wp\/v2\/comments?post=3351"}],"version-history":[{"count":4,"href":"https:\/\/simusar.com.br\/wfe\/wp-json\/wp\/v2\/posts\/3351\/revisions"}],"predecessor-version":[{"id":3362,"href":"https:\/\/simusar.com.br\/wfe\/wp-json\/wp\/v2\/posts\/3351\/revisions\/3362"}],"wp:featuredmedia":[{"embeddable":true,"href":"https:\/\/simusar.com.br\/wfe\/wp-json\/wp\/v2\/media\/3352"}],"wp:attachment":[{"href":"https:\/\/simusar.com.br\/wfe\/wp-json\/wp\/v2\/media?parent=3351"}],"wp:term":[{"taxonomy":"category","embeddable":true,"href":"https:\/\/simusar.com.br\/wfe\/wp-json\/wp\/v2\/categories?post=3351"},{"taxonomy":"post_tag","embeddable":true,"href":"https:\/\/simusar.com.br\/wfe\/wp-json\/wp\/v2\/tags?post=3351"}],"curies":[{"name":"wp","href":"https:\/\/api.w.org\/{rel}","templated":true}]}}