{"id":3636,"date":"2026-01-27T14:48:54","date_gmt":"2026-01-27T14:48:54","guid":{"rendered":"https:\/\/simusar.com.br\/wfe\/?p=3636"},"modified":"2026-01-27T17:05:58","modified_gmt":"2026-01-27T17:05:58","slug":"simusar-protocola-oficio-e-cobra-implementacao-imediata-da-lc-226-2026","status":"publish","type":"post","link":"https:\/\/simusar.com.br\/wfe\/simusar-protocola-oficio-e-cobra-implementacao-imediata-da-lc-226-2026\/","title":{"rendered":"SIMUSAR protocola of\u00edcio e cobra implementa\u00e7\u00e3o imediata da LC 226\/2026"},"content":{"rendered":"\n<figure class=\"wp-block-image size-large\"><img loading=\"lazy\" decoding=\"async\" width=\"1024\" height=\"682\" src=\"http:\/\/simusar.com.br\/wfe\/wp-content\/uploads\/2026\/01\/Sem-titulo-2-1-1024x682.jpg\" alt=\"\" class=\"wp-image-3639\" srcset=\"https:\/\/simusar.com.br\/wfe\/wp-content\/uploads\/2026\/01\/Sem-titulo-2-1-1024x682.jpg 1024w, https:\/\/simusar.com.br\/wfe\/wp-content\/uploads\/2026\/01\/Sem-titulo-2-1-300x200.jpg 300w, https:\/\/simusar.com.br\/wfe\/wp-content\/uploads\/2026\/01\/Sem-titulo-2-1-768x512.jpg 768w, https:\/\/simusar.com.br\/wfe\/wp-content\/uploads\/2026\/01\/Sem-titulo-2-1-1536x1023.jpg 1536w, https:\/\/simusar.com.br\/wfe\/wp-content\/uploads\/2026\/01\/Sem-titulo-2-1.jpg 1707w\" sizes=\"auto, (max-width: 1024px) 100vw, 1024px\" \/><\/figure>\n\n\n\n<p>No dia <strong>26 de janeiro de 2026<\/strong>, o <strong>SIMUSAR<\/strong>, representado por seu presidente, <strong>Prof. Jonas Aloisio Fusiger<\/strong>, ap\u00f3s reuni\u00e3o com o setor jur\u00eddico e a diretoria da entidade, encaminhou <strong>of\u00edcio \u00e0 Prefeitura Municipal<\/strong> solicitando a <strong>imediata implementa\u00e7\u00e3o da Lei Complementar n\u00ba 226\/2026<\/strong>.<\/p>\n\n\n\n<p>A principal reivindica\u00e7\u00e3o diz respeito \u00e0 <strong>reincorpora\u00e7\u00e3o dos valores correspondentes aos 583<\/strong>, com efeitos <strong>a partir de 13 de janeiro de 2026<\/strong>, bem como ao <strong>pagamento devido aos servidores<\/strong>, observadas as particularidades de cada caso. Segundo o SIMUSAR, a efetiva\u00e7\u00e3o da lei \u00e9 medida necess\u00e1ria para assegurar o cumprimento da legisla\u00e7\u00e3o vigente e a recomposi\u00e7\u00e3o remunerat\u00f3ria devida aos servidores municipais.<\/p>\n\n\n\n<p>Al\u00e9m disso, o sindicato solicitou \u00e0 Administra\u00e7\u00e3o Municipal a <strong>abertura de um debate institucional<\/strong> para a <strong>cria\u00e7\u00e3o de condi\u00e7\u00f5es de pagamento dos valores atrasados<\/strong>, que foram retirados em raz\u00e3o da <strong>Lei n\u00ba 173\/2020<\/strong>. O of\u00edcio encaminhado \u00e0 Prefeitura foi <strong>organizado com apoio t\u00e9cnico da FEMERGS (Federa\u00e7\u00e3o dos Municip\u00e1rios do Estado do Rio Grande do Sul)<\/strong>. O entendimento defendido pelo SIMUSAR \u00e9 de que tais valores <strong>constituem direito dos servidores<\/strong>, uma vez que <strong>todos exerceram regularmente suas fun\u00e7\u00f5es durante o per\u00edodo de vig\u00eancia dos efeitos da referida lei<\/strong>, n\u00e3o havendo interrup\u00e7\u00e3o da presta\u00e7\u00e3o do servi\u00e7o p\u00fablico.<\/p>\n\n\n\n<p>Para o presidente do SIMUSAR, a pauta envolve n\u00e3o apenas a observ\u00e2ncia da legisla\u00e7\u00e3o, mas tamb\u00e9m o <strong>reconhecimento do trabalho realizado pelos servidores<\/strong>, que mantiveram suas atividades mesmo diante das restri\u00e7\u00f5es impostas naquele per\u00edodo.<\/p>\n\n\n\n<blockquote class=\"wp-block-quote is-layout-flow wp-block-quote-is-layout-flow\">\n<p><strong>\u201cEstamos falando de direito, n\u00e3o de benef\u00edcio. Os servidores trabalharam, cumpriram suas fun\u00e7\u00f5es, garantiram o funcionamento dos servi\u00e7os p\u00fablicos mesmo nos momentos mais dif\u00edceis, e agora exigem o que \u00e9 justo e legal. A Lei Complementar n\u00ba 226\/2026 precisa ser cumprida imediatamente. N\u00e3o aceitaremos retrocessos nem adiamentos quando o direito \u00e9 claro e pertence aos trabalhadores\u201d<\/strong>, afirmou o presidente do SIMUSAR, <strong>Prof. Jonas Aloisio Fusiger<\/strong>. A entidade refor\u00e7a que o di\u00e1logo \u00e9 fundamental para a constru\u00e7\u00e3o de <strong>solu\u00e7\u00f5es vi\u00e1veis e respons\u00e1veis<\/strong>, garantindo seguran\u00e7a jur\u00eddica e justi\u00e7a aos trabalhadores.<\/p>\n<\/blockquote>\n\n\n\n<p>O SIMUSAR aguarda <strong>resposta da Administra\u00e7\u00e3o Municipal<\/strong> e reafirma seu compromisso com a <strong>defesa dos direitos dos servidores<\/strong>, mantendo-se \u00e0 disposi\u00e7\u00e3o para o di\u00e1logo e para a constru\u00e7\u00e3o conjunta de encaminhamentos que assegurem o cumprimento da lei e a valoriza\u00e7\u00e3o do funcionalismo p\u00fablico.<\/p>\n","protected":false},"excerpt":{"rendered":"<p>No dia 26 de janeiro de 2026, o SIMUSAR, representado por seu presidente, Prof. Jonas Aloisio Fusiger, ap\u00f3s reuni\u00e3o com o setor jur\u00eddico e a diretoria da entidade, encaminhou of\u00edcio \u00e0 Prefeitura Municipal solicitando a imediata implementa\u00e7\u00e3o da Lei Complementar n\u00ba 226\/2026. A principal reivindica\u00e7\u00e3o diz respeito \u00e0 reincorpora\u00e7\u00e3o dos valores correspondentes aos 583, com [&hellip;]<\/p>\n","protected":false},"author":3,"featured_media":3639,"comment_status":"closed","ping_status":"closed","sticky":false,"template":"","format":"standard","meta":{"_eb_attr":"","footnotes":""},"categories":[4],"tags":[],"class_list":["post-3636","post","type-post","status-publish","format-standard","has-post-thumbnail","hentry","category-noticias"],"yoast_head":"<!-- This site is optimized with the Yoast SEO plugin v26.2 - https:\/\/yoast.com\/wordpress\/plugins\/seo\/ -->\n<title>SIMUSAR protocola of\u00edcio e cobra implementa\u00e7\u00e3o imediata da LC 226\/2026 - SIMUSAR<\/title>\n<meta name=\"robots\" content=\"index, follow, max-snippet:-1, max-image-preview:large, max-video-preview:-1\" \/>\n<link rel=\"canonical\" href=\"https:\/\/simusar.com.br\/wfe\/simusar-protocola-oficio-e-cobra-implementacao-imediata-da-lc-226-2026\/\" \/>\n<meta property=\"og:locale\" content=\"pt_BR\" \/>\n<meta property=\"og:type\" content=\"article\" \/>\n<meta property=\"og:title\" content=\"SIMUSAR protocola of\u00edcio e cobra implementa\u00e7\u00e3o imediata da LC 226\/2026 - SIMUSAR\" \/>\n<meta property=\"og:description\" content=\"No dia 26 de janeiro de 2026, o SIMUSAR, representado por seu presidente, Prof. Jonas Aloisio Fusiger, ap\u00f3s reuni\u00e3o com o setor jur\u00eddico e a diretoria da entidade, encaminhou of\u00edcio \u00e0 Prefeitura Municipal solicitando a imediata implementa\u00e7\u00e3o da Lei Complementar n\u00ba 226\/2026. A principal reivindica\u00e7\u00e3o diz respeito \u00e0 reincorpora\u00e7\u00e3o dos valores correspondentes aos 583, com [&hellip;]\" \/>\n<meta property=\"og:url\" content=\"https:\/\/simusar.com.br\/wfe\/simusar-protocola-oficio-e-cobra-implementacao-imediata-da-lc-226-2026\/\" \/>\n<meta property=\"og:site_name\" content=\"SIMUSAR\" \/>\n<meta property=\"article:publisher\" content=\"https:\/\/www.facebook.com\/simusaroficial\" \/>\n<meta property=\"article:published_time\" content=\"2026-01-27T14:48:54+00:00\" \/>\n<meta property=\"article:modified_time\" content=\"2026-01-27T17:05:58+00:00\" \/>\n<meta property=\"og:image\" content=\"http:\/\/simusar.com.br\/wfe\/wp-content\/uploads\/2026\/01\/Sem-titulo-2-1.jpg\" \/>\n\t<meta property=\"og:image:width\" content=\"1707\" \/>\n\t<meta property=\"og:image:height\" content=\"1137\" \/>\n\t<meta property=\"og:image:type\" content=\"image\/jpeg\" \/>\n<meta name=\"author\" content=\"JONAS FUSIGER\" \/>\n<meta name=\"twitter:card\" content=\"summary_large_image\" \/>\n<meta name=\"twitter:label1\" content=\"Escrito por\" \/>\n\t<meta name=\"twitter:data1\" content=\"JONAS FUSIGER\" \/>\n\t<meta name=\"twitter:label2\" content=\"Est. tempo de leitura\" \/>\n\t<meta name=\"twitter:data2\" content=\"2 minutos\" \/>\n<script type=\"application\/ld+json\" class=\"yoast-schema-graph\">{\"@context\":\"https:\/\/schema.org\",\"@graph\":[{\"@type\":\"Article\",\"@id\":\"https:\/\/simusar.com.br\/wfe\/simusar-protocola-oficio-e-cobra-implementacao-imediata-da-lc-226-2026\/#article\",\"isPartOf\":{\"@id\":\"https:\/\/simusar.com.br\/wfe\/simusar-protocola-oficio-e-cobra-implementacao-imediata-da-lc-226-2026\/\"},\"author\":{\"name\":\"JONAS FUSIGER\",\"@id\":\"https:\/\/simusar.com.br\/wfe\/#\/schema\/person\/bbe2f002b2ae51473976e6856a278684\"},\"headline\":\"SIMUSAR protocola of\u00edcio e cobra implementa\u00e7\u00e3o imediata da LC 226\/2026\",\"datePublished\":\"2026-01-27T14:48:54+00:00\",\"dateModified\":\"2026-01-27T17:05:58+00:00\",\"mainEntityOfPage\":{\"@id\":\"https:\/\/simusar.com.br\/wfe\/simusar-protocola-oficio-e-cobra-implementacao-imediata-da-lc-226-2026\/\"},\"wordCount\":412,\"publisher\":{\"@id\":\"https:\/\/simusar.com.br\/wfe\/#organization\"},\"image\":{\"@id\":\"https:\/\/simusar.com.br\/wfe\/simusar-protocola-oficio-e-cobra-implementacao-imediata-da-lc-226-2026\/#primaryimage\"},\"thumbnailUrl\":\"https:\/\/simusar.com.br\/wfe\/wp-content\/uploads\/2026\/01\/Sem-titulo-2-1.jpg\",\"articleSection\":[\"Noticias\"],\"inLanguage\":\"pt-BR\"},{\"@type\":\"WebPage\",\"@id\":\"https:\/\/simusar.com.br\/wfe\/simusar-protocola-oficio-e-cobra-implementacao-imediata-da-lc-226-2026\/\",\"url\":\"https:\/\/simusar.com.br\/wfe\/simusar-protocola-oficio-e-cobra-implementacao-imediata-da-lc-226-2026\/\",\"name\":\"SIMUSAR protocola of\u00edcio e cobra implementa\u00e7\u00e3o imediata da LC 226\/2026 - SIMUSAR\",\"isPartOf\":{\"@id\":\"https:\/\/simusar.com.br\/wfe\/#website\"},\"primaryImageOfPage\":{\"@id\":\"https:\/\/simusar.com.br\/wfe\/simusar-protocola-oficio-e-cobra-implementacao-imediata-da-lc-226-2026\/#primaryimage\"},\"image\":{\"@id\":\"https:\/\/simusar.com.br\/wfe\/simusar-protocola-oficio-e-cobra-implementacao-imediata-da-lc-226-2026\/#primaryimage\"},\"thumbnailUrl\":\"https:\/\/simusar.com.br\/wfe\/wp-content\/uploads\/2026\/01\/Sem-titulo-2-1.jpg\",\"datePublished\":\"2026-01-27T14:48:54+00:00\",\"dateModified\":\"2026-01-27T17:05:58+00:00\",\"breadcrumb\":{\"@id\":\"https:\/\/simusar.com.br\/wfe\/simusar-protocola-oficio-e-cobra-implementacao-imediata-da-lc-226-2026\/#breadcrumb\"},\"inLanguage\":\"pt-BR\",\"potentialAction\":[{\"@type\":\"ReadAction\",\"target\":[\"https:\/\/simusar.com.br\/wfe\/simusar-protocola-oficio-e-cobra-implementacao-imediata-da-lc-226-2026\/\"]}]},{\"@type\":\"ImageObject\",\"inLanguage\":\"pt-BR\",\"@id\":\"https:\/\/simusar.com.br\/wfe\/simusar-protocola-oficio-e-cobra-implementacao-imediata-da-lc-226-2026\/#primaryimage\",\"url\":\"https:\/\/simusar.com.br\/wfe\/wp-content\/uploads\/2026\/01\/Sem-titulo-2-1.jpg\",\"contentUrl\":\"https:\/\/simusar.com.br\/wfe\/wp-content\/uploads\/2026\/01\/Sem-titulo-2-1.jpg\",\"width\":1707,\"height\":1137},{\"@type\":\"BreadcrumbList\",\"@id\":\"https:\/\/simusar.com.br\/wfe\/simusar-protocola-oficio-e-cobra-implementacao-imediata-da-lc-226-2026\/#breadcrumb\",\"itemListElement\":[{\"@type\":\"ListItem\",\"position\":1,\"name\":\"In\u00edcio\",\"item\":\"https:\/\/simusar.com.br\/wfe\/\"},{\"@type\":\"ListItem\",\"position\":2,\"name\":\"SIMUSAR protocola of\u00edcio e cobra implementa\u00e7\u00e3o imediata da LC 226\/2026\"}]},{\"@type\":\"WebSite\",\"@id\":\"https:\/\/simusar.com.br\/wfe\/#website\",\"url\":\"https:\/\/simusar.com.br\/wfe\/\",\"name\":\"SIMUSAR\",\"description\":\"Sindicatos dos Servidores Municipais de Santa Rosa\",\"publisher\":{\"@id\":\"https:\/\/simusar.com.br\/wfe\/#organization\"},\"potentialAction\":[{\"@type\":\"SearchAction\",\"target\":{\"@type\":\"EntryPoint\",\"urlTemplate\":\"https:\/\/simusar.com.br\/wfe\/?s={search_term_string}\"},\"query-input\":{\"@type\":\"PropertyValueSpecification\",\"valueRequired\":true,\"valueName\":\"search_term_string\"}}],\"inLanguage\":\"pt-BR\"},{\"@type\":\"Organization\",\"@id\":\"https:\/\/simusar.com.br\/wfe\/#organization\",\"name\":\"SIMUSAR\",\"url\":\"https:\/\/simusar.com.br\/wfe\/\",\"logo\":{\"@type\":\"ImageObject\",\"inLanguage\":\"pt-BR\",\"@id\":\"https:\/\/simusar.com.br\/wfe\/#\/schema\/logo\/image\/\",\"url\":\"https:\/\/simusar.com.br\/wfe\/wp-content\/uploads\/2022\/05\/logo-perfil.png\",\"contentUrl\":\"https:\/\/simusar.com.br\/wfe\/wp-content\/uploads\/2022\/05\/logo-perfil.png\",\"width\":1080,\"height\":1080,\"caption\":\"SIMUSAR\"},\"image\":{\"@id\":\"https:\/\/simusar.com.br\/wfe\/#\/schema\/logo\/image\/\"},\"sameAs\":[\"https:\/\/www.facebook.com\/simusaroficial\",\"https:\/\/www.instagram.com\/simusaroficial\"]},{\"@type\":\"Person\",\"@id\":\"https:\/\/simusar.com.br\/wfe\/#\/schema\/person\/bbe2f002b2ae51473976e6856a278684\",\"name\":\"JONAS FUSIGER\",\"url\":\"https:\/\/simusar.com.br\/wfe\/author\/jonasfusiger\/\"}]}<\/script>\n<!-- \/ Yoast SEO plugin. -->","yoast_head_json":{"title":"SIMUSAR protocola of\u00edcio e cobra implementa\u00e7\u00e3o imediata da LC 226\/2026 - SIMUSAR","robots":{"index":"index","follow":"follow","max-snippet":"max-snippet:-1","max-image-preview":"max-image-preview:large","max-video-preview":"max-video-preview:-1"},"canonical":"https:\/\/simusar.com.br\/wfe\/simusar-protocola-oficio-e-cobra-implementacao-imediata-da-lc-226-2026\/","og_locale":"pt_BR","og_type":"article","og_title":"SIMUSAR protocola of\u00edcio e cobra implementa\u00e7\u00e3o imediata da LC 226\/2026 - SIMUSAR","og_description":"No dia 26 de janeiro de 2026, o SIMUSAR, representado por seu presidente, Prof. Jonas Aloisio Fusiger, ap\u00f3s reuni\u00e3o com o setor jur\u00eddico e a diretoria da entidade, encaminhou of\u00edcio \u00e0 Prefeitura Municipal solicitando a imediata implementa\u00e7\u00e3o da Lei Complementar n\u00ba 226\/2026. A principal reivindica\u00e7\u00e3o diz respeito \u00e0 reincorpora\u00e7\u00e3o dos valores correspondentes aos 583, com [&hellip;]","og_url":"https:\/\/simusar.com.br\/wfe\/simusar-protocola-oficio-e-cobra-implementacao-imediata-da-lc-226-2026\/","og_site_name":"SIMUSAR","article_publisher":"https:\/\/www.facebook.com\/simusaroficial","article_published_time":"2026-01-27T14:48:54+00:00","article_modified_time":"2026-01-27T17:05:58+00:00","og_image":[{"width":1707,"height":1137,"url":"http:\/\/simusar.com.br\/wfe\/wp-content\/uploads\/2026\/01\/Sem-titulo-2-1.jpg","type":"image\/jpeg"}],"author":"JONAS FUSIGER","twitter_card":"summary_large_image","twitter_misc":{"Escrito por":"JONAS FUSIGER","Est. tempo de leitura":"2 minutos"},"schema":{"@context":"https:\/\/schema.org","@graph":[{"@type":"Article","@id":"https:\/\/simusar.com.br\/wfe\/simusar-protocola-oficio-e-cobra-implementacao-imediata-da-lc-226-2026\/#article","isPartOf":{"@id":"https:\/\/simusar.com.br\/wfe\/simusar-protocola-oficio-e-cobra-implementacao-imediata-da-lc-226-2026\/"},"author":{"name":"JONAS FUSIGER","@id":"https:\/\/simusar.com.br\/wfe\/#\/schema\/person\/bbe2f002b2ae51473976e6856a278684"},"headline":"SIMUSAR protocola of\u00edcio e cobra implementa\u00e7\u00e3o imediata da LC 226\/2026","datePublished":"2026-01-27T14:48:54+00:00","dateModified":"2026-01-27T17:05:58+00:00","mainEntityOfPage":{"@id":"https:\/\/simusar.com.br\/wfe\/simusar-protocola-oficio-e-cobra-implementacao-imediata-da-lc-226-2026\/"},"wordCount":412,"publisher":{"@id":"https:\/\/simusar.com.br\/wfe\/#organization"},"image":{"@id":"https:\/\/simusar.com.br\/wfe\/simusar-protocola-oficio-e-cobra-implementacao-imediata-da-lc-226-2026\/#primaryimage"},"thumbnailUrl":"https:\/\/simusar.com.br\/wfe\/wp-content\/uploads\/2026\/01\/Sem-titulo-2-1.jpg","articleSection":["Noticias"],"inLanguage":"pt-BR"},{"@type":"WebPage","@id":"https:\/\/simusar.com.br\/wfe\/simusar-protocola-oficio-e-cobra-implementacao-imediata-da-lc-226-2026\/","url":"https:\/\/simusar.com.br\/wfe\/simusar-protocola-oficio-e-cobra-implementacao-imediata-da-lc-226-2026\/","name":"SIMUSAR protocola of\u00edcio e cobra implementa\u00e7\u00e3o imediata da LC 226\/2026 - SIMUSAR","isPartOf":{"@id":"https:\/\/simusar.com.br\/wfe\/#website"},"primaryImageOfPage":{"@id":"https:\/\/simusar.com.br\/wfe\/simusar-protocola-oficio-e-cobra-implementacao-imediata-da-lc-226-2026\/#primaryimage"},"image":{"@id":"https:\/\/simusar.com.br\/wfe\/simusar-protocola-oficio-e-cobra-implementacao-imediata-da-lc-226-2026\/#primaryimage"},"thumbnailUrl":"https:\/\/simusar.com.br\/wfe\/wp-content\/uploads\/2026\/01\/Sem-titulo-2-1.jpg","datePublished":"2026-01-27T14:48:54+00:00","dateModified":"2026-01-27T17:05:58+00:00","breadcrumb":{"@id":"https:\/\/simusar.com.br\/wfe\/simusar-protocola-oficio-e-cobra-implementacao-imediata-da-lc-226-2026\/#breadcrumb"},"inLanguage":"pt-BR","potentialAction":[{"@type":"ReadAction","target":["https:\/\/simusar.com.br\/wfe\/simusar-protocola-oficio-e-cobra-implementacao-imediata-da-lc-226-2026\/"]}]},{"@type":"ImageObject","inLanguage":"pt-BR","@id":"https:\/\/simusar.com.br\/wfe\/simusar-protocola-oficio-e-cobra-implementacao-imediata-da-lc-226-2026\/#primaryimage","url":"https:\/\/simusar.com.br\/wfe\/wp-content\/uploads\/2026\/01\/Sem-titulo-2-1.jpg","contentUrl":"https:\/\/simusar.com.br\/wfe\/wp-content\/uploads\/2026\/01\/Sem-titulo-2-1.jpg","width":1707,"height":1137},{"@type":"BreadcrumbList","@id":"https:\/\/simusar.com.br\/wfe\/simusar-protocola-oficio-e-cobra-implementacao-imediata-da-lc-226-2026\/#breadcrumb","itemListElement":[{"@type":"ListItem","position":1,"name":"In\u00edcio","item":"https:\/\/simusar.com.br\/wfe\/"},{"@type":"ListItem","position":2,"name":"SIMUSAR protocola of\u00edcio e cobra implementa\u00e7\u00e3o imediata da LC 226\/2026"}]},{"@type":"WebSite","@id":"https:\/\/simusar.com.br\/wfe\/#website","url":"https:\/\/simusar.com.br\/wfe\/","name":"SIMUSAR","description":"Sindicatos dos Servidores Municipais de Santa Rosa","publisher":{"@id":"https:\/\/simusar.com.br\/wfe\/#organization"},"potentialAction":[{"@type":"SearchAction","target":{"@type":"EntryPoint","urlTemplate":"https:\/\/simusar.com.br\/wfe\/?s={search_term_string}"},"query-input":{"@type":"PropertyValueSpecification","valueRequired":true,"valueName":"search_term_string"}}],"inLanguage":"pt-BR"},{"@type":"Organization","@id":"https:\/\/simusar.com.br\/wfe\/#organization","name":"SIMUSAR","url":"https:\/\/simusar.com.br\/wfe\/","logo":{"@type":"ImageObject","inLanguage":"pt-BR","@id":"https:\/\/simusar.com.br\/wfe\/#\/schema\/logo\/image\/","url":"https:\/\/simusar.com.br\/wfe\/wp-content\/uploads\/2022\/05\/logo-perfil.png","contentUrl":"https:\/\/simusar.com.br\/wfe\/wp-content\/uploads\/2022\/05\/logo-perfil.png","width":1080,"height":1080,"caption":"SIMUSAR"},"image":{"@id":"https:\/\/simusar.com.br\/wfe\/#\/schema\/logo\/image\/"},"sameAs":["https:\/\/www.facebook.com\/simusaroficial","https:\/\/www.instagram.com\/simusaroficial"]},{"@type":"Person","@id":"https:\/\/simusar.com.br\/wfe\/#\/schema\/person\/bbe2f002b2ae51473976e6856a278684","name":"JONAS FUSIGER","url":"https:\/\/simusar.com.br\/wfe\/author\/jonasfusiger\/"}]}},"_links":{"self":[{"href":"https:\/\/simusar.com.br\/wfe\/wp-json\/wp\/v2\/posts\/3636","targetHints":{"allow":["GET"]}}],"collection":[{"href":"https:\/\/simusar.com.br\/wfe\/wp-json\/wp\/v2\/posts"}],"about":[{"href":"https:\/\/simusar.com.br\/wfe\/wp-json\/wp\/v2\/types\/post"}],"author":[{"embeddable":true,"href":"https:\/\/simusar.com.br\/wfe\/wp-json\/wp\/v2\/users\/3"}],"replies":[{"embeddable":true,"href":"https:\/\/simusar.com.br\/wfe\/wp-json\/wp\/v2\/comments?post=3636"}],"version-history":[{"count":2,"href":"https:\/\/simusar.com.br\/wfe\/wp-json\/wp\/v2\/posts\/3636\/revisions"}],"predecessor-version":[{"id":3640,"href":"https:\/\/simusar.com.br\/wfe\/wp-json\/wp\/v2\/posts\/3636\/revisions\/3640"}],"wp:featuredmedia":[{"embeddable":true,"href":"https:\/\/simusar.com.br\/wfe\/wp-json\/wp\/v2\/media\/3639"}],"wp:attachment":[{"href":"https:\/\/simusar.com.br\/wfe\/wp-json\/wp\/v2\/media?parent=3636"}],"wp:term":[{"taxonomy":"category","embeddable":true,"href":"https:\/\/simusar.com.br\/wfe\/wp-json\/wp\/v2\/categories?post=3636"},{"taxonomy":"post_tag","embeddable":true,"href":"https:\/\/simusar.com.br\/wfe\/wp-json\/wp\/v2\/tags?post=3636"}],"curies":[{"name":"wp","href":"https:\/\/api.w.org\/{rel}","templated":true}]}}