{"id":3641,"date":"2026-01-28T18:32:04","date_gmt":"2026-01-28T18:32:04","guid":{"rendered":"https:\/\/simusar.com.br\/wfe\/?p=3641"},"modified":"2026-01-28T19:29:26","modified_gmt":"2026-01-28T19:29:26","slug":"lei-no-15-326-simusar-cobra-da-administracao-municipal-acoes-concretas-para-garantir-direitos-na-educacao","status":"publish","type":"post","link":"https:\/\/simusar.com.br\/wfe\/lei-no-15-326-simusar-cobra-da-administracao-municipal-acoes-concretas-para-garantir-direitos-na-educacao\/","title":{"rendered":"Lei n\u00ba 15.326: SIMUSAR cobra da Administra\u00e7\u00e3o Municipal a\u00e7\u00f5es concretas para garantir direitos na Educa\u00e7\u00e3o"},"content":{"rendered":"\n<figure class=\"wp-block-image size-large\"><img loading=\"lazy\" decoding=\"async\" width=\"1024\" height=\"682\" src=\"http:\/\/simusar.com.br\/wfe\/wp-content\/uploads\/2026\/01\/Sem-titulo-23-1024x682.jpg\" alt=\"\" class=\"wp-image-3642\" srcset=\"https:\/\/simusar.com.br\/wfe\/wp-content\/uploads\/2026\/01\/Sem-titulo-23-1024x682.jpg 1024w, https:\/\/simusar.com.br\/wfe\/wp-content\/uploads\/2026\/01\/Sem-titulo-23-300x200.jpg 300w, https:\/\/simusar.com.br\/wfe\/wp-content\/uploads\/2026\/01\/Sem-titulo-23-768x512.jpg 768w, https:\/\/simusar.com.br\/wfe\/wp-content\/uploads\/2026\/01\/Sem-titulo-23-1536x1023.jpg 1536w, https:\/\/simusar.com.br\/wfe\/wp-content\/uploads\/2026\/01\/Sem-titulo-23.jpg 1707w\" sizes=\"auto, (max-width: 1024px) 100vw, 1024px\" \/><\/figure>\n\n\n\n<p>O Sindicato dos Municip\u00e1rios de Santa Rosa (SIMUSAR) vem acompanhando atentamente os desdobramentos da <strong>Lei n\u00ba 15.326<\/strong>, que promove altera\u00e7\u00f5es na <strong>Lei de Diretrizes e Bases da Educa\u00e7\u00e3o Nacional (LDB)<\/strong> e na <strong>Lei do Piso Nacional do Magist\u00e9rio<\/strong>, com impactos diretos na organiza\u00e7\u00e3o do trabalho e na valoriza\u00e7\u00e3o dos profissionais da Educa\u00e7\u00e3o Municipal.<\/p>\n\n\n\n<p>Diante da necessidade de clareza, planejamento e seguran\u00e7a jur\u00eddica, <strong>no dia 27 de janeiro<\/strong>, o presidente do SIMUSAR <strong>encaminhou of\u00edcio \u00e0 Administra\u00e7\u00e3o Municipal<\/strong>, cobrando <strong>a\u00e7\u00f5es concretas<\/strong>, informa\u00e7\u00f5es oficiais e a organiza\u00e7\u00e3o necess\u00e1ria para a correta aplica\u00e7\u00e3o da legisla\u00e7\u00e3o no \u00e2mbito do Munic\u00edpio de Santa Rosa.<\/p>\n\n\n\n<p>Atualmente, conforme acompanhamento do Sindicato, <strong>os professores da Educa\u00e7\u00e3o Infantil j\u00e1 est\u00e3o devidamente enquadrados<\/strong>, restando pendente a defini\u00e7\u00e3o quanto \u00e0 <strong>situa\u00e7\u00e3o das monitoras <\/strong>, fun\u00e7\u00e3o que desempenha papel essencial no processo educativo e no cuidado di\u00e1rio das crian\u00e7as. A falta de posicionamento oficial por parte da Administra\u00e7\u00e3o tem gerado <strong>inseguran\u00e7a e expectativa leg\u00edtima<\/strong> entre as servidoras.<\/p>\n\n\n\n<p>O SIMUSAR ressalta que <strong>cumprir a legisla\u00e7\u00e3o educacional \u00e9 dever do administrador p\u00fablico<\/strong>, n\u00e3o se tratando de escolha pol\u00edtica, mas de <strong>obriga\u00e7\u00e3o legal<\/strong>. A aplica\u00e7\u00e3o correta da LDB e da Lei do Piso do Magist\u00e9rio \u00e9 fundamental para garantir <strong>valoriza\u00e7\u00e3o profissional, organiza\u00e7\u00e3o do sistema educacional e respeito aos direitos trabalhistas<\/strong>.<\/p>\n\n\n\n<h3 class=\"wp-block-heading\"><strong>Compromisso com a defesa dos direitos e com o di\u00e1logo<\/strong><\/h3>\n\n\n\n<p>O presidente do SIMUSAR refor\u00e7ou o papel do Sindicato na defesa da categoria:<\/p>\n\n\n\n<blockquote class=\"wp-block-quote is-layout-flow wp-block-quote-is-layout-flow\">\n<p><em>\u201cNossa responsabilidade \u00e9 defender os direitos de cada grupo que comp\u00f5e a categoria dos servidores p\u00fablicos. A Educa\u00e7\u00e3o possui especificidades, e dentro dela existem fun\u00e7\u00f5es que precisam ser analisadas com seriedade. Cabe \u00e0 Administra\u00e7\u00e3o cumprir a legisla\u00e7\u00e3o, e ao Sindicato cobrar, acompanhar e dialogar para que os direitos, especialmente das monitoras das EMEIs, sejam respeitados.\u201d<\/em><\/p>\n<\/blockquote>\n\n\n\n<p>O SIMUSAR reafirma que est\u00e1 <strong>aberto ao di\u00e1logo e \u00e0 constru\u00e7\u00e3o coletiva de solu\u00e7\u00f5es<\/strong>, colocando-se \u00e0 disposi\u00e7\u00e3o para participar de discuss\u00f5es que resultem na correta aplica\u00e7\u00e3o da Lei n\u00ba 15.326, sempre com base no <strong>respeito \u00e0 legisla\u00e7\u00e3o vigente e aos direitos dos servidores<\/strong>.<\/p>\n\n\n\n<p>O Sindicato seguir\u00e1 atento e vigilante, aguardando um <strong>posicionamento oficial da Administra\u00e7\u00e3o Municipal<\/strong>, e manter\u00e1 a categoria informada sobre todos os encaminhamentos relacionados \u00e0 aplica\u00e7\u00e3o da Lei n\u00ba 15.326 na Educa\u00e7\u00e3o Municipal.<\/p>\n","protected":false},"excerpt":{"rendered":"<p>O Sindicato dos Municip\u00e1rios de Santa Rosa (SIMUSAR) vem acompanhando atentamente os desdobramentos da Lei n\u00ba 15.326, que promove altera\u00e7\u00f5es na Lei de Diretrizes e Bases da Educa\u00e7\u00e3o Nacional (LDB) e na Lei do Piso Nacional do Magist\u00e9rio, com impactos diretos na organiza\u00e7\u00e3o do trabalho e na valoriza\u00e7\u00e3o dos profissionais da Educa\u00e7\u00e3o Municipal. Diante da [&hellip;]<\/p>\n","protected":false},"author":3,"featured_media":3642,"comment_status":"closed","ping_status":"closed","sticky":false,"template":"","format":"standard","meta":{"_eb_attr":"","footnotes":""},"categories":[4],"tags":[],"class_list":["post-3641","post","type-post","status-publish","format-standard","has-post-thumbnail","hentry","category-noticias"],"yoast_head":"<!-- This site is optimized with the Yoast SEO plugin v26.2 - https:\/\/yoast.com\/wordpress\/plugins\/seo\/ -->\n<title>Lei n\u00ba 15.326: SIMUSAR cobra da Administra\u00e7\u00e3o Municipal a\u00e7\u00f5es concretas para garantir direitos na Educa\u00e7\u00e3o - SIMUSAR<\/title>\n<meta name=\"robots\" content=\"index, follow, max-snippet:-1, max-image-preview:large, max-video-preview:-1\" \/>\n<link rel=\"canonical\" href=\"https:\/\/simusar.com.br\/wfe\/lei-no-15-326-simusar-cobra-da-administracao-municipal-acoes-concretas-para-garantir-direitos-na-educacao\/\" \/>\n<meta property=\"og:locale\" content=\"pt_BR\" \/>\n<meta property=\"og:type\" content=\"article\" \/>\n<meta property=\"og:title\" content=\"Lei n\u00ba 15.326: SIMUSAR cobra da Administra\u00e7\u00e3o Municipal a\u00e7\u00f5es concretas para garantir direitos na Educa\u00e7\u00e3o - SIMUSAR\" \/>\n<meta property=\"og:description\" content=\"O Sindicato dos Municip\u00e1rios de Santa Rosa (SIMUSAR) vem acompanhando atentamente os desdobramentos da Lei n\u00ba 15.326, que promove altera\u00e7\u00f5es na Lei de Diretrizes e Bases da Educa\u00e7\u00e3o Nacional (LDB) e na Lei do Piso Nacional do Magist\u00e9rio, com impactos diretos na organiza\u00e7\u00e3o do trabalho e na valoriza\u00e7\u00e3o dos profissionais da Educa\u00e7\u00e3o Municipal. Diante da [&hellip;]\" \/>\n<meta property=\"og:url\" content=\"https:\/\/simusar.com.br\/wfe\/lei-no-15-326-simusar-cobra-da-administracao-municipal-acoes-concretas-para-garantir-direitos-na-educacao\/\" \/>\n<meta property=\"og:site_name\" content=\"SIMUSAR\" \/>\n<meta property=\"article:publisher\" content=\"https:\/\/www.facebook.com\/simusaroficial\" \/>\n<meta property=\"article:published_time\" content=\"2026-01-28T18:32:04+00:00\" \/>\n<meta property=\"article:modified_time\" content=\"2026-01-28T19:29:26+00:00\" \/>\n<meta property=\"og:image\" content=\"http:\/\/simusar.com.br\/wfe\/wp-content\/uploads\/2026\/01\/Sem-titulo-23.jpg\" \/>\n\t<meta property=\"og:image:width\" content=\"1707\" \/>\n\t<meta property=\"og:image:height\" content=\"1137\" \/>\n\t<meta property=\"og:image:type\" content=\"image\/jpeg\" \/>\n<meta name=\"author\" content=\"JONAS FUSIGER\" \/>\n<meta name=\"twitter:card\" content=\"summary_large_image\" \/>\n<meta name=\"twitter:label1\" content=\"Escrito por\" \/>\n\t<meta name=\"twitter:data1\" content=\"JONAS FUSIGER\" \/>\n\t<meta name=\"twitter:label2\" content=\"Est. tempo de leitura\" \/>\n\t<meta name=\"twitter:data2\" content=\"3 minutos\" \/>\n<script type=\"application\/ld+json\" class=\"yoast-schema-graph\">{\"@context\":\"https:\/\/schema.org\",\"@graph\":[{\"@type\":\"Article\",\"@id\":\"https:\/\/simusar.com.br\/wfe\/lei-no-15-326-simusar-cobra-da-administracao-municipal-acoes-concretas-para-garantir-direitos-na-educacao\/#article\",\"isPartOf\":{\"@id\":\"https:\/\/simusar.com.br\/wfe\/lei-no-15-326-simusar-cobra-da-administracao-municipal-acoes-concretas-para-garantir-direitos-na-educacao\/\"},\"author\":{\"name\":\"JONAS FUSIGER\",\"@id\":\"https:\/\/simusar.com.br\/wfe\/#\/schema\/person\/bbe2f002b2ae51473976e6856a278684\"},\"headline\":\"Lei n\u00ba 15.326: SIMUSAR cobra da Administra\u00e7\u00e3o Municipal a\u00e7\u00f5es concretas para garantir direitos na Educa\u00e7\u00e3o\",\"datePublished\":\"2026-01-28T18:32:04+00:00\",\"dateModified\":\"2026-01-28T19:29:26+00:00\",\"mainEntityOfPage\":{\"@id\":\"https:\/\/simusar.com.br\/wfe\/lei-no-15-326-simusar-cobra-da-administracao-municipal-acoes-concretas-para-garantir-direitos-na-educacao\/\"},\"wordCount\":414,\"publisher\":{\"@id\":\"https:\/\/simusar.com.br\/wfe\/#organization\"},\"image\":{\"@id\":\"https:\/\/simusar.com.br\/wfe\/lei-no-15-326-simusar-cobra-da-administracao-municipal-acoes-concretas-para-garantir-direitos-na-educacao\/#primaryimage\"},\"thumbnailUrl\":\"https:\/\/simusar.com.br\/wfe\/wp-content\/uploads\/2026\/01\/Sem-titulo-23.jpg\",\"articleSection\":[\"Noticias\"],\"inLanguage\":\"pt-BR\"},{\"@type\":\"WebPage\",\"@id\":\"https:\/\/simusar.com.br\/wfe\/lei-no-15-326-simusar-cobra-da-administracao-municipal-acoes-concretas-para-garantir-direitos-na-educacao\/\",\"url\":\"https:\/\/simusar.com.br\/wfe\/lei-no-15-326-simusar-cobra-da-administracao-municipal-acoes-concretas-para-garantir-direitos-na-educacao\/\",\"name\":\"Lei n\u00ba 15.326: SIMUSAR cobra da Administra\u00e7\u00e3o Municipal a\u00e7\u00f5es concretas para garantir direitos na Educa\u00e7\u00e3o - SIMUSAR\",\"isPartOf\":{\"@id\":\"https:\/\/simusar.com.br\/wfe\/#website\"},\"primaryImageOfPage\":{\"@id\":\"https:\/\/simusar.com.br\/wfe\/lei-no-15-326-simusar-cobra-da-administracao-municipal-acoes-concretas-para-garantir-direitos-na-educacao\/#primaryimage\"},\"image\":{\"@id\":\"https:\/\/simusar.com.br\/wfe\/lei-no-15-326-simusar-cobra-da-administracao-municipal-acoes-concretas-para-garantir-direitos-na-educacao\/#primaryimage\"},\"thumbnailUrl\":\"https:\/\/simusar.com.br\/wfe\/wp-content\/uploads\/2026\/01\/Sem-titulo-23.jpg\",\"datePublished\":\"2026-01-28T18:32:04+00:00\",\"dateModified\":\"2026-01-28T19:29:26+00:00\",\"breadcrumb\":{\"@id\":\"https:\/\/simusar.com.br\/wfe\/lei-no-15-326-simusar-cobra-da-administracao-municipal-acoes-concretas-para-garantir-direitos-na-educacao\/#breadcrumb\"},\"inLanguage\":\"pt-BR\",\"potentialAction\":[{\"@type\":\"ReadAction\",\"target\":[\"https:\/\/simusar.com.br\/wfe\/lei-no-15-326-simusar-cobra-da-administracao-municipal-acoes-concretas-para-garantir-direitos-na-educacao\/\"]}]},{\"@type\":\"ImageObject\",\"inLanguage\":\"pt-BR\",\"@id\":\"https:\/\/simusar.com.br\/wfe\/lei-no-15-326-simusar-cobra-da-administracao-municipal-acoes-concretas-para-garantir-direitos-na-educacao\/#primaryimage\",\"url\":\"https:\/\/simusar.com.br\/wfe\/wp-content\/uploads\/2026\/01\/Sem-titulo-23.jpg\",\"contentUrl\":\"https:\/\/simusar.com.br\/wfe\/wp-content\/uploads\/2026\/01\/Sem-titulo-23.jpg\",\"width\":1707,\"height\":1137},{\"@type\":\"BreadcrumbList\",\"@id\":\"https:\/\/simusar.com.br\/wfe\/lei-no-15-326-simusar-cobra-da-administracao-municipal-acoes-concretas-para-garantir-direitos-na-educacao\/#breadcrumb\",\"itemListElement\":[{\"@type\":\"ListItem\",\"position\":1,\"name\":\"In\u00edcio\",\"item\":\"https:\/\/simusar.com.br\/wfe\/\"},{\"@type\":\"ListItem\",\"position\":2,\"name\":\"Lei n\u00ba 15.326: SIMUSAR cobra da Administra\u00e7\u00e3o Municipal a\u00e7\u00f5es concretas para garantir direitos na Educa\u00e7\u00e3o\"}]},{\"@type\":\"WebSite\",\"@id\":\"https:\/\/simusar.com.br\/wfe\/#website\",\"url\":\"https:\/\/simusar.com.br\/wfe\/\",\"name\":\"SIMUSAR\",\"description\":\"Sindicatos dos Servidores Municipais de Santa Rosa\",\"publisher\":{\"@id\":\"https:\/\/simusar.com.br\/wfe\/#organization\"},\"potentialAction\":[{\"@type\":\"SearchAction\",\"target\":{\"@type\":\"EntryPoint\",\"urlTemplate\":\"https:\/\/simusar.com.br\/wfe\/?s={search_term_string}\"},\"query-input\":{\"@type\":\"PropertyValueSpecification\",\"valueRequired\":true,\"valueName\":\"search_term_string\"}}],\"inLanguage\":\"pt-BR\"},{\"@type\":\"Organization\",\"@id\":\"https:\/\/simusar.com.br\/wfe\/#organization\",\"name\":\"SIMUSAR\",\"url\":\"https:\/\/simusar.com.br\/wfe\/\",\"logo\":{\"@type\":\"ImageObject\",\"inLanguage\":\"pt-BR\",\"@id\":\"https:\/\/simusar.com.br\/wfe\/#\/schema\/logo\/image\/\",\"url\":\"https:\/\/simusar.com.br\/wfe\/wp-content\/uploads\/2022\/05\/logo-perfil.png\",\"contentUrl\":\"https:\/\/simusar.com.br\/wfe\/wp-content\/uploads\/2022\/05\/logo-perfil.png\",\"width\":1080,\"height\":1080,\"caption\":\"SIMUSAR\"},\"image\":{\"@id\":\"https:\/\/simusar.com.br\/wfe\/#\/schema\/logo\/image\/\"},\"sameAs\":[\"https:\/\/www.facebook.com\/simusaroficial\",\"https:\/\/www.instagram.com\/simusaroficial\"]},{\"@type\":\"Person\",\"@id\":\"https:\/\/simusar.com.br\/wfe\/#\/schema\/person\/bbe2f002b2ae51473976e6856a278684\",\"name\":\"JONAS FUSIGER\",\"url\":\"https:\/\/simusar.com.br\/wfe\/author\/jonasfusiger\/\"}]}<\/script>\n<!-- \/ Yoast SEO plugin. -->","yoast_head_json":{"title":"Lei n\u00ba 15.326: SIMUSAR cobra da Administra\u00e7\u00e3o Municipal a\u00e7\u00f5es concretas para garantir direitos na Educa\u00e7\u00e3o - SIMUSAR","robots":{"index":"index","follow":"follow","max-snippet":"max-snippet:-1","max-image-preview":"max-image-preview:large","max-video-preview":"max-video-preview:-1"},"canonical":"https:\/\/simusar.com.br\/wfe\/lei-no-15-326-simusar-cobra-da-administracao-municipal-acoes-concretas-para-garantir-direitos-na-educacao\/","og_locale":"pt_BR","og_type":"article","og_title":"Lei n\u00ba 15.326: SIMUSAR cobra da Administra\u00e7\u00e3o Municipal a\u00e7\u00f5es concretas para garantir direitos na Educa\u00e7\u00e3o - SIMUSAR","og_description":"O Sindicato dos Municip\u00e1rios de Santa Rosa (SIMUSAR) vem acompanhando atentamente os desdobramentos da Lei n\u00ba 15.326, que promove altera\u00e7\u00f5es na Lei de Diretrizes e Bases da Educa\u00e7\u00e3o Nacional (LDB) e na Lei do Piso Nacional do Magist\u00e9rio, com impactos diretos na organiza\u00e7\u00e3o do trabalho e na valoriza\u00e7\u00e3o dos profissionais da Educa\u00e7\u00e3o Municipal. Diante da [&hellip;]","og_url":"https:\/\/simusar.com.br\/wfe\/lei-no-15-326-simusar-cobra-da-administracao-municipal-acoes-concretas-para-garantir-direitos-na-educacao\/","og_site_name":"SIMUSAR","article_publisher":"https:\/\/www.facebook.com\/simusaroficial","article_published_time":"2026-01-28T18:32:04+00:00","article_modified_time":"2026-01-28T19:29:26+00:00","og_image":[{"width":1707,"height":1137,"url":"http:\/\/simusar.com.br\/wfe\/wp-content\/uploads\/2026\/01\/Sem-titulo-23.jpg","type":"image\/jpeg"}],"author":"JONAS FUSIGER","twitter_card":"summary_large_image","twitter_misc":{"Escrito por":"JONAS FUSIGER","Est. tempo de leitura":"3 minutos"},"schema":{"@context":"https:\/\/schema.org","@graph":[{"@type":"Article","@id":"https:\/\/simusar.com.br\/wfe\/lei-no-15-326-simusar-cobra-da-administracao-municipal-acoes-concretas-para-garantir-direitos-na-educacao\/#article","isPartOf":{"@id":"https:\/\/simusar.com.br\/wfe\/lei-no-15-326-simusar-cobra-da-administracao-municipal-acoes-concretas-para-garantir-direitos-na-educacao\/"},"author":{"name":"JONAS FUSIGER","@id":"https:\/\/simusar.com.br\/wfe\/#\/schema\/person\/bbe2f002b2ae51473976e6856a278684"},"headline":"Lei n\u00ba 15.326: SIMUSAR cobra da Administra\u00e7\u00e3o Municipal a\u00e7\u00f5es concretas para garantir direitos na Educa\u00e7\u00e3o","datePublished":"2026-01-28T18:32:04+00:00","dateModified":"2026-01-28T19:29:26+00:00","mainEntityOfPage":{"@id":"https:\/\/simusar.com.br\/wfe\/lei-no-15-326-simusar-cobra-da-administracao-municipal-acoes-concretas-para-garantir-direitos-na-educacao\/"},"wordCount":414,"publisher":{"@id":"https:\/\/simusar.com.br\/wfe\/#organization"},"image":{"@id":"https:\/\/simusar.com.br\/wfe\/lei-no-15-326-simusar-cobra-da-administracao-municipal-acoes-concretas-para-garantir-direitos-na-educacao\/#primaryimage"},"thumbnailUrl":"https:\/\/simusar.com.br\/wfe\/wp-content\/uploads\/2026\/01\/Sem-titulo-23.jpg","articleSection":["Noticias"],"inLanguage":"pt-BR"},{"@type":"WebPage","@id":"https:\/\/simusar.com.br\/wfe\/lei-no-15-326-simusar-cobra-da-administracao-municipal-acoes-concretas-para-garantir-direitos-na-educacao\/","url":"https:\/\/simusar.com.br\/wfe\/lei-no-15-326-simusar-cobra-da-administracao-municipal-acoes-concretas-para-garantir-direitos-na-educacao\/","name":"Lei n\u00ba 15.326: SIMUSAR cobra da Administra\u00e7\u00e3o Municipal a\u00e7\u00f5es concretas para garantir direitos na Educa\u00e7\u00e3o - SIMUSAR","isPartOf":{"@id":"https:\/\/simusar.com.br\/wfe\/#website"},"primaryImageOfPage":{"@id":"https:\/\/simusar.com.br\/wfe\/lei-no-15-326-simusar-cobra-da-administracao-municipal-acoes-concretas-para-garantir-direitos-na-educacao\/#primaryimage"},"image":{"@id":"https:\/\/simusar.com.br\/wfe\/lei-no-15-326-simusar-cobra-da-administracao-municipal-acoes-concretas-para-garantir-direitos-na-educacao\/#primaryimage"},"thumbnailUrl":"https:\/\/simusar.com.br\/wfe\/wp-content\/uploads\/2026\/01\/Sem-titulo-23.jpg","datePublished":"2026-01-28T18:32:04+00:00","dateModified":"2026-01-28T19:29:26+00:00","breadcrumb":{"@id":"https:\/\/simusar.com.br\/wfe\/lei-no-15-326-simusar-cobra-da-administracao-municipal-acoes-concretas-para-garantir-direitos-na-educacao\/#breadcrumb"},"inLanguage":"pt-BR","potentialAction":[{"@type":"ReadAction","target":["https:\/\/simusar.com.br\/wfe\/lei-no-15-326-simusar-cobra-da-administracao-municipal-acoes-concretas-para-garantir-direitos-na-educacao\/"]}]},{"@type":"ImageObject","inLanguage":"pt-BR","@id":"https:\/\/simusar.com.br\/wfe\/lei-no-15-326-simusar-cobra-da-administracao-municipal-acoes-concretas-para-garantir-direitos-na-educacao\/#primaryimage","url":"https:\/\/simusar.com.br\/wfe\/wp-content\/uploads\/2026\/01\/Sem-titulo-23.jpg","contentUrl":"https:\/\/simusar.com.br\/wfe\/wp-content\/uploads\/2026\/01\/Sem-titulo-23.jpg","width":1707,"height":1137},{"@type":"BreadcrumbList","@id":"https:\/\/simusar.com.br\/wfe\/lei-no-15-326-simusar-cobra-da-administracao-municipal-acoes-concretas-para-garantir-direitos-na-educacao\/#breadcrumb","itemListElement":[{"@type":"ListItem","position":1,"name":"In\u00edcio","item":"https:\/\/simusar.com.br\/wfe\/"},{"@type":"ListItem","position":2,"name":"Lei n\u00ba 15.326: SIMUSAR cobra da Administra\u00e7\u00e3o Municipal a\u00e7\u00f5es concretas para garantir direitos na Educa\u00e7\u00e3o"}]},{"@type":"WebSite","@id":"https:\/\/simusar.com.br\/wfe\/#website","url":"https:\/\/simusar.com.br\/wfe\/","name":"SIMUSAR","description":"Sindicatos dos Servidores Municipais de Santa Rosa","publisher":{"@id":"https:\/\/simusar.com.br\/wfe\/#organization"},"potentialAction":[{"@type":"SearchAction","target":{"@type":"EntryPoint","urlTemplate":"https:\/\/simusar.com.br\/wfe\/?s={search_term_string}"},"query-input":{"@type":"PropertyValueSpecification","valueRequired":true,"valueName":"search_term_string"}}],"inLanguage":"pt-BR"},{"@type":"Organization","@id":"https:\/\/simusar.com.br\/wfe\/#organization","name":"SIMUSAR","url":"https:\/\/simusar.com.br\/wfe\/","logo":{"@type":"ImageObject","inLanguage":"pt-BR","@id":"https:\/\/simusar.com.br\/wfe\/#\/schema\/logo\/image\/","url":"https:\/\/simusar.com.br\/wfe\/wp-content\/uploads\/2022\/05\/logo-perfil.png","contentUrl":"https:\/\/simusar.com.br\/wfe\/wp-content\/uploads\/2022\/05\/logo-perfil.png","width":1080,"height":1080,"caption":"SIMUSAR"},"image":{"@id":"https:\/\/simusar.com.br\/wfe\/#\/schema\/logo\/image\/"},"sameAs":["https:\/\/www.facebook.com\/simusaroficial","https:\/\/www.instagram.com\/simusaroficial"]},{"@type":"Person","@id":"https:\/\/simusar.com.br\/wfe\/#\/schema\/person\/bbe2f002b2ae51473976e6856a278684","name":"JONAS FUSIGER","url":"https:\/\/simusar.com.br\/wfe\/author\/jonasfusiger\/"}]}},"_links":{"self":[{"href":"https:\/\/simusar.com.br\/wfe\/wp-json\/wp\/v2\/posts\/3641","targetHints":{"allow":["GET"]}}],"collection":[{"href":"https:\/\/simusar.com.br\/wfe\/wp-json\/wp\/v2\/posts"}],"about":[{"href":"https:\/\/simusar.com.br\/wfe\/wp-json\/wp\/v2\/types\/post"}],"author":[{"embeddable":true,"href":"https:\/\/simusar.com.br\/wfe\/wp-json\/wp\/v2\/users\/3"}],"replies":[{"embeddable":true,"href":"https:\/\/simusar.com.br\/wfe\/wp-json\/wp\/v2\/comments?post=3641"}],"version-history":[{"count":2,"href":"https:\/\/simusar.com.br\/wfe\/wp-json\/wp\/v2\/posts\/3641\/revisions"}],"predecessor-version":[{"id":3644,"href":"https:\/\/simusar.com.br\/wfe\/wp-json\/wp\/v2\/posts\/3641\/revisions\/3644"}],"wp:featuredmedia":[{"embeddable":true,"href":"https:\/\/simusar.com.br\/wfe\/wp-json\/wp\/v2\/media\/3642"}],"wp:attachment":[{"href":"https:\/\/simusar.com.br\/wfe\/wp-json\/wp\/v2\/media?parent=3641"}],"wp:term":[{"taxonomy":"category","embeddable":true,"href":"https:\/\/simusar.com.br\/wfe\/wp-json\/wp\/v2\/categories?post=3641"},{"taxonomy":"post_tag","embeddable":true,"href":"https:\/\/simusar.com.br\/wfe\/wp-json\/wp\/v2\/tags?post=3641"}],"curies":[{"name":"wp","href":"https:\/\/api.w.org\/{rel}","templated":true}]}}